{"id":138440,"date":"2023-02-16T06:16:20","date_gmt":"2023-02-16T10:16:20","guid":{"rendered":"https:\/\/www.eldiario.net\/portal\/?p=138440"},"modified":"2023-02-16T06:16:20","modified_gmt":"2023-02-16T10:16:20","slug":"choferes-interciudades-denuncian-inatencion-y-radicalizan-medidas","status":"publish","type":"post","link":"https:\/\/www.eldiario.net\/portal\/2023\/02\/16\/choferes-interciudades-denuncian-inatencion-y-radicalizan-medidas\/","title":{"rendered":"Choferes interciudades denuncian inatenci\u00f3n y radicalizan medidas"},"content":{"rendered":"<p>Luego de protagonizar una protesta en inmediaciones de la Alcald\u00eda de La Paz y pedir audiencia con el alcalde pace\u00f1o, los choferes sindicalizados que hacen servicios entre las ciudades de La Paz y El Alto, al no ser atendidos, anunciaron que radicalizar\u00e1n sus medidas de presi\u00f3n y la ejecutar\u00e1n de forma escalonada. En tanto que, la comuna emiti\u00f3 un documento en el que fija reuni\u00f3n para el 24 de este mes.<\/p>\n<p>\u201cHemos pedido, otra vez, la audiencia con el alcalde (de La Paz, Iv\u00e1n Arias) (\u2026) estamos muy de acuerdo con el reordenamiento queremos ser part\u00edcipes y sabemos que nosotros vamos a llegar a cumplir el cien por ciento de este reordenamiento para que se d\u00e9 una buena gesti\u00f3n\u201d, se\u00f1al\u00f3 el secretario general de la Central \u00danica de Transporte Urbano de Pasajeros La Paz (Cutup), Juan Carlos Bautista, en referencia a la propuesta de reordenamiento vial que ese sector propone.<\/p>\n<p>Explic\u00f3 que ese sector envi\u00f3 cuatro notas al alcalde pace\u00f1o, adem\u00e1s, de otras seis entregadas a la Secretar\u00eda de Movilidad y Transporte y, de ninguna, tuvieron respuesta. Tambi\u00e9n enviaron un documento en el que conta su proyecto de reordenamiento vial con 32 propuestas para la mejora del transporte en la urbe pace\u00f1a.<\/p>\n<p>\u201cEl alcalde y sus secretarios Indicaron que tienen 40 por ciento desarrollado del reordenamiento vial, no es pues ir a poner conos, enrejar las calles (\u2026) se necesita que haya socializaci\u00f3n dentro del transporte, el usuario, la vecindad, tenemos que participar juntas vecinales, usuarios, la comunidad en su conjunto\u201d, indic\u00f3 Bautista.<\/p>\n<p>Luego de no ser atendidos, el sector advirti\u00f3 de cumplir la disposici\u00f3n que eman\u00f3 de un ampliado departamental donde se defini\u00f3 radicalizar las medidas, incluso, durante las festividades de carnaval.<\/p>\n<p>\u201cEl lunes en el ampliado nacional dentro de nuestra Cutup La Paz, se ha definido que las movilizaciones van a ser escalonadas, vamos a estar en movilizaci\u00f3n, ya basta de la humillaci\u00f3n, del odio, de la discriminaci\u00f3n, que nos tiene este se\u00f1or alcalde al sector del transporte sindicalizado que es la primero de mayo\u201d, enfatiz\u00f3 el secretario general de esa instancia.<\/p>\n<p>\u201cSe\u00f1or alcalde, hemos venido con una marcha pac\u00edfica, con una protesta pac\u00edfica de la cual usted sigue haciendo o\u00eddos sordos, vamos a deslindar responsabilidades perjuicios a nuestra poblaci\u00f3n pace\u00f1a por parte del transporte sindicalizado, porque hemos agotado hasta lo \u00faltimo, hemos venido a pedir una audiencia con el se\u00f1or alcalde, pero \u00bfqu\u00e9 hemos recibido? otra vez la discriminaci\u00f3n de no atenci\u00f3n del sector transporte, es por eso que vamos a asumir todas las determinaciones que nuestro ampliado departamental ha llegado a acordar que ya lo tenemos y acataremos escalonadamente\u201d, refiri\u00f3 otro representante del sector.<\/p>\n<p>Ante estas movilizaciones y declaraciones, el secretario municipal de Movilidad y Seguridad Ciudadana, Enrique Villanueva, adelant\u00f3 que se envi\u00f3 una nota al sector para dialogar y consensuar temas.<\/p>\n<p>\u201cHemos remitido, hace unas horas, (ayer) una carta al se\u00f1or Edson Valdez, para fijar una reuni\u00f3n el d\u00eda viernes 24 de febrero. Creemos que las pol\u00edticas de movilidad y en concreto la segunda fase del reordenamiento van a beneficiar a la ciudad y sobre todo a los transportistas\u201d, apunt\u00f3.<\/p>\n<p>Adem\u00e1s, invit\u00f3 al sector 1\u00b0 de Mayo a dialogar y construir juntos propuestas y \u201cdejar la forma antigua de encarar estos problemas\u201d que lo que hacen es generar conflicto. Por otra parte, respecto a las notas enviadas y, seg\u00fan los transportistas, sin respuesta, el secretario edil indic\u00f3 que s\u00ed las respondieron, pero que los sindicalizados no recogieron los documentos.<\/p>\n<p>\u201cEllos aducen que se han enviado notas a la alcald\u00eda que no han merecido respuestas, eso no es evidente nosotros tenemos todas las respuestas, otra cosa es que ellos no han recogido las respuestas. Todo est\u00e1 en plataforma como se act\u00faa con cualquier administrado\u201d, refiri\u00f3.<\/p>\n<p>Adem\u00e1s, explic\u00f3 que las pol\u00edticas p\u00fablicas, en la ciudad y en distintas \u00e1reas, las define el municipio pace\u00f1o y que las anunciadas protestas de los representantes del transporte interciudad pretenden entorpecer el reordenamiento vehicular iniciado en diciembre y que busca descongestionar el centro pace\u00f1o.<\/p>\n<p>\u201cLa autoridad municipal es quien define las pol\u00edticas p\u00fablicas en las distintas materias que hacen a la gesti\u00f3n de la ciudad y, en ese sentido, evidentemente tomamos sugerencias y escuchamos a los diferentes actores, pero, en definitiva, la pol\u00edtica p\u00fablica la realiza el municipio y, en ese sentido, es una necesidad aplicar estas medidas en el reordenamiento en sus diferentes fases y esto supone un amplio consenso\u201d, manifest\u00f3 Villanueva.<\/p>\n<p>Explic\u00f3 que hay una amplia demanda ciudadana y del transporte urbano para lograr la fluidez del tr\u00e1fico vehicular, generar educaci\u00f3n vial y respetar las paradas del transporte p\u00fablico, por lo que se dise\u00f1\u00f3 un plan de reordenamiento vial en diferentes fases.<\/p>\n<p>Precis\u00f3 que con estas medidas en ning\u00fan caso se pretende afectar la movilidad de los ciudadanos que a diario se trasladan desde El Alto hacia La Paz y viceversa, y enfatiz\u00f3 la necesidad de aplicar la restricci\u00f3n vehicular que regir\u00e1 a partir de marzo tanto para veh\u00edculos del servicio de transporte p\u00fablico como para veh\u00edculos particulares.<\/p>\n","protected":false},"excerpt":{"rendered":"<p>Luego de protagonizar una protesta en inmediaciones de la Alcald\u00eda de La Paz y pedir audiencia con el alcalde pace\u00f1o, los choferes sindicalizados que hacen servicios entre las ciudades de La Paz y El Alto, al no ser atendidos, anunciaron que radicalizar\u00e1n sus medidas de presi\u00f3n y la ejecutar\u00e1n de forma escalonada. En tanto que, [&hellip;]<\/p>\n","protected":false},"author":1,"featured_media":138441,"comment_status":"closed","ping_status":"closed","sticky":false,"template":"","format":"standard","meta":{"_acf_changed":false,"footnotes":""},"categories":[12],"tags":[],"class_list":["post-138440","post","type-post","status-publish","format-standard","has-post-thumbnail","category-nacional"],"acf":{"antetitulo":""},"yoast_head":"<!-- This site is optimized with the Yoast SEO plugin v28.4 - https:\/\/yoast.com\/product\/yoast-seo-wordpress\/ -->\n<title>Choferes interciudades denuncian inatenci\u00f3n y radicalizan medidas - El Diario - Bolivia<\/title>\n<meta name=\"robots\" content=\"index, follow, max-snippet:-1, max-image-preview:large, max-video-preview:-1\" \/>\n<link rel=\"canonical\" href=\"https:\/\/www.eldiario.net\/portal\/2023\/02\/16\/choferes-interciudades-denuncian-inatencion-y-radicalizan-medidas\/\" \/>\n<meta property=\"og:locale\" content=\"es_ES\" \/>\n<meta property=\"og:type\" content=\"article\" \/>\n<meta property=\"og:title\" content=\"Choferes interciudades denuncian inatenci\u00f3n y radicalizan medidas - El Diario - Bolivia\" \/>\n<meta property=\"og:description\" content=\"Luego de protagonizar una protesta en inmediaciones de la Alcald\u00eda de La Paz y pedir audiencia con el alcalde pace\u00f1o, los choferes sindicalizados que hacen servicios entre las ciudades de La Paz y El Alto, al no ser atendidos, anunciaron que radicalizar\u00e1n sus medidas de presi\u00f3n y la ejecutar\u00e1n de forma escalonada. En tanto que, [&hellip;]\" \/>\n<meta property=\"og:url\" content=\"https:\/\/www.eldiario.net\/portal\/2023\/02\/16\/choferes-interciudades-denuncian-inatencion-y-radicalizan-medidas\/\" \/>\n<meta property=\"og:site_name\" content=\"El Diario - Bolivia\" \/>\n<meta property=\"article:publisher\" content=\"https:\/\/www.facebook.com\/eldiario.bolivia\/\" \/>\n<meta property=\"article:published_time\" content=\"2023-02-16T10:16:20+00:00\" \/>\n<meta name=\"author\" content=\"Jeanette\" \/>\n<meta name=\"twitter:card\" content=\"summary_large_image\" \/>\n<meta name=\"twitter:creator\" content=\"@eldiario_net\" \/>\n<meta name=\"twitter:site\" content=\"@eldiario_net\" \/>\n<meta name=\"twitter:label1\" content=\"Escrito por\" \/>\n\t<meta name=\"twitter:data1\" content=\"Jeanette\" \/>\n\t<meta name=\"twitter:label2\" content=\"Tiempo de lectura\" \/>\n\t<meta name=\"twitter:data2\" content=\"4 minutos\" \/>\n<script type=\"application\/ld+json\" class=\"yoast-schema-graph\">{\"@context\":\"https:\\\/\\\/schema.org\",\"@graph\":[{\"@type\":\"Article\",\"@id\":\"https:\\\/\\\/www.eldiario.net\\\/portal\\\/2023\\\/02\\\/16\\\/choferes-interciudades-denuncian-inatencion-y-radicalizan-medidas\\\/#article\",\"isPartOf\":{\"@id\":\"https:\\\/\\\/www.eldiario.net\\\/portal\\\/2023\\\/02\\\/16\\\/choferes-interciudades-denuncian-inatencion-y-radicalizan-medidas\\\/\"},\"author\":{\"name\":\"Jeanette\",\"@id\":\"https:\\\/\\\/www.eldiario.net\\\/portal\\\/#\\\/schema\\\/person\\\/f46445640444750d7d753ccd04ae01b7\"},\"headline\":\"Choferes interciudades denuncian inatenci\u00f3n y radicalizan medidas\",\"datePublished\":\"2023-02-16T10:16:20+00:00\",\"mainEntityOfPage\":{\"@id\":\"https:\\\/\\\/www.eldiario.net\\\/portal\\\/2023\\\/02\\\/16\\\/choferes-interciudades-denuncian-inatencion-y-radicalizan-medidas\\\/\"},\"wordCount\":886,\"publisher\":{\"@id\":\"https:\\\/\\\/www.eldiario.net\\\/portal\\\/#organization\"},\"image\":{\"@id\":\"https:\\\/\\\/www.eldiario.net\\\/portal\\\/2023\\\/02\\\/16\\\/choferes-interciudades-denuncian-inatencion-y-radicalizan-medidas\\\/#primaryimage\"},\"thumbnailUrl\":\"\",\"articleSection\":[\"Nacional\"],\"inLanguage\":\"es\"},{\"@type\":\"WebPage\",\"@id\":\"https:\\\/\\\/www.eldiario.net\\\/portal\\\/2023\\\/02\\\/16\\\/choferes-interciudades-denuncian-inatencion-y-radicalizan-medidas\\\/\",\"url\":\"https:\\\/\\\/www.eldiario.net\\\/portal\\\/2023\\\/02\\\/16\\\/choferes-interciudades-denuncian-inatencion-y-radicalizan-medidas\\\/\",\"name\":\"Choferes interciudades denuncian inatenci\u00f3n y radicalizan medidas - El Diario - Bolivia\",\"isPartOf\":{\"@id\":\"https:\\\/\\\/www.eldiario.net\\\/portal\\\/#website\"},\"primaryImageOfPage\":{\"@id\":\"https:\\\/\\\/www.eldiario.net\\\/portal\\\/2023\\\/02\\\/16\\\/choferes-interciudades-denuncian-inatencion-y-radicalizan-medidas\\\/#primaryimage\"},\"image\":{\"@id\":\"https:\\\/\\\/www.eldiario.net\\\/portal\\\/2023\\\/02\\\/16\\\/choferes-interciudades-denuncian-inatencion-y-radicalizan-medidas\\\/#primaryimage\"},\"thumbnailUrl\":\"\",\"datePublished\":\"2023-02-16T10:16:20+00:00\",\"breadcrumb\":{\"@id\":\"https:\\\/\\\/www.eldiario.net\\\/portal\\\/2023\\\/02\\\/16\\\/choferes-interciudades-denuncian-inatencion-y-radicalizan-medidas\\\/#breadcrumb\"},\"inLanguage\":\"es\",\"potentialAction\":[{\"@type\":\"ReadAction\",\"target\":[\"https:\\\/\\\/www.eldiario.net\\\/portal\\\/2023\\\/02\\\/16\\\/choferes-interciudades-denuncian-inatencion-y-radicalizan-medidas\\\/\"]}]},{\"@type\":\"ImageObject\",\"inLanguage\":\"es\",\"@id\":\"https:\\\/\\\/www.eldiario.net\\\/portal\\\/2023\\\/02\\\/16\\\/choferes-interciudades-denuncian-inatencion-y-radicalizan-medidas\\\/#primaryimage\",\"url\":\"\",\"contentUrl\":\"\"},{\"@type\":\"BreadcrumbList\",\"@id\":\"https:\\\/\\\/www.eldiario.net\\\/portal\\\/2023\\\/02\\\/16\\\/choferes-interciudades-denuncian-inatencion-y-radicalizan-medidas\\\/#breadcrumb\",\"itemListElement\":[{\"@type\":\"ListItem\",\"position\":1,\"name\":\"Portada\",\"item\":\"https:\\\/\\\/www.eldiario.net\\\/portal\\\/\"},{\"@type\":\"ListItem\",\"position\":2,\"name\":\"Choferes interciudades denuncian inatenci\u00f3n y radicalizan medidas\"}]},{\"@type\":\"WebSite\",\"@id\":\"https:\\\/\\\/www.eldiario.net\\\/portal\\\/#website\",\"url\":\"https:\\\/\\\/www.eldiario.net\\\/portal\\\/\",\"name\":\"El Diario - Decano de la prensa nacional\",\"description\":\"El Diario - Decano de la prensa nacional\",\"publisher\":{\"@id\":\"https:\\\/\\\/www.eldiario.net\\\/portal\\\/#organization\"},\"potentialAction\":[{\"@type\":\"SearchAction\",\"target\":{\"@type\":\"EntryPoint\",\"urlTemplate\":\"https:\\\/\\\/www.eldiario.net\\\/portal\\\/?s={search_term_string}\"},\"query-input\":{\"@type\":\"PropertyValueSpecification\",\"valueRequired\":true,\"valueName\":\"search_term_string\"}}],\"inLanguage\":\"es\"},{\"@type\":\"Organization\",\"@id\":\"https:\\\/\\\/www.eldiario.net\\\/portal\\\/#organization\",\"name\":\"El Diario - Decano de la prensa nacional\",\"url\":\"https:\\\/\\\/www.eldiario.net\\\/portal\\\/\",\"logo\":{\"@type\":\"ImageObject\",\"inLanguage\":\"es\",\"@id\":\"https:\\\/\\\/www.eldiario.net\\\/portal\\\/#\\\/schema\\\/logo\\\/image\\\/\",\"url\":\"https:\\\/\\\/www.eldiario.net\\\/portal\\\/wp-content\\\/uploads\\\/2023\\\/07\\\/logo_ED.jpg\",\"contentUrl\":\"https:\\\/\\\/www.eldiario.net\\\/portal\\\/wp-content\\\/uploads\\\/2023\\\/07\\\/logo_ED.jpg\",\"width\":272,\"height\":52,\"caption\":\"El Diario - Decano de la prensa nacional\"},\"image\":{\"@id\":\"https:\\\/\\\/www.eldiario.net\\\/portal\\\/#\\\/schema\\\/logo\\\/image\\\/\"},\"sameAs\":[\"https:\\\/\\\/www.facebook.com\\\/eldiario.bolivia\\\/\",\"https:\\\/\\\/x.com\\\/eldiario_net\"]},{\"@type\":\"Person\",\"@id\":\"https:\\\/\\\/www.eldiario.net\\\/portal\\\/#\\\/schema\\\/person\\\/f46445640444750d7d753ccd04ae01b7\",\"name\":\"Jeanette\",\"image\":{\"@type\":\"ImageObject\",\"inLanguage\":\"es\",\"@id\":\"https:\\\/\\\/secure.gravatar.com\\\/avatar\\\/3ea2118a5f7dad2b7138b1187a6b7ee55f160b9968b66013c3a3ef39dd7e5798?s=96&d=mm&r=g\",\"url\":\"https:\\\/\\\/secure.gravatar.com\\\/avatar\\\/3ea2118a5f7dad2b7138b1187a6b7ee55f160b9968b66013c3a3ef39dd7e5798?s=96&d=mm&r=g\",\"contentUrl\":\"https:\\\/\\\/secure.gravatar.com\\\/avatar\\\/3ea2118a5f7dad2b7138b1187a6b7ee55f160b9968b66013c3a3ef39dd7e5798?s=96&d=mm&r=g\",\"caption\":\"Jeanette\"},\"sameAs\":[\"https:\\\/\\\/www.eldiario.net\\\/portal\"],\"url\":\"https:\\\/\\\/www.eldiario.net\\\/portal\\\/author\\\/jeanette\\\/\"}]}<\/script>\n<!-- \/ Yoast SEO plugin. -->","yoast_head_json":{"title":"Choferes interciudades denuncian inatenci\u00f3n y radicalizan medidas - El Diario - Bolivia","robots":{"index":"index","follow":"follow","max-snippet":"max-snippet:-1","max-image-preview":"max-image-preview:large","max-video-preview":"max-video-preview:-1"},"canonical":"https:\/\/www.eldiario.net\/portal\/2023\/02\/16\/choferes-interciudades-denuncian-inatencion-y-radicalizan-medidas\/","og_locale":"es_ES","og_type":"article","og_title":"Choferes interciudades denuncian inatenci\u00f3n y radicalizan medidas - El Diario - Bolivia","og_description":"Luego de protagonizar una protesta en inmediaciones de la Alcald\u00eda de La Paz y pedir audiencia con el alcalde pace\u00f1o, los choferes sindicalizados que hacen servicios entre las ciudades de La Paz y El Alto, al no ser atendidos, anunciaron que radicalizar\u00e1n sus medidas de presi\u00f3n y la ejecutar\u00e1n de forma escalonada. En tanto que, [&hellip;]","og_url":"https:\/\/www.eldiario.net\/portal\/2023\/02\/16\/choferes-interciudades-denuncian-inatencion-y-radicalizan-medidas\/","og_site_name":"El Diario - Bolivia","article_publisher":"https:\/\/www.facebook.com\/eldiario.bolivia\/","article_published_time":"2023-02-16T10:16:20+00:00","author":"Jeanette","twitter_card":"summary_large_image","twitter_creator":"@eldiario_net","twitter_site":"@eldiario_net","twitter_misc":{"Escrito por":"Jeanette","Tiempo de lectura":"4 minutos"},"schema":{"@context":"https:\/\/schema.org","@graph":[{"@type":"Article","@id":"https:\/\/www.eldiario.net\/portal\/2023\/02\/16\/choferes-interciudades-denuncian-inatencion-y-radicalizan-medidas\/#article","isPartOf":{"@id":"https:\/\/www.eldiario.net\/portal\/2023\/02\/16\/choferes-interciudades-denuncian-inatencion-y-radicalizan-medidas\/"},"author":{"name":"Jeanette","@id":"https:\/\/www.eldiario.net\/portal\/#\/schema\/person\/f46445640444750d7d753ccd04ae01b7"},"headline":"Choferes interciudades denuncian inatenci\u00f3n y radicalizan medidas","datePublished":"2023-02-16T10:16:20+00:00","mainEntityOfPage":{"@id":"https:\/\/www.eldiario.net\/portal\/2023\/02\/16\/choferes-interciudades-denuncian-inatencion-y-radicalizan-medidas\/"},"wordCount":886,"publisher":{"@id":"https:\/\/www.eldiario.net\/portal\/#organization"},"image":{"@id":"https:\/\/www.eldiario.net\/portal\/2023\/02\/16\/choferes-interciudades-denuncian-inatencion-y-radicalizan-medidas\/#primaryimage"},"thumbnailUrl":"","articleSection":["Nacional"],"inLanguage":"es"},{"@type":"WebPage","@id":"https:\/\/www.eldiario.net\/portal\/2023\/02\/16\/choferes-interciudades-denuncian-inatencion-y-radicalizan-medidas\/","url":"https:\/\/www.eldiario.net\/portal\/2023\/02\/16\/choferes-interciudades-denuncian-inatencion-y-radicalizan-medidas\/","name":"Choferes interciudades denuncian inatenci\u00f3n y radicalizan medidas - El Diario - Bolivia","isPartOf":{"@id":"https:\/\/www.eldiario.net\/portal\/#website"},"primaryImageOfPage":{"@id":"https:\/\/www.eldiario.net\/portal\/2023\/02\/16\/choferes-interciudades-denuncian-inatencion-y-radicalizan-medidas\/#primaryimage"},"image":{"@id":"https:\/\/www.eldiario.net\/portal\/2023\/02\/16\/choferes-interciudades-denuncian-inatencion-y-radicalizan-medidas\/#primaryimage"},"thumbnailUrl":"","datePublished":"2023-02-16T10:16:20+00:00","breadcrumb":{"@id":"https:\/\/www.eldiario.net\/portal\/2023\/02\/16\/choferes-interciudades-denuncian-inatencion-y-radicalizan-medidas\/#breadcrumb"},"inLanguage":"es","potentialAction":[{"@type":"ReadAction","target":["https:\/\/www.eldiario.net\/portal\/2023\/02\/16\/choferes-interciudades-denuncian-inatencion-y-radicalizan-medidas\/"]}]},{"@type":"ImageObject","inLanguage":"es","@id":"https:\/\/www.eldiario.net\/portal\/2023\/02\/16\/choferes-interciudades-denuncian-inatencion-y-radicalizan-medidas\/#primaryimage","url":"","contentUrl":""},{"@type":"BreadcrumbList","@id":"https:\/\/www.eldiario.net\/portal\/2023\/02\/16\/choferes-interciudades-denuncian-inatencion-y-radicalizan-medidas\/#breadcrumb","itemListElement":[{"@type":"ListItem","position":1,"name":"Portada","item":"https:\/\/www.eldiario.net\/portal\/"},{"@type":"ListItem","position":2,"name":"Choferes interciudades denuncian inatenci\u00f3n y radicalizan medidas"}]},{"@type":"WebSite","@id":"https:\/\/www.eldiario.net\/portal\/#website","url":"https:\/\/www.eldiario.net\/portal\/","name":"El Diario - Decano de la prensa nacional","description":"El Diario - Decano de la prensa nacional","publisher":{"@id":"https:\/\/www.eldiario.net\/portal\/#organization"},"potentialAction":[{"@type":"SearchAction","target":{"@type":"EntryPoint","urlTemplate":"https:\/\/www.eldiario.net\/portal\/?s={search_term_string}"},"query-input":{"@type":"PropertyValueSpecification","valueRequired":true,"valueName":"search_term_string"}}],"inLanguage":"es"},{"@type":"Organization","@id":"https:\/\/www.eldiario.net\/portal\/#organization","name":"El Diario - Decano de la prensa nacional","url":"https:\/\/www.eldiario.net\/portal\/","logo":{"@type":"ImageObject","inLanguage":"es","@id":"https:\/\/www.eldiario.net\/portal\/#\/schema\/logo\/image\/","url":"https:\/\/www.eldiario.net\/portal\/wp-content\/uploads\/2023\/07\/logo_ED.jpg","contentUrl":"https:\/\/www.eldiario.net\/portal\/wp-content\/uploads\/2023\/07\/logo_ED.jpg","width":272,"height":52,"caption":"El Diario - Decano de la prensa nacional"},"image":{"@id":"https:\/\/www.eldiario.net\/portal\/#\/schema\/logo\/image\/"},"sameAs":["https:\/\/www.facebook.com\/eldiario.bolivia\/","https:\/\/x.com\/eldiario_net"]},{"@type":"Person","@id":"https:\/\/www.eldiario.net\/portal\/#\/schema\/person\/f46445640444750d7d753ccd04ae01b7","name":"Jeanette","image":{"@type":"ImageObject","inLanguage":"es","@id":"https:\/\/secure.gravatar.com\/avatar\/3ea2118a5f7dad2b7138b1187a6b7ee55f160b9968b66013c3a3ef39dd7e5798?s=96&d=mm&r=g","url":"https:\/\/secure.gravatar.com\/avatar\/3ea2118a5f7dad2b7138b1187a6b7ee55f160b9968b66013c3a3ef39dd7e5798?s=96&d=mm&r=g","contentUrl":"https:\/\/secure.gravatar.com\/avatar\/3ea2118a5f7dad2b7138b1187a6b7ee55f160b9968b66013c3a3ef39dd7e5798?s=96&d=mm&r=g","caption":"Jeanette"},"sameAs":["https:\/\/www.eldiario.net\/portal"],"url":"https:\/\/www.eldiario.net\/portal\/author\/jeanette\/"}]}},"_links":{"self":[{"href":"https:\/\/www.eldiario.net\/portal\/wp-json\/wp\/v2\/posts\/138440","targetHints":{"allow":["GET"]}}],"collection":[{"href":"https:\/\/www.eldiario.net\/portal\/wp-json\/wp\/v2\/posts"}],"about":[{"href":"https:\/\/www.eldiario.net\/portal\/wp-json\/wp\/v2\/types\/post"}],"author":[{"embeddable":true,"href":"https:\/\/www.eldiario.net\/portal\/wp-json\/wp\/v2\/users\/1"}],"replies":[{"embeddable":true,"href":"https:\/\/www.eldiario.net\/portal\/wp-json\/wp\/v2\/comments?post=138440"}],"version-history":[{"count":0,"href":"https:\/\/www.eldiario.net\/portal\/wp-json\/wp\/v2\/posts\/138440\/revisions"}],"wp:attachment":[{"href":"https:\/\/www.eldiario.net\/portal\/wp-json\/wp\/v2\/media?parent=138440"}],"wp:term":[{"taxonomy":"category","embeddable":true,"href":"https:\/\/www.eldiario.net\/portal\/wp-json\/wp\/v2\/categories?post=138440"},{"taxonomy":"post_tag","embeddable":true,"href":"https:\/\/www.eldiario.net\/portal\/wp-json\/wp\/v2\/tags?post=138440"}],"curies":[{"name":"wp","href":"https:\/\/api.w.org\/{rel}","templated":true}]}}