{"id":138437,"date":"2023-02-16T06:15:22","date_gmt":"2023-02-16T10:15:22","guid":{"rendered":"https:\/\/www.eldiario.net\/portal\/?p=138437"},"modified":"2023-02-16T06:15:22","modified_gmt":"2023-02-16T10:15:22","slug":"este-viernes-terminal-atendera-24-horas-y-att-hace-controles","status":"publish","type":"post","link":"https:\/\/www.eldiario.net\/portal\/2023\/02\/16\/este-viernes-terminal-atendera-24-horas-y-att-hace-controles\/","title":{"rendered":"Este viernes Terminal atender\u00e1  24 horas y ATT hace controles"},"content":{"rendered":"<p>Debido al incremento de viajes a diferentes regiones del pa\u00eds, sobre todo rumbo a la entrada folkl\u00f3rica del Carnaval de Oruro, la Terminal de Buses La Paz anunci\u00f3 que atender\u00e1 este viernes las 24 horas. En tanto que, el s\u00e1bado, domingo, lunes y martes, la atenci\u00f3n ser\u00e1 en su horario regular de 3:30 a 23:30 horas. Asimismo, se inform\u00f3 que la ATT realiza controles sobre precios, conductores y estado de buses.<\/p>\n<p>\u201cEste viernes vamos a brindar una atenci\u00f3n con mayor amplitud, vamos a atender las 24 horas. Entonces, la gente va a poder viajar a la 1:00 o 2:00 de la madrugada. Tambi\u00e9n vamos a atender ya de forma regular el s\u00e1bado, domingo, lunes y martes de ch\u2019alla\u201d, inform\u00f3 el director general ejecutivo de la Entidad Descentralizada Municipal de la Terminal de Buses La Paz, Am\u00e9rico Gemio.<\/p>\n<p>El objetivo de la medida es brindar mayor comodidad a los usuarios que desean salir de la ciudad de La Paz para llegar a otros destinos del pa\u00eds. En estos d\u00edas, apunt\u00f3 Gemio, Oruro y Tarija son los sitios de mayor preferencia por los viajeros.<\/p>\n<p>Adem\u00e1s, en el lugar, se incrementar\u00e1n los controles en cuatros aspectos: la trata y tr\u00e1fico, no permitir\u00e1n el viaje de menores sin autorizaci\u00f3n de los padres; el cumplimiento del tarifario de precios; la compra de pasajes dentro de la terminal, que no salgan buses fuera de la terminal terrestre y el control de animales de vida silvestre.<\/p>\n<p>Este operativo se realizar\u00e1 por los funcionarios de municipales, la Polic\u00eda de Tr\u00e1nsito, la Polic\u00eda de Seguridad Estatal, Polic\u00eda Tur\u00edstica y personal de la Autoridad de Regulaci\u00f3n y Fiscalizaci\u00f3n de Telecomunicaciones y Transportes (ATT) La Paz.<\/p>\n<p>Un representante de la ATT, en la terminal pace\u00f1a, explic\u00f3 que entre los controles que ese personal realiza est\u00e1 la verificaci\u00f3n de que el chofer tenga \u201clicencia conducir categor\u00eda C, que tengan un conductor de relevo en terminal, que (el \u00f3mnibus) tenga parabrisas en buen estado, que las llantas est\u00e9n en buen estado y otros elementos de seguridad que aminoran el riesgo en los viajes\u201d.<\/p>\n<p>Advirti\u00f3 que controlaran tarifas para destinos y rutas de los tipos de buses que hay y no se permitir\u00e1 cobros excesivos. \u201cAdvertimos a la poblaci\u00f3n que la ATT ha fijado tarifas m\u00e1ximas, el transporte puede negociar, pero no sobrepasar el tope m\u00e1ximo\u201d, replic\u00f3.<\/p>\n<p>Asimismo, aquellas personas que contratan buses para uso particular, para viajes, deben tener un contrato firmado por la ATT que luego es registrado por ese personal \u201cpara tener conocimiento y no se vulneren derechos\u201d.<\/p>\n<p>La ATT tendr\u00e1 personal desplegado en terminales y aeropuertos, en estos \u00faltimos, \u201cva incidir en evitar el tema de cancelaciones y demoras, adem\u00e1s, del trato digno e informaci\u00f3n oportuna al pasajero\u201d.<\/p>\n<p>Para cualquier denuncia o reclamo, se habilit\u00f3 la l\u00ednea gratuita 800106000 y el chatbot 71533208 donde pueden grabar, sacar fotos y enviarlas para gestionar denuncias con pruebas.<\/p>\n<p>Las autoridades recomendaron evitar transportarse en movilidades que ofrecen servicios fuera de las terminales, poque estas no ofrecen garant\u00edas de seguridad.<\/p>\n<p>EL ALTO<\/p>\n<p>El director de la Terminal Metropolitana de la ciudad de El Alto, Ra\u00fal Flores, inform\u00f3 que se intensifican los controles de salida de buses, en especial hacia el departamento de Oruro, esto por la festividad de Carnaval 2023.<\/p>\n<p>Respecto al control de pasajes, se\u00f1al\u00f3 que se trabajar\u00e1 en coordinaci\u00f3n de la Autoridad de Fiscalizaci\u00f3n de Transportes y Telecomunicaciones (ATT) puesto que ellos tienen tablas de las tarifas m\u00e1ximas que no deben ser sobrepasadas.<\/p>\n<p>&nbsp;<\/p>\n","protected":false},"excerpt":{"rendered":"<p>Debido al incremento de viajes a diferentes regiones del pa\u00eds, sobre todo rumbo a la entrada folkl\u00f3rica del Carnaval de Oruro, la Terminal de Buses La Paz anunci\u00f3 que atender\u00e1 este viernes las 24 horas. En tanto que, el s\u00e1bado, domingo, lunes y martes, la atenci\u00f3n ser\u00e1 en su horario regular de 3:30 a 23:30 [&hellip;]<\/p>\n","protected":false},"author":1,"featured_media":138438,"comment_status":"closed","ping_status":"closed","sticky":false,"template":"","format":"standard","meta":{"_acf_changed":false,"footnotes":""},"categories":[12],"tags":[],"class_list":["post-138437","post","type-post","status-publish","format-standard","has-post-thumbnail","category-nacional"],"acf":{"antetitulo":""},"yoast_head":"<!-- This site is optimized with the Yoast SEO plugin v28.4 - https:\/\/yoast.com\/product\/yoast-seo-wordpress\/ -->\n<title>Este viernes Terminal atender\u00e1 24 horas y ATT hace controles - El Diario - Bolivia<\/title>\n<meta name=\"robots\" content=\"index, follow, max-snippet:-1, max-image-preview:large, max-video-preview:-1\" \/>\n<link rel=\"canonical\" href=\"https:\/\/www.eldiario.net\/portal\/2023\/02\/16\/este-viernes-terminal-atendera-24-horas-y-att-hace-controles\/\" \/>\n<meta property=\"og:locale\" content=\"es_ES\" \/>\n<meta property=\"og:type\" content=\"article\" \/>\n<meta property=\"og:title\" content=\"Este viernes Terminal atender\u00e1 24 horas y ATT hace controles - El Diario - Bolivia\" \/>\n<meta property=\"og:description\" content=\"Debido al incremento de viajes a diferentes regiones del pa\u00eds, sobre todo rumbo a la entrada folkl\u00f3rica del Carnaval de Oruro, la Terminal de Buses La Paz anunci\u00f3 que atender\u00e1 este viernes las 24 horas. En tanto que, el s\u00e1bado, domingo, lunes y martes, la atenci\u00f3n ser\u00e1 en su horario regular de 3:30 a 23:30 [&hellip;]\" \/>\n<meta property=\"og:url\" content=\"https:\/\/www.eldiario.net\/portal\/2023\/02\/16\/este-viernes-terminal-atendera-24-horas-y-att-hace-controles\/\" \/>\n<meta property=\"og:site_name\" content=\"El Diario - Bolivia\" \/>\n<meta property=\"article:publisher\" content=\"https:\/\/www.facebook.com\/eldiario.bolivia\/\" \/>\n<meta property=\"article:published_time\" content=\"2023-02-16T10:15:22+00:00\" \/>\n<meta name=\"author\" content=\"Jeanette\" \/>\n<meta name=\"twitter:card\" content=\"summary_large_image\" \/>\n<meta name=\"twitter:creator\" content=\"@eldiario_net\" \/>\n<meta name=\"twitter:site\" content=\"@eldiario_net\" \/>\n<meta name=\"twitter:label1\" content=\"Escrito por\" \/>\n\t<meta name=\"twitter:data1\" content=\"Jeanette\" \/>\n\t<meta name=\"twitter:label2\" content=\"Tiempo de lectura\" \/>\n\t<meta name=\"twitter:data2\" content=\"3 minutos\" \/>\n<script type=\"application\/ld+json\" class=\"yoast-schema-graph\">{\"@context\":\"https:\\\/\\\/schema.org\",\"@graph\":[{\"@type\":\"Article\",\"@id\":\"https:\\\/\\\/www.eldiario.net\\\/portal\\\/2023\\\/02\\\/16\\\/este-viernes-terminal-atendera-24-horas-y-att-hace-controles\\\/#article\",\"isPartOf\":{\"@id\":\"https:\\\/\\\/www.eldiario.net\\\/portal\\\/2023\\\/02\\\/16\\\/este-viernes-terminal-atendera-24-horas-y-att-hace-controles\\\/\"},\"author\":{\"name\":\"Jeanette\",\"@id\":\"https:\\\/\\\/www.eldiario.net\\\/portal\\\/#\\\/schema\\\/person\\\/f46445640444750d7d753ccd04ae01b7\"},\"headline\":\"Este viernes Terminal atender\u00e1 24 horas y ATT hace controles\",\"datePublished\":\"2023-02-16T10:15:22+00:00\",\"mainEntityOfPage\":{\"@id\":\"https:\\\/\\\/www.eldiario.net\\\/portal\\\/2023\\\/02\\\/16\\\/este-viernes-terminal-atendera-24-horas-y-att-hace-controles\\\/\"},\"wordCount\":611,\"publisher\":{\"@id\":\"https:\\\/\\\/www.eldiario.net\\\/portal\\\/#organization\"},\"image\":{\"@id\":\"https:\\\/\\\/www.eldiario.net\\\/portal\\\/2023\\\/02\\\/16\\\/este-viernes-terminal-atendera-24-horas-y-att-hace-controles\\\/#primaryimage\"},\"thumbnailUrl\":\"\",\"articleSection\":[\"Nacional\"],\"inLanguage\":\"es\"},{\"@type\":\"WebPage\",\"@id\":\"https:\\\/\\\/www.eldiario.net\\\/portal\\\/2023\\\/02\\\/16\\\/este-viernes-terminal-atendera-24-horas-y-att-hace-controles\\\/\",\"url\":\"https:\\\/\\\/www.eldiario.net\\\/portal\\\/2023\\\/02\\\/16\\\/este-viernes-terminal-atendera-24-horas-y-att-hace-controles\\\/\",\"name\":\"Este viernes Terminal atender\u00e1 24 horas y ATT hace controles - El Diario - Bolivia\",\"isPartOf\":{\"@id\":\"https:\\\/\\\/www.eldiario.net\\\/portal\\\/#website\"},\"primaryImageOfPage\":{\"@id\":\"https:\\\/\\\/www.eldiario.net\\\/portal\\\/2023\\\/02\\\/16\\\/este-viernes-terminal-atendera-24-horas-y-att-hace-controles\\\/#primaryimage\"},\"image\":{\"@id\":\"https:\\\/\\\/www.eldiario.net\\\/portal\\\/2023\\\/02\\\/16\\\/este-viernes-terminal-atendera-24-horas-y-att-hace-controles\\\/#primaryimage\"},\"thumbnailUrl\":\"\",\"datePublished\":\"2023-02-16T10:15:22+00:00\",\"breadcrumb\":{\"@id\":\"https:\\\/\\\/www.eldiario.net\\\/portal\\\/2023\\\/02\\\/16\\\/este-viernes-terminal-atendera-24-horas-y-att-hace-controles\\\/#breadcrumb\"},\"inLanguage\":\"es\",\"potentialAction\":[{\"@type\":\"ReadAction\",\"target\":[\"https:\\\/\\\/www.eldiario.net\\\/portal\\\/2023\\\/02\\\/16\\\/este-viernes-terminal-atendera-24-horas-y-att-hace-controles\\\/\"]}]},{\"@type\":\"ImageObject\",\"inLanguage\":\"es\",\"@id\":\"https:\\\/\\\/www.eldiario.net\\\/portal\\\/2023\\\/02\\\/16\\\/este-viernes-terminal-atendera-24-horas-y-att-hace-controles\\\/#primaryimage\",\"url\":\"\",\"contentUrl\":\"\"},{\"@type\":\"BreadcrumbList\",\"@id\":\"https:\\\/\\\/www.eldiario.net\\\/portal\\\/2023\\\/02\\\/16\\\/este-viernes-terminal-atendera-24-horas-y-att-hace-controles\\\/#breadcrumb\",\"itemListElement\":[{\"@type\":\"ListItem\",\"position\":1,\"name\":\"Portada\",\"item\":\"https:\\\/\\\/www.eldiario.net\\\/portal\\\/\"},{\"@type\":\"ListItem\",\"position\":2,\"name\":\"Este viernes Terminal atender\u00e1 24 horas y ATT hace controles\"}]},{\"@type\":\"WebSite\",\"@id\":\"https:\\\/\\\/www.eldiario.net\\\/portal\\\/#website\",\"url\":\"https:\\\/\\\/www.eldiario.net\\\/portal\\\/\",\"name\":\"El Diario - Decano de la prensa nacional\",\"description\":\"El Diario - Decano de la prensa nacional\",\"publisher\":{\"@id\":\"https:\\\/\\\/www.eldiario.net\\\/portal\\\/#organization\"},\"potentialAction\":[{\"@type\":\"SearchAction\",\"target\":{\"@type\":\"EntryPoint\",\"urlTemplate\":\"https:\\\/\\\/www.eldiario.net\\\/portal\\\/?s={search_term_string}\"},\"query-input\":{\"@type\":\"PropertyValueSpecification\",\"valueRequired\":true,\"valueName\":\"search_term_string\"}}],\"inLanguage\":\"es\"},{\"@type\":\"Organization\",\"@id\":\"https:\\\/\\\/www.eldiario.net\\\/portal\\\/#organization\",\"name\":\"El Diario - Decano de la prensa nacional\",\"url\":\"https:\\\/\\\/www.eldiario.net\\\/portal\\\/\",\"logo\":{\"@type\":\"ImageObject\",\"inLanguage\":\"es\",\"@id\":\"https:\\\/\\\/www.eldiario.net\\\/portal\\\/#\\\/schema\\\/logo\\\/image\\\/\",\"url\":\"https:\\\/\\\/www.eldiario.net\\\/portal\\\/wp-content\\\/uploads\\\/2023\\\/07\\\/logo_ED.jpg\",\"contentUrl\":\"https:\\\/\\\/www.eldiario.net\\\/portal\\\/wp-content\\\/uploads\\\/2023\\\/07\\\/logo_ED.jpg\",\"width\":272,\"height\":52,\"caption\":\"El Diario - Decano de la prensa nacional\"},\"image\":{\"@id\":\"https:\\\/\\\/www.eldiario.net\\\/portal\\\/#\\\/schema\\\/logo\\\/image\\\/\"},\"sameAs\":[\"https:\\\/\\\/www.facebook.com\\\/eldiario.bolivia\\\/\",\"https:\\\/\\\/x.com\\\/eldiario_net\"]},{\"@type\":\"Person\",\"@id\":\"https:\\\/\\\/www.eldiario.net\\\/portal\\\/#\\\/schema\\\/person\\\/f46445640444750d7d753ccd04ae01b7\",\"name\":\"Jeanette\",\"image\":{\"@type\":\"ImageObject\",\"inLanguage\":\"es\",\"@id\":\"https:\\\/\\\/secure.gravatar.com\\\/avatar\\\/3ea2118a5f7dad2b7138b1187a6b7ee55f160b9968b66013c3a3ef39dd7e5798?s=96&d=mm&r=g\",\"url\":\"https:\\\/\\\/secure.gravatar.com\\\/avatar\\\/3ea2118a5f7dad2b7138b1187a6b7ee55f160b9968b66013c3a3ef39dd7e5798?s=96&d=mm&r=g\",\"contentUrl\":\"https:\\\/\\\/secure.gravatar.com\\\/avatar\\\/3ea2118a5f7dad2b7138b1187a6b7ee55f160b9968b66013c3a3ef39dd7e5798?s=96&d=mm&r=g\",\"caption\":\"Jeanette\"},\"sameAs\":[\"https:\\\/\\\/www.eldiario.net\\\/portal\"],\"url\":\"https:\\\/\\\/www.eldiario.net\\\/portal\\\/author\\\/jeanette\\\/\"}]}<\/script>\n<!-- \/ Yoast SEO plugin. -->","yoast_head_json":{"title":"Este viernes Terminal atender\u00e1 24 horas y ATT hace controles - El Diario - Bolivia","robots":{"index":"index","follow":"follow","max-snippet":"max-snippet:-1","max-image-preview":"max-image-preview:large","max-video-preview":"max-video-preview:-1"},"canonical":"https:\/\/www.eldiario.net\/portal\/2023\/02\/16\/este-viernes-terminal-atendera-24-horas-y-att-hace-controles\/","og_locale":"es_ES","og_type":"article","og_title":"Este viernes Terminal atender\u00e1 24 horas y ATT hace controles - El Diario - Bolivia","og_description":"Debido al incremento de viajes a diferentes regiones del pa\u00eds, sobre todo rumbo a la entrada folkl\u00f3rica del Carnaval de Oruro, la Terminal de Buses La Paz anunci\u00f3 que atender\u00e1 este viernes las 24 horas. En tanto que, el s\u00e1bado, domingo, lunes y martes, la atenci\u00f3n ser\u00e1 en su horario regular de 3:30 a 23:30 [&hellip;]","og_url":"https:\/\/www.eldiario.net\/portal\/2023\/02\/16\/este-viernes-terminal-atendera-24-horas-y-att-hace-controles\/","og_site_name":"El Diario - Bolivia","article_publisher":"https:\/\/www.facebook.com\/eldiario.bolivia\/","article_published_time":"2023-02-16T10:15:22+00:00","author":"Jeanette","twitter_card":"summary_large_image","twitter_creator":"@eldiario_net","twitter_site":"@eldiario_net","twitter_misc":{"Escrito por":"Jeanette","Tiempo de lectura":"3 minutos"},"schema":{"@context":"https:\/\/schema.org","@graph":[{"@type":"Article","@id":"https:\/\/www.eldiario.net\/portal\/2023\/02\/16\/este-viernes-terminal-atendera-24-horas-y-att-hace-controles\/#article","isPartOf":{"@id":"https:\/\/www.eldiario.net\/portal\/2023\/02\/16\/este-viernes-terminal-atendera-24-horas-y-att-hace-controles\/"},"author":{"name":"Jeanette","@id":"https:\/\/www.eldiario.net\/portal\/#\/schema\/person\/f46445640444750d7d753ccd04ae01b7"},"headline":"Este viernes Terminal atender\u00e1 24 horas y ATT hace controles","datePublished":"2023-02-16T10:15:22+00:00","mainEntityOfPage":{"@id":"https:\/\/www.eldiario.net\/portal\/2023\/02\/16\/este-viernes-terminal-atendera-24-horas-y-att-hace-controles\/"},"wordCount":611,"publisher":{"@id":"https:\/\/www.eldiario.net\/portal\/#organization"},"image":{"@id":"https:\/\/www.eldiario.net\/portal\/2023\/02\/16\/este-viernes-terminal-atendera-24-horas-y-att-hace-controles\/#primaryimage"},"thumbnailUrl":"","articleSection":["Nacional"],"inLanguage":"es"},{"@type":"WebPage","@id":"https:\/\/www.eldiario.net\/portal\/2023\/02\/16\/este-viernes-terminal-atendera-24-horas-y-att-hace-controles\/","url":"https:\/\/www.eldiario.net\/portal\/2023\/02\/16\/este-viernes-terminal-atendera-24-horas-y-att-hace-controles\/","name":"Este viernes Terminal atender\u00e1 24 horas y ATT hace controles - El Diario - Bolivia","isPartOf":{"@id":"https:\/\/www.eldiario.net\/portal\/#website"},"primaryImageOfPage":{"@id":"https:\/\/www.eldiario.net\/portal\/2023\/02\/16\/este-viernes-terminal-atendera-24-horas-y-att-hace-controles\/#primaryimage"},"image":{"@id":"https:\/\/www.eldiario.net\/portal\/2023\/02\/16\/este-viernes-terminal-atendera-24-horas-y-att-hace-controles\/#primaryimage"},"thumbnailUrl":"","datePublished":"2023-02-16T10:15:22+00:00","breadcrumb":{"@id":"https:\/\/www.eldiario.net\/portal\/2023\/02\/16\/este-viernes-terminal-atendera-24-horas-y-att-hace-controles\/#breadcrumb"},"inLanguage":"es","potentialAction":[{"@type":"ReadAction","target":["https:\/\/www.eldiario.net\/portal\/2023\/02\/16\/este-viernes-terminal-atendera-24-horas-y-att-hace-controles\/"]}]},{"@type":"ImageObject","inLanguage":"es","@id":"https:\/\/www.eldiario.net\/portal\/2023\/02\/16\/este-viernes-terminal-atendera-24-horas-y-att-hace-controles\/#primaryimage","url":"","contentUrl":""},{"@type":"BreadcrumbList","@id":"https:\/\/www.eldiario.net\/portal\/2023\/02\/16\/este-viernes-terminal-atendera-24-horas-y-att-hace-controles\/#breadcrumb","itemListElement":[{"@type":"ListItem","position":1,"name":"Portada","item":"https:\/\/www.eldiario.net\/portal\/"},{"@type":"ListItem","position":2,"name":"Este viernes Terminal atender\u00e1 24 horas y ATT hace controles"}]},{"@type":"WebSite","@id":"https:\/\/www.eldiario.net\/portal\/#website","url":"https:\/\/www.eldiario.net\/portal\/","name":"El Diario - Decano de la prensa nacional","description":"El Diario - Decano de la prensa nacional","publisher":{"@id":"https:\/\/www.eldiario.net\/portal\/#organization"},"potentialAction":[{"@type":"SearchAction","target":{"@type":"EntryPoint","urlTemplate":"https:\/\/www.eldiario.net\/portal\/?s={search_term_string}"},"query-input":{"@type":"PropertyValueSpecification","valueRequired":true,"valueName":"search_term_string"}}],"inLanguage":"es"},{"@type":"Organization","@id":"https:\/\/www.eldiario.net\/portal\/#organization","name":"El Diario - Decano de la prensa nacional","url":"https:\/\/www.eldiario.net\/portal\/","logo":{"@type":"ImageObject","inLanguage":"es","@id":"https:\/\/www.eldiario.net\/portal\/#\/schema\/logo\/image\/","url":"https:\/\/www.eldiario.net\/portal\/wp-content\/uploads\/2023\/07\/logo_ED.jpg","contentUrl":"https:\/\/www.eldiario.net\/portal\/wp-content\/uploads\/2023\/07\/logo_ED.jpg","width":272,"height":52,"caption":"El Diario - Decano de la prensa nacional"},"image":{"@id":"https:\/\/www.eldiario.net\/portal\/#\/schema\/logo\/image\/"},"sameAs":["https:\/\/www.facebook.com\/eldiario.bolivia\/","https:\/\/x.com\/eldiario_net"]},{"@type":"Person","@id":"https:\/\/www.eldiario.net\/portal\/#\/schema\/person\/f46445640444750d7d753ccd04ae01b7","name":"Jeanette","image":{"@type":"ImageObject","inLanguage":"es","@id":"https:\/\/secure.gravatar.com\/avatar\/3ea2118a5f7dad2b7138b1187a6b7ee55f160b9968b66013c3a3ef39dd7e5798?s=96&d=mm&r=g","url":"https:\/\/secure.gravatar.com\/avatar\/3ea2118a5f7dad2b7138b1187a6b7ee55f160b9968b66013c3a3ef39dd7e5798?s=96&d=mm&r=g","contentUrl":"https:\/\/secure.gravatar.com\/avatar\/3ea2118a5f7dad2b7138b1187a6b7ee55f160b9968b66013c3a3ef39dd7e5798?s=96&d=mm&r=g","caption":"Jeanette"},"sameAs":["https:\/\/www.eldiario.net\/portal"],"url":"https:\/\/www.eldiario.net\/portal\/author\/jeanette\/"}]}},"_links":{"self":[{"href":"https:\/\/www.eldiario.net\/portal\/wp-json\/wp\/v2\/posts\/138437","targetHints":{"allow":["GET"]}}],"collection":[{"href":"https:\/\/www.eldiario.net\/portal\/wp-json\/wp\/v2\/posts"}],"about":[{"href":"https:\/\/www.eldiario.net\/portal\/wp-json\/wp\/v2\/types\/post"}],"author":[{"embeddable":true,"href":"https:\/\/www.eldiario.net\/portal\/wp-json\/wp\/v2\/users\/1"}],"replies":[{"embeddable":true,"href":"https:\/\/www.eldiario.net\/portal\/wp-json\/wp\/v2\/comments?post=138437"}],"version-history":[{"count":0,"href":"https:\/\/www.eldiario.net\/portal\/wp-json\/wp\/v2\/posts\/138437\/revisions"}],"wp:attachment":[{"href":"https:\/\/www.eldiario.net\/portal\/wp-json\/wp\/v2\/media?parent=138437"}],"wp:term":[{"taxonomy":"category","embeddable":true,"href":"https:\/\/www.eldiario.net\/portal\/wp-json\/wp\/v2\/categories?post=138437"},{"taxonomy":"post_tag","embeddable":true,"href":"https:\/\/www.eldiario.net\/portal\/wp-json\/wp\/v2\/tags?post=138437"}],"curies":[{"name":"wp","href":"https:\/\/api.w.org\/{rel}","templated":true}]}}