{"id":138434,"date":"2023-02-16T06:14:22","date_gmt":"2023-02-16T10:14:22","guid":{"rendered":"https:\/\/www.eldiario.net\/portal\/?p=138434"},"modified":"2023-02-16T06:14:22","modified_gmt":"2023-02-16T10:14:22","slug":"iglesia-pide-reconsiderar-cierre-de-normal-catolica","status":"publish","type":"post","link":"https:\/\/www.eldiario.net\/portal\/2023\/02\/16\/iglesia-pide-reconsiderar-cierre-de-normal-catolica\/","title":{"rendered":"Iglesia pide reconsiderar  cierre de Normal Cat\u00f3lica"},"content":{"rendered":"<p>Representantes de la Conferencia Episcopal Boliviana (CEB) informaron que el Gobierno, a trav\u00e9s del Ministerio de Educaci\u00f3n, rechaz\u00f3 la solicitud enviada para la reapertura de la Normal Cat\u00f3lica, por lo que la Iglesia Cat\u00f3lica pidi\u00f3 que se reconsidere la decisi\u00f3n apelando que el pa\u00eds es un Estado Plurinacional, donde existe libertad de conciencia y el derecho de los padres a elegir la educaci\u00f3n que quieren para sus hijos.<\/p>\n<p>\u201cTocar nuevamente las puertas del di\u00e1logo con el ministro de Educaci\u00f3n, con el Ministerio de Educaci\u00f3n y con el Gobierno para pedir nuevamente que reconsidere el problema\u201d, se\u00f1al\u00f3 monse\u00f1or Fernando Bascop\u00e9, presidente de la Comisi\u00f3n de Educaci\u00f3n de la CEB, en referencia a la petici\u00f3n al Gobierno de reconsiderar su rechazo a la reapertura del Instituto Normal Cat\u00f3lico Sedes Sapientiae.<\/p>\n<p>En conferencia de prensa, autoridades de la Iglesia Cat\u00f3lica, recordaron que el Gobierno instruy\u00f3 el cierre de esa casa de estudios superiores en 2010 despu\u00e9s de 65 a\u00f1os de existencia, pero en diciembre de 2022 se solicit\u00f3 su reapertura, en un contexto donde la sociedad boliviana reclama contra la imposici\u00f3n de una malla curricular.<\/p>\n<p>Bascop\u00e9 record\u00f3 que, durante su funcionamiento, el instituto normal cat\u00f3lico form\u00f3 m\u00e1s de 1.000 maestros normalistas.<\/p>\n<p>El argumento que el Ministerio de Educaci\u00f3n sostiene es que el Estado asume la responsabilidad de la formaci\u00f3n e instrucci\u00f3n de maestros, explic\u00f3 el secretario ejecutivo del \u00e1rea de Educaci\u00f3n de la CEB, Jorge Fern\u00e1ndez.<\/p>\n<p>La CEB consider\u00f3 que la decisi\u00f3n del Ministerio \u201cvulnera no s\u00f3lo el derecho de la Iglesia Cat\u00f3lica a formar sus propios profesores, de acuerdo a las creencias\u201d, sino tambi\u00e9n el derecho de los padres de familia a elegir el tipo de educaci\u00f3n para sus hijos que refleje sus valores, ideas y convicciones.<\/p>\n<p>Monse\u00f1or se\u00f1al\u00f3 que estos derechos est\u00e1n garantizados en la Declaraci\u00f3n Universal de Derechos Humanos y la Constituci\u00f3n Pol\u00edtica del Estado.<\/p>\n<p>\u201cEs importante recalcar que el Estado no puede negarnos el derecho a reabrir la normal si estamos cumpliendo todos los requisitos para hacerlo\u201d, asegur\u00f3.<\/p>\n<p>Asimismo, los representantes expresaron su confianza con que esta nueva petici\u00f3n de autorizaci\u00f3n de reapertura sea atendida de forma favorable por el Gobierno.<\/p>\n","protected":false},"excerpt":{"rendered":"<p>Representantes de la Conferencia Episcopal Boliviana (CEB) informaron que el Gobierno, a trav\u00e9s del Ministerio de Educaci\u00f3n, rechaz\u00f3 la solicitud enviada para la reapertura de la Normal Cat\u00f3lica, por lo que la Iglesia Cat\u00f3lica pidi\u00f3 que se reconsidere la decisi\u00f3n apelando que el pa\u00eds es un Estado Plurinacional, donde existe libertad de conciencia y el [&hellip;]<\/p>\n","protected":false},"author":1,"featured_media":138435,"comment_status":"closed","ping_status":"closed","sticky":false,"template":"","format":"standard","meta":{"_acf_changed":false,"footnotes":""},"categories":[12],"tags":[],"class_list":["post-138434","post","type-post","status-publish","format-standard","has-post-thumbnail","category-nacional"],"acf":{"antetitulo":""},"yoast_head":"<!-- This site is optimized with the Yoast SEO plugin v28.4 - https:\/\/yoast.com\/product\/yoast-seo-wordpress\/ -->\n<title>Iglesia pide reconsiderar cierre de Normal Cat\u00f3lica - El Diario - Bolivia<\/title>\n<meta name=\"robots\" content=\"index, follow, max-snippet:-1, max-image-preview:large, max-video-preview:-1\" \/>\n<link rel=\"canonical\" href=\"https:\/\/www.eldiario.net\/portal\/2023\/02\/16\/iglesia-pide-reconsiderar-cierre-de-normal-catolica\/\" \/>\n<meta property=\"og:locale\" content=\"es_ES\" \/>\n<meta property=\"og:type\" content=\"article\" \/>\n<meta property=\"og:title\" content=\"Iglesia pide reconsiderar cierre de Normal Cat\u00f3lica - El Diario - Bolivia\" \/>\n<meta property=\"og:description\" content=\"Representantes de la Conferencia Episcopal Boliviana (CEB) informaron que el Gobierno, a trav\u00e9s del Ministerio de Educaci\u00f3n, rechaz\u00f3 la solicitud enviada para la reapertura de la Normal Cat\u00f3lica, por lo que la Iglesia Cat\u00f3lica pidi\u00f3 que se reconsidere la decisi\u00f3n apelando que el pa\u00eds es un Estado Plurinacional, donde existe libertad de conciencia y el [&hellip;]\" \/>\n<meta property=\"og:url\" content=\"https:\/\/www.eldiario.net\/portal\/2023\/02\/16\/iglesia-pide-reconsiderar-cierre-de-normal-catolica\/\" \/>\n<meta property=\"og:site_name\" content=\"El Diario - Bolivia\" \/>\n<meta property=\"article:publisher\" content=\"https:\/\/www.facebook.com\/eldiario.bolivia\/\" \/>\n<meta property=\"article:published_time\" content=\"2023-02-16T10:14:22+00:00\" \/>\n<meta name=\"author\" content=\"Jeanette\" \/>\n<meta name=\"twitter:card\" content=\"summary_large_image\" \/>\n<meta name=\"twitter:creator\" content=\"@eldiario_net\" \/>\n<meta name=\"twitter:site\" content=\"@eldiario_net\" \/>\n<meta name=\"twitter:label1\" content=\"Escrito por\" \/>\n\t<meta name=\"twitter:data1\" content=\"Jeanette\" \/>\n\t<meta name=\"twitter:label2\" content=\"Tiempo de lectura\" \/>\n\t<meta name=\"twitter:data2\" content=\"2 minutos\" \/>\n<script type=\"application\/ld+json\" class=\"yoast-schema-graph\">{\"@context\":\"https:\\\/\\\/schema.org\",\"@graph\":[{\"@type\":\"Article\",\"@id\":\"https:\\\/\\\/www.eldiario.net\\\/portal\\\/2023\\\/02\\\/16\\\/iglesia-pide-reconsiderar-cierre-de-normal-catolica\\\/#article\",\"isPartOf\":{\"@id\":\"https:\\\/\\\/www.eldiario.net\\\/portal\\\/2023\\\/02\\\/16\\\/iglesia-pide-reconsiderar-cierre-de-normal-catolica\\\/\"},\"author\":{\"name\":\"Jeanette\",\"@id\":\"https:\\\/\\\/www.eldiario.net\\\/portal\\\/#\\\/schema\\\/person\\\/f46445640444750d7d753ccd04ae01b7\"},\"headline\":\"Iglesia pide reconsiderar cierre de Normal Cat\u00f3lica\",\"datePublished\":\"2023-02-16T10:14:22+00:00\",\"mainEntityOfPage\":{\"@id\":\"https:\\\/\\\/www.eldiario.net\\\/portal\\\/2023\\\/02\\\/16\\\/iglesia-pide-reconsiderar-cierre-de-normal-catolica\\\/\"},\"wordCount\":396,\"publisher\":{\"@id\":\"https:\\\/\\\/www.eldiario.net\\\/portal\\\/#organization\"},\"image\":{\"@id\":\"https:\\\/\\\/www.eldiario.net\\\/portal\\\/2023\\\/02\\\/16\\\/iglesia-pide-reconsiderar-cierre-de-normal-catolica\\\/#primaryimage\"},\"thumbnailUrl\":\"\",\"articleSection\":[\"Nacional\"],\"inLanguage\":\"es\"},{\"@type\":\"WebPage\",\"@id\":\"https:\\\/\\\/www.eldiario.net\\\/portal\\\/2023\\\/02\\\/16\\\/iglesia-pide-reconsiderar-cierre-de-normal-catolica\\\/\",\"url\":\"https:\\\/\\\/www.eldiario.net\\\/portal\\\/2023\\\/02\\\/16\\\/iglesia-pide-reconsiderar-cierre-de-normal-catolica\\\/\",\"name\":\"Iglesia pide reconsiderar cierre de Normal Cat\u00f3lica - El Diario - Bolivia\",\"isPartOf\":{\"@id\":\"https:\\\/\\\/www.eldiario.net\\\/portal\\\/#website\"},\"primaryImageOfPage\":{\"@id\":\"https:\\\/\\\/www.eldiario.net\\\/portal\\\/2023\\\/02\\\/16\\\/iglesia-pide-reconsiderar-cierre-de-normal-catolica\\\/#primaryimage\"},\"image\":{\"@id\":\"https:\\\/\\\/www.eldiario.net\\\/portal\\\/2023\\\/02\\\/16\\\/iglesia-pide-reconsiderar-cierre-de-normal-catolica\\\/#primaryimage\"},\"thumbnailUrl\":\"\",\"datePublished\":\"2023-02-16T10:14:22+00:00\",\"breadcrumb\":{\"@id\":\"https:\\\/\\\/www.eldiario.net\\\/portal\\\/2023\\\/02\\\/16\\\/iglesia-pide-reconsiderar-cierre-de-normal-catolica\\\/#breadcrumb\"},\"inLanguage\":\"es\",\"potentialAction\":[{\"@type\":\"ReadAction\",\"target\":[\"https:\\\/\\\/www.eldiario.net\\\/portal\\\/2023\\\/02\\\/16\\\/iglesia-pide-reconsiderar-cierre-de-normal-catolica\\\/\"]}]},{\"@type\":\"ImageObject\",\"inLanguage\":\"es\",\"@id\":\"https:\\\/\\\/www.eldiario.net\\\/portal\\\/2023\\\/02\\\/16\\\/iglesia-pide-reconsiderar-cierre-de-normal-catolica\\\/#primaryimage\",\"url\":\"\",\"contentUrl\":\"\"},{\"@type\":\"BreadcrumbList\",\"@id\":\"https:\\\/\\\/www.eldiario.net\\\/portal\\\/2023\\\/02\\\/16\\\/iglesia-pide-reconsiderar-cierre-de-normal-catolica\\\/#breadcrumb\",\"itemListElement\":[{\"@type\":\"ListItem\",\"position\":1,\"name\":\"Portada\",\"item\":\"https:\\\/\\\/www.eldiario.net\\\/portal\\\/\"},{\"@type\":\"ListItem\",\"position\":2,\"name\":\"Iglesia pide reconsiderar cierre de Normal Cat\u00f3lica\"}]},{\"@type\":\"WebSite\",\"@id\":\"https:\\\/\\\/www.eldiario.net\\\/portal\\\/#website\",\"url\":\"https:\\\/\\\/www.eldiario.net\\\/portal\\\/\",\"name\":\"El Diario - Decano de la prensa nacional\",\"description\":\"El Diario - Decano de la prensa nacional\",\"publisher\":{\"@id\":\"https:\\\/\\\/www.eldiario.net\\\/portal\\\/#organization\"},\"potentialAction\":[{\"@type\":\"SearchAction\",\"target\":{\"@type\":\"EntryPoint\",\"urlTemplate\":\"https:\\\/\\\/www.eldiario.net\\\/portal\\\/?s={search_term_string}\"},\"query-input\":{\"@type\":\"PropertyValueSpecification\",\"valueRequired\":true,\"valueName\":\"search_term_string\"}}],\"inLanguage\":\"es\"},{\"@type\":\"Organization\",\"@id\":\"https:\\\/\\\/www.eldiario.net\\\/portal\\\/#organization\",\"name\":\"El Diario - Decano de la prensa nacional\",\"url\":\"https:\\\/\\\/www.eldiario.net\\\/portal\\\/\",\"logo\":{\"@type\":\"ImageObject\",\"inLanguage\":\"es\",\"@id\":\"https:\\\/\\\/www.eldiario.net\\\/portal\\\/#\\\/schema\\\/logo\\\/image\\\/\",\"url\":\"https:\\\/\\\/www.eldiario.net\\\/portal\\\/wp-content\\\/uploads\\\/2023\\\/07\\\/logo_ED.jpg\",\"contentUrl\":\"https:\\\/\\\/www.eldiario.net\\\/portal\\\/wp-content\\\/uploads\\\/2023\\\/07\\\/logo_ED.jpg\",\"width\":272,\"height\":52,\"caption\":\"El Diario - Decano de la prensa nacional\"},\"image\":{\"@id\":\"https:\\\/\\\/www.eldiario.net\\\/portal\\\/#\\\/schema\\\/logo\\\/image\\\/\"},\"sameAs\":[\"https:\\\/\\\/www.facebook.com\\\/eldiario.bolivia\\\/\",\"https:\\\/\\\/x.com\\\/eldiario_net\"]},{\"@type\":\"Person\",\"@id\":\"https:\\\/\\\/www.eldiario.net\\\/portal\\\/#\\\/schema\\\/person\\\/f46445640444750d7d753ccd04ae01b7\",\"name\":\"Jeanette\",\"image\":{\"@type\":\"ImageObject\",\"inLanguage\":\"es\",\"@id\":\"https:\\\/\\\/secure.gravatar.com\\\/avatar\\\/3ea2118a5f7dad2b7138b1187a6b7ee55f160b9968b66013c3a3ef39dd7e5798?s=96&d=mm&r=g\",\"url\":\"https:\\\/\\\/secure.gravatar.com\\\/avatar\\\/3ea2118a5f7dad2b7138b1187a6b7ee55f160b9968b66013c3a3ef39dd7e5798?s=96&d=mm&r=g\",\"contentUrl\":\"https:\\\/\\\/secure.gravatar.com\\\/avatar\\\/3ea2118a5f7dad2b7138b1187a6b7ee55f160b9968b66013c3a3ef39dd7e5798?s=96&d=mm&r=g\",\"caption\":\"Jeanette\"},\"sameAs\":[\"https:\\\/\\\/www.eldiario.net\\\/portal\"],\"url\":\"https:\\\/\\\/www.eldiario.net\\\/portal\\\/author\\\/jeanette\\\/\"}]}<\/script>\n<!-- \/ Yoast SEO plugin. -->","yoast_head_json":{"title":"Iglesia pide reconsiderar cierre de Normal Cat\u00f3lica - El Diario - Bolivia","robots":{"index":"index","follow":"follow","max-snippet":"max-snippet:-1","max-image-preview":"max-image-preview:large","max-video-preview":"max-video-preview:-1"},"canonical":"https:\/\/www.eldiario.net\/portal\/2023\/02\/16\/iglesia-pide-reconsiderar-cierre-de-normal-catolica\/","og_locale":"es_ES","og_type":"article","og_title":"Iglesia pide reconsiderar cierre de Normal Cat\u00f3lica - El Diario - Bolivia","og_description":"Representantes de la Conferencia Episcopal Boliviana (CEB) informaron que el Gobierno, a trav\u00e9s del Ministerio de Educaci\u00f3n, rechaz\u00f3 la solicitud enviada para la reapertura de la Normal Cat\u00f3lica, por lo que la Iglesia Cat\u00f3lica pidi\u00f3 que se reconsidere la decisi\u00f3n apelando que el pa\u00eds es un Estado Plurinacional, donde existe libertad de conciencia y el [&hellip;]","og_url":"https:\/\/www.eldiario.net\/portal\/2023\/02\/16\/iglesia-pide-reconsiderar-cierre-de-normal-catolica\/","og_site_name":"El Diario - Bolivia","article_publisher":"https:\/\/www.facebook.com\/eldiario.bolivia\/","article_published_time":"2023-02-16T10:14:22+00:00","author":"Jeanette","twitter_card":"summary_large_image","twitter_creator":"@eldiario_net","twitter_site":"@eldiario_net","twitter_misc":{"Escrito por":"Jeanette","Tiempo de lectura":"2 minutos"},"schema":{"@context":"https:\/\/schema.org","@graph":[{"@type":"Article","@id":"https:\/\/www.eldiario.net\/portal\/2023\/02\/16\/iglesia-pide-reconsiderar-cierre-de-normal-catolica\/#article","isPartOf":{"@id":"https:\/\/www.eldiario.net\/portal\/2023\/02\/16\/iglesia-pide-reconsiderar-cierre-de-normal-catolica\/"},"author":{"name":"Jeanette","@id":"https:\/\/www.eldiario.net\/portal\/#\/schema\/person\/f46445640444750d7d753ccd04ae01b7"},"headline":"Iglesia pide reconsiderar cierre de Normal Cat\u00f3lica","datePublished":"2023-02-16T10:14:22+00:00","mainEntityOfPage":{"@id":"https:\/\/www.eldiario.net\/portal\/2023\/02\/16\/iglesia-pide-reconsiderar-cierre-de-normal-catolica\/"},"wordCount":396,"publisher":{"@id":"https:\/\/www.eldiario.net\/portal\/#organization"},"image":{"@id":"https:\/\/www.eldiario.net\/portal\/2023\/02\/16\/iglesia-pide-reconsiderar-cierre-de-normal-catolica\/#primaryimage"},"thumbnailUrl":"","articleSection":["Nacional"],"inLanguage":"es"},{"@type":"WebPage","@id":"https:\/\/www.eldiario.net\/portal\/2023\/02\/16\/iglesia-pide-reconsiderar-cierre-de-normal-catolica\/","url":"https:\/\/www.eldiario.net\/portal\/2023\/02\/16\/iglesia-pide-reconsiderar-cierre-de-normal-catolica\/","name":"Iglesia pide reconsiderar cierre de Normal Cat\u00f3lica - El Diario - Bolivia","isPartOf":{"@id":"https:\/\/www.eldiario.net\/portal\/#website"},"primaryImageOfPage":{"@id":"https:\/\/www.eldiario.net\/portal\/2023\/02\/16\/iglesia-pide-reconsiderar-cierre-de-normal-catolica\/#primaryimage"},"image":{"@id":"https:\/\/www.eldiario.net\/portal\/2023\/02\/16\/iglesia-pide-reconsiderar-cierre-de-normal-catolica\/#primaryimage"},"thumbnailUrl":"","datePublished":"2023-02-16T10:14:22+00:00","breadcrumb":{"@id":"https:\/\/www.eldiario.net\/portal\/2023\/02\/16\/iglesia-pide-reconsiderar-cierre-de-normal-catolica\/#breadcrumb"},"inLanguage":"es","potentialAction":[{"@type":"ReadAction","target":["https:\/\/www.eldiario.net\/portal\/2023\/02\/16\/iglesia-pide-reconsiderar-cierre-de-normal-catolica\/"]}]},{"@type":"ImageObject","inLanguage":"es","@id":"https:\/\/www.eldiario.net\/portal\/2023\/02\/16\/iglesia-pide-reconsiderar-cierre-de-normal-catolica\/#primaryimage","url":"","contentUrl":""},{"@type":"BreadcrumbList","@id":"https:\/\/www.eldiario.net\/portal\/2023\/02\/16\/iglesia-pide-reconsiderar-cierre-de-normal-catolica\/#breadcrumb","itemListElement":[{"@type":"ListItem","position":1,"name":"Portada","item":"https:\/\/www.eldiario.net\/portal\/"},{"@type":"ListItem","position":2,"name":"Iglesia pide reconsiderar cierre de Normal Cat\u00f3lica"}]},{"@type":"WebSite","@id":"https:\/\/www.eldiario.net\/portal\/#website","url":"https:\/\/www.eldiario.net\/portal\/","name":"El Diario - Decano de la prensa nacional","description":"El Diario - Decano de la prensa nacional","publisher":{"@id":"https:\/\/www.eldiario.net\/portal\/#organization"},"potentialAction":[{"@type":"SearchAction","target":{"@type":"EntryPoint","urlTemplate":"https:\/\/www.eldiario.net\/portal\/?s={search_term_string}"},"query-input":{"@type":"PropertyValueSpecification","valueRequired":true,"valueName":"search_term_string"}}],"inLanguage":"es"},{"@type":"Organization","@id":"https:\/\/www.eldiario.net\/portal\/#organization","name":"El Diario - Decano de la prensa nacional","url":"https:\/\/www.eldiario.net\/portal\/","logo":{"@type":"ImageObject","inLanguage":"es","@id":"https:\/\/www.eldiario.net\/portal\/#\/schema\/logo\/image\/","url":"https:\/\/www.eldiario.net\/portal\/wp-content\/uploads\/2023\/07\/logo_ED.jpg","contentUrl":"https:\/\/www.eldiario.net\/portal\/wp-content\/uploads\/2023\/07\/logo_ED.jpg","width":272,"height":52,"caption":"El Diario - Decano de la prensa nacional"},"image":{"@id":"https:\/\/www.eldiario.net\/portal\/#\/schema\/logo\/image\/"},"sameAs":["https:\/\/www.facebook.com\/eldiario.bolivia\/","https:\/\/x.com\/eldiario_net"]},{"@type":"Person","@id":"https:\/\/www.eldiario.net\/portal\/#\/schema\/person\/f46445640444750d7d753ccd04ae01b7","name":"Jeanette","image":{"@type":"ImageObject","inLanguage":"es","@id":"https:\/\/secure.gravatar.com\/avatar\/3ea2118a5f7dad2b7138b1187a6b7ee55f160b9968b66013c3a3ef39dd7e5798?s=96&d=mm&r=g","url":"https:\/\/secure.gravatar.com\/avatar\/3ea2118a5f7dad2b7138b1187a6b7ee55f160b9968b66013c3a3ef39dd7e5798?s=96&d=mm&r=g","contentUrl":"https:\/\/secure.gravatar.com\/avatar\/3ea2118a5f7dad2b7138b1187a6b7ee55f160b9968b66013c3a3ef39dd7e5798?s=96&d=mm&r=g","caption":"Jeanette"},"sameAs":["https:\/\/www.eldiario.net\/portal"],"url":"https:\/\/www.eldiario.net\/portal\/author\/jeanette\/"}]}},"_links":{"self":[{"href":"https:\/\/www.eldiario.net\/portal\/wp-json\/wp\/v2\/posts\/138434","targetHints":{"allow":["GET"]}}],"collection":[{"href":"https:\/\/www.eldiario.net\/portal\/wp-json\/wp\/v2\/posts"}],"about":[{"href":"https:\/\/www.eldiario.net\/portal\/wp-json\/wp\/v2\/types\/post"}],"author":[{"embeddable":true,"href":"https:\/\/www.eldiario.net\/portal\/wp-json\/wp\/v2\/users\/1"}],"replies":[{"embeddable":true,"href":"https:\/\/www.eldiario.net\/portal\/wp-json\/wp\/v2\/comments?post=138434"}],"version-history":[{"count":0,"href":"https:\/\/www.eldiario.net\/portal\/wp-json\/wp\/v2\/posts\/138434\/revisions"}],"wp:attachment":[{"href":"https:\/\/www.eldiario.net\/portal\/wp-json\/wp\/v2\/media?parent=138434"}],"wp:term":[{"taxonomy":"category","embeddable":true,"href":"https:\/\/www.eldiario.net\/portal\/wp-json\/wp\/v2\/categories?post=138434"},{"taxonomy":"post_tag","embeddable":true,"href":"https:\/\/www.eldiario.net\/portal\/wp-json\/wp\/v2\/tags?post=138434"}],"curies":[{"name":"wp","href":"https:\/\/api.w.org\/{rel}","templated":true}]}}