{"id":138431,"date":"2023-02-16T06:13:16","date_gmt":"2023-02-16T10:13:16","guid":{"rendered":"https:\/\/www.eldiario.net\/portal\/?p=138431"},"modified":"2023-02-16T06:13:16","modified_gmt":"2023-02-16T10:13:16","slug":"cardenal-toribio-ticona-internado-por-una-caida","status":"publish","type":"post","link":"https:\/\/www.eldiario.net\/portal\/2023\/02\/16\/cardenal-toribio-ticona-internado-por-una-caida\/","title":{"rendered":"Cardenal Toribio Ticona internado por una ca\u00edda"},"content":{"rendered":"<p>Tras sufrir una ca\u00edda y, consecuencia de ello fracturas en costillas, el cardenal Toribio Ticona permanece internado en el Hospital Arco Iris de La Paz. De acuerdo con el reporte m\u00e9dico, el sacerdote se encuentra estable y bajo observaci\u00f3n.<\/p>\n<p>Al parecer, el cardenal sufri\u00f3 un accidente dom\u00e9stico cuando el pasado lunes cay\u00f3 de su cama al levantarse y reci\u00e9n el martes, se percat\u00f3 que ten\u00eda fracturadas tres costillas izquierdas, por lo que fue trasladado al nosocomio.<\/p>\n<p>\u201cLe hemos tra\u00eddo al hospital Obrero y luego fue transferido al hospital Arco Iris, ahora se hizo todos los an\u00e1lisis preliminares y se tiene que hacer m\u00e1s valoraciones; en este momento el Cardenal est\u00e1 estable\u201d, explic\u00f3 el secretario del Cardenal, padre Pablo Ponce, a un medio televisivo.<\/p>\n<p>Apunt\u00f3 que la m\u00e1xima autoridad de la Iglesia Cat\u00f3lica en Bolivia, rechaz\u00f3 ir a un hospital el d\u00eda que sufri\u00f3 el accidente y prefiri\u00f3 guardar reposo, pero los dolores empeoraron y ya no pudo resistirlos.<\/p>\n<p>El papa Francisco design\u00f3 a Ticona como nuevo Cardenal boliviano en mayo de 2018 y se constituy\u00f3 en el primer Cardenal boliviano de origen ind\u00edgena. El 28 de junio de ese mismo a\u00f1o recibi\u00f3 ese honor de la Iglesia Cat\u00f3lica.<\/p>\n<p>En enero de 2022, dio positivo a covid-19, por lo que fue internado en un centro de salud.<\/p>\n<p>&nbsp;<\/p>\n","protected":false},"excerpt":{"rendered":"<p>Tras sufrir una ca\u00edda y, consecuencia de ello fracturas en costillas, el cardenal Toribio Ticona permanece internado en el Hospital Arco Iris de La Paz. De acuerdo con el reporte m\u00e9dico, el sacerdote se encuentra estable y bajo observaci\u00f3n. Al parecer, el cardenal sufri\u00f3 un accidente dom\u00e9stico cuando el pasado lunes cay\u00f3 de su cama [&hellip;]<\/p>\n","protected":false},"author":1,"featured_media":138432,"comment_status":"closed","ping_status":"closed","sticky":false,"template":"","format":"standard","meta":{"_acf_changed":false,"footnotes":""},"categories":[12],"tags":[],"class_list":["post-138431","post","type-post","status-publish","format-standard","has-post-thumbnail","category-nacional"],"acf":{"antetitulo":""},"yoast_head":"<!-- This site is optimized with the Yoast SEO plugin v28.4 - https:\/\/yoast.com\/product\/yoast-seo-wordpress\/ -->\n<title>Cardenal Toribio Ticona internado por una ca\u00edda - El Diario - Bolivia<\/title>\n<meta name=\"robots\" content=\"index, follow, max-snippet:-1, max-image-preview:large, max-video-preview:-1\" \/>\n<link rel=\"canonical\" href=\"https:\/\/www.eldiario.net\/portal\/2023\/02\/16\/cardenal-toribio-ticona-internado-por-una-caida\/\" \/>\n<meta property=\"og:locale\" content=\"es_ES\" \/>\n<meta property=\"og:type\" content=\"article\" \/>\n<meta property=\"og:title\" content=\"Cardenal Toribio Ticona internado por una ca\u00edda - El Diario - Bolivia\" \/>\n<meta property=\"og:description\" content=\"Tras sufrir una ca\u00edda y, consecuencia de ello fracturas en costillas, el cardenal Toribio Ticona permanece internado en el Hospital Arco Iris de La Paz. De acuerdo con el reporte m\u00e9dico, el sacerdote se encuentra estable y bajo observaci\u00f3n. Al parecer, el cardenal sufri\u00f3 un accidente dom\u00e9stico cuando el pasado lunes cay\u00f3 de su cama [&hellip;]\" \/>\n<meta property=\"og:url\" content=\"https:\/\/www.eldiario.net\/portal\/2023\/02\/16\/cardenal-toribio-ticona-internado-por-una-caida\/\" \/>\n<meta property=\"og:site_name\" content=\"El Diario - Bolivia\" \/>\n<meta property=\"article:publisher\" content=\"https:\/\/www.facebook.com\/eldiario.bolivia\/\" \/>\n<meta property=\"article:published_time\" content=\"2023-02-16T10:13:16+00:00\" \/>\n<meta name=\"author\" content=\"Jeanette\" \/>\n<meta name=\"twitter:card\" content=\"summary_large_image\" \/>\n<meta name=\"twitter:creator\" content=\"@eldiario_net\" \/>\n<meta name=\"twitter:site\" content=\"@eldiario_net\" \/>\n<meta name=\"twitter:label1\" content=\"Escrito por\" \/>\n\t<meta name=\"twitter:data1\" content=\"Jeanette\" \/>\n\t<meta name=\"twitter:label2\" content=\"Tiempo de lectura\" \/>\n\t<meta name=\"twitter:data2\" content=\"1 minuto\" \/>\n<script type=\"application\/ld+json\" class=\"yoast-schema-graph\">{\"@context\":\"https:\\\/\\\/schema.org\",\"@graph\":[{\"@type\":\"Article\",\"@id\":\"https:\\\/\\\/www.eldiario.net\\\/portal\\\/2023\\\/02\\\/16\\\/cardenal-toribio-ticona-internado-por-una-caida\\\/#article\",\"isPartOf\":{\"@id\":\"https:\\\/\\\/www.eldiario.net\\\/portal\\\/2023\\\/02\\\/16\\\/cardenal-toribio-ticona-internado-por-una-caida\\\/\"},\"author\":{\"name\":\"Jeanette\",\"@id\":\"https:\\\/\\\/www.eldiario.net\\\/portal\\\/#\\\/schema\\\/person\\\/f46445640444750d7d753ccd04ae01b7\"},\"headline\":\"Cardenal Toribio Ticona internado por una ca\u00edda\",\"datePublished\":\"2023-02-16T10:13:16+00:00\",\"mainEntityOfPage\":{\"@id\":\"https:\\\/\\\/www.eldiario.net\\\/portal\\\/2023\\\/02\\\/16\\\/cardenal-toribio-ticona-internado-por-una-caida\\\/\"},\"wordCount\":237,\"publisher\":{\"@id\":\"https:\\\/\\\/www.eldiario.net\\\/portal\\\/#organization\"},\"image\":{\"@id\":\"https:\\\/\\\/www.eldiario.net\\\/portal\\\/2023\\\/02\\\/16\\\/cardenal-toribio-ticona-internado-por-una-caida\\\/#primaryimage\"},\"thumbnailUrl\":\"\",\"articleSection\":[\"Nacional\"],\"inLanguage\":\"es\"},{\"@type\":\"WebPage\",\"@id\":\"https:\\\/\\\/www.eldiario.net\\\/portal\\\/2023\\\/02\\\/16\\\/cardenal-toribio-ticona-internado-por-una-caida\\\/\",\"url\":\"https:\\\/\\\/www.eldiario.net\\\/portal\\\/2023\\\/02\\\/16\\\/cardenal-toribio-ticona-internado-por-una-caida\\\/\",\"name\":\"Cardenal Toribio Ticona internado por una ca\u00edda - El Diario - Bolivia\",\"isPartOf\":{\"@id\":\"https:\\\/\\\/www.eldiario.net\\\/portal\\\/#website\"},\"primaryImageOfPage\":{\"@id\":\"https:\\\/\\\/www.eldiario.net\\\/portal\\\/2023\\\/02\\\/16\\\/cardenal-toribio-ticona-internado-por-una-caida\\\/#primaryimage\"},\"image\":{\"@id\":\"https:\\\/\\\/www.eldiario.net\\\/portal\\\/2023\\\/02\\\/16\\\/cardenal-toribio-ticona-internado-por-una-caida\\\/#primaryimage\"},\"thumbnailUrl\":\"\",\"datePublished\":\"2023-02-16T10:13:16+00:00\",\"breadcrumb\":{\"@id\":\"https:\\\/\\\/www.eldiario.net\\\/portal\\\/2023\\\/02\\\/16\\\/cardenal-toribio-ticona-internado-por-una-caida\\\/#breadcrumb\"},\"inLanguage\":\"es\",\"potentialAction\":[{\"@type\":\"ReadAction\",\"target\":[\"https:\\\/\\\/www.eldiario.net\\\/portal\\\/2023\\\/02\\\/16\\\/cardenal-toribio-ticona-internado-por-una-caida\\\/\"]}]},{\"@type\":\"ImageObject\",\"inLanguage\":\"es\",\"@id\":\"https:\\\/\\\/www.eldiario.net\\\/portal\\\/2023\\\/02\\\/16\\\/cardenal-toribio-ticona-internado-por-una-caida\\\/#primaryimage\",\"url\":\"\",\"contentUrl\":\"\"},{\"@type\":\"BreadcrumbList\",\"@id\":\"https:\\\/\\\/www.eldiario.net\\\/portal\\\/2023\\\/02\\\/16\\\/cardenal-toribio-ticona-internado-por-una-caida\\\/#breadcrumb\",\"itemListElement\":[{\"@type\":\"ListItem\",\"position\":1,\"name\":\"Portada\",\"item\":\"https:\\\/\\\/www.eldiario.net\\\/portal\\\/\"},{\"@type\":\"ListItem\",\"position\":2,\"name\":\"Cardenal Toribio Ticona internado por una ca\u00edda\"}]},{\"@type\":\"WebSite\",\"@id\":\"https:\\\/\\\/www.eldiario.net\\\/portal\\\/#website\",\"url\":\"https:\\\/\\\/www.eldiario.net\\\/portal\\\/\",\"name\":\"El Diario - Decano de la prensa nacional\",\"description\":\"El Diario - Decano de la prensa nacional\",\"publisher\":{\"@id\":\"https:\\\/\\\/www.eldiario.net\\\/portal\\\/#organization\"},\"potentialAction\":[{\"@type\":\"SearchAction\",\"target\":{\"@type\":\"EntryPoint\",\"urlTemplate\":\"https:\\\/\\\/www.eldiario.net\\\/portal\\\/?s={search_term_string}\"},\"query-input\":{\"@type\":\"PropertyValueSpecification\",\"valueRequired\":true,\"valueName\":\"search_term_string\"}}],\"inLanguage\":\"es\"},{\"@type\":\"Organization\",\"@id\":\"https:\\\/\\\/www.eldiario.net\\\/portal\\\/#organization\",\"name\":\"El Diario - Decano de la prensa nacional\",\"url\":\"https:\\\/\\\/www.eldiario.net\\\/portal\\\/\",\"logo\":{\"@type\":\"ImageObject\",\"inLanguage\":\"es\",\"@id\":\"https:\\\/\\\/www.eldiario.net\\\/portal\\\/#\\\/schema\\\/logo\\\/image\\\/\",\"url\":\"https:\\\/\\\/www.eldiario.net\\\/portal\\\/wp-content\\\/uploads\\\/2023\\\/07\\\/logo_ED.jpg\",\"contentUrl\":\"https:\\\/\\\/www.eldiario.net\\\/portal\\\/wp-content\\\/uploads\\\/2023\\\/07\\\/logo_ED.jpg\",\"width\":272,\"height\":52,\"caption\":\"El Diario - Decano de la prensa nacional\"},\"image\":{\"@id\":\"https:\\\/\\\/www.eldiario.net\\\/portal\\\/#\\\/schema\\\/logo\\\/image\\\/\"},\"sameAs\":[\"https:\\\/\\\/www.facebook.com\\\/eldiario.bolivia\\\/\",\"https:\\\/\\\/x.com\\\/eldiario_net\"]},{\"@type\":\"Person\",\"@id\":\"https:\\\/\\\/www.eldiario.net\\\/portal\\\/#\\\/schema\\\/person\\\/f46445640444750d7d753ccd04ae01b7\",\"name\":\"Jeanette\",\"image\":{\"@type\":\"ImageObject\",\"inLanguage\":\"es\",\"@id\":\"https:\\\/\\\/secure.gravatar.com\\\/avatar\\\/3ea2118a5f7dad2b7138b1187a6b7ee55f160b9968b66013c3a3ef39dd7e5798?s=96&d=mm&r=g\",\"url\":\"https:\\\/\\\/secure.gravatar.com\\\/avatar\\\/3ea2118a5f7dad2b7138b1187a6b7ee55f160b9968b66013c3a3ef39dd7e5798?s=96&d=mm&r=g\",\"contentUrl\":\"https:\\\/\\\/secure.gravatar.com\\\/avatar\\\/3ea2118a5f7dad2b7138b1187a6b7ee55f160b9968b66013c3a3ef39dd7e5798?s=96&d=mm&r=g\",\"caption\":\"Jeanette\"},\"sameAs\":[\"https:\\\/\\\/www.eldiario.net\\\/portal\"],\"url\":\"https:\\\/\\\/www.eldiario.net\\\/portal\\\/author\\\/jeanette\\\/\"}]}<\/script>\n<!-- \/ Yoast SEO plugin. -->","yoast_head_json":{"title":"Cardenal Toribio Ticona internado por una ca\u00edda - El Diario - Bolivia","robots":{"index":"index","follow":"follow","max-snippet":"max-snippet:-1","max-image-preview":"max-image-preview:large","max-video-preview":"max-video-preview:-1"},"canonical":"https:\/\/www.eldiario.net\/portal\/2023\/02\/16\/cardenal-toribio-ticona-internado-por-una-caida\/","og_locale":"es_ES","og_type":"article","og_title":"Cardenal Toribio Ticona internado por una ca\u00edda - El Diario - Bolivia","og_description":"Tras sufrir una ca\u00edda y, consecuencia de ello fracturas en costillas, el cardenal Toribio Ticona permanece internado en el Hospital Arco Iris de La Paz. De acuerdo con el reporte m\u00e9dico, el sacerdote se encuentra estable y bajo observaci\u00f3n. Al parecer, el cardenal sufri\u00f3 un accidente dom\u00e9stico cuando el pasado lunes cay\u00f3 de su cama [&hellip;]","og_url":"https:\/\/www.eldiario.net\/portal\/2023\/02\/16\/cardenal-toribio-ticona-internado-por-una-caida\/","og_site_name":"El Diario - Bolivia","article_publisher":"https:\/\/www.facebook.com\/eldiario.bolivia\/","article_published_time":"2023-02-16T10:13:16+00:00","author":"Jeanette","twitter_card":"summary_large_image","twitter_creator":"@eldiario_net","twitter_site":"@eldiario_net","twitter_misc":{"Escrito por":"Jeanette","Tiempo de lectura":"1 minuto"},"schema":{"@context":"https:\/\/schema.org","@graph":[{"@type":"Article","@id":"https:\/\/www.eldiario.net\/portal\/2023\/02\/16\/cardenal-toribio-ticona-internado-por-una-caida\/#article","isPartOf":{"@id":"https:\/\/www.eldiario.net\/portal\/2023\/02\/16\/cardenal-toribio-ticona-internado-por-una-caida\/"},"author":{"name":"Jeanette","@id":"https:\/\/www.eldiario.net\/portal\/#\/schema\/person\/f46445640444750d7d753ccd04ae01b7"},"headline":"Cardenal Toribio Ticona internado por una ca\u00edda","datePublished":"2023-02-16T10:13:16+00:00","mainEntityOfPage":{"@id":"https:\/\/www.eldiario.net\/portal\/2023\/02\/16\/cardenal-toribio-ticona-internado-por-una-caida\/"},"wordCount":237,"publisher":{"@id":"https:\/\/www.eldiario.net\/portal\/#organization"},"image":{"@id":"https:\/\/www.eldiario.net\/portal\/2023\/02\/16\/cardenal-toribio-ticona-internado-por-una-caida\/#primaryimage"},"thumbnailUrl":"","articleSection":["Nacional"],"inLanguage":"es"},{"@type":"WebPage","@id":"https:\/\/www.eldiario.net\/portal\/2023\/02\/16\/cardenal-toribio-ticona-internado-por-una-caida\/","url":"https:\/\/www.eldiario.net\/portal\/2023\/02\/16\/cardenal-toribio-ticona-internado-por-una-caida\/","name":"Cardenal Toribio Ticona internado por una ca\u00edda - El Diario - Bolivia","isPartOf":{"@id":"https:\/\/www.eldiario.net\/portal\/#website"},"primaryImageOfPage":{"@id":"https:\/\/www.eldiario.net\/portal\/2023\/02\/16\/cardenal-toribio-ticona-internado-por-una-caida\/#primaryimage"},"image":{"@id":"https:\/\/www.eldiario.net\/portal\/2023\/02\/16\/cardenal-toribio-ticona-internado-por-una-caida\/#primaryimage"},"thumbnailUrl":"","datePublished":"2023-02-16T10:13:16+00:00","breadcrumb":{"@id":"https:\/\/www.eldiario.net\/portal\/2023\/02\/16\/cardenal-toribio-ticona-internado-por-una-caida\/#breadcrumb"},"inLanguage":"es","potentialAction":[{"@type":"ReadAction","target":["https:\/\/www.eldiario.net\/portal\/2023\/02\/16\/cardenal-toribio-ticona-internado-por-una-caida\/"]}]},{"@type":"ImageObject","inLanguage":"es","@id":"https:\/\/www.eldiario.net\/portal\/2023\/02\/16\/cardenal-toribio-ticona-internado-por-una-caida\/#primaryimage","url":"","contentUrl":""},{"@type":"BreadcrumbList","@id":"https:\/\/www.eldiario.net\/portal\/2023\/02\/16\/cardenal-toribio-ticona-internado-por-una-caida\/#breadcrumb","itemListElement":[{"@type":"ListItem","position":1,"name":"Portada","item":"https:\/\/www.eldiario.net\/portal\/"},{"@type":"ListItem","position":2,"name":"Cardenal Toribio Ticona internado por una ca\u00edda"}]},{"@type":"WebSite","@id":"https:\/\/www.eldiario.net\/portal\/#website","url":"https:\/\/www.eldiario.net\/portal\/","name":"El Diario - Decano de la prensa nacional","description":"El Diario - Decano de la prensa nacional","publisher":{"@id":"https:\/\/www.eldiario.net\/portal\/#organization"},"potentialAction":[{"@type":"SearchAction","target":{"@type":"EntryPoint","urlTemplate":"https:\/\/www.eldiario.net\/portal\/?s={search_term_string}"},"query-input":{"@type":"PropertyValueSpecification","valueRequired":true,"valueName":"search_term_string"}}],"inLanguage":"es"},{"@type":"Organization","@id":"https:\/\/www.eldiario.net\/portal\/#organization","name":"El Diario - Decano de la prensa nacional","url":"https:\/\/www.eldiario.net\/portal\/","logo":{"@type":"ImageObject","inLanguage":"es","@id":"https:\/\/www.eldiario.net\/portal\/#\/schema\/logo\/image\/","url":"https:\/\/www.eldiario.net\/portal\/wp-content\/uploads\/2023\/07\/logo_ED.jpg","contentUrl":"https:\/\/www.eldiario.net\/portal\/wp-content\/uploads\/2023\/07\/logo_ED.jpg","width":272,"height":52,"caption":"El Diario - Decano de la prensa nacional"},"image":{"@id":"https:\/\/www.eldiario.net\/portal\/#\/schema\/logo\/image\/"},"sameAs":["https:\/\/www.facebook.com\/eldiario.bolivia\/","https:\/\/x.com\/eldiario_net"]},{"@type":"Person","@id":"https:\/\/www.eldiario.net\/portal\/#\/schema\/person\/f46445640444750d7d753ccd04ae01b7","name":"Jeanette","image":{"@type":"ImageObject","inLanguage":"es","@id":"https:\/\/secure.gravatar.com\/avatar\/3ea2118a5f7dad2b7138b1187a6b7ee55f160b9968b66013c3a3ef39dd7e5798?s=96&d=mm&r=g","url":"https:\/\/secure.gravatar.com\/avatar\/3ea2118a5f7dad2b7138b1187a6b7ee55f160b9968b66013c3a3ef39dd7e5798?s=96&d=mm&r=g","contentUrl":"https:\/\/secure.gravatar.com\/avatar\/3ea2118a5f7dad2b7138b1187a6b7ee55f160b9968b66013c3a3ef39dd7e5798?s=96&d=mm&r=g","caption":"Jeanette"},"sameAs":["https:\/\/www.eldiario.net\/portal"],"url":"https:\/\/www.eldiario.net\/portal\/author\/jeanette\/"}]}},"_links":{"self":[{"href":"https:\/\/www.eldiario.net\/portal\/wp-json\/wp\/v2\/posts\/138431","targetHints":{"allow":["GET"]}}],"collection":[{"href":"https:\/\/www.eldiario.net\/portal\/wp-json\/wp\/v2\/posts"}],"about":[{"href":"https:\/\/www.eldiario.net\/portal\/wp-json\/wp\/v2\/types\/post"}],"author":[{"embeddable":true,"href":"https:\/\/www.eldiario.net\/portal\/wp-json\/wp\/v2\/users\/1"}],"replies":[{"embeddable":true,"href":"https:\/\/www.eldiario.net\/portal\/wp-json\/wp\/v2\/comments?post=138431"}],"version-history":[{"count":0,"href":"https:\/\/www.eldiario.net\/portal\/wp-json\/wp\/v2\/posts\/138431\/revisions"}],"wp:attachment":[{"href":"https:\/\/www.eldiario.net\/portal\/wp-json\/wp\/v2\/media?parent=138431"}],"wp:term":[{"taxonomy":"category","embeddable":true,"href":"https:\/\/www.eldiario.net\/portal\/wp-json\/wp\/v2\/categories?post=138431"},{"taxonomy":"post_tag","embeddable":true,"href":"https:\/\/www.eldiario.net\/portal\/wp-json\/wp\/v2\/tags?post=138431"}],"curies":[{"name":"wp","href":"https:\/\/api.w.org\/{rel}","templated":true}]}}