{"id":138428,"date":"2023-02-16T06:11:52","date_gmt":"2023-02-16T10:11:52","guid":{"rendered":"https:\/\/www.eldiario.net\/portal\/?p=138428"},"modified":"2023-02-16T06:11:52","modified_gmt":"2023-02-16T10:11:52","slug":"dirigente-cocalero-tiene-paralizado-la-mitad-de-su-cuerpo-por-falta-de-atencion-medica","status":"publish","type":"post","link":"https:\/\/www.eldiario.net\/portal\/2023\/02\/16\/dirigente-cocalero-tiene-paralizado-la-mitad-de-su-cuerpo-por-falta-de-atencion-medica\/","title":{"rendered":"Dirigente cocalero tiene paralizado la mitad  de su cuerpo por falta de atenci\u00f3n m\u00e9dica"},"content":{"rendered":"<p>La noche del martes, el dirigente cocalero, C\u00e9sar Apaza, fue llevado de emergencia de la c\u00e1rcel de Chonchocoro al hospital de Cl\u00ednicas de La Paz, debido a una embolia y par\u00e1lisis de la mitad de su cuerpo, inform\u00f3 ayer la abogada Evelyn Coss\u00edo, a tiempo de aclarar que hace cuatro meses vienen pidiendo una salida m\u00e9dica que no fue atendida.<\/p>\n<p>\u201cA lo largo de estos cuatro meses se le ha negado el derecho al acceso a la salud, tomando en cuenta que se ha puesto a conocimiento de su estado de salud, empero el fiscal Vladimir Bol\u00edvar no le ha prestado la debida diligencia a efectos de emitir los requerimientos y que los mismos puedan ser evaluados por especialistas del \u00e1rea, a consecuencia de esta situaci\u00f3n tenemos que lamentar el decaimiento de su salud. La lesi\u00f3n que \u00e9l tiene es irreversible, \u00e9l no va a poder tener la misma movilidad en su cuerpo, va a necesitar fisioterapia y eso no podr\u00e1 ser atendido en el penal\u201d, explic\u00f3 Coss\u00edo a FmBolivia.<\/p>\n<p>La jurista lament\u00f3 que su patrocinado haya tenido que peregrinar por atenci\u00f3n m\u00e9dica en el penal de Chonchocoro, logrando que el m\u00e9dico que atiende al gobernador de Santa Cruz, Luis Fernando Camacho, le preste sus servicios.<\/p>\n<p>Apaza, que es cr\u00edtico al Gobierno, fue aprehendido en septiembre de 2022, por la toma del mercado ilegal liderado por el dirigente af\u00edn al Movimiento al Socialismo (MAS), Arnold Alanes. Al momento de su aprehensi\u00f3n, por efectivos policiales vestidos de civil y encapuchados, Apaza fue brutalmente golpeado, dej\u00e1ndolo con al menos cuatro d\u00edas de impedimento.<\/p>\n<p>\u201cEl se\u00f1or Apaza fue golpeado y torturado en el momento de su aprehensi\u00f3n. Fue enviado al penal de San Pedro. De forma abusiva, el director de R\u00e9gimen Penitenciario (Juan Carlos Limpias) ordena el traslado al penal de Chonchocoro. Esto ocasion\u00f3 que decaiga en su estado de salud\u201d, record\u00f3 la jurista.<\/p>\n<p>Apaza fue el presidente de Autodefensa de Adepcoca durante los conflictos por el mercado de Villa F\u00e1tima.<\/p>\n","protected":false},"excerpt":{"rendered":"<p>La noche del martes, el dirigente cocalero, C\u00e9sar Apaza, fue llevado de emergencia de la c\u00e1rcel de Chonchocoro al hospital de Cl\u00ednicas de La Paz, debido a una embolia y par\u00e1lisis de la mitad de su cuerpo, inform\u00f3 ayer la abogada Evelyn Coss\u00edo, a tiempo de aclarar que hace cuatro meses vienen pidiendo una salida [&hellip;]<\/p>\n","protected":false},"author":1,"featured_media":138429,"comment_status":"closed","ping_status":"closed","sticky":false,"template":"","format":"standard","meta":{"_acf_changed":false,"footnotes":""},"categories":[39],"tags":[],"class_list":["post-138428","post","type-post","status-publish","format-standard","has-post-thumbnail","category-sociedad"],"acf":{"antetitulo":""},"yoast_head":"<!-- This site is optimized with the Yoast SEO plugin v28.4 - https:\/\/yoast.com\/product\/yoast-seo-wordpress\/ -->\n<title>Dirigente cocalero tiene paralizado la mitad de su cuerpo por falta de atenci\u00f3n m\u00e9dica - El Diario - Bolivia<\/title>\n<meta name=\"robots\" content=\"index, follow, max-snippet:-1, max-image-preview:large, max-video-preview:-1\" \/>\n<link rel=\"canonical\" href=\"https:\/\/www.eldiario.net\/portal\/2023\/02\/16\/dirigente-cocalero-tiene-paralizado-la-mitad-de-su-cuerpo-por-falta-de-atencion-medica\/\" \/>\n<meta property=\"og:locale\" content=\"es_ES\" \/>\n<meta property=\"og:type\" content=\"article\" \/>\n<meta property=\"og:title\" content=\"Dirigente cocalero tiene paralizado la mitad de su cuerpo por falta de atenci\u00f3n m\u00e9dica - El Diario - Bolivia\" \/>\n<meta property=\"og:description\" content=\"La noche del martes, el dirigente cocalero, C\u00e9sar Apaza, fue llevado de emergencia de la c\u00e1rcel de Chonchocoro al hospital de Cl\u00ednicas de La Paz, debido a una embolia y par\u00e1lisis de la mitad de su cuerpo, inform\u00f3 ayer la abogada Evelyn Coss\u00edo, a tiempo de aclarar que hace cuatro meses vienen pidiendo una salida [&hellip;]\" \/>\n<meta property=\"og:url\" content=\"https:\/\/www.eldiario.net\/portal\/2023\/02\/16\/dirigente-cocalero-tiene-paralizado-la-mitad-de-su-cuerpo-por-falta-de-atencion-medica\/\" \/>\n<meta property=\"og:site_name\" content=\"El Diario - Bolivia\" \/>\n<meta property=\"article:publisher\" content=\"https:\/\/www.facebook.com\/eldiario.bolivia\/\" \/>\n<meta property=\"article:published_time\" content=\"2023-02-16T10:11:52+00:00\" \/>\n<meta name=\"author\" content=\"Jeanette\" \/>\n<meta name=\"twitter:card\" content=\"summary_large_image\" \/>\n<meta name=\"twitter:creator\" content=\"@eldiario_net\" \/>\n<meta name=\"twitter:site\" content=\"@eldiario_net\" \/>\n<meta name=\"twitter:label1\" content=\"Escrito por\" \/>\n\t<meta name=\"twitter:data1\" content=\"Jeanette\" \/>\n\t<meta name=\"twitter:label2\" content=\"Tiempo de lectura\" \/>\n\t<meta name=\"twitter:data2\" content=\"2 minutos\" \/>\n<script type=\"application\/ld+json\" class=\"yoast-schema-graph\">{\"@context\":\"https:\\\/\\\/schema.org\",\"@graph\":[{\"@type\":\"Article\",\"@id\":\"https:\\\/\\\/www.eldiario.net\\\/portal\\\/2023\\\/02\\\/16\\\/dirigente-cocalero-tiene-paralizado-la-mitad-de-su-cuerpo-por-falta-de-atencion-medica\\\/#article\",\"isPartOf\":{\"@id\":\"https:\\\/\\\/www.eldiario.net\\\/portal\\\/2023\\\/02\\\/16\\\/dirigente-cocalero-tiene-paralizado-la-mitad-de-su-cuerpo-por-falta-de-atencion-medica\\\/\"},\"author\":{\"name\":\"Jeanette\",\"@id\":\"https:\\\/\\\/www.eldiario.net\\\/portal\\\/#\\\/schema\\\/person\\\/2c57cf2b7a7ae032e449e4c9b1019eac\"},\"headline\":\"Dirigente cocalero tiene paralizado la mitad de su cuerpo por falta de atenci\u00f3n m\u00e9dica\",\"datePublished\":\"2023-02-16T10:11:52+00:00\",\"mainEntityOfPage\":{\"@id\":\"https:\\\/\\\/www.eldiario.net\\\/portal\\\/2023\\\/02\\\/16\\\/dirigente-cocalero-tiene-paralizado-la-mitad-de-su-cuerpo-por-falta-de-atencion-medica\\\/\"},\"wordCount\":365,\"publisher\":{\"@id\":\"https:\\\/\\\/www.eldiario.net\\\/portal\\\/#organization\"},\"image\":{\"@id\":\"https:\\\/\\\/www.eldiario.net\\\/portal\\\/2023\\\/02\\\/16\\\/dirigente-cocalero-tiene-paralizado-la-mitad-de-su-cuerpo-por-falta-de-atencion-medica\\\/#primaryimage\"},\"thumbnailUrl\":\"\",\"articleSection\":[\"Sociedad - Seguridad\"],\"inLanguage\":\"es\"},{\"@type\":\"WebPage\",\"@id\":\"https:\\\/\\\/www.eldiario.net\\\/portal\\\/2023\\\/02\\\/16\\\/dirigente-cocalero-tiene-paralizado-la-mitad-de-su-cuerpo-por-falta-de-atencion-medica\\\/\",\"url\":\"https:\\\/\\\/www.eldiario.net\\\/portal\\\/2023\\\/02\\\/16\\\/dirigente-cocalero-tiene-paralizado-la-mitad-de-su-cuerpo-por-falta-de-atencion-medica\\\/\",\"name\":\"Dirigente cocalero tiene paralizado la mitad de su cuerpo por falta de atenci\u00f3n m\u00e9dica - El Diario - Bolivia\",\"isPartOf\":{\"@id\":\"https:\\\/\\\/www.eldiario.net\\\/portal\\\/#website\"},\"primaryImageOfPage\":{\"@id\":\"https:\\\/\\\/www.eldiario.net\\\/portal\\\/2023\\\/02\\\/16\\\/dirigente-cocalero-tiene-paralizado-la-mitad-de-su-cuerpo-por-falta-de-atencion-medica\\\/#primaryimage\"},\"image\":{\"@id\":\"https:\\\/\\\/www.eldiario.net\\\/portal\\\/2023\\\/02\\\/16\\\/dirigente-cocalero-tiene-paralizado-la-mitad-de-su-cuerpo-por-falta-de-atencion-medica\\\/#primaryimage\"},\"thumbnailUrl\":\"\",\"datePublished\":\"2023-02-16T10:11:52+00:00\",\"breadcrumb\":{\"@id\":\"https:\\\/\\\/www.eldiario.net\\\/portal\\\/2023\\\/02\\\/16\\\/dirigente-cocalero-tiene-paralizado-la-mitad-de-su-cuerpo-por-falta-de-atencion-medica\\\/#breadcrumb\"},\"inLanguage\":\"es\",\"potentialAction\":[{\"@type\":\"ReadAction\",\"target\":[\"https:\\\/\\\/www.eldiario.net\\\/portal\\\/2023\\\/02\\\/16\\\/dirigente-cocalero-tiene-paralizado-la-mitad-de-su-cuerpo-por-falta-de-atencion-medica\\\/\"]}]},{\"@type\":\"ImageObject\",\"inLanguage\":\"es\",\"@id\":\"https:\\\/\\\/www.eldiario.net\\\/portal\\\/2023\\\/02\\\/16\\\/dirigente-cocalero-tiene-paralizado-la-mitad-de-su-cuerpo-por-falta-de-atencion-medica\\\/#primaryimage\",\"url\":\"\",\"contentUrl\":\"\"},{\"@type\":\"BreadcrumbList\",\"@id\":\"https:\\\/\\\/www.eldiario.net\\\/portal\\\/2023\\\/02\\\/16\\\/dirigente-cocalero-tiene-paralizado-la-mitad-de-su-cuerpo-por-falta-de-atencion-medica\\\/#breadcrumb\",\"itemListElement\":[{\"@type\":\"ListItem\",\"position\":1,\"name\":\"Portada\",\"item\":\"https:\\\/\\\/www.eldiario.net\\\/portal\\\/\"},{\"@type\":\"ListItem\",\"position\":2,\"name\":\"Dirigente cocalero tiene paralizado la mitad de su cuerpo por falta de atenci\u00f3n m\u00e9dica\"}]},{\"@type\":\"WebSite\",\"@id\":\"https:\\\/\\\/www.eldiario.net\\\/portal\\\/#website\",\"url\":\"https:\\\/\\\/www.eldiario.net\\\/portal\\\/\",\"name\":\"El Diario - Decano de la prensa nacional\",\"description\":\"El Diario - Decano de la prensa nacional\",\"publisher\":{\"@id\":\"https:\\\/\\\/www.eldiario.net\\\/portal\\\/#organization\"},\"potentialAction\":[{\"@type\":\"SearchAction\",\"target\":{\"@type\":\"EntryPoint\",\"urlTemplate\":\"https:\\\/\\\/www.eldiario.net\\\/portal\\\/?s={search_term_string}\"},\"query-input\":{\"@type\":\"PropertyValueSpecification\",\"valueRequired\":true,\"valueName\":\"search_term_string\"}}],\"inLanguage\":\"es\"},{\"@type\":\"Organization\",\"@id\":\"https:\\\/\\\/www.eldiario.net\\\/portal\\\/#organization\",\"name\":\"El Diario - Decano de la prensa nacional\",\"url\":\"https:\\\/\\\/www.eldiario.net\\\/portal\\\/\",\"logo\":{\"@type\":\"ImageObject\",\"inLanguage\":\"es\",\"@id\":\"https:\\\/\\\/www.eldiario.net\\\/portal\\\/#\\\/schema\\\/logo\\\/image\\\/\",\"url\":\"https:\\\/\\\/www.eldiario.net\\\/portal\\\/wp-content\\\/uploads\\\/2023\\\/07\\\/logo_ED.jpg\",\"contentUrl\":\"https:\\\/\\\/www.eldiario.net\\\/portal\\\/wp-content\\\/uploads\\\/2023\\\/07\\\/logo_ED.jpg\",\"width\":272,\"height\":52,\"caption\":\"El Diario - Decano de la prensa nacional\"},\"image\":{\"@id\":\"https:\\\/\\\/www.eldiario.net\\\/portal\\\/#\\\/schema\\\/logo\\\/image\\\/\"},\"sameAs\":[\"https:\\\/\\\/www.facebook.com\\\/eldiario.bolivia\\\/\",\"https:\\\/\\\/x.com\\\/eldiario_net\"]},{\"@type\":\"Person\",\"@id\":\"https:\\\/\\\/www.eldiario.net\\\/portal\\\/#\\\/schema\\\/person\\\/2c57cf2b7a7ae032e449e4c9b1019eac\",\"name\":\"Jeanette\",\"image\":{\"@type\":\"ImageObject\",\"inLanguage\":\"es\",\"@id\":\"https:\\\/\\\/secure.gravatar.com\\\/avatar\\\/3ea2118a5f7dad2b7138b1187a6b7ee55f160b9968b66013c3a3ef39dd7e5798?s=96&d=mm&r=g\",\"url\":\"https:\\\/\\\/secure.gravatar.com\\\/avatar\\\/3ea2118a5f7dad2b7138b1187a6b7ee55f160b9968b66013c3a3ef39dd7e5798?s=96&d=mm&r=g\",\"contentUrl\":\"https:\\\/\\\/secure.gravatar.com\\\/avatar\\\/3ea2118a5f7dad2b7138b1187a6b7ee55f160b9968b66013c3a3ef39dd7e5798?s=96&d=mm&r=g\",\"caption\":\"Jeanette\"},\"sameAs\":[\"https:\\\/\\\/www.eldiario.net\\\/portal\"],\"url\":\"https:\\\/\\\/www.eldiario.net\\\/portal\\\/author\\\/jeanette\\\/\"}]}<\/script>\n<!-- \/ Yoast SEO plugin. -->","yoast_head_json":{"title":"Dirigente cocalero tiene paralizado la mitad de su cuerpo por falta de atenci\u00f3n m\u00e9dica - El Diario - Bolivia","robots":{"index":"index","follow":"follow","max-snippet":"max-snippet:-1","max-image-preview":"max-image-preview:large","max-video-preview":"max-video-preview:-1"},"canonical":"https:\/\/www.eldiario.net\/portal\/2023\/02\/16\/dirigente-cocalero-tiene-paralizado-la-mitad-de-su-cuerpo-por-falta-de-atencion-medica\/","og_locale":"es_ES","og_type":"article","og_title":"Dirigente cocalero tiene paralizado la mitad de su cuerpo por falta de atenci\u00f3n m\u00e9dica - El Diario - Bolivia","og_description":"La noche del martes, el dirigente cocalero, C\u00e9sar Apaza, fue llevado de emergencia de la c\u00e1rcel de Chonchocoro al hospital de Cl\u00ednicas de La Paz, debido a una embolia y par\u00e1lisis de la mitad de su cuerpo, inform\u00f3 ayer la abogada Evelyn Coss\u00edo, a tiempo de aclarar que hace cuatro meses vienen pidiendo una salida [&hellip;]","og_url":"https:\/\/www.eldiario.net\/portal\/2023\/02\/16\/dirigente-cocalero-tiene-paralizado-la-mitad-de-su-cuerpo-por-falta-de-atencion-medica\/","og_site_name":"El Diario - Bolivia","article_publisher":"https:\/\/www.facebook.com\/eldiario.bolivia\/","article_published_time":"2023-02-16T10:11:52+00:00","author":"Jeanette","twitter_card":"summary_large_image","twitter_creator":"@eldiario_net","twitter_site":"@eldiario_net","twitter_misc":{"Escrito por":"Jeanette","Tiempo de lectura":"2 minutos"},"schema":{"@context":"https:\/\/schema.org","@graph":[{"@type":"Article","@id":"https:\/\/www.eldiario.net\/portal\/2023\/02\/16\/dirigente-cocalero-tiene-paralizado-la-mitad-de-su-cuerpo-por-falta-de-atencion-medica\/#article","isPartOf":{"@id":"https:\/\/www.eldiario.net\/portal\/2023\/02\/16\/dirigente-cocalero-tiene-paralizado-la-mitad-de-su-cuerpo-por-falta-de-atencion-medica\/"},"author":{"name":"Jeanette","@id":"https:\/\/www.eldiario.net\/portal\/#\/schema\/person\/2c57cf2b7a7ae032e449e4c9b1019eac"},"headline":"Dirigente cocalero tiene paralizado la mitad de su cuerpo por falta de atenci\u00f3n m\u00e9dica","datePublished":"2023-02-16T10:11:52+00:00","mainEntityOfPage":{"@id":"https:\/\/www.eldiario.net\/portal\/2023\/02\/16\/dirigente-cocalero-tiene-paralizado-la-mitad-de-su-cuerpo-por-falta-de-atencion-medica\/"},"wordCount":365,"publisher":{"@id":"https:\/\/www.eldiario.net\/portal\/#organization"},"image":{"@id":"https:\/\/www.eldiario.net\/portal\/2023\/02\/16\/dirigente-cocalero-tiene-paralizado-la-mitad-de-su-cuerpo-por-falta-de-atencion-medica\/#primaryimage"},"thumbnailUrl":"","articleSection":["Sociedad - Seguridad"],"inLanguage":"es"},{"@type":"WebPage","@id":"https:\/\/www.eldiario.net\/portal\/2023\/02\/16\/dirigente-cocalero-tiene-paralizado-la-mitad-de-su-cuerpo-por-falta-de-atencion-medica\/","url":"https:\/\/www.eldiario.net\/portal\/2023\/02\/16\/dirigente-cocalero-tiene-paralizado-la-mitad-de-su-cuerpo-por-falta-de-atencion-medica\/","name":"Dirigente cocalero tiene paralizado la mitad de su cuerpo por falta de atenci\u00f3n m\u00e9dica - El Diario - Bolivia","isPartOf":{"@id":"https:\/\/www.eldiario.net\/portal\/#website"},"primaryImageOfPage":{"@id":"https:\/\/www.eldiario.net\/portal\/2023\/02\/16\/dirigente-cocalero-tiene-paralizado-la-mitad-de-su-cuerpo-por-falta-de-atencion-medica\/#primaryimage"},"image":{"@id":"https:\/\/www.eldiario.net\/portal\/2023\/02\/16\/dirigente-cocalero-tiene-paralizado-la-mitad-de-su-cuerpo-por-falta-de-atencion-medica\/#primaryimage"},"thumbnailUrl":"","datePublished":"2023-02-16T10:11:52+00:00","breadcrumb":{"@id":"https:\/\/www.eldiario.net\/portal\/2023\/02\/16\/dirigente-cocalero-tiene-paralizado-la-mitad-de-su-cuerpo-por-falta-de-atencion-medica\/#breadcrumb"},"inLanguage":"es","potentialAction":[{"@type":"ReadAction","target":["https:\/\/www.eldiario.net\/portal\/2023\/02\/16\/dirigente-cocalero-tiene-paralizado-la-mitad-de-su-cuerpo-por-falta-de-atencion-medica\/"]}]},{"@type":"ImageObject","inLanguage":"es","@id":"https:\/\/www.eldiario.net\/portal\/2023\/02\/16\/dirigente-cocalero-tiene-paralizado-la-mitad-de-su-cuerpo-por-falta-de-atencion-medica\/#primaryimage","url":"","contentUrl":""},{"@type":"BreadcrumbList","@id":"https:\/\/www.eldiario.net\/portal\/2023\/02\/16\/dirigente-cocalero-tiene-paralizado-la-mitad-de-su-cuerpo-por-falta-de-atencion-medica\/#breadcrumb","itemListElement":[{"@type":"ListItem","position":1,"name":"Portada","item":"https:\/\/www.eldiario.net\/portal\/"},{"@type":"ListItem","position":2,"name":"Dirigente cocalero tiene paralizado la mitad de su cuerpo por falta de atenci\u00f3n m\u00e9dica"}]},{"@type":"WebSite","@id":"https:\/\/www.eldiario.net\/portal\/#website","url":"https:\/\/www.eldiario.net\/portal\/","name":"El Diario - Decano de la prensa nacional","description":"El Diario - Decano de la prensa nacional","publisher":{"@id":"https:\/\/www.eldiario.net\/portal\/#organization"},"potentialAction":[{"@type":"SearchAction","target":{"@type":"EntryPoint","urlTemplate":"https:\/\/www.eldiario.net\/portal\/?s={search_term_string}"},"query-input":{"@type":"PropertyValueSpecification","valueRequired":true,"valueName":"search_term_string"}}],"inLanguage":"es"},{"@type":"Organization","@id":"https:\/\/www.eldiario.net\/portal\/#organization","name":"El Diario - Decano de la prensa nacional","url":"https:\/\/www.eldiario.net\/portal\/","logo":{"@type":"ImageObject","inLanguage":"es","@id":"https:\/\/www.eldiario.net\/portal\/#\/schema\/logo\/image\/","url":"https:\/\/www.eldiario.net\/portal\/wp-content\/uploads\/2023\/07\/logo_ED.jpg","contentUrl":"https:\/\/www.eldiario.net\/portal\/wp-content\/uploads\/2023\/07\/logo_ED.jpg","width":272,"height":52,"caption":"El Diario - Decano de la prensa nacional"},"image":{"@id":"https:\/\/www.eldiario.net\/portal\/#\/schema\/logo\/image\/"},"sameAs":["https:\/\/www.facebook.com\/eldiario.bolivia\/","https:\/\/x.com\/eldiario_net"]},{"@type":"Person","@id":"https:\/\/www.eldiario.net\/portal\/#\/schema\/person\/2c57cf2b7a7ae032e449e4c9b1019eac","name":"Jeanette","image":{"@type":"ImageObject","inLanguage":"es","@id":"https:\/\/secure.gravatar.com\/avatar\/3ea2118a5f7dad2b7138b1187a6b7ee55f160b9968b66013c3a3ef39dd7e5798?s=96&d=mm&r=g","url":"https:\/\/secure.gravatar.com\/avatar\/3ea2118a5f7dad2b7138b1187a6b7ee55f160b9968b66013c3a3ef39dd7e5798?s=96&d=mm&r=g","contentUrl":"https:\/\/secure.gravatar.com\/avatar\/3ea2118a5f7dad2b7138b1187a6b7ee55f160b9968b66013c3a3ef39dd7e5798?s=96&d=mm&r=g","caption":"Jeanette"},"sameAs":["https:\/\/www.eldiario.net\/portal"],"url":"https:\/\/www.eldiario.net\/portal\/author\/jeanette\/"}]}},"_links":{"self":[{"href":"https:\/\/www.eldiario.net\/portal\/wp-json\/wp\/v2\/posts\/138428","targetHints":{"allow":["GET"]}}],"collection":[{"href":"https:\/\/www.eldiario.net\/portal\/wp-json\/wp\/v2\/posts"}],"about":[{"href":"https:\/\/www.eldiario.net\/portal\/wp-json\/wp\/v2\/types\/post"}],"author":[{"embeddable":true,"href":"https:\/\/www.eldiario.net\/portal\/wp-json\/wp\/v2\/users\/1"}],"replies":[{"embeddable":true,"href":"https:\/\/www.eldiario.net\/portal\/wp-json\/wp\/v2\/comments?post=138428"}],"version-history":[{"count":0,"href":"https:\/\/www.eldiario.net\/portal\/wp-json\/wp\/v2\/posts\/138428\/revisions"}],"wp:attachment":[{"href":"https:\/\/www.eldiario.net\/portal\/wp-json\/wp\/v2\/media?parent=138428"}],"wp:term":[{"taxonomy":"category","embeddable":true,"href":"https:\/\/www.eldiario.net\/portal\/wp-json\/wp\/v2\/categories?post=138428"},{"taxonomy":"post_tag","embeddable":true,"href":"https:\/\/www.eldiario.net\/portal\/wp-json\/wp\/v2\/tags?post=138428"}],"curies":[{"name":"wp","href":"https:\/\/api.w.org\/{rel}","templated":true}]}}