{"id":137261,"date":"2023-02-10T06:24:51","date_gmt":"2023-02-10T10:24:51","guid":{"rendered":"https:\/\/www.eldiario.net\/portal\/?p=137261"},"modified":"2023-02-10T06:24:51","modified_gmt":"2023-02-10T10:24:51","slug":"el-matador-volvera-al-ring-para-pelear-a-puno-limpio","status":"publish","type":"post","link":"https:\/\/www.eldiario.net\/portal\/2023\/02\/10\/el-matador-volvera-al-ring-para-pelear-a-puno-limpio\/","title":{"rendered":"El \u201cMatador\u201d volver\u00e1 al ring para pelear a \u201cpu\u00f1o limpio\u201d"},"content":{"rendered":"<p>Franklin \u201cMatador\u201d Mamani tiene fecha para su segunda pelea a pu\u00f1o limpio por el BKFC (Bare Knuckle Fighting Championship) que se llevar\u00e1 adelante en el Coliseo Cerrado \u201cJulio Borelli Viteritto\u201d, el templo del deporte.<br \/>\nEl viernes 17 de marzo, a las 20:00 se medir\u00e1 ante un peleador de Estados Unidos, probablemente, en busca de ascender en el ranking internacional porque se ha trazado como objetivo el conquistar el cetro mundial de BKFC.<br \/>\nEsta modalidad ha ganado adeptos a nivel mundial, tomando en cuenta que se pelea sin guantes y las peleas en Estados Unidos que son seguidas por miles de espectadores que gustan de esta variante del viril deporte de los pu\u00f1os.<br \/>\nEl \u201cMatador\u201d Mamani hizo historia primero en el boxeo nacional, al pelear por el cetro mundial WBC divisi\u00f3n ligero ante Dejan Zlaticanin, y luego por ser el primer peleador nacional en pelear en el pa\u00eds el BKFC \u2013 a pu\u00f1o limpio \u2013 boxeo sin guantes en octubre del a\u00f1o pasado.<br \/>\nMamani tuvo el debut so\u00f1ado en el BKFC, en uno de los templos del deporte como es el caso del Julio Borelli Viteritto que se vio abarrotado de p\u00fablico que ama el viril deporte de los pu\u00f1os, el 16 de octubre de 2022.<br \/>\nFue una victoria de alto nivel y bastante impresionante, como explosiva adem\u00e1s, para derrotar al peleador brasile\u00f1o-estadounidense Lucas Silva, a quien propin\u00f3 un certero nocaut en el primer round del combate.<\/p>\n<p><strong>EL DIARIO<\/strong><\/p>\n","protected":false},"excerpt":{"rendered":"<p>Franklin \u201cMatador\u201d Mamani tiene fecha para su segunda pelea a pu\u00f1o limpio por el BKFC (Bare Knuckle Fighting Championship) que se llevar\u00e1 adelante en el Coliseo Cerrado \u201cJulio Borelli Viteritto\u201d, el templo del deporte. El viernes 17 de marzo, a las 20:00 se medir\u00e1 ante un peleador de Estados Unidos, probablemente, en busca de ascender [&hellip;]<\/p>\n","protected":false},"author":1,"featured_media":137262,"comment_status":"closed","ping_status":"closed","sticky":false,"template":"","format":"standard","meta":{"_acf_changed":false,"footnotes":""},"categories":[6],"tags":[],"class_list":["post-137261","post","type-post","status-publish","format-standard","has-post-thumbnail","category-deportes"],"acf":{"antetitulo":""},"yoast_head":"<!-- This site is optimized with the Yoast SEO plugin v28.4 - https:\/\/yoast.com\/product\/yoast-seo-wordpress\/ -->\n<title>El \u201cMatador\u201d volver\u00e1 al ring para pelear a \u201cpu\u00f1o limpio\u201d - El Diario - Bolivia<\/title>\n<meta name=\"robots\" content=\"index, follow, max-snippet:-1, max-image-preview:large, max-video-preview:-1\" \/>\n<link rel=\"canonical\" href=\"https:\/\/www.eldiario.net\/portal\/2023\/02\/10\/el-matador-volvera-al-ring-para-pelear-a-puno-limpio\/\" \/>\n<meta property=\"og:locale\" content=\"es_ES\" \/>\n<meta property=\"og:type\" content=\"article\" \/>\n<meta property=\"og:title\" content=\"El \u201cMatador\u201d volver\u00e1 al ring para pelear a \u201cpu\u00f1o limpio\u201d - El Diario - Bolivia\" \/>\n<meta property=\"og:description\" content=\"Franklin \u201cMatador\u201d Mamani tiene fecha para su segunda pelea a pu\u00f1o limpio por el BKFC (Bare Knuckle Fighting Championship) que se llevar\u00e1 adelante en el Coliseo Cerrado \u201cJulio Borelli Viteritto\u201d, el templo del deporte. El viernes 17 de marzo, a las 20:00 se medir\u00e1 ante un peleador de Estados Unidos, probablemente, en busca de ascender [&hellip;]\" \/>\n<meta property=\"og:url\" content=\"https:\/\/www.eldiario.net\/portal\/2023\/02\/10\/el-matador-volvera-al-ring-para-pelear-a-puno-limpio\/\" \/>\n<meta property=\"og:site_name\" content=\"El Diario - Bolivia\" \/>\n<meta property=\"article:publisher\" content=\"https:\/\/www.facebook.com\/eldiario.bolivia\/\" \/>\n<meta property=\"article:published_time\" content=\"2023-02-10T10:24:51+00:00\" \/>\n<meta name=\"author\" content=\"Jeanette\" \/>\n<meta name=\"twitter:card\" content=\"summary_large_image\" \/>\n<meta name=\"twitter:creator\" content=\"@eldiario_net\" \/>\n<meta name=\"twitter:site\" content=\"@eldiario_net\" \/>\n<meta name=\"twitter:label1\" content=\"Escrito por\" \/>\n\t<meta name=\"twitter:data1\" content=\"Jeanette\" \/>\n\t<meta name=\"twitter:label2\" content=\"Tiempo de lectura\" \/>\n\t<meta name=\"twitter:data2\" content=\"2 minutos\" \/>\n<script type=\"application\/ld+json\" class=\"yoast-schema-graph\">{\"@context\":\"https:\\\/\\\/schema.org\",\"@graph\":[{\"@type\":\"Article\",\"@id\":\"https:\\\/\\\/www.eldiario.net\\\/portal\\\/2023\\\/02\\\/10\\\/el-matador-volvera-al-ring-para-pelear-a-puno-limpio\\\/#article\",\"isPartOf\":{\"@id\":\"https:\\\/\\\/www.eldiario.net\\\/portal\\\/2023\\\/02\\\/10\\\/el-matador-volvera-al-ring-para-pelear-a-puno-limpio\\\/\"},\"author\":{\"name\":\"Jeanette\",\"@id\":\"https:\\\/\\\/www.eldiario.net\\\/portal\\\/#\\\/schema\\\/person\\\/2c57cf2b7a7ae032e449e4c9b1019eac\"},\"headline\":\"El \u201cMatador\u201d volver\u00e1 al ring para pelear a \u201cpu\u00f1o limpio\u201d\",\"datePublished\":\"2023-02-10T10:24:51+00:00\",\"mainEntityOfPage\":{\"@id\":\"https:\\\/\\\/www.eldiario.net\\\/portal\\\/2023\\\/02\\\/10\\\/el-matador-volvera-al-ring-para-pelear-a-puno-limpio\\\/\"},\"wordCount\":254,\"publisher\":{\"@id\":\"https:\\\/\\\/www.eldiario.net\\\/portal\\\/#organization\"},\"image\":{\"@id\":\"https:\\\/\\\/www.eldiario.net\\\/portal\\\/2023\\\/02\\\/10\\\/el-matador-volvera-al-ring-para-pelear-a-puno-limpio\\\/#primaryimage\"},\"thumbnailUrl\":\"\",\"articleSection\":[\"Deportes\"],\"inLanguage\":\"es\"},{\"@type\":\"WebPage\",\"@id\":\"https:\\\/\\\/www.eldiario.net\\\/portal\\\/2023\\\/02\\\/10\\\/el-matador-volvera-al-ring-para-pelear-a-puno-limpio\\\/\",\"url\":\"https:\\\/\\\/www.eldiario.net\\\/portal\\\/2023\\\/02\\\/10\\\/el-matador-volvera-al-ring-para-pelear-a-puno-limpio\\\/\",\"name\":\"El \u201cMatador\u201d volver\u00e1 al ring para pelear a \u201cpu\u00f1o limpio\u201d - El Diario - Bolivia\",\"isPartOf\":{\"@id\":\"https:\\\/\\\/www.eldiario.net\\\/portal\\\/#website\"},\"primaryImageOfPage\":{\"@id\":\"https:\\\/\\\/www.eldiario.net\\\/portal\\\/2023\\\/02\\\/10\\\/el-matador-volvera-al-ring-para-pelear-a-puno-limpio\\\/#primaryimage\"},\"image\":{\"@id\":\"https:\\\/\\\/www.eldiario.net\\\/portal\\\/2023\\\/02\\\/10\\\/el-matador-volvera-al-ring-para-pelear-a-puno-limpio\\\/#primaryimage\"},\"thumbnailUrl\":\"\",\"datePublished\":\"2023-02-10T10:24:51+00:00\",\"breadcrumb\":{\"@id\":\"https:\\\/\\\/www.eldiario.net\\\/portal\\\/2023\\\/02\\\/10\\\/el-matador-volvera-al-ring-para-pelear-a-puno-limpio\\\/#breadcrumb\"},\"inLanguage\":\"es\",\"potentialAction\":[{\"@type\":\"ReadAction\",\"target\":[\"https:\\\/\\\/www.eldiario.net\\\/portal\\\/2023\\\/02\\\/10\\\/el-matador-volvera-al-ring-para-pelear-a-puno-limpio\\\/\"]}]},{\"@type\":\"ImageObject\",\"inLanguage\":\"es\",\"@id\":\"https:\\\/\\\/www.eldiario.net\\\/portal\\\/2023\\\/02\\\/10\\\/el-matador-volvera-al-ring-para-pelear-a-puno-limpio\\\/#primaryimage\",\"url\":\"\",\"contentUrl\":\"\"},{\"@type\":\"BreadcrumbList\",\"@id\":\"https:\\\/\\\/www.eldiario.net\\\/portal\\\/2023\\\/02\\\/10\\\/el-matador-volvera-al-ring-para-pelear-a-puno-limpio\\\/#breadcrumb\",\"itemListElement\":[{\"@type\":\"ListItem\",\"position\":1,\"name\":\"Portada\",\"item\":\"https:\\\/\\\/www.eldiario.net\\\/portal\\\/\"},{\"@type\":\"ListItem\",\"position\":2,\"name\":\"El \u201cMatador\u201d volver\u00e1 al ring para pelear a \u201cpu\u00f1o limpio\u201d\"}]},{\"@type\":\"WebSite\",\"@id\":\"https:\\\/\\\/www.eldiario.net\\\/portal\\\/#website\",\"url\":\"https:\\\/\\\/www.eldiario.net\\\/portal\\\/\",\"name\":\"El Diario - Decano de la prensa nacional\",\"description\":\"El Diario - Decano de la prensa nacional\",\"publisher\":{\"@id\":\"https:\\\/\\\/www.eldiario.net\\\/portal\\\/#organization\"},\"potentialAction\":[{\"@type\":\"SearchAction\",\"target\":{\"@type\":\"EntryPoint\",\"urlTemplate\":\"https:\\\/\\\/www.eldiario.net\\\/portal\\\/?s={search_term_string}\"},\"query-input\":{\"@type\":\"PropertyValueSpecification\",\"valueRequired\":true,\"valueName\":\"search_term_string\"}}],\"inLanguage\":\"es\"},{\"@type\":\"Organization\",\"@id\":\"https:\\\/\\\/www.eldiario.net\\\/portal\\\/#organization\",\"name\":\"El Diario - Decano de la prensa nacional\",\"url\":\"https:\\\/\\\/www.eldiario.net\\\/portal\\\/\",\"logo\":{\"@type\":\"ImageObject\",\"inLanguage\":\"es\",\"@id\":\"https:\\\/\\\/www.eldiario.net\\\/portal\\\/#\\\/schema\\\/logo\\\/image\\\/\",\"url\":\"https:\\\/\\\/www.eldiario.net\\\/portal\\\/wp-content\\\/uploads\\\/2023\\\/07\\\/logo_ED.jpg\",\"contentUrl\":\"https:\\\/\\\/www.eldiario.net\\\/portal\\\/wp-content\\\/uploads\\\/2023\\\/07\\\/logo_ED.jpg\",\"width\":272,\"height\":52,\"caption\":\"El Diario - Decano de la prensa nacional\"},\"image\":{\"@id\":\"https:\\\/\\\/www.eldiario.net\\\/portal\\\/#\\\/schema\\\/logo\\\/image\\\/\"},\"sameAs\":[\"https:\\\/\\\/www.facebook.com\\\/eldiario.bolivia\\\/\",\"https:\\\/\\\/x.com\\\/eldiario_net\"]},{\"@type\":\"Person\",\"@id\":\"https:\\\/\\\/www.eldiario.net\\\/portal\\\/#\\\/schema\\\/person\\\/2c57cf2b7a7ae032e449e4c9b1019eac\",\"name\":\"Jeanette\",\"image\":{\"@type\":\"ImageObject\",\"inLanguage\":\"es\",\"@id\":\"https:\\\/\\\/secure.gravatar.com\\\/avatar\\\/3ea2118a5f7dad2b7138b1187a6b7ee55f160b9968b66013c3a3ef39dd7e5798?s=96&d=mm&r=g\",\"url\":\"https:\\\/\\\/secure.gravatar.com\\\/avatar\\\/3ea2118a5f7dad2b7138b1187a6b7ee55f160b9968b66013c3a3ef39dd7e5798?s=96&d=mm&r=g\",\"contentUrl\":\"https:\\\/\\\/secure.gravatar.com\\\/avatar\\\/3ea2118a5f7dad2b7138b1187a6b7ee55f160b9968b66013c3a3ef39dd7e5798?s=96&d=mm&r=g\",\"caption\":\"Jeanette\"},\"sameAs\":[\"https:\\\/\\\/www.eldiario.net\\\/portal\"],\"url\":\"https:\\\/\\\/www.eldiario.net\\\/portal\\\/author\\\/jeanette\\\/\"}]}<\/script>\n<!-- \/ Yoast SEO plugin. -->","yoast_head_json":{"title":"El \u201cMatador\u201d volver\u00e1 al ring para pelear a \u201cpu\u00f1o limpio\u201d - El Diario - Bolivia","robots":{"index":"index","follow":"follow","max-snippet":"max-snippet:-1","max-image-preview":"max-image-preview:large","max-video-preview":"max-video-preview:-1"},"canonical":"https:\/\/www.eldiario.net\/portal\/2023\/02\/10\/el-matador-volvera-al-ring-para-pelear-a-puno-limpio\/","og_locale":"es_ES","og_type":"article","og_title":"El \u201cMatador\u201d volver\u00e1 al ring para pelear a \u201cpu\u00f1o limpio\u201d - El Diario - Bolivia","og_description":"Franklin \u201cMatador\u201d Mamani tiene fecha para su segunda pelea a pu\u00f1o limpio por el BKFC (Bare Knuckle Fighting Championship) que se llevar\u00e1 adelante en el Coliseo Cerrado \u201cJulio Borelli Viteritto\u201d, el templo del deporte. El viernes 17 de marzo, a las 20:00 se medir\u00e1 ante un peleador de Estados Unidos, probablemente, en busca de ascender [&hellip;]","og_url":"https:\/\/www.eldiario.net\/portal\/2023\/02\/10\/el-matador-volvera-al-ring-para-pelear-a-puno-limpio\/","og_site_name":"El Diario - Bolivia","article_publisher":"https:\/\/www.facebook.com\/eldiario.bolivia\/","article_published_time":"2023-02-10T10:24:51+00:00","author":"Jeanette","twitter_card":"summary_large_image","twitter_creator":"@eldiario_net","twitter_site":"@eldiario_net","twitter_misc":{"Escrito por":"Jeanette","Tiempo de lectura":"2 minutos"},"schema":{"@context":"https:\/\/schema.org","@graph":[{"@type":"Article","@id":"https:\/\/www.eldiario.net\/portal\/2023\/02\/10\/el-matador-volvera-al-ring-para-pelear-a-puno-limpio\/#article","isPartOf":{"@id":"https:\/\/www.eldiario.net\/portal\/2023\/02\/10\/el-matador-volvera-al-ring-para-pelear-a-puno-limpio\/"},"author":{"name":"Jeanette","@id":"https:\/\/www.eldiario.net\/portal\/#\/schema\/person\/2c57cf2b7a7ae032e449e4c9b1019eac"},"headline":"El \u201cMatador\u201d volver\u00e1 al ring para pelear a \u201cpu\u00f1o limpio\u201d","datePublished":"2023-02-10T10:24:51+00:00","mainEntityOfPage":{"@id":"https:\/\/www.eldiario.net\/portal\/2023\/02\/10\/el-matador-volvera-al-ring-para-pelear-a-puno-limpio\/"},"wordCount":254,"publisher":{"@id":"https:\/\/www.eldiario.net\/portal\/#organization"},"image":{"@id":"https:\/\/www.eldiario.net\/portal\/2023\/02\/10\/el-matador-volvera-al-ring-para-pelear-a-puno-limpio\/#primaryimage"},"thumbnailUrl":"","articleSection":["Deportes"],"inLanguage":"es"},{"@type":"WebPage","@id":"https:\/\/www.eldiario.net\/portal\/2023\/02\/10\/el-matador-volvera-al-ring-para-pelear-a-puno-limpio\/","url":"https:\/\/www.eldiario.net\/portal\/2023\/02\/10\/el-matador-volvera-al-ring-para-pelear-a-puno-limpio\/","name":"El \u201cMatador\u201d volver\u00e1 al ring para pelear a \u201cpu\u00f1o limpio\u201d - El Diario - Bolivia","isPartOf":{"@id":"https:\/\/www.eldiario.net\/portal\/#website"},"primaryImageOfPage":{"@id":"https:\/\/www.eldiario.net\/portal\/2023\/02\/10\/el-matador-volvera-al-ring-para-pelear-a-puno-limpio\/#primaryimage"},"image":{"@id":"https:\/\/www.eldiario.net\/portal\/2023\/02\/10\/el-matador-volvera-al-ring-para-pelear-a-puno-limpio\/#primaryimage"},"thumbnailUrl":"","datePublished":"2023-02-10T10:24:51+00:00","breadcrumb":{"@id":"https:\/\/www.eldiario.net\/portal\/2023\/02\/10\/el-matador-volvera-al-ring-para-pelear-a-puno-limpio\/#breadcrumb"},"inLanguage":"es","potentialAction":[{"@type":"ReadAction","target":["https:\/\/www.eldiario.net\/portal\/2023\/02\/10\/el-matador-volvera-al-ring-para-pelear-a-puno-limpio\/"]}]},{"@type":"ImageObject","inLanguage":"es","@id":"https:\/\/www.eldiario.net\/portal\/2023\/02\/10\/el-matador-volvera-al-ring-para-pelear-a-puno-limpio\/#primaryimage","url":"","contentUrl":""},{"@type":"BreadcrumbList","@id":"https:\/\/www.eldiario.net\/portal\/2023\/02\/10\/el-matador-volvera-al-ring-para-pelear-a-puno-limpio\/#breadcrumb","itemListElement":[{"@type":"ListItem","position":1,"name":"Portada","item":"https:\/\/www.eldiario.net\/portal\/"},{"@type":"ListItem","position":2,"name":"El \u201cMatador\u201d volver\u00e1 al ring para pelear a \u201cpu\u00f1o limpio\u201d"}]},{"@type":"WebSite","@id":"https:\/\/www.eldiario.net\/portal\/#website","url":"https:\/\/www.eldiario.net\/portal\/","name":"El Diario - Decano de la prensa nacional","description":"El Diario - Decano de la prensa nacional","publisher":{"@id":"https:\/\/www.eldiario.net\/portal\/#organization"},"potentialAction":[{"@type":"SearchAction","target":{"@type":"EntryPoint","urlTemplate":"https:\/\/www.eldiario.net\/portal\/?s={search_term_string}"},"query-input":{"@type":"PropertyValueSpecification","valueRequired":true,"valueName":"search_term_string"}}],"inLanguage":"es"},{"@type":"Organization","@id":"https:\/\/www.eldiario.net\/portal\/#organization","name":"El Diario - Decano de la prensa nacional","url":"https:\/\/www.eldiario.net\/portal\/","logo":{"@type":"ImageObject","inLanguage":"es","@id":"https:\/\/www.eldiario.net\/portal\/#\/schema\/logo\/image\/","url":"https:\/\/www.eldiario.net\/portal\/wp-content\/uploads\/2023\/07\/logo_ED.jpg","contentUrl":"https:\/\/www.eldiario.net\/portal\/wp-content\/uploads\/2023\/07\/logo_ED.jpg","width":272,"height":52,"caption":"El Diario - Decano de la prensa nacional"},"image":{"@id":"https:\/\/www.eldiario.net\/portal\/#\/schema\/logo\/image\/"},"sameAs":["https:\/\/www.facebook.com\/eldiario.bolivia\/","https:\/\/x.com\/eldiario_net"]},{"@type":"Person","@id":"https:\/\/www.eldiario.net\/portal\/#\/schema\/person\/2c57cf2b7a7ae032e449e4c9b1019eac","name":"Jeanette","image":{"@type":"ImageObject","inLanguage":"es","@id":"https:\/\/secure.gravatar.com\/avatar\/3ea2118a5f7dad2b7138b1187a6b7ee55f160b9968b66013c3a3ef39dd7e5798?s=96&d=mm&r=g","url":"https:\/\/secure.gravatar.com\/avatar\/3ea2118a5f7dad2b7138b1187a6b7ee55f160b9968b66013c3a3ef39dd7e5798?s=96&d=mm&r=g","contentUrl":"https:\/\/secure.gravatar.com\/avatar\/3ea2118a5f7dad2b7138b1187a6b7ee55f160b9968b66013c3a3ef39dd7e5798?s=96&d=mm&r=g","caption":"Jeanette"},"sameAs":["https:\/\/www.eldiario.net\/portal"],"url":"https:\/\/www.eldiario.net\/portal\/author\/jeanette\/"}]}},"_links":{"self":[{"href":"https:\/\/www.eldiario.net\/portal\/wp-json\/wp\/v2\/posts\/137261","targetHints":{"allow":["GET"]}}],"collection":[{"href":"https:\/\/www.eldiario.net\/portal\/wp-json\/wp\/v2\/posts"}],"about":[{"href":"https:\/\/www.eldiario.net\/portal\/wp-json\/wp\/v2\/types\/post"}],"author":[{"embeddable":true,"href":"https:\/\/www.eldiario.net\/portal\/wp-json\/wp\/v2\/users\/1"}],"replies":[{"embeddable":true,"href":"https:\/\/www.eldiario.net\/portal\/wp-json\/wp\/v2\/comments?post=137261"}],"version-history":[{"count":0,"href":"https:\/\/www.eldiario.net\/portal\/wp-json\/wp\/v2\/posts\/137261\/revisions"}],"wp:attachment":[{"href":"https:\/\/www.eldiario.net\/portal\/wp-json\/wp\/v2\/media?parent=137261"}],"wp:term":[{"taxonomy":"category","embeddable":true,"href":"https:\/\/www.eldiario.net\/portal\/wp-json\/wp\/v2\/categories?post=137261"},{"taxonomy":"post_tag","embeddable":true,"href":"https:\/\/www.eldiario.net\/portal\/wp-json\/wp\/v2\/tags?post=137261"}],"curies":[{"name":"wp","href":"https:\/\/api.w.org\/{rel}","templated":true}]}}