{"id":137246,"date":"2023-02-10T06:21:23","date_gmt":"2023-02-10T10:21:23","guid":{"rendered":"https:\/\/www.eldiario.net\/portal\/?p=137246"},"modified":"2023-02-10T06:21:23","modified_gmt":"2023-02-10T10:21:23","slug":"comienza-el-tercer-clasificatorio-juvenil-de-golf","status":"publish","type":"post","link":"https:\/\/www.eldiario.net\/portal\/2023\/02\/10\/comienza-el-tercer-clasificatorio-juvenil-de-golf\/","title":{"rendered":"Comienza el tercer  clasificatorio juvenil de golf"},"content":{"rendered":"<p>Desde hoy hasta el domingo se llevar\u00e1 adelante el tercer torneo Clasificatorio Juvenil de Golf en el valle, donde Constanza Quiroga, del Country Club Cochabamba (CCC), est\u00e1 a un paso de anotar su nombre para integrar la selecci\u00f3n nacional que participar\u00e1 en el Sudamericano Juvenil por Equipos que se realizar\u00e1 del 22 al 25 de marzo en tierras cochabambinas.<br \/>\nSe desarrollar\u00e1 el tercer de los cuatro clasificatorios que organizar\u00e1 la Federaci\u00f3n Boliviana de Golf (FBG) para conformar el equipo nacional que estar\u00e1 integrado por seis deportistas (tres por rama).<br \/>\nLos anteriores dos eventos se llevaron a cabo en enero y de igual forma fueron en el CCC. Un total de 26 golfistas de todo el pa\u00eds participar\u00e1n en el certamen que constar\u00e1 de 54 hoyos, 18 por jornada.<br \/>\nQuiroga lidera la clasificaci\u00f3n femenina con 50 puntos despu\u00e9s de imponerse en los dos anteriores campeonatos y es la mejor perfilada para integrar el equipo Bolivia. \u201cLlegando hasta el tercer puesto en este clasificatorio se asegura su presencia en la selecci\u00f3n nacional gracias a que gan\u00f3 en los dos anteriores torneos\u201d, sostuvo Nelson Saucedo, coordinador de Eventos Deportivos de la FBG.<br \/>\nLa escoltan en el podio Victoria Su\u00e1rez (36) y Sof\u00eda Blanco (16), las dos del Urub\u00f3 Golf Country Club (UGCC).<\/p>\n","protected":false},"excerpt":{"rendered":"<p>Desde hoy hasta el domingo se llevar\u00e1 adelante el tercer torneo Clasificatorio Juvenil de Golf en el valle, donde Constanza Quiroga, del Country Club Cochabamba (CCC), est\u00e1 a un paso de anotar su nombre para integrar la selecci\u00f3n nacional que participar\u00e1 en el Sudamericano Juvenil por Equipos que se realizar\u00e1 del 22 al 25 de [&hellip;]<\/p>\n","protected":false},"author":1,"featured_media":137247,"comment_status":"closed","ping_status":"closed","sticky":false,"template":"","format":"standard","meta":{"_acf_changed":false,"footnotes":""},"categories":[6],"tags":[],"class_list":["post-137246","post","type-post","status-publish","format-standard","has-post-thumbnail","category-deportes"],"acf":{"antetitulo":""},"yoast_head":"<!-- This site is optimized with the Yoast SEO plugin v28.4 - https:\/\/yoast.com\/product\/yoast-seo-wordpress\/ -->\n<title>Comienza el tercer clasificatorio juvenil de golf - El Diario - Bolivia<\/title>\n<meta name=\"robots\" content=\"index, follow, max-snippet:-1, max-image-preview:large, max-video-preview:-1\" \/>\n<link rel=\"canonical\" href=\"https:\/\/www.eldiario.net\/portal\/2023\/02\/10\/comienza-el-tercer-clasificatorio-juvenil-de-golf\/\" \/>\n<meta property=\"og:locale\" content=\"es_ES\" \/>\n<meta property=\"og:type\" content=\"article\" \/>\n<meta property=\"og:title\" content=\"Comienza el tercer clasificatorio juvenil de golf - El Diario - Bolivia\" \/>\n<meta property=\"og:description\" content=\"Desde hoy hasta el domingo se llevar\u00e1 adelante el tercer torneo Clasificatorio Juvenil de Golf en el valle, donde Constanza Quiroga, del Country Club Cochabamba (CCC), est\u00e1 a un paso de anotar su nombre para integrar la selecci\u00f3n nacional que participar\u00e1 en el Sudamericano Juvenil por Equipos que se realizar\u00e1 del 22 al 25 de [&hellip;]\" \/>\n<meta property=\"og:url\" content=\"https:\/\/www.eldiario.net\/portal\/2023\/02\/10\/comienza-el-tercer-clasificatorio-juvenil-de-golf\/\" \/>\n<meta property=\"og:site_name\" content=\"El Diario - Bolivia\" \/>\n<meta property=\"article:publisher\" content=\"https:\/\/www.facebook.com\/eldiario.bolivia\/\" \/>\n<meta property=\"article:published_time\" content=\"2023-02-10T10:21:23+00:00\" \/>\n<meta name=\"author\" content=\"Jeanette\" \/>\n<meta name=\"twitter:card\" content=\"summary_large_image\" \/>\n<meta name=\"twitter:creator\" content=\"@eldiario_net\" \/>\n<meta name=\"twitter:site\" content=\"@eldiario_net\" \/>\n<meta name=\"twitter:label1\" content=\"Escrito por\" \/>\n\t<meta name=\"twitter:data1\" content=\"Jeanette\" \/>\n\t<meta name=\"twitter:label2\" content=\"Tiempo de lectura\" \/>\n\t<meta name=\"twitter:data2\" content=\"1 minuto\" \/>\n<script type=\"application\/ld+json\" class=\"yoast-schema-graph\">{\"@context\":\"https:\\\/\\\/schema.org\",\"@graph\":[{\"@type\":\"Article\",\"@id\":\"https:\\\/\\\/www.eldiario.net\\\/portal\\\/2023\\\/02\\\/10\\\/comienza-el-tercer-clasificatorio-juvenil-de-golf\\\/#article\",\"isPartOf\":{\"@id\":\"https:\\\/\\\/www.eldiario.net\\\/portal\\\/2023\\\/02\\\/10\\\/comienza-el-tercer-clasificatorio-juvenil-de-golf\\\/\"},\"author\":{\"name\":\"Jeanette\",\"@id\":\"https:\\\/\\\/www.eldiario.net\\\/portal\\\/#\\\/schema\\\/person\\\/2c57cf2b7a7ae032e449e4c9b1019eac\"},\"headline\":\"Comienza el tercer clasificatorio juvenil de golf\",\"datePublished\":\"2023-02-10T10:21:23+00:00\",\"mainEntityOfPage\":{\"@id\":\"https:\\\/\\\/www.eldiario.net\\\/portal\\\/2023\\\/02\\\/10\\\/comienza-el-tercer-clasificatorio-juvenil-de-golf\\\/\"},\"wordCount\":217,\"publisher\":{\"@id\":\"https:\\\/\\\/www.eldiario.net\\\/portal\\\/#organization\"},\"image\":{\"@id\":\"https:\\\/\\\/www.eldiario.net\\\/portal\\\/2023\\\/02\\\/10\\\/comienza-el-tercer-clasificatorio-juvenil-de-golf\\\/#primaryimage\"},\"thumbnailUrl\":\"\",\"articleSection\":[\"Deportes\"],\"inLanguage\":\"es\"},{\"@type\":\"WebPage\",\"@id\":\"https:\\\/\\\/www.eldiario.net\\\/portal\\\/2023\\\/02\\\/10\\\/comienza-el-tercer-clasificatorio-juvenil-de-golf\\\/\",\"url\":\"https:\\\/\\\/www.eldiario.net\\\/portal\\\/2023\\\/02\\\/10\\\/comienza-el-tercer-clasificatorio-juvenil-de-golf\\\/\",\"name\":\"Comienza el tercer clasificatorio juvenil de golf - El Diario - Bolivia\",\"isPartOf\":{\"@id\":\"https:\\\/\\\/www.eldiario.net\\\/portal\\\/#website\"},\"primaryImageOfPage\":{\"@id\":\"https:\\\/\\\/www.eldiario.net\\\/portal\\\/2023\\\/02\\\/10\\\/comienza-el-tercer-clasificatorio-juvenil-de-golf\\\/#primaryimage\"},\"image\":{\"@id\":\"https:\\\/\\\/www.eldiario.net\\\/portal\\\/2023\\\/02\\\/10\\\/comienza-el-tercer-clasificatorio-juvenil-de-golf\\\/#primaryimage\"},\"thumbnailUrl\":\"\",\"datePublished\":\"2023-02-10T10:21:23+00:00\",\"breadcrumb\":{\"@id\":\"https:\\\/\\\/www.eldiario.net\\\/portal\\\/2023\\\/02\\\/10\\\/comienza-el-tercer-clasificatorio-juvenil-de-golf\\\/#breadcrumb\"},\"inLanguage\":\"es\",\"potentialAction\":[{\"@type\":\"ReadAction\",\"target\":[\"https:\\\/\\\/www.eldiario.net\\\/portal\\\/2023\\\/02\\\/10\\\/comienza-el-tercer-clasificatorio-juvenil-de-golf\\\/\"]}]},{\"@type\":\"ImageObject\",\"inLanguage\":\"es\",\"@id\":\"https:\\\/\\\/www.eldiario.net\\\/portal\\\/2023\\\/02\\\/10\\\/comienza-el-tercer-clasificatorio-juvenil-de-golf\\\/#primaryimage\",\"url\":\"\",\"contentUrl\":\"\"},{\"@type\":\"BreadcrumbList\",\"@id\":\"https:\\\/\\\/www.eldiario.net\\\/portal\\\/2023\\\/02\\\/10\\\/comienza-el-tercer-clasificatorio-juvenil-de-golf\\\/#breadcrumb\",\"itemListElement\":[{\"@type\":\"ListItem\",\"position\":1,\"name\":\"Portada\",\"item\":\"https:\\\/\\\/www.eldiario.net\\\/portal\\\/\"},{\"@type\":\"ListItem\",\"position\":2,\"name\":\"Comienza el tercer clasificatorio juvenil de golf\"}]},{\"@type\":\"WebSite\",\"@id\":\"https:\\\/\\\/www.eldiario.net\\\/portal\\\/#website\",\"url\":\"https:\\\/\\\/www.eldiario.net\\\/portal\\\/\",\"name\":\"El Diario - Decano de la prensa nacional\",\"description\":\"El Diario - Decano de la prensa nacional\",\"publisher\":{\"@id\":\"https:\\\/\\\/www.eldiario.net\\\/portal\\\/#organization\"},\"potentialAction\":[{\"@type\":\"SearchAction\",\"target\":{\"@type\":\"EntryPoint\",\"urlTemplate\":\"https:\\\/\\\/www.eldiario.net\\\/portal\\\/?s={search_term_string}\"},\"query-input\":{\"@type\":\"PropertyValueSpecification\",\"valueRequired\":true,\"valueName\":\"search_term_string\"}}],\"inLanguage\":\"es\"},{\"@type\":\"Organization\",\"@id\":\"https:\\\/\\\/www.eldiario.net\\\/portal\\\/#organization\",\"name\":\"El Diario - Decano de la prensa nacional\",\"url\":\"https:\\\/\\\/www.eldiario.net\\\/portal\\\/\",\"logo\":{\"@type\":\"ImageObject\",\"inLanguage\":\"es\",\"@id\":\"https:\\\/\\\/www.eldiario.net\\\/portal\\\/#\\\/schema\\\/logo\\\/image\\\/\",\"url\":\"https:\\\/\\\/www.eldiario.net\\\/portal\\\/wp-content\\\/uploads\\\/2023\\\/07\\\/logo_ED.jpg\",\"contentUrl\":\"https:\\\/\\\/www.eldiario.net\\\/portal\\\/wp-content\\\/uploads\\\/2023\\\/07\\\/logo_ED.jpg\",\"width\":272,\"height\":52,\"caption\":\"El Diario - Decano de la prensa nacional\"},\"image\":{\"@id\":\"https:\\\/\\\/www.eldiario.net\\\/portal\\\/#\\\/schema\\\/logo\\\/image\\\/\"},\"sameAs\":[\"https:\\\/\\\/www.facebook.com\\\/eldiario.bolivia\\\/\",\"https:\\\/\\\/x.com\\\/eldiario_net\"]},{\"@type\":\"Person\",\"@id\":\"https:\\\/\\\/www.eldiario.net\\\/portal\\\/#\\\/schema\\\/person\\\/2c57cf2b7a7ae032e449e4c9b1019eac\",\"name\":\"Jeanette\",\"image\":{\"@type\":\"ImageObject\",\"inLanguage\":\"es\",\"@id\":\"https:\\\/\\\/secure.gravatar.com\\\/avatar\\\/3ea2118a5f7dad2b7138b1187a6b7ee55f160b9968b66013c3a3ef39dd7e5798?s=96&d=mm&r=g\",\"url\":\"https:\\\/\\\/secure.gravatar.com\\\/avatar\\\/3ea2118a5f7dad2b7138b1187a6b7ee55f160b9968b66013c3a3ef39dd7e5798?s=96&d=mm&r=g\",\"contentUrl\":\"https:\\\/\\\/secure.gravatar.com\\\/avatar\\\/3ea2118a5f7dad2b7138b1187a6b7ee55f160b9968b66013c3a3ef39dd7e5798?s=96&d=mm&r=g\",\"caption\":\"Jeanette\"},\"sameAs\":[\"https:\\\/\\\/www.eldiario.net\\\/portal\"],\"url\":\"https:\\\/\\\/www.eldiario.net\\\/portal\\\/author\\\/jeanette\\\/\"}]}<\/script>\n<!-- \/ Yoast SEO plugin. -->","yoast_head_json":{"title":"Comienza el tercer clasificatorio juvenil de golf - El Diario - Bolivia","robots":{"index":"index","follow":"follow","max-snippet":"max-snippet:-1","max-image-preview":"max-image-preview:large","max-video-preview":"max-video-preview:-1"},"canonical":"https:\/\/www.eldiario.net\/portal\/2023\/02\/10\/comienza-el-tercer-clasificatorio-juvenil-de-golf\/","og_locale":"es_ES","og_type":"article","og_title":"Comienza el tercer clasificatorio juvenil de golf - El Diario - Bolivia","og_description":"Desde hoy hasta el domingo se llevar\u00e1 adelante el tercer torneo Clasificatorio Juvenil de Golf en el valle, donde Constanza Quiroga, del Country Club Cochabamba (CCC), est\u00e1 a un paso de anotar su nombre para integrar la selecci\u00f3n nacional que participar\u00e1 en el Sudamericano Juvenil por Equipos que se realizar\u00e1 del 22 al 25 de [&hellip;]","og_url":"https:\/\/www.eldiario.net\/portal\/2023\/02\/10\/comienza-el-tercer-clasificatorio-juvenil-de-golf\/","og_site_name":"El Diario - Bolivia","article_publisher":"https:\/\/www.facebook.com\/eldiario.bolivia\/","article_published_time":"2023-02-10T10:21:23+00:00","author":"Jeanette","twitter_card":"summary_large_image","twitter_creator":"@eldiario_net","twitter_site":"@eldiario_net","twitter_misc":{"Escrito por":"Jeanette","Tiempo de lectura":"1 minuto"},"schema":{"@context":"https:\/\/schema.org","@graph":[{"@type":"Article","@id":"https:\/\/www.eldiario.net\/portal\/2023\/02\/10\/comienza-el-tercer-clasificatorio-juvenil-de-golf\/#article","isPartOf":{"@id":"https:\/\/www.eldiario.net\/portal\/2023\/02\/10\/comienza-el-tercer-clasificatorio-juvenil-de-golf\/"},"author":{"name":"Jeanette","@id":"https:\/\/www.eldiario.net\/portal\/#\/schema\/person\/2c57cf2b7a7ae032e449e4c9b1019eac"},"headline":"Comienza el tercer clasificatorio juvenil de golf","datePublished":"2023-02-10T10:21:23+00:00","mainEntityOfPage":{"@id":"https:\/\/www.eldiario.net\/portal\/2023\/02\/10\/comienza-el-tercer-clasificatorio-juvenil-de-golf\/"},"wordCount":217,"publisher":{"@id":"https:\/\/www.eldiario.net\/portal\/#organization"},"image":{"@id":"https:\/\/www.eldiario.net\/portal\/2023\/02\/10\/comienza-el-tercer-clasificatorio-juvenil-de-golf\/#primaryimage"},"thumbnailUrl":"","articleSection":["Deportes"],"inLanguage":"es"},{"@type":"WebPage","@id":"https:\/\/www.eldiario.net\/portal\/2023\/02\/10\/comienza-el-tercer-clasificatorio-juvenil-de-golf\/","url":"https:\/\/www.eldiario.net\/portal\/2023\/02\/10\/comienza-el-tercer-clasificatorio-juvenil-de-golf\/","name":"Comienza el tercer clasificatorio juvenil de golf - El Diario - Bolivia","isPartOf":{"@id":"https:\/\/www.eldiario.net\/portal\/#website"},"primaryImageOfPage":{"@id":"https:\/\/www.eldiario.net\/portal\/2023\/02\/10\/comienza-el-tercer-clasificatorio-juvenil-de-golf\/#primaryimage"},"image":{"@id":"https:\/\/www.eldiario.net\/portal\/2023\/02\/10\/comienza-el-tercer-clasificatorio-juvenil-de-golf\/#primaryimage"},"thumbnailUrl":"","datePublished":"2023-02-10T10:21:23+00:00","breadcrumb":{"@id":"https:\/\/www.eldiario.net\/portal\/2023\/02\/10\/comienza-el-tercer-clasificatorio-juvenil-de-golf\/#breadcrumb"},"inLanguage":"es","potentialAction":[{"@type":"ReadAction","target":["https:\/\/www.eldiario.net\/portal\/2023\/02\/10\/comienza-el-tercer-clasificatorio-juvenil-de-golf\/"]}]},{"@type":"ImageObject","inLanguage":"es","@id":"https:\/\/www.eldiario.net\/portal\/2023\/02\/10\/comienza-el-tercer-clasificatorio-juvenil-de-golf\/#primaryimage","url":"","contentUrl":""},{"@type":"BreadcrumbList","@id":"https:\/\/www.eldiario.net\/portal\/2023\/02\/10\/comienza-el-tercer-clasificatorio-juvenil-de-golf\/#breadcrumb","itemListElement":[{"@type":"ListItem","position":1,"name":"Portada","item":"https:\/\/www.eldiario.net\/portal\/"},{"@type":"ListItem","position":2,"name":"Comienza el tercer clasificatorio juvenil de golf"}]},{"@type":"WebSite","@id":"https:\/\/www.eldiario.net\/portal\/#website","url":"https:\/\/www.eldiario.net\/portal\/","name":"El Diario - Decano de la prensa nacional","description":"El Diario - Decano de la prensa nacional","publisher":{"@id":"https:\/\/www.eldiario.net\/portal\/#organization"},"potentialAction":[{"@type":"SearchAction","target":{"@type":"EntryPoint","urlTemplate":"https:\/\/www.eldiario.net\/portal\/?s={search_term_string}"},"query-input":{"@type":"PropertyValueSpecification","valueRequired":true,"valueName":"search_term_string"}}],"inLanguage":"es"},{"@type":"Organization","@id":"https:\/\/www.eldiario.net\/portal\/#organization","name":"El Diario - Decano de la prensa nacional","url":"https:\/\/www.eldiario.net\/portal\/","logo":{"@type":"ImageObject","inLanguage":"es","@id":"https:\/\/www.eldiario.net\/portal\/#\/schema\/logo\/image\/","url":"https:\/\/www.eldiario.net\/portal\/wp-content\/uploads\/2023\/07\/logo_ED.jpg","contentUrl":"https:\/\/www.eldiario.net\/portal\/wp-content\/uploads\/2023\/07\/logo_ED.jpg","width":272,"height":52,"caption":"El Diario - Decano de la prensa nacional"},"image":{"@id":"https:\/\/www.eldiario.net\/portal\/#\/schema\/logo\/image\/"},"sameAs":["https:\/\/www.facebook.com\/eldiario.bolivia\/","https:\/\/x.com\/eldiario_net"]},{"@type":"Person","@id":"https:\/\/www.eldiario.net\/portal\/#\/schema\/person\/2c57cf2b7a7ae032e449e4c9b1019eac","name":"Jeanette","image":{"@type":"ImageObject","inLanguage":"es","@id":"https:\/\/secure.gravatar.com\/avatar\/3ea2118a5f7dad2b7138b1187a6b7ee55f160b9968b66013c3a3ef39dd7e5798?s=96&d=mm&r=g","url":"https:\/\/secure.gravatar.com\/avatar\/3ea2118a5f7dad2b7138b1187a6b7ee55f160b9968b66013c3a3ef39dd7e5798?s=96&d=mm&r=g","contentUrl":"https:\/\/secure.gravatar.com\/avatar\/3ea2118a5f7dad2b7138b1187a6b7ee55f160b9968b66013c3a3ef39dd7e5798?s=96&d=mm&r=g","caption":"Jeanette"},"sameAs":["https:\/\/www.eldiario.net\/portal"],"url":"https:\/\/www.eldiario.net\/portal\/author\/jeanette\/"}]}},"_links":{"self":[{"href":"https:\/\/www.eldiario.net\/portal\/wp-json\/wp\/v2\/posts\/137246","targetHints":{"allow":["GET"]}}],"collection":[{"href":"https:\/\/www.eldiario.net\/portal\/wp-json\/wp\/v2\/posts"}],"about":[{"href":"https:\/\/www.eldiario.net\/portal\/wp-json\/wp\/v2\/types\/post"}],"author":[{"embeddable":true,"href":"https:\/\/www.eldiario.net\/portal\/wp-json\/wp\/v2\/users\/1"}],"replies":[{"embeddable":true,"href":"https:\/\/www.eldiario.net\/portal\/wp-json\/wp\/v2\/comments?post=137246"}],"version-history":[{"count":0,"href":"https:\/\/www.eldiario.net\/portal\/wp-json\/wp\/v2\/posts\/137246\/revisions"}],"wp:attachment":[{"href":"https:\/\/www.eldiario.net\/portal\/wp-json\/wp\/v2\/media?parent=137246"}],"wp:term":[{"taxonomy":"category","embeddable":true,"href":"https:\/\/www.eldiario.net\/portal\/wp-json\/wp\/v2\/categories?post=137246"},{"taxonomy":"post_tag","embeddable":true,"href":"https:\/\/www.eldiario.net\/portal\/wp-json\/wp\/v2\/tags?post=137246"}],"curies":[{"name":"wp","href":"https:\/\/api.w.org\/{rel}","templated":true}]}}