{"id":137227,"date":"2023-02-10T06:10:16","date_gmt":"2023-02-10T10:10:16","guid":{"rendered":"https:\/\/www.eldiario.net\/portal\/?p=137227"},"modified":"2023-02-10T06:10:16","modified_gmt":"2023-02-10T10:10:16","slug":"elecciones-para-brigada-crucena-develan-crisis-interna-en-creemos","status":"publish","type":"post","link":"https:\/\/www.eldiario.net\/portal\/2023\/02\/10\/elecciones-para-brigada-crucena-develan-crisis-interna-en-creemos\/","title":{"rendered":"Elecciones para brigada cruce\u00f1a  develan crisis interna en Creemos"},"content":{"rendered":"<p>Tras la convocatoria a elecciones para la conformaci\u00f3n de una nueva directiva en la Brigada Parlamentaria Cruce\u00f1a, por parte del diputado de Creemos, Oscar Michel, el jefe de bancada nacional por esa organizaci\u00f3n pol\u00edtica Fabi\u00e1n Ayala se\u00f1al\u00f3 que su colega no cuenta con las atribuciones para llamar a una elecci\u00f3n interna.<br \/>\nAyala sostuvo que Michel es un \u201csimple diputado de Santa Cruz\u201d y no tiene tuici\u00f3n para llamar a ninguna elecci\u00f3n con la finalidad de elegir un candidato para la Brigada parlamentaria de este departamento.<br \/>\n\u201cEl jefe de Bancada Nacional electo y reconocido es mi persona. Me sorprendi\u00f3 hoy, que estoy en Santa Cruz, que \u00e9l llama a elecciones del partido para elegir candidatos para la Brigada, eso es ilegal. Nosotros desconocemos dicha convocatoria. Estamos cansados que sigan manipulando a la opini\u00f3n p\u00fablica, asegurando que quienes no participen, bajo la l\u00ednea de Walter Ch\u00e1vez con su pensamiento son parlamentarios traidores de la alianza\u201d, expres\u00f3.<br \/>\nAyer, Michel hab\u00eda anunciado la convocatoria para postulantes a elecciones internas con miras a elegir una nueva directiva para la Brigada cruce\u00f1a, adelantando que esta actividad estar\u00e1 sujeta a la convocatoria a ser emitida por las jefaturas de bancada tanto en Diputados como en Senadores.<br \/>\n\u201cCualquier persona que no gane su postulaci\u00f3n dentro de la elecci\u00f3n interna de Creemos y quiera ser elegido por las otras fuerzas pol\u00edticas son funcionales al partido de gobierno\u201d, asegur\u00f3, al puntualizar que la primera fuerza pol\u00edtica en el departamento cruce\u00f1o es Creemos, por lo que le corresponde colocar la Presidencia y la Primera Secretar\u00eda.<br \/>\nEntretanto, el diputado Richard Rivera cuestion\u00f3 la acci\u00f3n, sin que antes se hayan alcanzado acuerdos internos para solucionar las discrepancias registradas desde hace alg\u00fan tiempo al interior de esta organizaci\u00f3n pol\u00edtica. \u201cAntes de convocar a elecciones se deber\u00eda limar asperezas porque hay un fraccionamiento muy grande, soy una persona que est\u00e1 alejado de un lineamiento, pero nadie me puede coartar el derecho que tengo de ser presidente de la Brigada\u201d, afirm\u00f3 Rivera.<\/p>\n<p>&nbsp;<\/p>\n","protected":false},"excerpt":{"rendered":"<p>Tras la convocatoria a elecciones para la conformaci\u00f3n de una nueva directiva en la Brigada Parlamentaria Cruce\u00f1a, por parte del diputado de Creemos, Oscar Michel, el jefe de bancada nacional por esa organizaci\u00f3n pol\u00edtica Fabi\u00e1n Ayala se\u00f1al\u00f3 que su colega no cuenta con las atribuciones para llamar a una elecci\u00f3n interna. Ayala sostuvo que Michel [&hellip;]<\/p>\n","protected":false},"author":1,"featured_media":0,"comment_status":"closed","ping_status":"closed","sticky":false,"template":"","format":"standard","meta":{"_acf_changed":false,"footnotes":""},"categories":[15],"tags":[],"class_list":["post-137227","post","type-post","status-publish","format-standard","category-portada"],"acf":{"antetitulo":""},"yoast_head":"<!-- This site is optimized with the Yoast SEO plugin v28.4 - https:\/\/yoast.com\/product\/yoast-seo-wordpress\/ -->\n<title>Elecciones para brigada cruce\u00f1a develan crisis interna en Creemos - El Diario - Bolivia<\/title>\n<meta name=\"robots\" content=\"index, follow, max-snippet:-1, max-image-preview:large, max-video-preview:-1\" \/>\n<link rel=\"canonical\" href=\"https:\/\/www.eldiario.net\/portal\/2023\/02\/10\/elecciones-para-brigada-crucena-develan-crisis-interna-en-creemos\/\" \/>\n<meta property=\"og:locale\" content=\"es_ES\" \/>\n<meta property=\"og:type\" content=\"article\" \/>\n<meta property=\"og:title\" content=\"Elecciones para brigada cruce\u00f1a develan crisis interna en Creemos - El Diario - Bolivia\" \/>\n<meta property=\"og:description\" content=\"Tras la convocatoria a elecciones para la conformaci\u00f3n de una nueva directiva en la Brigada Parlamentaria Cruce\u00f1a, por parte del diputado de Creemos, Oscar Michel, el jefe de bancada nacional por esa organizaci\u00f3n pol\u00edtica Fabi\u00e1n Ayala se\u00f1al\u00f3 que su colega no cuenta con las atribuciones para llamar a una elecci\u00f3n interna. Ayala sostuvo que Michel [&hellip;]\" \/>\n<meta property=\"og:url\" content=\"https:\/\/www.eldiario.net\/portal\/2023\/02\/10\/elecciones-para-brigada-crucena-develan-crisis-interna-en-creemos\/\" \/>\n<meta property=\"og:site_name\" content=\"El Diario - Bolivia\" \/>\n<meta property=\"article:publisher\" content=\"https:\/\/www.facebook.com\/eldiario.bolivia\/\" \/>\n<meta property=\"article:published_time\" content=\"2023-02-10T10:10:16+00:00\" \/>\n<meta name=\"author\" content=\"Jeanette\" \/>\n<meta name=\"twitter:card\" content=\"summary_large_image\" \/>\n<meta name=\"twitter:creator\" content=\"@eldiario_net\" \/>\n<meta name=\"twitter:site\" content=\"@eldiario_net\" \/>\n<meta name=\"twitter:label1\" content=\"Escrito por\" \/>\n\t<meta name=\"twitter:data1\" content=\"Jeanette\" \/>\n\t<meta name=\"twitter:label2\" content=\"Tiempo de lectura\" \/>\n\t<meta name=\"twitter:data2\" content=\"2 minutos\" \/>\n<script type=\"application\/ld+json\" class=\"yoast-schema-graph\">{\"@context\":\"https:\\\/\\\/schema.org\",\"@graph\":[{\"@type\":\"Article\",\"@id\":\"https:\\\/\\\/www.eldiario.net\\\/portal\\\/2023\\\/02\\\/10\\\/elecciones-para-brigada-crucena-develan-crisis-interna-en-creemos\\\/#article\",\"isPartOf\":{\"@id\":\"https:\\\/\\\/www.eldiario.net\\\/portal\\\/2023\\\/02\\\/10\\\/elecciones-para-brigada-crucena-develan-crisis-interna-en-creemos\\\/\"},\"author\":{\"name\":\"Jeanette\",\"@id\":\"https:\\\/\\\/www.eldiario.net\\\/portal\\\/#\\\/schema\\\/person\\\/2c57cf2b7a7ae032e449e4c9b1019eac\"},\"headline\":\"Elecciones para brigada cruce\u00f1a develan crisis interna en Creemos\",\"datePublished\":\"2023-02-10T10:10:16+00:00\",\"mainEntityOfPage\":{\"@id\":\"https:\\\/\\\/www.eldiario.net\\\/portal\\\/2023\\\/02\\\/10\\\/elecciones-para-brigada-crucena-develan-crisis-interna-en-creemos\\\/\"},\"wordCount\":363,\"publisher\":{\"@id\":\"https:\\\/\\\/www.eldiario.net\\\/portal\\\/#organization\"},\"articleSection\":[\"Portada\"],\"inLanguage\":\"es\"},{\"@type\":\"WebPage\",\"@id\":\"https:\\\/\\\/www.eldiario.net\\\/portal\\\/2023\\\/02\\\/10\\\/elecciones-para-brigada-crucena-develan-crisis-interna-en-creemos\\\/\",\"url\":\"https:\\\/\\\/www.eldiario.net\\\/portal\\\/2023\\\/02\\\/10\\\/elecciones-para-brigada-crucena-develan-crisis-interna-en-creemos\\\/\",\"name\":\"Elecciones para brigada cruce\u00f1a develan crisis interna en Creemos - El Diario - Bolivia\",\"isPartOf\":{\"@id\":\"https:\\\/\\\/www.eldiario.net\\\/portal\\\/#website\"},\"datePublished\":\"2023-02-10T10:10:16+00:00\",\"breadcrumb\":{\"@id\":\"https:\\\/\\\/www.eldiario.net\\\/portal\\\/2023\\\/02\\\/10\\\/elecciones-para-brigada-crucena-develan-crisis-interna-en-creemos\\\/#breadcrumb\"},\"inLanguage\":\"es\",\"potentialAction\":[{\"@type\":\"ReadAction\",\"target\":[\"https:\\\/\\\/www.eldiario.net\\\/portal\\\/2023\\\/02\\\/10\\\/elecciones-para-brigada-crucena-develan-crisis-interna-en-creemos\\\/\"]}]},{\"@type\":\"BreadcrumbList\",\"@id\":\"https:\\\/\\\/www.eldiario.net\\\/portal\\\/2023\\\/02\\\/10\\\/elecciones-para-brigada-crucena-develan-crisis-interna-en-creemos\\\/#breadcrumb\",\"itemListElement\":[{\"@type\":\"ListItem\",\"position\":1,\"name\":\"Portada\",\"item\":\"https:\\\/\\\/www.eldiario.net\\\/portal\\\/\"},{\"@type\":\"ListItem\",\"position\":2,\"name\":\"Elecciones para brigada cruce\u00f1a develan crisis interna en Creemos\"}]},{\"@type\":\"WebSite\",\"@id\":\"https:\\\/\\\/www.eldiario.net\\\/portal\\\/#website\",\"url\":\"https:\\\/\\\/www.eldiario.net\\\/portal\\\/\",\"name\":\"El Diario - Decano de la prensa nacional\",\"description\":\"El Diario - Decano de la prensa nacional\",\"publisher\":{\"@id\":\"https:\\\/\\\/www.eldiario.net\\\/portal\\\/#organization\"},\"potentialAction\":[{\"@type\":\"SearchAction\",\"target\":{\"@type\":\"EntryPoint\",\"urlTemplate\":\"https:\\\/\\\/www.eldiario.net\\\/portal\\\/?s={search_term_string}\"},\"query-input\":{\"@type\":\"PropertyValueSpecification\",\"valueRequired\":true,\"valueName\":\"search_term_string\"}}],\"inLanguage\":\"es\"},{\"@type\":\"Organization\",\"@id\":\"https:\\\/\\\/www.eldiario.net\\\/portal\\\/#organization\",\"name\":\"El Diario - Decano de la prensa nacional\",\"url\":\"https:\\\/\\\/www.eldiario.net\\\/portal\\\/\",\"logo\":{\"@type\":\"ImageObject\",\"inLanguage\":\"es\",\"@id\":\"https:\\\/\\\/www.eldiario.net\\\/portal\\\/#\\\/schema\\\/logo\\\/image\\\/\",\"url\":\"https:\\\/\\\/www.eldiario.net\\\/portal\\\/wp-content\\\/uploads\\\/2023\\\/07\\\/logo_ED.jpg\",\"contentUrl\":\"https:\\\/\\\/www.eldiario.net\\\/portal\\\/wp-content\\\/uploads\\\/2023\\\/07\\\/logo_ED.jpg\",\"width\":272,\"height\":52,\"caption\":\"El Diario - Decano de la prensa nacional\"},\"image\":{\"@id\":\"https:\\\/\\\/www.eldiario.net\\\/portal\\\/#\\\/schema\\\/logo\\\/image\\\/\"},\"sameAs\":[\"https:\\\/\\\/www.facebook.com\\\/eldiario.bolivia\\\/\",\"https:\\\/\\\/x.com\\\/eldiario_net\"]},{\"@type\":\"Person\",\"@id\":\"https:\\\/\\\/www.eldiario.net\\\/portal\\\/#\\\/schema\\\/person\\\/2c57cf2b7a7ae032e449e4c9b1019eac\",\"name\":\"Jeanette\",\"image\":{\"@type\":\"ImageObject\",\"inLanguage\":\"es\",\"@id\":\"https:\\\/\\\/secure.gravatar.com\\\/avatar\\\/3ea2118a5f7dad2b7138b1187a6b7ee55f160b9968b66013c3a3ef39dd7e5798?s=96&d=mm&r=g\",\"url\":\"https:\\\/\\\/secure.gravatar.com\\\/avatar\\\/3ea2118a5f7dad2b7138b1187a6b7ee55f160b9968b66013c3a3ef39dd7e5798?s=96&d=mm&r=g\",\"contentUrl\":\"https:\\\/\\\/secure.gravatar.com\\\/avatar\\\/3ea2118a5f7dad2b7138b1187a6b7ee55f160b9968b66013c3a3ef39dd7e5798?s=96&d=mm&r=g\",\"caption\":\"Jeanette\"},\"sameAs\":[\"https:\\\/\\\/www.eldiario.net\\\/portal\"],\"url\":\"https:\\\/\\\/www.eldiario.net\\\/portal\\\/author\\\/jeanette\\\/\"}]}<\/script>\n<!-- \/ Yoast SEO plugin. -->","yoast_head_json":{"title":"Elecciones para brigada cruce\u00f1a develan crisis interna en Creemos - El Diario - Bolivia","robots":{"index":"index","follow":"follow","max-snippet":"max-snippet:-1","max-image-preview":"max-image-preview:large","max-video-preview":"max-video-preview:-1"},"canonical":"https:\/\/www.eldiario.net\/portal\/2023\/02\/10\/elecciones-para-brigada-crucena-develan-crisis-interna-en-creemos\/","og_locale":"es_ES","og_type":"article","og_title":"Elecciones para brigada cruce\u00f1a develan crisis interna en Creemos - El Diario - Bolivia","og_description":"Tras la convocatoria a elecciones para la conformaci\u00f3n de una nueva directiva en la Brigada Parlamentaria Cruce\u00f1a, por parte del diputado de Creemos, Oscar Michel, el jefe de bancada nacional por esa organizaci\u00f3n pol\u00edtica Fabi\u00e1n Ayala se\u00f1al\u00f3 que su colega no cuenta con las atribuciones para llamar a una elecci\u00f3n interna. Ayala sostuvo que Michel [&hellip;]","og_url":"https:\/\/www.eldiario.net\/portal\/2023\/02\/10\/elecciones-para-brigada-crucena-develan-crisis-interna-en-creemos\/","og_site_name":"El Diario - Bolivia","article_publisher":"https:\/\/www.facebook.com\/eldiario.bolivia\/","article_published_time":"2023-02-10T10:10:16+00:00","author":"Jeanette","twitter_card":"summary_large_image","twitter_creator":"@eldiario_net","twitter_site":"@eldiario_net","twitter_misc":{"Escrito por":"Jeanette","Tiempo de lectura":"2 minutos"},"schema":{"@context":"https:\/\/schema.org","@graph":[{"@type":"Article","@id":"https:\/\/www.eldiario.net\/portal\/2023\/02\/10\/elecciones-para-brigada-crucena-develan-crisis-interna-en-creemos\/#article","isPartOf":{"@id":"https:\/\/www.eldiario.net\/portal\/2023\/02\/10\/elecciones-para-brigada-crucena-develan-crisis-interna-en-creemos\/"},"author":{"name":"Jeanette","@id":"https:\/\/www.eldiario.net\/portal\/#\/schema\/person\/2c57cf2b7a7ae032e449e4c9b1019eac"},"headline":"Elecciones para brigada cruce\u00f1a develan crisis interna en Creemos","datePublished":"2023-02-10T10:10:16+00:00","mainEntityOfPage":{"@id":"https:\/\/www.eldiario.net\/portal\/2023\/02\/10\/elecciones-para-brigada-crucena-develan-crisis-interna-en-creemos\/"},"wordCount":363,"publisher":{"@id":"https:\/\/www.eldiario.net\/portal\/#organization"},"articleSection":["Portada"],"inLanguage":"es"},{"@type":"WebPage","@id":"https:\/\/www.eldiario.net\/portal\/2023\/02\/10\/elecciones-para-brigada-crucena-develan-crisis-interna-en-creemos\/","url":"https:\/\/www.eldiario.net\/portal\/2023\/02\/10\/elecciones-para-brigada-crucena-develan-crisis-interna-en-creemos\/","name":"Elecciones para brigada cruce\u00f1a develan crisis interna en Creemos - El Diario - Bolivia","isPartOf":{"@id":"https:\/\/www.eldiario.net\/portal\/#website"},"datePublished":"2023-02-10T10:10:16+00:00","breadcrumb":{"@id":"https:\/\/www.eldiario.net\/portal\/2023\/02\/10\/elecciones-para-brigada-crucena-develan-crisis-interna-en-creemos\/#breadcrumb"},"inLanguage":"es","potentialAction":[{"@type":"ReadAction","target":["https:\/\/www.eldiario.net\/portal\/2023\/02\/10\/elecciones-para-brigada-crucena-develan-crisis-interna-en-creemos\/"]}]},{"@type":"BreadcrumbList","@id":"https:\/\/www.eldiario.net\/portal\/2023\/02\/10\/elecciones-para-brigada-crucena-develan-crisis-interna-en-creemos\/#breadcrumb","itemListElement":[{"@type":"ListItem","position":1,"name":"Portada","item":"https:\/\/www.eldiario.net\/portal\/"},{"@type":"ListItem","position":2,"name":"Elecciones para brigada cruce\u00f1a develan crisis interna en Creemos"}]},{"@type":"WebSite","@id":"https:\/\/www.eldiario.net\/portal\/#website","url":"https:\/\/www.eldiario.net\/portal\/","name":"El Diario - Decano de la prensa nacional","description":"El Diario - Decano de la prensa nacional","publisher":{"@id":"https:\/\/www.eldiario.net\/portal\/#organization"},"potentialAction":[{"@type":"SearchAction","target":{"@type":"EntryPoint","urlTemplate":"https:\/\/www.eldiario.net\/portal\/?s={search_term_string}"},"query-input":{"@type":"PropertyValueSpecification","valueRequired":true,"valueName":"search_term_string"}}],"inLanguage":"es"},{"@type":"Organization","@id":"https:\/\/www.eldiario.net\/portal\/#organization","name":"El Diario - Decano de la prensa nacional","url":"https:\/\/www.eldiario.net\/portal\/","logo":{"@type":"ImageObject","inLanguage":"es","@id":"https:\/\/www.eldiario.net\/portal\/#\/schema\/logo\/image\/","url":"https:\/\/www.eldiario.net\/portal\/wp-content\/uploads\/2023\/07\/logo_ED.jpg","contentUrl":"https:\/\/www.eldiario.net\/portal\/wp-content\/uploads\/2023\/07\/logo_ED.jpg","width":272,"height":52,"caption":"El Diario - Decano de la prensa nacional"},"image":{"@id":"https:\/\/www.eldiario.net\/portal\/#\/schema\/logo\/image\/"},"sameAs":["https:\/\/www.facebook.com\/eldiario.bolivia\/","https:\/\/x.com\/eldiario_net"]},{"@type":"Person","@id":"https:\/\/www.eldiario.net\/portal\/#\/schema\/person\/2c57cf2b7a7ae032e449e4c9b1019eac","name":"Jeanette","image":{"@type":"ImageObject","inLanguage":"es","@id":"https:\/\/secure.gravatar.com\/avatar\/3ea2118a5f7dad2b7138b1187a6b7ee55f160b9968b66013c3a3ef39dd7e5798?s=96&d=mm&r=g","url":"https:\/\/secure.gravatar.com\/avatar\/3ea2118a5f7dad2b7138b1187a6b7ee55f160b9968b66013c3a3ef39dd7e5798?s=96&d=mm&r=g","contentUrl":"https:\/\/secure.gravatar.com\/avatar\/3ea2118a5f7dad2b7138b1187a6b7ee55f160b9968b66013c3a3ef39dd7e5798?s=96&d=mm&r=g","caption":"Jeanette"},"sameAs":["https:\/\/www.eldiario.net\/portal"],"url":"https:\/\/www.eldiario.net\/portal\/author\/jeanette\/"}]}},"_links":{"self":[{"href":"https:\/\/www.eldiario.net\/portal\/wp-json\/wp\/v2\/posts\/137227","targetHints":{"allow":["GET"]}}],"collection":[{"href":"https:\/\/www.eldiario.net\/portal\/wp-json\/wp\/v2\/posts"}],"about":[{"href":"https:\/\/www.eldiario.net\/portal\/wp-json\/wp\/v2\/types\/post"}],"author":[{"embeddable":true,"href":"https:\/\/www.eldiario.net\/portal\/wp-json\/wp\/v2\/users\/1"}],"replies":[{"embeddable":true,"href":"https:\/\/www.eldiario.net\/portal\/wp-json\/wp\/v2\/comments?post=137227"}],"version-history":[{"count":0,"href":"https:\/\/www.eldiario.net\/portal\/wp-json\/wp\/v2\/posts\/137227\/revisions"}],"wp:attachment":[{"href":"https:\/\/www.eldiario.net\/portal\/wp-json\/wp\/v2\/media?parent=137227"}],"wp:term":[{"taxonomy":"category","embeddable":true,"href":"https:\/\/www.eldiario.net\/portal\/wp-json\/wp\/v2\/categories?post=137227"},{"taxonomy":"post_tag","embeddable":true,"href":"https:\/\/www.eldiario.net\/portal\/wp-json\/wp\/v2\/tags?post=137227"}],"curies":[{"name":"wp","href":"https:\/\/api.w.org\/{rel}","templated":true}]}}