{"id":136964,"date":"2023-02-03T14:39:07","date_gmt":"2023-02-03T18:39:07","guid":{"rendered":"https:\/\/www.eldiario.net\/portal\/?p=136964"},"modified":"2023-02-03T14:39:07","modified_gmt":"2023-02-03T18:39:07","slug":"umsa-retorna-a-clases-presenciales-y-habilita-la-modalidad-hibrida","status":"publish","type":"post","link":"https:\/\/www.eldiario.net\/portal\/2023\/02\/03\/umsa-retorna-a-clases-presenciales-y-habilita-la-modalidad-hibrida\/","title":{"rendered":"UMSA retorna a clases presenciales  y habilita la modalidad h\u00edbrida"},"content":{"rendered":"<p>El rector de la Universidad Mayor de San Andr\u00e9s (UMSA), \u00d3scar Heredia, inform\u00f3 que los estudiantes de las 13 facultades y 54 carreras de esa casa de estudios superiores retornar\u00e1n este lunes, 6 de febrero, a las clases presenciales; adem\u00e1s, habilitar\u00e1n la modalidad h\u00edbrida para casos excepcionales de universitarios que no podr\u00e1n asistir al aula.<br \/>\n\u201cLa UMSA debe tener clases presenciales, es una necesidad y es una demanda, y a la vez una gran responsabilidad institucional, pero as\u00ed ser\u00e1 en esta gesti\u00f3n acad\u00e9mica (\u2026) Sin embargo, como el virus ha venido a quedarse, al igual que la tecnolog\u00eda, habilitamos la modalidad h\u00edbrida\u201d, inform\u00f3 la autoridad universitaria.<br \/>\nLa modalidad h\u00edbrida consiste en la combinaci\u00f3n de clases presenciales y virtuales, \u00e9stas \u00faltimas se aplicar\u00e1n en caso de que los estudiantes presenten problemas de salud, tengan imprevistos de trabajo o viajes de fuerza mayor, situaciones que deber\u00e1n ser respaldadas.<br \/>\nSolo los universitarios podr\u00e1n acogerse a esta modalidad y no as\u00ed los docentes, quienes estar\u00e1n en clases presenciales junto a otro grupo de estudiantes.<br \/>\nHeredia aclar\u00f3 que este proceso ser\u00e1 progresivo y record\u00f3 que la UMSA tiene una cobertura de internet entre el 60% y 80% en las carreras y facultades. \u201cParalelamente continuaremos con la actualizaci\u00f3n para docentes. Con esta modalidad queremos fortalecer los derechos de los estudiantes a acceder a la educaci\u00f3n superior\u201d, resalt\u00f3.<br \/>\nAN\u00c1LISIS<br \/>\nCon el objetivo de aportar con soluciones y tras los cuestionamientos sobre los contenidos de la curr\u00edcula 2023, especialistas de la Facultad de Humanidades y Ciencias de la Educaci\u00f3n de la UMSA realizar\u00e1n un an\u00e1lisis profundo del nuevo curr\u00edculo educativo.<br \/>\n\u201cEl an\u00e1lisis del dise\u00f1o curricular es una propuesta del Rectorado que se ejecutar\u00e1 a trav\u00e9s de la Facultad de Humanidades. Para ello, ya hemos tomado contacto con autoridades del Ministerio de Educaci\u00f3n y algunos representantes de los maestros y los padres de familia. Queremos ayudar una vez m\u00e1s a dar soluciones desde lo acad\u00e9mico\u201d, indic\u00f3 Heredia.<br \/>\nApunt\u00f3 que existen materias que son necesarias para acercar la educaci\u00f3n regular y la educaci\u00f3n superior, como iniciaci\u00f3n a la investigaci\u00f3n porque se requiere que a las universidades lleguen bachilleres con talento y visi\u00f3n de aporte a la investigaci\u00f3n para la transformaci\u00f3n del pa\u00eds. De la misma forma la lectura comprensiva y el manejo estad\u00edstico, al menos lo b\u00e1sico.<br \/>\n\u201cLas habilidades blandas son importantes tambi\u00e9n porque el conocimiento, solo por el conocimiento, sin el aporte de habilidades blandas, no va a funcionar. Necesitamos esa actitud positiva para la transformaci\u00f3n de uno mismo al servicio del pueblo boliviano\u201d, sostuvo.<\/p>\n","protected":false},"excerpt":{"rendered":"<p>El rector de la Universidad Mayor de San Andr\u00e9s (UMSA), \u00d3scar Heredia, inform\u00f3 que los estudiantes de las 13 facultades y 54 carreras de esa casa de estudios superiores retornar\u00e1n este lunes, 6 de febrero, a las clases presenciales; adem\u00e1s, habilitar\u00e1n la modalidad h\u00edbrida para casos excepcionales de universitarios que no podr\u00e1n asistir al aula. [&hellip;]<\/p>\n","protected":false},"author":1,"featured_media":0,"comment_status":"closed","ping_status":"closed","sticky":false,"template":"","format":"standard","meta":{"_acf_changed":false,"footnotes":""},"categories":[12],"tags":[],"class_list":["post-136964","post","type-post","status-publish","format-standard","category-nacional"],"acf":{"antetitulo":""},"yoast_head":"<!-- This site is optimized with the Yoast SEO plugin v28.3 - https:\/\/yoast.com\/product\/yoast-seo-wordpress\/ -->\n<title>UMSA retorna a clases presenciales y habilita la modalidad h\u00edbrida - El Diario - Bolivia<\/title>\n<meta name=\"robots\" content=\"index, follow, max-snippet:-1, max-image-preview:large, max-video-preview:-1\" \/>\n<link rel=\"canonical\" href=\"https:\/\/www.eldiario.net\/portal\/2023\/02\/03\/umsa-retorna-a-clases-presenciales-y-habilita-la-modalidad-hibrida\/\" \/>\n<meta property=\"og:locale\" content=\"es_ES\" \/>\n<meta property=\"og:type\" content=\"article\" \/>\n<meta property=\"og:title\" content=\"UMSA retorna a clases presenciales y habilita la modalidad h\u00edbrida - El Diario - Bolivia\" \/>\n<meta property=\"og:description\" content=\"El rector de la Universidad Mayor de San Andr\u00e9s (UMSA), \u00d3scar Heredia, inform\u00f3 que los estudiantes de las 13 facultades y 54 carreras de esa casa de estudios superiores retornar\u00e1n este lunes, 6 de febrero, a las clases presenciales; adem\u00e1s, habilitar\u00e1n la modalidad h\u00edbrida para casos excepcionales de universitarios que no podr\u00e1n asistir al aula. [&hellip;]\" \/>\n<meta property=\"og:url\" content=\"https:\/\/www.eldiario.net\/portal\/2023\/02\/03\/umsa-retorna-a-clases-presenciales-y-habilita-la-modalidad-hibrida\/\" \/>\n<meta property=\"og:site_name\" content=\"El Diario - Bolivia\" \/>\n<meta property=\"article:publisher\" content=\"https:\/\/www.facebook.com\/eldiario.bolivia\/\" \/>\n<meta property=\"article:published_time\" content=\"2023-02-03T18:39:07+00:00\" \/>\n<meta name=\"author\" content=\"Jeanette\" \/>\n<meta name=\"twitter:card\" content=\"summary_large_image\" \/>\n<meta name=\"twitter:creator\" content=\"@eldiario_net\" \/>\n<meta name=\"twitter:site\" content=\"@eldiario_net\" \/>\n<meta name=\"twitter:label1\" content=\"Escrito por\" \/>\n\t<meta name=\"twitter:data1\" content=\"Jeanette\" \/>\n\t<meta name=\"twitter:label2\" content=\"Tiempo de lectura\" \/>\n\t<meta name=\"twitter:data2\" content=\"2 minutos\" \/>\n<script type=\"application\/ld+json\" class=\"yoast-schema-graph\">{\"@context\":\"https:\\\/\\\/schema.org\",\"@graph\":[{\"@type\":\"Article\",\"@id\":\"https:\\\/\\\/www.eldiario.net\\\/portal\\\/2023\\\/02\\\/03\\\/umsa-retorna-a-clases-presenciales-y-habilita-la-modalidad-hibrida\\\/#article\",\"isPartOf\":{\"@id\":\"https:\\\/\\\/www.eldiario.net\\\/portal\\\/2023\\\/02\\\/03\\\/umsa-retorna-a-clases-presenciales-y-habilita-la-modalidad-hibrida\\\/\"},\"author\":{\"name\":\"Jeanette\",\"@id\":\"https:\\\/\\\/www.eldiario.net\\\/portal\\\/#\\\/schema\\\/person\\\/f46445640444750d7d753ccd04ae01b7\"},\"headline\":\"UMSA retorna a clases presenciales y habilita la modalidad h\u00edbrida\",\"datePublished\":\"2023-02-03T18:39:07+00:00\",\"mainEntityOfPage\":{\"@id\":\"https:\\\/\\\/www.eldiario.net\\\/portal\\\/2023\\\/02\\\/03\\\/umsa-retorna-a-clases-presenciales-y-habilita-la-modalidad-hibrida\\\/\"},\"wordCount\":462,\"publisher\":{\"@id\":\"https:\\\/\\\/www.eldiario.net\\\/portal\\\/#organization\"},\"articleSection\":[\"Nacional\"],\"inLanguage\":\"es\"},{\"@type\":\"WebPage\",\"@id\":\"https:\\\/\\\/www.eldiario.net\\\/portal\\\/2023\\\/02\\\/03\\\/umsa-retorna-a-clases-presenciales-y-habilita-la-modalidad-hibrida\\\/\",\"url\":\"https:\\\/\\\/www.eldiario.net\\\/portal\\\/2023\\\/02\\\/03\\\/umsa-retorna-a-clases-presenciales-y-habilita-la-modalidad-hibrida\\\/\",\"name\":\"UMSA retorna a clases presenciales y habilita la modalidad h\u00edbrida - El Diario - Bolivia\",\"isPartOf\":{\"@id\":\"https:\\\/\\\/www.eldiario.net\\\/portal\\\/#website\"},\"datePublished\":\"2023-02-03T18:39:07+00:00\",\"breadcrumb\":{\"@id\":\"https:\\\/\\\/www.eldiario.net\\\/portal\\\/2023\\\/02\\\/03\\\/umsa-retorna-a-clases-presenciales-y-habilita-la-modalidad-hibrida\\\/#breadcrumb\"},\"inLanguage\":\"es\",\"potentialAction\":[{\"@type\":\"ReadAction\",\"target\":[\"https:\\\/\\\/www.eldiario.net\\\/portal\\\/2023\\\/02\\\/03\\\/umsa-retorna-a-clases-presenciales-y-habilita-la-modalidad-hibrida\\\/\"]}]},{\"@type\":\"BreadcrumbList\",\"@id\":\"https:\\\/\\\/www.eldiario.net\\\/portal\\\/2023\\\/02\\\/03\\\/umsa-retorna-a-clases-presenciales-y-habilita-la-modalidad-hibrida\\\/#breadcrumb\",\"itemListElement\":[{\"@type\":\"ListItem\",\"position\":1,\"name\":\"Portada\",\"item\":\"https:\\\/\\\/www.eldiario.net\\\/portal\\\/\"},{\"@type\":\"ListItem\",\"position\":2,\"name\":\"UMSA retorna a clases presenciales y habilita la modalidad h\u00edbrida\"}]},{\"@type\":\"WebSite\",\"@id\":\"https:\\\/\\\/www.eldiario.net\\\/portal\\\/#website\",\"url\":\"https:\\\/\\\/www.eldiario.net\\\/portal\\\/\",\"name\":\"El Diario - Decano de la prensa nacional\",\"description\":\"El Diario - Decano de la prensa nacional\",\"publisher\":{\"@id\":\"https:\\\/\\\/www.eldiario.net\\\/portal\\\/#organization\"},\"potentialAction\":[{\"@type\":\"SearchAction\",\"target\":{\"@type\":\"EntryPoint\",\"urlTemplate\":\"https:\\\/\\\/www.eldiario.net\\\/portal\\\/?s={search_term_string}\"},\"query-input\":{\"@type\":\"PropertyValueSpecification\",\"valueRequired\":true,\"valueName\":\"search_term_string\"}}],\"inLanguage\":\"es\"},{\"@type\":\"Organization\",\"@id\":\"https:\\\/\\\/www.eldiario.net\\\/portal\\\/#organization\",\"name\":\"El Diario - Decano de la prensa nacional\",\"url\":\"https:\\\/\\\/www.eldiario.net\\\/portal\\\/\",\"logo\":{\"@type\":\"ImageObject\",\"inLanguage\":\"es\",\"@id\":\"https:\\\/\\\/www.eldiario.net\\\/portal\\\/#\\\/schema\\\/logo\\\/image\\\/\",\"url\":\"https:\\\/\\\/www.eldiario.net\\\/portal\\\/wp-content\\\/uploads\\\/2023\\\/07\\\/logo_ED.jpg\",\"contentUrl\":\"https:\\\/\\\/www.eldiario.net\\\/portal\\\/wp-content\\\/uploads\\\/2023\\\/07\\\/logo_ED.jpg\",\"width\":272,\"height\":52,\"caption\":\"El Diario - Decano de la prensa nacional\"},\"image\":{\"@id\":\"https:\\\/\\\/www.eldiario.net\\\/portal\\\/#\\\/schema\\\/logo\\\/image\\\/\"},\"sameAs\":[\"https:\\\/\\\/www.facebook.com\\\/eldiario.bolivia\\\/\",\"https:\\\/\\\/x.com\\\/eldiario_net\"]},{\"@type\":\"Person\",\"@id\":\"https:\\\/\\\/www.eldiario.net\\\/portal\\\/#\\\/schema\\\/person\\\/f46445640444750d7d753ccd04ae01b7\",\"name\":\"Jeanette\",\"image\":{\"@type\":\"ImageObject\",\"inLanguage\":\"es\",\"@id\":\"https:\\\/\\\/secure.gravatar.com\\\/avatar\\\/3ea2118a5f7dad2b7138b1187a6b7ee55f160b9968b66013c3a3ef39dd7e5798?s=96&d=mm&r=g\",\"url\":\"https:\\\/\\\/secure.gravatar.com\\\/avatar\\\/3ea2118a5f7dad2b7138b1187a6b7ee55f160b9968b66013c3a3ef39dd7e5798?s=96&d=mm&r=g\",\"contentUrl\":\"https:\\\/\\\/secure.gravatar.com\\\/avatar\\\/3ea2118a5f7dad2b7138b1187a6b7ee55f160b9968b66013c3a3ef39dd7e5798?s=96&d=mm&r=g\",\"caption\":\"Jeanette\"},\"sameAs\":[\"https:\\\/\\\/www.eldiario.net\\\/portal\"],\"url\":\"https:\\\/\\\/www.eldiario.net\\\/portal\\\/author\\\/jeanette\\\/\"}]}<\/script>\n<!-- \/ Yoast SEO plugin. -->","yoast_head_json":{"title":"UMSA retorna a clases presenciales y habilita la modalidad h\u00edbrida - El Diario - Bolivia","robots":{"index":"index","follow":"follow","max-snippet":"max-snippet:-1","max-image-preview":"max-image-preview:large","max-video-preview":"max-video-preview:-1"},"canonical":"https:\/\/www.eldiario.net\/portal\/2023\/02\/03\/umsa-retorna-a-clases-presenciales-y-habilita-la-modalidad-hibrida\/","og_locale":"es_ES","og_type":"article","og_title":"UMSA retorna a clases presenciales y habilita la modalidad h\u00edbrida - El Diario - Bolivia","og_description":"El rector de la Universidad Mayor de San Andr\u00e9s (UMSA), \u00d3scar Heredia, inform\u00f3 que los estudiantes de las 13 facultades y 54 carreras de esa casa de estudios superiores retornar\u00e1n este lunes, 6 de febrero, a las clases presenciales; adem\u00e1s, habilitar\u00e1n la modalidad h\u00edbrida para casos excepcionales de universitarios que no podr\u00e1n asistir al aula. [&hellip;]","og_url":"https:\/\/www.eldiario.net\/portal\/2023\/02\/03\/umsa-retorna-a-clases-presenciales-y-habilita-la-modalidad-hibrida\/","og_site_name":"El Diario - Bolivia","article_publisher":"https:\/\/www.facebook.com\/eldiario.bolivia\/","article_published_time":"2023-02-03T18:39:07+00:00","author":"Jeanette","twitter_card":"summary_large_image","twitter_creator":"@eldiario_net","twitter_site":"@eldiario_net","twitter_misc":{"Escrito por":"Jeanette","Tiempo de lectura":"2 minutos"},"schema":{"@context":"https:\/\/schema.org","@graph":[{"@type":"Article","@id":"https:\/\/www.eldiario.net\/portal\/2023\/02\/03\/umsa-retorna-a-clases-presenciales-y-habilita-la-modalidad-hibrida\/#article","isPartOf":{"@id":"https:\/\/www.eldiario.net\/portal\/2023\/02\/03\/umsa-retorna-a-clases-presenciales-y-habilita-la-modalidad-hibrida\/"},"author":{"name":"Jeanette","@id":"https:\/\/www.eldiario.net\/portal\/#\/schema\/person\/f46445640444750d7d753ccd04ae01b7"},"headline":"UMSA retorna a clases presenciales y habilita la modalidad h\u00edbrida","datePublished":"2023-02-03T18:39:07+00:00","mainEntityOfPage":{"@id":"https:\/\/www.eldiario.net\/portal\/2023\/02\/03\/umsa-retorna-a-clases-presenciales-y-habilita-la-modalidad-hibrida\/"},"wordCount":462,"publisher":{"@id":"https:\/\/www.eldiario.net\/portal\/#organization"},"articleSection":["Nacional"],"inLanguage":"es"},{"@type":"WebPage","@id":"https:\/\/www.eldiario.net\/portal\/2023\/02\/03\/umsa-retorna-a-clases-presenciales-y-habilita-la-modalidad-hibrida\/","url":"https:\/\/www.eldiario.net\/portal\/2023\/02\/03\/umsa-retorna-a-clases-presenciales-y-habilita-la-modalidad-hibrida\/","name":"UMSA retorna a clases presenciales y habilita la modalidad h\u00edbrida - El Diario - Bolivia","isPartOf":{"@id":"https:\/\/www.eldiario.net\/portal\/#website"},"datePublished":"2023-02-03T18:39:07+00:00","breadcrumb":{"@id":"https:\/\/www.eldiario.net\/portal\/2023\/02\/03\/umsa-retorna-a-clases-presenciales-y-habilita-la-modalidad-hibrida\/#breadcrumb"},"inLanguage":"es","potentialAction":[{"@type":"ReadAction","target":["https:\/\/www.eldiario.net\/portal\/2023\/02\/03\/umsa-retorna-a-clases-presenciales-y-habilita-la-modalidad-hibrida\/"]}]},{"@type":"BreadcrumbList","@id":"https:\/\/www.eldiario.net\/portal\/2023\/02\/03\/umsa-retorna-a-clases-presenciales-y-habilita-la-modalidad-hibrida\/#breadcrumb","itemListElement":[{"@type":"ListItem","position":1,"name":"Portada","item":"https:\/\/www.eldiario.net\/portal\/"},{"@type":"ListItem","position":2,"name":"UMSA retorna a clases presenciales y habilita la modalidad h\u00edbrida"}]},{"@type":"WebSite","@id":"https:\/\/www.eldiario.net\/portal\/#website","url":"https:\/\/www.eldiario.net\/portal\/","name":"El Diario - Decano de la prensa nacional","description":"El Diario - Decano de la prensa nacional","publisher":{"@id":"https:\/\/www.eldiario.net\/portal\/#organization"},"potentialAction":[{"@type":"SearchAction","target":{"@type":"EntryPoint","urlTemplate":"https:\/\/www.eldiario.net\/portal\/?s={search_term_string}"},"query-input":{"@type":"PropertyValueSpecification","valueRequired":true,"valueName":"search_term_string"}}],"inLanguage":"es"},{"@type":"Organization","@id":"https:\/\/www.eldiario.net\/portal\/#organization","name":"El Diario - Decano de la prensa nacional","url":"https:\/\/www.eldiario.net\/portal\/","logo":{"@type":"ImageObject","inLanguage":"es","@id":"https:\/\/www.eldiario.net\/portal\/#\/schema\/logo\/image\/","url":"https:\/\/www.eldiario.net\/portal\/wp-content\/uploads\/2023\/07\/logo_ED.jpg","contentUrl":"https:\/\/www.eldiario.net\/portal\/wp-content\/uploads\/2023\/07\/logo_ED.jpg","width":272,"height":52,"caption":"El Diario - Decano de la prensa nacional"},"image":{"@id":"https:\/\/www.eldiario.net\/portal\/#\/schema\/logo\/image\/"},"sameAs":["https:\/\/www.facebook.com\/eldiario.bolivia\/","https:\/\/x.com\/eldiario_net"]},{"@type":"Person","@id":"https:\/\/www.eldiario.net\/portal\/#\/schema\/person\/f46445640444750d7d753ccd04ae01b7","name":"Jeanette","image":{"@type":"ImageObject","inLanguage":"es","@id":"https:\/\/secure.gravatar.com\/avatar\/3ea2118a5f7dad2b7138b1187a6b7ee55f160b9968b66013c3a3ef39dd7e5798?s=96&d=mm&r=g","url":"https:\/\/secure.gravatar.com\/avatar\/3ea2118a5f7dad2b7138b1187a6b7ee55f160b9968b66013c3a3ef39dd7e5798?s=96&d=mm&r=g","contentUrl":"https:\/\/secure.gravatar.com\/avatar\/3ea2118a5f7dad2b7138b1187a6b7ee55f160b9968b66013c3a3ef39dd7e5798?s=96&d=mm&r=g","caption":"Jeanette"},"sameAs":["https:\/\/www.eldiario.net\/portal"],"url":"https:\/\/www.eldiario.net\/portal\/author\/jeanette\/"}]}},"_links":{"self":[{"href":"https:\/\/www.eldiario.net\/portal\/wp-json\/wp\/v2\/posts\/136964","targetHints":{"allow":["GET"]}}],"collection":[{"href":"https:\/\/www.eldiario.net\/portal\/wp-json\/wp\/v2\/posts"}],"about":[{"href":"https:\/\/www.eldiario.net\/portal\/wp-json\/wp\/v2\/types\/post"}],"author":[{"embeddable":true,"href":"https:\/\/www.eldiario.net\/portal\/wp-json\/wp\/v2\/users\/1"}],"replies":[{"embeddable":true,"href":"https:\/\/www.eldiario.net\/portal\/wp-json\/wp\/v2\/comments?post=136964"}],"version-history":[{"count":0,"href":"https:\/\/www.eldiario.net\/portal\/wp-json\/wp\/v2\/posts\/136964\/revisions"}],"wp:attachment":[{"href":"https:\/\/www.eldiario.net\/portal\/wp-json\/wp\/v2\/media?parent=136964"}],"wp:term":[{"taxonomy":"category","embeddable":true,"href":"https:\/\/www.eldiario.net\/portal\/wp-json\/wp\/v2\/categories?post=136964"},{"taxonomy":"post_tag","embeddable":true,"href":"https:\/\/www.eldiario.net\/portal\/wp-json\/wp\/v2\/tags?post=136964"}],"curies":[{"name":"wp","href":"https:\/\/api.w.org\/{rel}","templated":true}]}}