{"id":136895,"date":"2023-02-02T14:04:28","date_gmt":"2023-02-02T18:04:28","guid":{"rendered":"https:\/\/www.eldiario.net\/portal\/?p=136895"},"modified":"2023-02-02T14:04:28","modified_gmt":"2023-02-02T18:04:28","slug":"declaran-improcedente-habeas-corpus-a-favor-de-fujimori","status":"publish","type":"post","link":"https:\/\/www.eldiario.net\/portal\/2023\/02\/02\/declaran-improcedente-habeas-corpus-a-favor-de-fujimori\/","title":{"rendered":"Declaran improcedente habeas  corpus a favor de Fujimori"},"content":{"rendered":"<p>El Juzgado Constitucional Noveno de la Corte Superior de Justicia de Lima declar\u00f3 improcedente un habeas corpus presentado a favor del expresidente Alberto Fujimori, el cual solicit\u00f3 la nulidad de sentencias de la Sala Penal Especial y de la Primera Sala Penal Transitoria de la Corte Suprema que condenaron a 25 a\u00f1os de prisi\u00f3n al exmandatario, el 7 de abril de 2009, por los casos La Cantuta y Barrios Altos.<\/p>\n<p>El recurso era impulsado por el abogado Elio Riera y, adem\u00e1s, buscaba anular el fallo que confirm\u00f3 la resoluci\u00f3n en primera instancia, dictada por la Primera Sala Penal Transitoria de la Corte Suprema el 30 de diciembre de 2009, que declar\u00f3 no haber nulidad que condena al favorecido como autor mediato del delito de secuestro agravado.<\/p>\n<p>Cabe indicar que, luego de renunciar por fax desde Jap\u00f3n en el a\u00f1o 2000, y ser extraditado al Per\u00fa en 2007, en 2009, Alberto Fujimori recibi\u00f3 la principal condena, de 25 a\u00f1os de prisi\u00f3n por ser el autor mediato (con dominio del hecho) del asesinato de 25 personas en las matanzas en Barrios Altos (1991) y La Cantuta (1992), perpetradas por el grupo militar Colina.<\/p>\n<p>DECISI\u00d3N DEL JUZGADO<\/p>\n<p>La Procuradur\u00eda del Poder Judicial se\u00f1ala, que conforme al art\u00edculo 138, inciso 14 de la Constituci\u00f3n Pol\u00edtica vigente, el principio de no ser privado del derecho de defensa en ning\u00fan estado del proceso, se\u00f1ala, entre otras cosas, que:<\/p>\n<p>No todas las resoluciones judiciales pueden ser objeto de control por el proceso constitucional de h\u00e1beas corpus; antes bien y en l\u00ednea de principio, solo aquellas resoluciones judiciales firmes que vulneren en forma manifiesta la libertad individual y los derechos conexos a ella, lo que implica que el actor, frente al acto procesal alegado de lesivo previamente haya hecho uso de los recursos necesarios que le otorga la ley.<\/p>\n<p>El fallo declara improcedente la demanda de habeas corpus interpuesta por Elio Fernando Riera Garro a favor de Alberto Fujimori Fujimori contra la Sala Penal Especial de la Corte Suprema De Justicia de la Rep\u00fablica y la Primera Sala Penal Transitoria de la Corte Suprema De Justicia De La Rep\u00fablica, por supuesto atentado contra su libertad individual, en conexidad con el debido proceso, motivaci\u00f3n de resoluciones judiciales (violaci\u00f3n de los principios de imputaci\u00f3n necesaria e interdicci\u00f3n de la arbitrariedad).<\/p>\n<p>ARGUMENTO DEL ABOGADO<\/p>\n<p>En octubre del 2022, el abogado Elio Riera, en declaraciones a Radio Santa Rosa, indic\u00f3 que solo se hab\u00eda presentado un h\u00e1beas corpus por los casos de La Cantuta y Barrios Altos donde, seg\u00fan dijo, no hubo un pronunciamiento de fondo tras el indulto que recibi\u00f3 Alberto Fujimori en diciembre del 2017.<\/p>\n<p>\u201cHay dos habeas corpus, uno vinculado al indulto humanitario (con el que) se logr\u00f3 finalmente que el Tribunal Constitucional declarara nula la resoluci\u00f3n la cual declar\u00f3 sin efecto los indultos. Pero de momento la Corte Interamericana suspendi\u00f3 los efectos. Habr\u00eda que preguntarnos hasta cu\u00e1ndo porque es una medida cautelar. Y si carece y pasa el tiempo esta medida, los efectos contin\u00faan\u201d, indic\u00f3 aquella vez Elio Riera.<\/p>\n<p>\u201cOtro proceso es cuestionar esa sentencia [La Cantuta y Barrios Altos] de por qu\u00e9 en su momento no se analiz\u00f3 la imputaci\u00f3n necesaria. Podremos discrepar o no, pero lo que yo encontr\u00e9 en esa resoluci\u00f3n es que se incluy\u00f3 la palabra \u2018lesa humanidad\u2019 por primera vez, y en ese momento no estaba tipificado como tal en el C\u00f3digo Penal\u201d, a\u00f1adi\u00f3. (Infobae)<\/p>\n","protected":false},"excerpt":{"rendered":"<p>El Juzgado Constitucional Noveno de la Corte Superior de Justicia de Lima declar\u00f3 improcedente un habeas corpus presentado a favor del expresidente Alberto Fujimori, el cual solicit\u00f3 la nulidad de sentencias de la Sala Penal Especial y de la Primera Sala Penal Transitoria de la Corte Suprema que condenaron a 25 a\u00f1os de prisi\u00f3n al [&hellip;]<\/p>\n","protected":false},"author":1,"featured_media":136896,"comment_status":"closed","ping_status":"closed","sticky":false,"template":"","format":"standard","meta":{"_acf_changed":false,"footnotes":""},"categories":[3],"tags":[],"class_list":["post-136895","post","type-post","status-publish","format-standard","has-post-thumbnail","category-internacional"],"acf":{"antetitulo":""},"yoast_head":"<!-- This site is optimized with the Yoast SEO plugin v28.3 - https:\/\/yoast.com\/product\/yoast-seo-wordpress\/ -->\n<title>Declaran improcedente habeas corpus a favor de Fujimori - El Diario - Bolivia<\/title>\n<meta name=\"robots\" content=\"index, follow, max-snippet:-1, max-image-preview:large, max-video-preview:-1\" \/>\n<link rel=\"canonical\" href=\"https:\/\/www.eldiario.net\/portal\/2023\/02\/02\/declaran-improcedente-habeas-corpus-a-favor-de-fujimori\/\" \/>\n<meta property=\"og:locale\" content=\"es_ES\" \/>\n<meta property=\"og:type\" content=\"article\" \/>\n<meta property=\"og:title\" content=\"Declaran improcedente habeas corpus a favor de Fujimori - El Diario - Bolivia\" \/>\n<meta property=\"og:description\" content=\"El Juzgado Constitucional Noveno de la Corte Superior de Justicia de Lima declar\u00f3 improcedente un habeas corpus presentado a favor del expresidente Alberto Fujimori, el cual solicit\u00f3 la nulidad de sentencias de la Sala Penal Especial y de la Primera Sala Penal Transitoria de la Corte Suprema que condenaron a 25 a\u00f1os de prisi\u00f3n al [&hellip;]\" \/>\n<meta property=\"og:url\" content=\"https:\/\/www.eldiario.net\/portal\/2023\/02\/02\/declaran-improcedente-habeas-corpus-a-favor-de-fujimori\/\" \/>\n<meta property=\"og:site_name\" content=\"El Diario - Bolivia\" \/>\n<meta property=\"article:publisher\" content=\"https:\/\/www.facebook.com\/eldiario.bolivia\/\" \/>\n<meta property=\"article:published_time\" content=\"2023-02-02T18:04:28+00:00\" \/>\n<meta name=\"author\" content=\"Jeanette\" \/>\n<meta name=\"twitter:card\" content=\"summary_large_image\" \/>\n<meta name=\"twitter:creator\" content=\"@eldiario_net\" \/>\n<meta name=\"twitter:site\" content=\"@eldiario_net\" \/>\n<meta name=\"twitter:label1\" content=\"Escrito por\" \/>\n\t<meta name=\"twitter:data1\" content=\"Jeanette\" \/>\n\t<meta name=\"twitter:label2\" content=\"Tiempo de lectura\" \/>\n\t<meta name=\"twitter:data2\" content=\"3 minutos\" \/>\n<script type=\"application\/ld+json\" class=\"yoast-schema-graph\">{\"@context\":\"https:\\\/\\\/schema.org\",\"@graph\":[{\"@type\":\"Article\",\"@id\":\"https:\\\/\\\/www.eldiario.net\\\/portal\\\/2023\\\/02\\\/02\\\/declaran-improcedente-habeas-corpus-a-favor-de-fujimori\\\/#article\",\"isPartOf\":{\"@id\":\"https:\\\/\\\/www.eldiario.net\\\/portal\\\/2023\\\/02\\\/02\\\/declaran-improcedente-habeas-corpus-a-favor-de-fujimori\\\/\"},\"author\":{\"name\":\"Jeanette\",\"@id\":\"https:\\\/\\\/www.eldiario.net\\\/portal\\\/#\\\/schema\\\/person\\\/f46445640444750d7d753ccd04ae01b7\"},\"headline\":\"Declaran improcedente habeas corpus a favor de Fujimori\",\"datePublished\":\"2023-02-02T18:04:28+00:00\",\"mainEntityOfPage\":{\"@id\":\"https:\\\/\\\/www.eldiario.net\\\/portal\\\/2023\\\/02\\\/02\\\/declaran-improcedente-habeas-corpus-a-favor-de-fujimori\\\/\"},\"wordCount\":589,\"publisher\":{\"@id\":\"https:\\\/\\\/www.eldiario.net\\\/portal\\\/#organization\"},\"image\":{\"@id\":\"https:\\\/\\\/www.eldiario.net\\\/portal\\\/2023\\\/02\\\/02\\\/declaran-improcedente-habeas-corpus-a-favor-de-fujimori\\\/#primaryimage\"},\"thumbnailUrl\":\"\",\"articleSection\":[\"Internacional\"],\"inLanguage\":\"es\"},{\"@type\":\"WebPage\",\"@id\":\"https:\\\/\\\/www.eldiario.net\\\/portal\\\/2023\\\/02\\\/02\\\/declaran-improcedente-habeas-corpus-a-favor-de-fujimori\\\/\",\"url\":\"https:\\\/\\\/www.eldiario.net\\\/portal\\\/2023\\\/02\\\/02\\\/declaran-improcedente-habeas-corpus-a-favor-de-fujimori\\\/\",\"name\":\"Declaran improcedente habeas corpus a favor de Fujimori - El Diario - Bolivia\",\"isPartOf\":{\"@id\":\"https:\\\/\\\/www.eldiario.net\\\/portal\\\/#website\"},\"primaryImageOfPage\":{\"@id\":\"https:\\\/\\\/www.eldiario.net\\\/portal\\\/2023\\\/02\\\/02\\\/declaran-improcedente-habeas-corpus-a-favor-de-fujimori\\\/#primaryimage\"},\"image\":{\"@id\":\"https:\\\/\\\/www.eldiario.net\\\/portal\\\/2023\\\/02\\\/02\\\/declaran-improcedente-habeas-corpus-a-favor-de-fujimori\\\/#primaryimage\"},\"thumbnailUrl\":\"\",\"datePublished\":\"2023-02-02T18:04:28+00:00\",\"breadcrumb\":{\"@id\":\"https:\\\/\\\/www.eldiario.net\\\/portal\\\/2023\\\/02\\\/02\\\/declaran-improcedente-habeas-corpus-a-favor-de-fujimori\\\/#breadcrumb\"},\"inLanguage\":\"es\",\"potentialAction\":[{\"@type\":\"ReadAction\",\"target\":[\"https:\\\/\\\/www.eldiario.net\\\/portal\\\/2023\\\/02\\\/02\\\/declaran-improcedente-habeas-corpus-a-favor-de-fujimori\\\/\"]}]},{\"@type\":\"ImageObject\",\"inLanguage\":\"es\",\"@id\":\"https:\\\/\\\/www.eldiario.net\\\/portal\\\/2023\\\/02\\\/02\\\/declaran-improcedente-habeas-corpus-a-favor-de-fujimori\\\/#primaryimage\",\"url\":\"\",\"contentUrl\":\"\"},{\"@type\":\"BreadcrumbList\",\"@id\":\"https:\\\/\\\/www.eldiario.net\\\/portal\\\/2023\\\/02\\\/02\\\/declaran-improcedente-habeas-corpus-a-favor-de-fujimori\\\/#breadcrumb\",\"itemListElement\":[{\"@type\":\"ListItem\",\"position\":1,\"name\":\"Portada\",\"item\":\"https:\\\/\\\/www.eldiario.net\\\/portal\\\/\"},{\"@type\":\"ListItem\",\"position\":2,\"name\":\"Declaran improcedente habeas corpus a favor de Fujimori\"}]},{\"@type\":\"WebSite\",\"@id\":\"https:\\\/\\\/www.eldiario.net\\\/portal\\\/#website\",\"url\":\"https:\\\/\\\/www.eldiario.net\\\/portal\\\/\",\"name\":\"El Diario - Decano de la prensa nacional\",\"description\":\"El Diario - Decano de la prensa nacional\",\"publisher\":{\"@id\":\"https:\\\/\\\/www.eldiario.net\\\/portal\\\/#organization\"},\"potentialAction\":[{\"@type\":\"SearchAction\",\"target\":{\"@type\":\"EntryPoint\",\"urlTemplate\":\"https:\\\/\\\/www.eldiario.net\\\/portal\\\/?s={search_term_string}\"},\"query-input\":{\"@type\":\"PropertyValueSpecification\",\"valueRequired\":true,\"valueName\":\"search_term_string\"}}],\"inLanguage\":\"es\"},{\"@type\":\"Organization\",\"@id\":\"https:\\\/\\\/www.eldiario.net\\\/portal\\\/#organization\",\"name\":\"El Diario - Decano de la prensa nacional\",\"url\":\"https:\\\/\\\/www.eldiario.net\\\/portal\\\/\",\"logo\":{\"@type\":\"ImageObject\",\"inLanguage\":\"es\",\"@id\":\"https:\\\/\\\/www.eldiario.net\\\/portal\\\/#\\\/schema\\\/logo\\\/image\\\/\",\"url\":\"https:\\\/\\\/www.eldiario.net\\\/portal\\\/wp-content\\\/uploads\\\/2023\\\/07\\\/logo_ED.jpg\",\"contentUrl\":\"https:\\\/\\\/www.eldiario.net\\\/portal\\\/wp-content\\\/uploads\\\/2023\\\/07\\\/logo_ED.jpg\",\"width\":272,\"height\":52,\"caption\":\"El Diario - Decano de la prensa nacional\"},\"image\":{\"@id\":\"https:\\\/\\\/www.eldiario.net\\\/portal\\\/#\\\/schema\\\/logo\\\/image\\\/\"},\"sameAs\":[\"https:\\\/\\\/www.facebook.com\\\/eldiario.bolivia\\\/\",\"https:\\\/\\\/x.com\\\/eldiario_net\"]},{\"@type\":\"Person\",\"@id\":\"https:\\\/\\\/www.eldiario.net\\\/portal\\\/#\\\/schema\\\/person\\\/f46445640444750d7d753ccd04ae01b7\",\"name\":\"Jeanette\",\"image\":{\"@type\":\"ImageObject\",\"inLanguage\":\"es\",\"@id\":\"https:\\\/\\\/secure.gravatar.com\\\/avatar\\\/3ea2118a5f7dad2b7138b1187a6b7ee55f160b9968b66013c3a3ef39dd7e5798?s=96&d=mm&r=g\",\"url\":\"https:\\\/\\\/secure.gravatar.com\\\/avatar\\\/3ea2118a5f7dad2b7138b1187a6b7ee55f160b9968b66013c3a3ef39dd7e5798?s=96&d=mm&r=g\",\"contentUrl\":\"https:\\\/\\\/secure.gravatar.com\\\/avatar\\\/3ea2118a5f7dad2b7138b1187a6b7ee55f160b9968b66013c3a3ef39dd7e5798?s=96&d=mm&r=g\",\"caption\":\"Jeanette\"},\"sameAs\":[\"https:\\\/\\\/www.eldiario.net\\\/portal\"],\"url\":\"https:\\\/\\\/www.eldiario.net\\\/portal\\\/author\\\/jeanette\\\/\"}]}<\/script>\n<!-- \/ Yoast SEO plugin. -->","yoast_head_json":{"title":"Declaran improcedente habeas corpus a favor de Fujimori - El Diario - Bolivia","robots":{"index":"index","follow":"follow","max-snippet":"max-snippet:-1","max-image-preview":"max-image-preview:large","max-video-preview":"max-video-preview:-1"},"canonical":"https:\/\/www.eldiario.net\/portal\/2023\/02\/02\/declaran-improcedente-habeas-corpus-a-favor-de-fujimori\/","og_locale":"es_ES","og_type":"article","og_title":"Declaran improcedente habeas corpus a favor de Fujimori - El Diario - Bolivia","og_description":"El Juzgado Constitucional Noveno de la Corte Superior de Justicia de Lima declar\u00f3 improcedente un habeas corpus presentado a favor del expresidente Alberto Fujimori, el cual solicit\u00f3 la nulidad de sentencias de la Sala Penal Especial y de la Primera Sala Penal Transitoria de la Corte Suprema que condenaron a 25 a\u00f1os de prisi\u00f3n al [&hellip;]","og_url":"https:\/\/www.eldiario.net\/portal\/2023\/02\/02\/declaran-improcedente-habeas-corpus-a-favor-de-fujimori\/","og_site_name":"El Diario - Bolivia","article_publisher":"https:\/\/www.facebook.com\/eldiario.bolivia\/","article_published_time":"2023-02-02T18:04:28+00:00","author":"Jeanette","twitter_card":"summary_large_image","twitter_creator":"@eldiario_net","twitter_site":"@eldiario_net","twitter_misc":{"Escrito por":"Jeanette","Tiempo de lectura":"3 minutos"},"schema":{"@context":"https:\/\/schema.org","@graph":[{"@type":"Article","@id":"https:\/\/www.eldiario.net\/portal\/2023\/02\/02\/declaran-improcedente-habeas-corpus-a-favor-de-fujimori\/#article","isPartOf":{"@id":"https:\/\/www.eldiario.net\/portal\/2023\/02\/02\/declaran-improcedente-habeas-corpus-a-favor-de-fujimori\/"},"author":{"name":"Jeanette","@id":"https:\/\/www.eldiario.net\/portal\/#\/schema\/person\/f46445640444750d7d753ccd04ae01b7"},"headline":"Declaran improcedente habeas corpus a favor de Fujimori","datePublished":"2023-02-02T18:04:28+00:00","mainEntityOfPage":{"@id":"https:\/\/www.eldiario.net\/portal\/2023\/02\/02\/declaran-improcedente-habeas-corpus-a-favor-de-fujimori\/"},"wordCount":589,"publisher":{"@id":"https:\/\/www.eldiario.net\/portal\/#organization"},"image":{"@id":"https:\/\/www.eldiario.net\/portal\/2023\/02\/02\/declaran-improcedente-habeas-corpus-a-favor-de-fujimori\/#primaryimage"},"thumbnailUrl":"","articleSection":["Internacional"],"inLanguage":"es"},{"@type":"WebPage","@id":"https:\/\/www.eldiario.net\/portal\/2023\/02\/02\/declaran-improcedente-habeas-corpus-a-favor-de-fujimori\/","url":"https:\/\/www.eldiario.net\/portal\/2023\/02\/02\/declaran-improcedente-habeas-corpus-a-favor-de-fujimori\/","name":"Declaran improcedente habeas corpus a favor de Fujimori - El Diario - Bolivia","isPartOf":{"@id":"https:\/\/www.eldiario.net\/portal\/#website"},"primaryImageOfPage":{"@id":"https:\/\/www.eldiario.net\/portal\/2023\/02\/02\/declaran-improcedente-habeas-corpus-a-favor-de-fujimori\/#primaryimage"},"image":{"@id":"https:\/\/www.eldiario.net\/portal\/2023\/02\/02\/declaran-improcedente-habeas-corpus-a-favor-de-fujimori\/#primaryimage"},"thumbnailUrl":"","datePublished":"2023-02-02T18:04:28+00:00","breadcrumb":{"@id":"https:\/\/www.eldiario.net\/portal\/2023\/02\/02\/declaran-improcedente-habeas-corpus-a-favor-de-fujimori\/#breadcrumb"},"inLanguage":"es","potentialAction":[{"@type":"ReadAction","target":["https:\/\/www.eldiario.net\/portal\/2023\/02\/02\/declaran-improcedente-habeas-corpus-a-favor-de-fujimori\/"]}]},{"@type":"ImageObject","inLanguage":"es","@id":"https:\/\/www.eldiario.net\/portal\/2023\/02\/02\/declaran-improcedente-habeas-corpus-a-favor-de-fujimori\/#primaryimage","url":"","contentUrl":""},{"@type":"BreadcrumbList","@id":"https:\/\/www.eldiario.net\/portal\/2023\/02\/02\/declaran-improcedente-habeas-corpus-a-favor-de-fujimori\/#breadcrumb","itemListElement":[{"@type":"ListItem","position":1,"name":"Portada","item":"https:\/\/www.eldiario.net\/portal\/"},{"@type":"ListItem","position":2,"name":"Declaran improcedente habeas corpus a favor de Fujimori"}]},{"@type":"WebSite","@id":"https:\/\/www.eldiario.net\/portal\/#website","url":"https:\/\/www.eldiario.net\/portal\/","name":"El Diario - Decano de la prensa nacional","description":"El Diario - Decano de la prensa nacional","publisher":{"@id":"https:\/\/www.eldiario.net\/portal\/#organization"},"potentialAction":[{"@type":"SearchAction","target":{"@type":"EntryPoint","urlTemplate":"https:\/\/www.eldiario.net\/portal\/?s={search_term_string}"},"query-input":{"@type":"PropertyValueSpecification","valueRequired":true,"valueName":"search_term_string"}}],"inLanguage":"es"},{"@type":"Organization","@id":"https:\/\/www.eldiario.net\/portal\/#organization","name":"El Diario - Decano de la prensa nacional","url":"https:\/\/www.eldiario.net\/portal\/","logo":{"@type":"ImageObject","inLanguage":"es","@id":"https:\/\/www.eldiario.net\/portal\/#\/schema\/logo\/image\/","url":"https:\/\/www.eldiario.net\/portal\/wp-content\/uploads\/2023\/07\/logo_ED.jpg","contentUrl":"https:\/\/www.eldiario.net\/portal\/wp-content\/uploads\/2023\/07\/logo_ED.jpg","width":272,"height":52,"caption":"El Diario - Decano de la prensa nacional"},"image":{"@id":"https:\/\/www.eldiario.net\/portal\/#\/schema\/logo\/image\/"},"sameAs":["https:\/\/www.facebook.com\/eldiario.bolivia\/","https:\/\/x.com\/eldiario_net"]},{"@type":"Person","@id":"https:\/\/www.eldiario.net\/portal\/#\/schema\/person\/f46445640444750d7d753ccd04ae01b7","name":"Jeanette","image":{"@type":"ImageObject","inLanguage":"es","@id":"https:\/\/secure.gravatar.com\/avatar\/3ea2118a5f7dad2b7138b1187a6b7ee55f160b9968b66013c3a3ef39dd7e5798?s=96&d=mm&r=g","url":"https:\/\/secure.gravatar.com\/avatar\/3ea2118a5f7dad2b7138b1187a6b7ee55f160b9968b66013c3a3ef39dd7e5798?s=96&d=mm&r=g","contentUrl":"https:\/\/secure.gravatar.com\/avatar\/3ea2118a5f7dad2b7138b1187a6b7ee55f160b9968b66013c3a3ef39dd7e5798?s=96&d=mm&r=g","caption":"Jeanette"},"sameAs":["https:\/\/www.eldiario.net\/portal"],"url":"https:\/\/www.eldiario.net\/portal\/author\/jeanette\/"}]}},"_links":{"self":[{"href":"https:\/\/www.eldiario.net\/portal\/wp-json\/wp\/v2\/posts\/136895","targetHints":{"allow":["GET"]}}],"collection":[{"href":"https:\/\/www.eldiario.net\/portal\/wp-json\/wp\/v2\/posts"}],"about":[{"href":"https:\/\/www.eldiario.net\/portal\/wp-json\/wp\/v2\/types\/post"}],"author":[{"embeddable":true,"href":"https:\/\/www.eldiario.net\/portal\/wp-json\/wp\/v2\/users\/1"}],"replies":[{"embeddable":true,"href":"https:\/\/www.eldiario.net\/portal\/wp-json\/wp\/v2\/comments?post=136895"}],"version-history":[{"count":0,"href":"https:\/\/www.eldiario.net\/portal\/wp-json\/wp\/v2\/posts\/136895\/revisions"}],"wp:attachment":[{"href":"https:\/\/www.eldiario.net\/portal\/wp-json\/wp\/v2\/media?parent=136895"}],"wp:term":[{"taxonomy":"category","embeddable":true,"href":"https:\/\/www.eldiario.net\/portal\/wp-json\/wp\/v2\/categories?post=136895"},{"taxonomy":"post_tag","embeddable":true,"href":"https:\/\/www.eldiario.net\/portal\/wp-json\/wp\/v2\/tags?post=136895"}],"curies":[{"name":"wp","href":"https:\/\/api.w.org\/{rel}","templated":true}]}}