{"id":136501,"date":"2023-02-07T00:43:26","date_gmt":"2023-02-07T04:43:26","guid":{"rendered":"https:\/\/www.eldiario.net\/portal\/?p=136501"},"modified":"2023-02-07T00:43:26","modified_gmt":"2023-02-07T04:43:26","slug":"justicia-da-24-horas-a-la-felcv-para-recibir-denuncia-de-esposa-camacho","status":"publish","type":"post","link":"https:\/\/www.eldiario.net\/portal\/2023\/02\/07\/justicia-da-24-horas-a-la-felcv-para-recibir-denuncia-de-esposa-camacho\/","title":{"rendered":"Justicia da 24 horas a la Felcv para  recibir denuncia de esposa Camacho"},"content":{"rendered":"<p>En audiencia de Acci\u00f3n de Libertad, una Sala Constitucional de Santa Cruz, determin\u00f3 ayer que en 24 horas la Fuerza Especial de Lucha Contra la Violencia (Felcv) reciba la denuncia de la esposa del gobernador Luis Fernando Camacho, por el caso de la presunta c\u00e1mara esp\u00eda.<\/p>\n<p>La orden judicial se dio despu\u00e9s que el pasado viernes, funcionarios de la Felcv de La Paz se negaron a recibir la denuncia que los abogados, que patrocinan a la familia del gobernador de Santa Cruz, intentaban interponer por delitos de violencia hacia la mujer.<\/p>\n<p>El abogado Juan Carlos Camacho explic\u00f3 que en el acto jur\u00eddico se demostr\u00f3 que existe vulneraci\u00f3n de derecho a la vida de la esposa de la autoridad, en aspectos que tienen que ver con su honra, vida digna y como mujer en situaci\u00f3n de violencia.<\/p>\n<p>El director de la Felcv, Rub\u00e9n Lobat\u00f3n, confirm\u00f3 que la tutela de la Acci\u00f3n de Libertad sali\u00f3 a favor de la parte accionante y que la unidad policial debe obedecer esa resoluci\u00f3n.<\/p>\n<p>&nbsp;<\/p>\n<p><strong>VULNERACI\u00d3N <\/strong><strong>DE DERECHOS<\/strong><\/p>\n<p>La diputada de oposici\u00f3n, Tatiana A\u00f1ez, advirti\u00f3 que la poblaci\u00f3n debe mantenerse alerta, ya que los Derechos Humanos quedan s\u00f3lo en el papel ya que la protecci\u00f3n que otorga la Ley 348 y la Constituci\u00f3n Pol\u00edtica del Estado (CPE) fueron sobrepasadas por el Gobierno en sus agresiones contra F\u00e1tima Jord\u00e1n, esposa del gobernador de Santa Cruz.<\/p>\n<p>\u201cPara que el justo pedido de F\u00e1tima Jord\u00e1n de respeto a sus derechos y castigo a los responsables tenga respuesta de todos los bolivianos, tenemos que entender que la violaci\u00f3n al derecho de la privacidad, a la intimidad, a las agresiones contra la familia est\u00e1n por encima de las diferencias pol\u00edticas. Esto tiene que ver con las libertades y en determinado momento con la vida misma\u201d, dijo la legisladora.<\/p>\n<p>F\u00e1tima Jord\u00e1n, esposa del gobernador de Santa Cruz, Luis Fernando Camacho, denunci\u00f3 que el Gobierno vulner\u00f3 sus derechos fundamentales y calific\u00f3 como un \u201cgrave abuso\u201d el haber grabado su intimidad como mujer y con su pareja a trav\u00e9s de una c\u00e1mara \u201cesp\u00eda\u201d en la celda de su esposo detenido en el penal de Chonchocoro del municipio de Viacha en La Paz.<\/p>\n<p>\u201cNo hay palabras para describir en c\u00f3mo me siento ante este tremendo abuso\u201d, indic\u00f3 Jord\u00e1n en una conferencia donde estuvo acompa\u00f1ada de mujeres parlamentarias nacionales y asamble\u00edstas de Creemos en la ciudad de Santa Cruz.<\/p>\n","protected":false},"excerpt":{"rendered":"<p>En audiencia de Acci\u00f3n de Libertad, una Sala Constitucional de Santa Cruz, determin\u00f3 ayer que en 24 horas la Fuerza Especial de Lucha Contra la Violencia (Felcv) reciba la denuncia de la esposa del gobernador Luis Fernando Camacho, por el caso de la presunta c\u00e1mara esp\u00eda. La orden judicial se dio despu\u00e9s que el pasado [&hellip;]<\/p>\n","protected":false},"author":1,"featured_media":136502,"comment_status":"closed","ping_status":"closed","sticky":false,"template":"","format":"standard","meta":{"_acf_changed":false,"footnotes":""},"categories":[39],"tags":[],"class_list":["post-136501","post","type-post","status-publish","format-standard","has-post-thumbnail","category-sociedad"],"acf":{"antetitulo":""},"yoast_head":"<!-- This site is optimized with the Yoast SEO plugin v28.4 - https:\/\/yoast.com\/product\/yoast-seo-wordpress\/ -->\n<title>Justicia da 24 horas a la Felcv para recibir denuncia de esposa Camacho - El Diario - Bolivia<\/title>\n<meta name=\"robots\" content=\"index, follow, max-snippet:-1, max-image-preview:large, max-video-preview:-1\" \/>\n<link rel=\"canonical\" href=\"https:\/\/www.eldiario.net\/portal\/2023\/02\/07\/justicia-da-24-horas-a-la-felcv-para-recibir-denuncia-de-esposa-camacho\/\" \/>\n<meta property=\"og:locale\" content=\"es_ES\" \/>\n<meta property=\"og:type\" content=\"article\" \/>\n<meta property=\"og:title\" content=\"Justicia da 24 horas a la Felcv para recibir denuncia de esposa Camacho - El Diario - Bolivia\" \/>\n<meta property=\"og:description\" content=\"En audiencia de Acci\u00f3n de Libertad, una Sala Constitucional de Santa Cruz, determin\u00f3 ayer que en 24 horas la Fuerza Especial de Lucha Contra la Violencia (Felcv) reciba la denuncia de la esposa del gobernador Luis Fernando Camacho, por el caso de la presunta c\u00e1mara esp\u00eda. La orden judicial se dio despu\u00e9s que el pasado [&hellip;]\" \/>\n<meta property=\"og:url\" content=\"https:\/\/www.eldiario.net\/portal\/2023\/02\/07\/justicia-da-24-horas-a-la-felcv-para-recibir-denuncia-de-esposa-camacho\/\" \/>\n<meta property=\"og:site_name\" content=\"El Diario - Bolivia\" \/>\n<meta property=\"article:publisher\" content=\"https:\/\/www.facebook.com\/eldiario.bolivia\/\" \/>\n<meta property=\"article:published_time\" content=\"2023-02-07T04:43:26+00:00\" \/>\n<meta name=\"author\" content=\"Jeanette\" \/>\n<meta name=\"twitter:card\" content=\"summary_large_image\" \/>\n<meta name=\"twitter:creator\" content=\"@eldiario_net\" \/>\n<meta name=\"twitter:site\" content=\"@eldiario_net\" \/>\n<meta name=\"twitter:label1\" content=\"Escrito por\" \/>\n\t<meta name=\"twitter:data1\" content=\"Jeanette\" \/>\n\t<meta name=\"twitter:label2\" content=\"Tiempo de lectura\" \/>\n\t<meta name=\"twitter:data2\" content=\"2 minutos\" \/>\n<script type=\"application\/ld+json\" class=\"yoast-schema-graph\">{\"@context\":\"https:\\\/\\\/schema.org\",\"@graph\":[{\"@type\":\"Article\",\"@id\":\"https:\\\/\\\/www.eldiario.net\\\/portal\\\/2023\\\/02\\\/07\\\/justicia-da-24-horas-a-la-felcv-para-recibir-denuncia-de-esposa-camacho\\\/#article\",\"isPartOf\":{\"@id\":\"https:\\\/\\\/www.eldiario.net\\\/portal\\\/2023\\\/02\\\/07\\\/justicia-da-24-horas-a-la-felcv-para-recibir-denuncia-de-esposa-camacho\\\/\"},\"author\":{\"name\":\"Jeanette\",\"@id\":\"https:\\\/\\\/www.eldiario.net\\\/portal\\\/#\\\/schema\\\/person\\\/2c57cf2b7a7ae032e449e4c9b1019eac\"},\"headline\":\"Justicia da 24 horas a la Felcv para recibir denuncia de esposa Camacho\",\"datePublished\":\"2023-02-07T04:43:26+00:00\",\"mainEntityOfPage\":{\"@id\":\"https:\\\/\\\/www.eldiario.net\\\/portal\\\/2023\\\/02\\\/07\\\/justicia-da-24-horas-a-la-felcv-para-recibir-denuncia-de-esposa-camacho\\\/\"},\"wordCount\":438,\"publisher\":{\"@id\":\"https:\\\/\\\/www.eldiario.net\\\/portal\\\/#organization\"},\"image\":{\"@id\":\"https:\\\/\\\/www.eldiario.net\\\/portal\\\/2023\\\/02\\\/07\\\/justicia-da-24-horas-a-la-felcv-para-recibir-denuncia-de-esposa-camacho\\\/#primaryimage\"},\"thumbnailUrl\":\"\",\"articleSection\":[\"Sociedad - Seguridad\"],\"inLanguage\":\"es\"},{\"@type\":\"WebPage\",\"@id\":\"https:\\\/\\\/www.eldiario.net\\\/portal\\\/2023\\\/02\\\/07\\\/justicia-da-24-horas-a-la-felcv-para-recibir-denuncia-de-esposa-camacho\\\/\",\"url\":\"https:\\\/\\\/www.eldiario.net\\\/portal\\\/2023\\\/02\\\/07\\\/justicia-da-24-horas-a-la-felcv-para-recibir-denuncia-de-esposa-camacho\\\/\",\"name\":\"Justicia da 24 horas a la Felcv para recibir denuncia de esposa Camacho - El Diario - Bolivia\",\"isPartOf\":{\"@id\":\"https:\\\/\\\/www.eldiario.net\\\/portal\\\/#website\"},\"primaryImageOfPage\":{\"@id\":\"https:\\\/\\\/www.eldiario.net\\\/portal\\\/2023\\\/02\\\/07\\\/justicia-da-24-horas-a-la-felcv-para-recibir-denuncia-de-esposa-camacho\\\/#primaryimage\"},\"image\":{\"@id\":\"https:\\\/\\\/www.eldiario.net\\\/portal\\\/2023\\\/02\\\/07\\\/justicia-da-24-horas-a-la-felcv-para-recibir-denuncia-de-esposa-camacho\\\/#primaryimage\"},\"thumbnailUrl\":\"\",\"datePublished\":\"2023-02-07T04:43:26+00:00\",\"breadcrumb\":{\"@id\":\"https:\\\/\\\/www.eldiario.net\\\/portal\\\/2023\\\/02\\\/07\\\/justicia-da-24-horas-a-la-felcv-para-recibir-denuncia-de-esposa-camacho\\\/#breadcrumb\"},\"inLanguage\":\"es\",\"potentialAction\":[{\"@type\":\"ReadAction\",\"target\":[\"https:\\\/\\\/www.eldiario.net\\\/portal\\\/2023\\\/02\\\/07\\\/justicia-da-24-horas-a-la-felcv-para-recibir-denuncia-de-esposa-camacho\\\/\"]}]},{\"@type\":\"ImageObject\",\"inLanguage\":\"es\",\"@id\":\"https:\\\/\\\/www.eldiario.net\\\/portal\\\/2023\\\/02\\\/07\\\/justicia-da-24-horas-a-la-felcv-para-recibir-denuncia-de-esposa-camacho\\\/#primaryimage\",\"url\":\"\",\"contentUrl\":\"\"},{\"@type\":\"BreadcrumbList\",\"@id\":\"https:\\\/\\\/www.eldiario.net\\\/portal\\\/2023\\\/02\\\/07\\\/justicia-da-24-horas-a-la-felcv-para-recibir-denuncia-de-esposa-camacho\\\/#breadcrumb\",\"itemListElement\":[{\"@type\":\"ListItem\",\"position\":1,\"name\":\"Portada\",\"item\":\"https:\\\/\\\/www.eldiario.net\\\/portal\\\/\"},{\"@type\":\"ListItem\",\"position\":2,\"name\":\"Justicia da 24 horas a la Felcv para recibir denuncia de esposa Camacho\"}]},{\"@type\":\"WebSite\",\"@id\":\"https:\\\/\\\/www.eldiario.net\\\/portal\\\/#website\",\"url\":\"https:\\\/\\\/www.eldiario.net\\\/portal\\\/\",\"name\":\"El Diario - Decano de la prensa nacional\",\"description\":\"El Diario - Decano de la prensa nacional\",\"publisher\":{\"@id\":\"https:\\\/\\\/www.eldiario.net\\\/portal\\\/#organization\"},\"potentialAction\":[{\"@type\":\"SearchAction\",\"target\":{\"@type\":\"EntryPoint\",\"urlTemplate\":\"https:\\\/\\\/www.eldiario.net\\\/portal\\\/?s={search_term_string}\"},\"query-input\":{\"@type\":\"PropertyValueSpecification\",\"valueRequired\":true,\"valueName\":\"search_term_string\"}}],\"inLanguage\":\"es\"},{\"@type\":\"Organization\",\"@id\":\"https:\\\/\\\/www.eldiario.net\\\/portal\\\/#organization\",\"name\":\"El Diario - Decano de la prensa nacional\",\"url\":\"https:\\\/\\\/www.eldiario.net\\\/portal\\\/\",\"logo\":{\"@type\":\"ImageObject\",\"inLanguage\":\"es\",\"@id\":\"https:\\\/\\\/www.eldiario.net\\\/portal\\\/#\\\/schema\\\/logo\\\/image\\\/\",\"url\":\"https:\\\/\\\/www.eldiario.net\\\/portal\\\/wp-content\\\/uploads\\\/2023\\\/07\\\/logo_ED.jpg\",\"contentUrl\":\"https:\\\/\\\/www.eldiario.net\\\/portal\\\/wp-content\\\/uploads\\\/2023\\\/07\\\/logo_ED.jpg\",\"width\":272,\"height\":52,\"caption\":\"El Diario - Decano de la prensa nacional\"},\"image\":{\"@id\":\"https:\\\/\\\/www.eldiario.net\\\/portal\\\/#\\\/schema\\\/logo\\\/image\\\/\"},\"sameAs\":[\"https:\\\/\\\/www.facebook.com\\\/eldiario.bolivia\\\/\",\"https:\\\/\\\/x.com\\\/eldiario_net\"]},{\"@type\":\"Person\",\"@id\":\"https:\\\/\\\/www.eldiario.net\\\/portal\\\/#\\\/schema\\\/person\\\/2c57cf2b7a7ae032e449e4c9b1019eac\",\"name\":\"Jeanette\",\"image\":{\"@type\":\"ImageObject\",\"inLanguage\":\"es\",\"@id\":\"https:\\\/\\\/secure.gravatar.com\\\/avatar\\\/3ea2118a5f7dad2b7138b1187a6b7ee55f160b9968b66013c3a3ef39dd7e5798?s=96&d=mm&r=g\",\"url\":\"https:\\\/\\\/secure.gravatar.com\\\/avatar\\\/3ea2118a5f7dad2b7138b1187a6b7ee55f160b9968b66013c3a3ef39dd7e5798?s=96&d=mm&r=g\",\"contentUrl\":\"https:\\\/\\\/secure.gravatar.com\\\/avatar\\\/3ea2118a5f7dad2b7138b1187a6b7ee55f160b9968b66013c3a3ef39dd7e5798?s=96&d=mm&r=g\",\"caption\":\"Jeanette\"},\"sameAs\":[\"https:\\\/\\\/www.eldiario.net\\\/portal\"],\"url\":\"https:\\\/\\\/www.eldiario.net\\\/portal\\\/author\\\/jeanette\\\/\"}]}<\/script>\n<!-- \/ Yoast SEO plugin. -->","yoast_head_json":{"title":"Justicia da 24 horas a la Felcv para recibir denuncia de esposa Camacho - El Diario - Bolivia","robots":{"index":"index","follow":"follow","max-snippet":"max-snippet:-1","max-image-preview":"max-image-preview:large","max-video-preview":"max-video-preview:-1"},"canonical":"https:\/\/www.eldiario.net\/portal\/2023\/02\/07\/justicia-da-24-horas-a-la-felcv-para-recibir-denuncia-de-esposa-camacho\/","og_locale":"es_ES","og_type":"article","og_title":"Justicia da 24 horas a la Felcv para recibir denuncia de esposa Camacho - El Diario - Bolivia","og_description":"En audiencia de Acci\u00f3n de Libertad, una Sala Constitucional de Santa Cruz, determin\u00f3 ayer que en 24 horas la Fuerza Especial de Lucha Contra la Violencia (Felcv) reciba la denuncia de la esposa del gobernador Luis Fernando Camacho, por el caso de la presunta c\u00e1mara esp\u00eda. La orden judicial se dio despu\u00e9s que el pasado [&hellip;]","og_url":"https:\/\/www.eldiario.net\/portal\/2023\/02\/07\/justicia-da-24-horas-a-la-felcv-para-recibir-denuncia-de-esposa-camacho\/","og_site_name":"El Diario - Bolivia","article_publisher":"https:\/\/www.facebook.com\/eldiario.bolivia\/","article_published_time":"2023-02-07T04:43:26+00:00","author":"Jeanette","twitter_card":"summary_large_image","twitter_creator":"@eldiario_net","twitter_site":"@eldiario_net","twitter_misc":{"Escrito por":"Jeanette","Tiempo de lectura":"2 minutos"},"schema":{"@context":"https:\/\/schema.org","@graph":[{"@type":"Article","@id":"https:\/\/www.eldiario.net\/portal\/2023\/02\/07\/justicia-da-24-horas-a-la-felcv-para-recibir-denuncia-de-esposa-camacho\/#article","isPartOf":{"@id":"https:\/\/www.eldiario.net\/portal\/2023\/02\/07\/justicia-da-24-horas-a-la-felcv-para-recibir-denuncia-de-esposa-camacho\/"},"author":{"name":"Jeanette","@id":"https:\/\/www.eldiario.net\/portal\/#\/schema\/person\/2c57cf2b7a7ae032e449e4c9b1019eac"},"headline":"Justicia da 24 horas a la Felcv para recibir denuncia de esposa Camacho","datePublished":"2023-02-07T04:43:26+00:00","mainEntityOfPage":{"@id":"https:\/\/www.eldiario.net\/portal\/2023\/02\/07\/justicia-da-24-horas-a-la-felcv-para-recibir-denuncia-de-esposa-camacho\/"},"wordCount":438,"publisher":{"@id":"https:\/\/www.eldiario.net\/portal\/#organization"},"image":{"@id":"https:\/\/www.eldiario.net\/portal\/2023\/02\/07\/justicia-da-24-horas-a-la-felcv-para-recibir-denuncia-de-esposa-camacho\/#primaryimage"},"thumbnailUrl":"","articleSection":["Sociedad - Seguridad"],"inLanguage":"es"},{"@type":"WebPage","@id":"https:\/\/www.eldiario.net\/portal\/2023\/02\/07\/justicia-da-24-horas-a-la-felcv-para-recibir-denuncia-de-esposa-camacho\/","url":"https:\/\/www.eldiario.net\/portal\/2023\/02\/07\/justicia-da-24-horas-a-la-felcv-para-recibir-denuncia-de-esposa-camacho\/","name":"Justicia da 24 horas a la Felcv para recibir denuncia de esposa Camacho - El Diario - Bolivia","isPartOf":{"@id":"https:\/\/www.eldiario.net\/portal\/#website"},"primaryImageOfPage":{"@id":"https:\/\/www.eldiario.net\/portal\/2023\/02\/07\/justicia-da-24-horas-a-la-felcv-para-recibir-denuncia-de-esposa-camacho\/#primaryimage"},"image":{"@id":"https:\/\/www.eldiario.net\/portal\/2023\/02\/07\/justicia-da-24-horas-a-la-felcv-para-recibir-denuncia-de-esposa-camacho\/#primaryimage"},"thumbnailUrl":"","datePublished":"2023-02-07T04:43:26+00:00","breadcrumb":{"@id":"https:\/\/www.eldiario.net\/portal\/2023\/02\/07\/justicia-da-24-horas-a-la-felcv-para-recibir-denuncia-de-esposa-camacho\/#breadcrumb"},"inLanguage":"es","potentialAction":[{"@type":"ReadAction","target":["https:\/\/www.eldiario.net\/portal\/2023\/02\/07\/justicia-da-24-horas-a-la-felcv-para-recibir-denuncia-de-esposa-camacho\/"]}]},{"@type":"ImageObject","inLanguage":"es","@id":"https:\/\/www.eldiario.net\/portal\/2023\/02\/07\/justicia-da-24-horas-a-la-felcv-para-recibir-denuncia-de-esposa-camacho\/#primaryimage","url":"","contentUrl":""},{"@type":"BreadcrumbList","@id":"https:\/\/www.eldiario.net\/portal\/2023\/02\/07\/justicia-da-24-horas-a-la-felcv-para-recibir-denuncia-de-esposa-camacho\/#breadcrumb","itemListElement":[{"@type":"ListItem","position":1,"name":"Portada","item":"https:\/\/www.eldiario.net\/portal\/"},{"@type":"ListItem","position":2,"name":"Justicia da 24 horas a la Felcv para recibir denuncia de esposa Camacho"}]},{"@type":"WebSite","@id":"https:\/\/www.eldiario.net\/portal\/#website","url":"https:\/\/www.eldiario.net\/portal\/","name":"El Diario - Decano de la prensa nacional","description":"El Diario - Decano de la prensa nacional","publisher":{"@id":"https:\/\/www.eldiario.net\/portal\/#organization"},"potentialAction":[{"@type":"SearchAction","target":{"@type":"EntryPoint","urlTemplate":"https:\/\/www.eldiario.net\/portal\/?s={search_term_string}"},"query-input":{"@type":"PropertyValueSpecification","valueRequired":true,"valueName":"search_term_string"}}],"inLanguage":"es"},{"@type":"Organization","@id":"https:\/\/www.eldiario.net\/portal\/#organization","name":"El Diario - Decano de la prensa nacional","url":"https:\/\/www.eldiario.net\/portal\/","logo":{"@type":"ImageObject","inLanguage":"es","@id":"https:\/\/www.eldiario.net\/portal\/#\/schema\/logo\/image\/","url":"https:\/\/www.eldiario.net\/portal\/wp-content\/uploads\/2023\/07\/logo_ED.jpg","contentUrl":"https:\/\/www.eldiario.net\/portal\/wp-content\/uploads\/2023\/07\/logo_ED.jpg","width":272,"height":52,"caption":"El Diario - Decano de la prensa nacional"},"image":{"@id":"https:\/\/www.eldiario.net\/portal\/#\/schema\/logo\/image\/"},"sameAs":["https:\/\/www.facebook.com\/eldiario.bolivia\/","https:\/\/x.com\/eldiario_net"]},{"@type":"Person","@id":"https:\/\/www.eldiario.net\/portal\/#\/schema\/person\/2c57cf2b7a7ae032e449e4c9b1019eac","name":"Jeanette","image":{"@type":"ImageObject","inLanguage":"es","@id":"https:\/\/secure.gravatar.com\/avatar\/3ea2118a5f7dad2b7138b1187a6b7ee55f160b9968b66013c3a3ef39dd7e5798?s=96&d=mm&r=g","url":"https:\/\/secure.gravatar.com\/avatar\/3ea2118a5f7dad2b7138b1187a6b7ee55f160b9968b66013c3a3ef39dd7e5798?s=96&d=mm&r=g","contentUrl":"https:\/\/secure.gravatar.com\/avatar\/3ea2118a5f7dad2b7138b1187a6b7ee55f160b9968b66013c3a3ef39dd7e5798?s=96&d=mm&r=g","caption":"Jeanette"},"sameAs":["https:\/\/www.eldiario.net\/portal"],"url":"https:\/\/www.eldiario.net\/portal\/author\/jeanette\/"}]}},"_links":{"self":[{"href":"https:\/\/www.eldiario.net\/portal\/wp-json\/wp\/v2\/posts\/136501","targetHints":{"allow":["GET"]}}],"collection":[{"href":"https:\/\/www.eldiario.net\/portal\/wp-json\/wp\/v2\/posts"}],"about":[{"href":"https:\/\/www.eldiario.net\/portal\/wp-json\/wp\/v2\/types\/post"}],"author":[{"embeddable":true,"href":"https:\/\/www.eldiario.net\/portal\/wp-json\/wp\/v2\/users\/1"}],"replies":[{"embeddable":true,"href":"https:\/\/www.eldiario.net\/portal\/wp-json\/wp\/v2\/comments?post=136501"}],"version-history":[{"count":0,"href":"https:\/\/www.eldiario.net\/portal\/wp-json\/wp\/v2\/posts\/136501\/revisions"}],"wp:attachment":[{"href":"https:\/\/www.eldiario.net\/portal\/wp-json\/wp\/v2\/media?parent=136501"}],"wp:term":[{"taxonomy":"category","embeddable":true,"href":"https:\/\/www.eldiario.net\/portal\/wp-json\/wp\/v2\/categories?post=136501"},{"taxonomy":"post_tag","embeddable":true,"href":"https:\/\/www.eldiario.net\/portal\/wp-json\/wp\/v2\/tags?post=136501"}],"curies":[{"name":"wp","href":"https:\/\/api.w.org\/{rel}","templated":true}]}}