{"id":136429,"date":"2023-02-07T05:55:33","date_gmt":"2023-02-07T09:55:33","guid":{"rendered":"https:\/\/www.eldiario.net\/portal\/?p=136429"},"modified":"2023-02-07T05:55:33","modified_gmt":"2023-02-07T09:55:33","slug":"fuga-de-brasilenos-podria-derivar-en-proceso-disciplinario-para-policias","status":"publish","type":"post","link":"https:\/\/www.eldiario.net\/portal\/2023\/02\/07\/fuga-de-brasilenos-podria-derivar-en-proceso-disciplinario-para-policias\/","title":{"rendered":"Fuga de brasile\u00f1os podr\u00eda derivar en  proceso disciplinario para polic\u00edas"},"content":{"rendered":"<p>El Inspector General de la Polic\u00eda, Augusto Russo, inform\u00f3 que solicitaron un informe detallado sobre la fuga del reo brasile\u00f1o que la semana pasada dej\u00f3 el saldo de un uniformado asesinado y otro herido. Aclar\u00f3 que en funci\u00f3n de ello se podr\u00eda iniciar un proceso disciplinario a funcionarios que tengan responsabilidad.<\/p>\n<p>\u201cMi autoridad ha pedido con memorando al director nacional de Seguridad Penitenciaria, coronel Romero, a objeto de que se remitan todos los informes de todos los efectivos policiales involucrados en el tema, no solamente de los que han custodiado, sino de los que designan, del jefe de seguridad, del gobernador y todas las personas que tienen que ver con la seguridad en el penal de Chonchocoro\u201d, dijo Russo a Erbol.<\/p>\n<p>Por otro lado, el abogado y exdirector de R\u00e9gimen Penitenciario, Ramiro Llanos, advirti\u00f3 que no hay reglamento de c\u00e1rceles, ni protocolos para salidas, por lo que todo es improvisado, como la salida del reo brasile\u00f1o en un veh\u00edculo particular del polic\u00eda que muri\u00f3 el martes 31 de enero de 2023.<\/p>\n<p>\u201cEl control penitenciario se relaja si no hay disciplina, por eso, desde arriba debe haber un control de pr\u00e1cticas inadecuadas c\u00f3mo la falta de clasificaci\u00f3n, no funciona el consejo penitenciario (abogado, psic\u00f3logo, trabajador social, m\u00e9dico y gobernador del recinto). Hay inexistencia de especializaci\u00f3n en personal de seguridad, personal civil sin vocaci\u00f3n ni capacitaci\u00f3n\u201d, advirti\u00f3.<\/p>\n<p>Manifest\u00f3 que en ese \u201cambiente donde se hace lo que se puede\u201d, la delincuencia act\u00faa y aprovecha posibilidades de realizar il\u00edcitos.<\/p>\n<p>\u201cLa c\u00e1rcel es como el ajedrez, te descuidas y te gana la delincuencia. Al no haber motivaci\u00f3n para rehabilitaci\u00f3n, los privados de libertad solo ven apresurar sus salidas incluso fugando, utilizando para esto a los servidores penitenciarios\u201d, asever\u00f3.<\/p>\n<p>En ese marco dijo que es necesaria la reforma Penitenciaria (ley del sistema penitenciario) que est\u00e1 en la Asamblea Legislativa desde hace siete a\u00f1os.<\/p>\n<p>\u201cSe deben cambiar las causas que generan est\u00e1s motivaciones que buscan las fugas, el efecto es lo que sucedi\u00f3 ayer (martes) con la fuga de un interno brasile\u00f1o\u201d, apunt\u00f3.<\/p>\n<p>&nbsp;<\/p>\n","protected":false},"excerpt":{"rendered":"<p>El Inspector General de la Polic\u00eda, Augusto Russo, inform\u00f3 que solicitaron un informe detallado sobre la fuga del reo brasile\u00f1o que la semana pasada dej\u00f3 el saldo de un uniformado asesinado y otro herido. Aclar\u00f3 que en funci\u00f3n de ello se podr\u00eda iniciar un proceso disciplinario a funcionarios que tengan responsabilidad. \u201cMi autoridad ha pedido [&hellip;]<\/p>\n","protected":false},"author":1,"featured_media":136430,"comment_status":"closed","ping_status":"closed","sticky":false,"template":"","format":"standard","meta":{"_acf_changed":false,"footnotes":""},"categories":[39],"tags":[],"class_list":["post-136429","post","type-post","status-publish","format-standard","has-post-thumbnail","category-sociedad"],"acf":{"antetitulo":""},"yoast_head":"<!-- This site is optimized with the Yoast SEO plugin v28.3 - https:\/\/yoast.com\/product\/yoast-seo-wordpress\/ -->\n<title>Fuga de brasile\u00f1os podr\u00eda derivar en proceso disciplinario para polic\u00edas - El Diario - Bolivia<\/title>\n<meta name=\"robots\" content=\"index, follow, max-snippet:-1, max-image-preview:large, max-video-preview:-1\" \/>\n<link rel=\"canonical\" href=\"https:\/\/www.eldiario.net\/portal\/2023\/02\/07\/fuga-de-brasilenos-podria-derivar-en-proceso-disciplinario-para-policias\/\" \/>\n<meta property=\"og:locale\" content=\"es_ES\" \/>\n<meta property=\"og:type\" content=\"article\" \/>\n<meta property=\"og:title\" content=\"Fuga de brasile\u00f1os podr\u00eda derivar en proceso disciplinario para polic\u00edas - El Diario - Bolivia\" \/>\n<meta property=\"og:description\" content=\"El Inspector General de la Polic\u00eda, Augusto Russo, inform\u00f3 que solicitaron un informe detallado sobre la fuga del reo brasile\u00f1o que la semana pasada dej\u00f3 el saldo de un uniformado asesinado y otro herido. Aclar\u00f3 que en funci\u00f3n de ello se podr\u00eda iniciar un proceso disciplinario a funcionarios que tengan responsabilidad. \u201cMi autoridad ha pedido [&hellip;]\" \/>\n<meta property=\"og:url\" content=\"https:\/\/www.eldiario.net\/portal\/2023\/02\/07\/fuga-de-brasilenos-podria-derivar-en-proceso-disciplinario-para-policias\/\" \/>\n<meta property=\"og:site_name\" content=\"El Diario - Bolivia\" \/>\n<meta property=\"article:publisher\" content=\"https:\/\/www.facebook.com\/eldiario.bolivia\/\" \/>\n<meta property=\"article:published_time\" content=\"2023-02-07T09:55:33+00:00\" \/>\n<meta name=\"author\" content=\"Jeanette\" \/>\n<meta name=\"twitter:card\" content=\"summary_large_image\" \/>\n<meta name=\"twitter:creator\" content=\"@eldiario_net\" \/>\n<meta name=\"twitter:site\" content=\"@eldiario_net\" \/>\n<meta name=\"twitter:label1\" content=\"Escrito por\" \/>\n\t<meta name=\"twitter:data1\" content=\"Jeanette\" \/>\n\t<meta name=\"twitter:label2\" content=\"Tiempo de lectura\" \/>\n\t<meta name=\"twitter:data2\" content=\"2 minutos\" \/>\n<script type=\"application\/ld+json\" class=\"yoast-schema-graph\">{\"@context\":\"https:\\\/\\\/schema.org\",\"@graph\":[{\"@type\":\"Article\",\"@id\":\"https:\\\/\\\/www.eldiario.net\\\/portal\\\/2023\\\/02\\\/07\\\/fuga-de-brasilenos-podria-derivar-en-proceso-disciplinario-para-policias\\\/#article\",\"isPartOf\":{\"@id\":\"https:\\\/\\\/www.eldiario.net\\\/portal\\\/2023\\\/02\\\/07\\\/fuga-de-brasilenos-podria-derivar-en-proceso-disciplinario-para-policias\\\/\"},\"author\":{\"name\":\"Jeanette\",\"@id\":\"https:\\\/\\\/www.eldiario.net\\\/portal\\\/#\\\/schema\\\/person\\\/f46445640444750d7d753ccd04ae01b7\"},\"headline\":\"Fuga de brasile\u00f1os podr\u00eda derivar en proceso disciplinario para polic\u00edas\",\"datePublished\":\"2023-02-07T09:55:33+00:00\",\"mainEntityOfPage\":{\"@id\":\"https:\\\/\\\/www.eldiario.net\\\/portal\\\/2023\\\/02\\\/07\\\/fuga-de-brasilenos-podria-derivar-en-proceso-disciplinario-para-policias\\\/\"},\"wordCount\":374,\"publisher\":{\"@id\":\"https:\\\/\\\/www.eldiario.net\\\/portal\\\/#organization\"},\"image\":{\"@id\":\"https:\\\/\\\/www.eldiario.net\\\/portal\\\/2023\\\/02\\\/07\\\/fuga-de-brasilenos-podria-derivar-en-proceso-disciplinario-para-policias\\\/#primaryimage\"},\"thumbnailUrl\":\"\",\"articleSection\":[\"Sociedad - Seguridad\"],\"inLanguage\":\"es\"},{\"@type\":\"WebPage\",\"@id\":\"https:\\\/\\\/www.eldiario.net\\\/portal\\\/2023\\\/02\\\/07\\\/fuga-de-brasilenos-podria-derivar-en-proceso-disciplinario-para-policias\\\/\",\"url\":\"https:\\\/\\\/www.eldiario.net\\\/portal\\\/2023\\\/02\\\/07\\\/fuga-de-brasilenos-podria-derivar-en-proceso-disciplinario-para-policias\\\/\",\"name\":\"Fuga de brasile\u00f1os podr\u00eda derivar en proceso disciplinario para polic\u00edas - El Diario - Bolivia\",\"isPartOf\":{\"@id\":\"https:\\\/\\\/www.eldiario.net\\\/portal\\\/#website\"},\"primaryImageOfPage\":{\"@id\":\"https:\\\/\\\/www.eldiario.net\\\/portal\\\/2023\\\/02\\\/07\\\/fuga-de-brasilenos-podria-derivar-en-proceso-disciplinario-para-policias\\\/#primaryimage\"},\"image\":{\"@id\":\"https:\\\/\\\/www.eldiario.net\\\/portal\\\/2023\\\/02\\\/07\\\/fuga-de-brasilenos-podria-derivar-en-proceso-disciplinario-para-policias\\\/#primaryimage\"},\"thumbnailUrl\":\"\",\"datePublished\":\"2023-02-07T09:55:33+00:00\",\"breadcrumb\":{\"@id\":\"https:\\\/\\\/www.eldiario.net\\\/portal\\\/2023\\\/02\\\/07\\\/fuga-de-brasilenos-podria-derivar-en-proceso-disciplinario-para-policias\\\/#breadcrumb\"},\"inLanguage\":\"es\",\"potentialAction\":[{\"@type\":\"ReadAction\",\"target\":[\"https:\\\/\\\/www.eldiario.net\\\/portal\\\/2023\\\/02\\\/07\\\/fuga-de-brasilenos-podria-derivar-en-proceso-disciplinario-para-policias\\\/\"]}]},{\"@type\":\"ImageObject\",\"inLanguage\":\"es\",\"@id\":\"https:\\\/\\\/www.eldiario.net\\\/portal\\\/2023\\\/02\\\/07\\\/fuga-de-brasilenos-podria-derivar-en-proceso-disciplinario-para-policias\\\/#primaryimage\",\"url\":\"\",\"contentUrl\":\"\"},{\"@type\":\"BreadcrumbList\",\"@id\":\"https:\\\/\\\/www.eldiario.net\\\/portal\\\/2023\\\/02\\\/07\\\/fuga-de-brasilenos-podria-derivar-en-proceso-disciplinario-para-policias\\\/#breadcrumb\",\"itemListElement\":[{\"@type\":\"ListItem\",\"position\":1,\"name\":\"Portada\",\"item\":\"https:\\\/\\\/www.eldiario.net\\\/portal\\\/\"},{\"@type\":\"ListItem\",\"position\":2,\"name\":\"Fuga de brasile\u00f1os podr\u00eda derivar en proceso disciplinario para polic\u00edas\"}]},{\"@type\":\"WebSite\",\"@id\":\"https:\\\/\\\/www.eldiario.net\\\/portal\\\/#website\",\"url\":\"https:\\\/\\\/www.eldiario.net\\\/portal\\\/\",\"name\":\"El Diario - Decano de la prensa nacional\",\"description\":\"El Diario - Decano de la prensa nacional\",\"publisher\":{\"@id\":\"https:\\\/\\\/www.eldiario.net\\\/portal\\\/#organization\"},\"potentialAction\":[{\"@type\":\"SearchAction\",\"target\":{\"@type\":\"EntryPoint\",\"urlTemplate\":\"https:\\\/\\\/www.eldiario.net\\\/portal\\\/?s={search_term_string}\"},\"query-input\":{\"@type\":\"PropertyValueSpecification\",\"valueRequired\":true,\"valueName\":\"search_term_string\"}}],\"inLanguage\":\"es\"},{\"@type\":\"Organization\",\"@id\":\"https:\\\/\\\/www.eldiario.net\\\/portal\\\/#organization\",\"name\":\"El Diario - Decano de la prensa nacional\",\"url\":\"https:\\\/\\\/www.eldiario.net\\\/portal\\\/\",\"logo\":{\"@type\":\"ImageObject\",\"inLanguage\":\"es\",\"@id\":\"https:\\\/\\\/www.eldiario.net\\\/portal\\\/#\\\/schema\\\/logo\\\/image\\\/\",\"url\":\"https:\\\/\\\/www.eldiario.net\\\/portal\\\/wp-content\\\/uploads\\\/2023\\\/07\\\/logo_ED.jpg\",\"contentUrl\":\"https:\\\/\\\/www.eldiario.net\\\/portal\\\/wp-content\\\/uploads\\\/2023\\\/07\\\/logo_ED.jpg\",\"width\":272,\"height\":52,\"caption\":\"El Diario - Decano de la prensa nacional\"},\"image\":{\"@id\":\"https:\\\/\\\/www.eldiario.net\\\/portal\\\/#\\\/schema\\\/logo\\\/image\\\/\"},\"sameAs\":[\"https:\\\/\\\/www.facebook.com\\\/eldiario.bolivia\\\/\",\"https:\\\/\\\/x.com\\\/eldiario_net\"]},{\"@type\":\"Person\",\"@id\":\"https:\\\/\\\/www.eldiario.net\\\/portal\\\/#\\\/schema\\\/person\\\/f46445640444750d7d753ccd04ae01b7\",\"name\":\"Jeanette\",\"image\":{\"@type\":\"ImageObject\",\"inLanguage\":\"es\",\"@id\":\"https:\\\/\\\/secure.gravatar.com\\\/avatar\\\/3ea2118a5f7dad2b7138b1187a6b7ee55f160b9968b66013c3a3ef39dd7e5798?s=96&d=mm&r=g\",\"url\":\"https:\\\/\\\/secure.gravatar.com\\\/avatar\\\/3ea2118a5f7dad2b7138b1187a6b7ee55f160b9968b66013c3a3ef39dd7e5798?s=96&d=mm&r=g\",\"contentUrl\":\"https:\\\/\\\/secure.gravatar.com\\\/avatar\\\/3ea2118a5f7dad2b7138b1187a6b7ee55f160b9968b66013c3a3ef39dd7e5798?s=96&d=mm&r=g\",\"caption\":\"Jeanette\"},\"sameAs\":[\"https:\\\/\\\/www.eldiario.net\\\/portal\"],\"url\":\"https:\\\/\\\/www.eldiario.net\\\/portal\\\/author\\\/jeanette\\\/\"}]}<\/script>\n<!-- \/ Yoast SEO plugin. -->","yoast_head_json":{"title":"Fuga de brasile\u00f1os podr\u00eda derivar en proceso disciplinario para polic\u00edas - El Diario - Bolivia","robots":{"index":"index","follow":"follow","max-snippet":"max-snippet:-1","max-image-preview":"max-image-preview:large","max-video-preview":"max-video-preview:-1"},"canonical":"https:\/\/www.eldiario.net\/portal\/2023\/02\/07\/fuga-de-brasilenos-podria-derivar-en-proceso-disciplinario-para-policias\/","og_locale":"es_ES","og_type":"article","og_title":"Fuga de brasile\u00f1os podr\u00eda derivar en proceso disciplinario para polic\u00edas - El Diario - Bolivia","og_description":"El Inspector General de la Polic\u00eda, Augusto Russo, inform\u00f3 que solicitaron un informe detallado sobre la fuga del reo brasile\u00f1o que la semana pasada dej\u00f3 el saldo de un uniformado asesinado y otro herido. Aclar\u00f3 que en funci\u00f3n de ello se podr\u00eda iniciar un proceso disciplinario a funcionarios que tengan responsabilidad. \u201cMi autoridad ha pedido [&hellip;]","og_url":"https:\/\/www.eldiario.net\/portal\/2023\/02\/07\/fuga-de-brasilenos-podria-derivar-en-proceso-disciplinario-para-policias\/","og_site_name":"El Diario - Bolivia","article_publisher":"https:\/\/www.facebook.com\/eldiario.bolivia\/","article_published_time":"2023-02-07T09:55:33+00:00","author":"Jeanette","twitter_card":"summary_large_image","twitter_creator":"@eldiario_net","twitter_site":"@eldiario_net","twitter_misc":{"Escrito por":"Jeanette","Tiempo de lectura":"2 minutos"},"schema":{"@context":"https:\/\/schema.org","@graph":[{"@type":"Article","@id":"https:\/\/www.eldiario.net\/portal\/2023\/02\/07\/fuga-de-brasilenos-podria-derivar-en-proceso-disciplinario-para-policias\/#article","isPartOf":{"@id":"https:\/\/www.eldiario.net\/portal\/2023\/02\/07\/fuga-de-brasilenos-podria-derivar-en-proceso-disciplinario-para-policias\/"},"author":{"name":"Jeanette","@id":"https:\/\/www.eldiario.net\/portal\/#\/schema\/person\/f46445640444750d7d753ccd04ae01b7"},"headline":"Fuga de brasile\u00f1os podr\u00eda derivar en proceso disciplinario para polic\u00edas","datePublished":"2023-02-07T09:55:33+00:00","mainEntityOfPage":{"@id":"https:\/\/www.eldiario.net\/portal\/2023\/02\/07\/fuga-de-brasilenos-podria-derivar-en-proceso-disciplinario-para-policias\/"},"wordCount":374,"publisher":{"@id":"https:\/\/www.eldiario.net\/portal\/#organization"},"image":{"@id":"https:\/\/www.eldiario.net\/portal\/2023\/02\/07\/fuga-de-brasilenos-podria-derivar-en-proceso-disciplinario-para-policias\/#primaryimage"},"thumbnailUrl":"","articleSection":["Sociedad - Seguridad"],"inLanguage":"es"},{"@type":"WebPage","@id":"https:\/\/www.eldiario.net\/portal\/2023\/02\/07\/fuga-de-brasilenos-podria-derivar-en-proceso-disciplinario-para-policias\/","url":"https:\/\/www.eldiario.net\/portal\/2023\/02\/07\/fuga-de-brasilenos-podria-derivar-en-proceso-disciplinario-para-policias\/","name":"Fuga de brasile\u00f1os podr\u00eda derivar en proceso disciplinario para polic\u00edas - El Diario - Bolivia","isPartOf":{"@id":"https:\/\/www.eldiario.net\/portal\/#website"},"primaryImageOfPage":{"@id":"https:\/\/www.eldiario.net\/portal\/2023\/02\/07\/fuga-de-brasilenos-podria-derivar-en-proceso-disciplinario-para-policias\/#primaryimage"},"image":{"@id":"https:\/\/www.eldiario.net\/portal\/2023\/02\/07\/fuga-de-brasilenos-podria-derivar-en-proceso-disciplinario-para-policias\/#primaryimage"},"thumbnailUrl":"","datePublished":"2023-02-07T09:55:33+00:00","breadcrumb":{"@id":"https:\/\/www.eldiario.net\/portal\/2023\/02\/07\/fuga-de-brasilenos-podria-derivar-en-proceso-disciplinario-para-policias\/#breadcrumb"},"inLanguage":"es","potentialAction":[{"@type":"ReadAction","target":["https:\/\/www.eldiario.net\/portal\/2023\/02\/07\/fuga-de-brasilenos-podria-derivar-en-proceso-disciplinario-para-policias\/"]}]},{"@type":"ImageObject","inLanguage":"es","@id":"https:\/\/www.eldiario.net\/portal\/2023\/02\/07\/fuga-de-brasilenos-podria-derivar-en-proceso-disciplinario-para-policias\/#primaryimage","url":"","contentUrl":""},{"@type":"BreadcrumbList","@id":"https:\/\/www.eldiario.net\/portal\/2023\/02\/07\/fuga-de-brasilenos-podria-derivar-en-proceso-disciplinario-para-policias\/#breadcrumb","itemListElement":[{"@type":"ListItem","position":1,"name":"Portada","item":"https:\/\/www.eldiario.net\/portal\/"},{"@type":"ListItem","position":2,"name":"Fuga de brasile\u00f1os podr\u00eda derivar en proceso disciplinario para polic\u00edas"}]},{"@type":"WebSite","@id":"https:\/\/www.eldiario.net\/portal\/#website","url":"https:\/\/www.eldiario.net\/portal\/","name":"El Diario - Decano de la prensa nacional","description":"El Diario - Decano de la prensa nacional","publisher":{"@id":"https:\/\/www.eldiario.net\/portal\/#organization"},"potentialAction":[{"@type":"SearchAction","target":{"@type":"EntryPoint","urlTemplate":"https:\/\/www.eldiario.net\/portal\/?s={search_term_string}"},"query-input":{"@type":"PropertyValueSpecification","valueRequired":true,"valueName":"search_term_string"}}],"inLanguage":"es"},{"@type":"Organization","@id":"https:\/\/www.eldiario.net\/portal\/#organization","name":"El Diario - Decano de la prensa nacional","url":"https:\/\/www.eldiario.net\/portal\/","logo":{"@type":"ImageObject","inLanguage":"es","@id":"https:\/\/www.eldiario.net\/portal\/#\/schema\/logo\/image\/","url":"https:\/\/www.eldiario.net\/portal\/wp-content\/uploads\/2023\/07\/logo_ED.jpg","contentUrl":"https:\/\/www.eldiario.net\/portal\/wp-content\/uploads\/2023\/07\/logo_ED.jpg","width":272,"height":52,"caption":"El Diario - Decano de la prensa nacional"},"image":{"@id":"https:\/\/www.eldiario.net\/portal\/#\/schema\/logo\/image\/"},"sameAs":["https:\/\/www.facebook.com\/eldiario.bolivia\/","https:\/\/x.com\/eldiario_net"]},{"@type":"Person","@id":"https:\/\/www.eldiario.net\/portal\/#\/schema\/person\/f46445640444750d7d753ccd04ae01b7","name":"Jeanette","image":{"@type":"ImageObject","inLanguage":"es","@id":"https:\/\/secure.gravatar.com\/avatar\/3ea2118a5f7dad2b7138b1187a6b7ee55f160b9968b66013c3a3ef39dd7e5798?s=96&d=mm&r=g","url":"https:\/\/secure.gravatar.com\/avatar\/3ea2118a5f7dad2b7138b1187a6b7ee55f160b9968b66013c3a3ef39dd7e5798?s=96&d=mm&r=g","contentUrl":"https:\/\/secure.gravatar.com\/avatar\/3ea2118a5f7dad2b7138b1187a6b7ee55f160b9968b66013c3a3ef39dd7e5798?s=96&d=mm&r=g","caption":"Jeanette"},"sameAs":["https:\/\/www.eldiario.net\/portal"],"url":"https:\/\/www.eldiario.net\/portal\/author\/jeanette\/"}]}},"_links":{"self":[{"href":"https:\/\/www.eldiario.net\/portal\/wp-json\/wp\/v2\/posts\/136429","targetHints":{"allow":["GET"]}}],"collection":[{"href":"https:\/\/www.eldiario.net\/portal\/wp-json\/wp\/v2\/posts"}],"about":[{"href":"https:\/\/www.eldiario.net\/portal\/wp-json\/wp\/v2\/types\/post"}],"author":[{"embeddable":true,"href":"https:\/\/www.eldiario.net\/portal\/wp-json\/wp\/v2\/users\/1"}],"replies":[{"embeddable":true,"href":"https:\/\/www.eldiario.net\/portal\/wp-json\/wp\/v2\/comments?post=136429"}],"version-history":[{"count":0,"href":"https:\/\/www.eldiario.net\/portal\/wp-json\/wp\/v2\/posts\/136429\/revisions"}],"wp:attachment":[{"href":"https:\/\/www.eldiario.net\/portal\/wp-json\/wp\/v2\/media?parent=136429"}],"wp:term":[{"taxonomy":"category","embeddable":true,"href":"https:\/\/www.eldiario.net\/portal\/wp-json\/wp\/v2\/categories?post=136429"},{"taxonomy":"post_tag","embeddable":true,"href":"https:\/\/www.eldiario.net\/portal\/wp-json\/wp\/v2\/tags?post=136429"}],"curies":[{"name":"wp","href":"https:\/\/api.w.org\/{rel}","templated":true}]}}