{"id":136426,"date":"2023-02-07T05:54:44","date_gmt":"2023-02-07T09:54:44","guid":{"rendered":"https:\/\/www.eldiario.net\/portal\/?p=136426"},"modified":"2023-02-07T05:54:44","modified_gmt":"2023-02-07T09:54:44","slug":"detienen-a-funcionario-chileno-por-facilitar-ingreso-de-boliviana","status":"publish","type":"post","link":"https:\/\/www.eldiario.net\/portal\/2023\/02\/07\/detienen-a-funcionario-chileno-por-facilitar-ingreso-de-boliviana\/","title":{"rendered":"Detienen a funcionario chileno  por facilitar ingreso de boliviana"},"content":{"rendered":"<p>Un coordinador del complejo de la ciudad de Colchane, frontera con Bolivia, fue arrestado el domingo por supuestamente ayudar a una mujer boliviana a entrar de forma irregular a su pa\u00eds, seg\u00fan informaci\u00f3n de medios locales.<\/p>\n<p>Una publicaci\u00f3n de Unitel refiere que el funcionario de nombre Claudio Matamala, formaba parte del equipo de tres funcionarios dedicados a vigilar la frontera y miembro de delegaci\u00f3n presidencial de la provincia del Tamarugal.<\/p>\n<p>El funcionario arrestado puede ser acusado de tr\u00e1fico ilegal de personas, se\u00f1ala la publicaci\u00f3n.<\/p>\n<p>\u201cAl parecer, los agentes sorprendieron a Matamala cuando acompa\u00f1aba a la citada mujer y lo trasladaron a una comisar\u00eda, donde se llevaron a cabo los tr\u00e1mites necesarios para que pueda ser imputado\u201d, se lee.<\/p>\n<p>Colchane es una comuna y pueblo\u200b del Norte Grande de Chile, ubicado en la Provincia del Tamarugal, correspondiente a la Regi\u00f3n de Tarapac\u00e1 (Chile), en la frontera con Bolivia.<\/p>\n<p>Integra junto con las comunas de Alto Hospicio, Cami\u00f1a, Huara, Iquique, Pica y Pozo Almonte el Distrito Electoral N\u00b0 2 y pertenece a la 2.\u00aa Circunscripci\u00f3n Senatorial. Tiene una superficie de 4015,6 km\u00b2 y una poblaci\u00f3n de 1629 habitantes. Se ubica en el altiplano andino, junto al poblado boliviano de Pisiga.<\/p>\n<p>El 1 de febrero de 2021, ante la llegada de 300 inmigrantes en situaci\u00f3n irregular, la mayor\u00eda de origen venezolano, se activ\u00f3 la alarma por parte del ej\u00e9rcito chileno.\u200b Al 3 de febrero se confirmaba un n\u00famero mayor a 1500 migrantes en situaci\u00f3n irregular pernoctando en las calles de la comuna,\u200b n\u00famero significativo considerando que el pueblo de Colchane tiene aproximadamente 1600 habitantes. Para septiembre del mismo a\u00f1o, una segunda ola de inmigrantes gener\u00f3 nuevamente el colapso de las instituciones p\u00fablicas de la localidad.<\/p>\n","protected":false},"excerpt":{"rendered":"<p>Un coordinador del complejo de la ciudad de Colchane, frontera con Bolivia, fue arrestado el domingo por supuestamente ayudar a una mujer boliviana a entrar de forma irregular a su pa\u00eds, seg\u00fan informaci\u00f3n de medios locales. Una publicaci\u00f3n de Unitel refiere que el funcionario de nombre Claudio Matamala, formaba parte del equipo de tres funcionarios [&hellip;]<\/p>\n","protected":false},"author":1,"featured_media":136427,"comment_status":"closed","ping_status":"closed","sticky":false,"template":"","format":"standard","meta":{"_acf_changed":false,"footnotes":""},"categories":[39],"tags":[],"class_list":["post-136426","post","type-post","status-publish","format-standard","has-post-thumbnail","category-sociedad"],"acf":{"antetitulo":""},"yoast_head":"<!-- This site is optimized with the Yoast SEO plugin v28.3 - https:\/\/yoast.com\/product\/yoast-seo-wordpress\/ -->\n<title>Detienen a funcionario chileno por facilitar ingreso de boliviana - El Diario - Bolivia<\/title>\n<meta name=\"robots\" content=\"index, follow, max-snippet:-1, max-image-preview:large, max-video-preview:-1\" \/>\n<link rel=\"canonical\" href=\"https:\/\/www.eldiario.net\/portal\/2023\/02\/07\/detienen-a-funcionario-chileno-por-facilitar-ingreso-de-boliviana\/\" \/>\n<meta property=\"og:locale\" content=\"es_ES\" \/>\n<meta property=\"og:type\" content=\"article\" \/>\n<meta property=\"og:title\" content=\"Detienen a funcionario chileno por facilitar ingreso de boliviana - El Diario - Bolivia\" \/>\n<meta property=\"og:description\" content=\"Un coordinador del complejo de la ciudad de Colchane, frontera con Bolivia, fue arrestado el domingo por supuestamente ayudar a una mujer boliviana a entrar de forma irregular a su pa\u00eds, seg\u00fan informaci\u00f3n de medios locales. Una publicaci\u00f3n de Unitel refiere que el funcionario de nombre Claudio Matamala, formaba parte del equipo de tres funcionarios [&hellip;]\" \/>\n<meta property=\"og:url\" content=\"https:\/\/www.eldiario.net\/portal\/2023\/02\/07\/detienen-a-funcionario-chileno-por-facilitar-ingreso-de-boliviana\/\" \/>\n<meta property=\"og:site_name\" content=\"El Diario - Bolivia\" \/>\n<meta property=\"article:publisher\" content=\"https:\/\/www.facebook.com\/eldiario.bolivia\/\" \/>\n<meta property=\"article:published_time\" content=\"2023-02-07T09:54:44+00:00\" \/>\n<meta name=\"author\" content=\"Jeanette\" \/>\n<meta name=\"twitter:card\" content=\"summary_large_image\" \/>\n<meta name=\"twitter:creator\" content=\"@eldiario_net\" \/>\n<meta name=\"twitter:site\" content=\"@eldiario_net\" \/>\n<meta name=\"twitter:label1\" content=\"Escrito por\" \/>\n\t<meta name=\"twitter:data1\" content=\"Jeanette\" \/>\n\t<meta name=\"twitter:label2\" content=\"Tiempo de lectura\" \/>\n\t<meta name=\"twitter:data2\" content=\"2 minutos\" \/>\n<script type=\"application\/ld+json\" class=\"yoast-schema-graph\">{\"@context\":\"https:\\\/\\\/schema.org\",\"@graph\":[{\"@type\":\"Article\",\"@id\":\"https:\\\/\\\/www.eldiario.net\\\/portal\\\/2023\\\/02\\\/07\\\/detienen-a-funcionario-chileno-por-facilitar-ingreso-de-boliviana\\\/#article\",\"isPartOf\":{\"@id\":\"https:\\\/\\\/www.eldiario.net\\\/portal\\\/2023\\\/02\\\/07\\\/detienen-a-funcionario-chileno-por-facilitar-ingreso-de-boliviana\\\/\"},\"author\":{\"name\":\"Jeanette\",\"@id\":\"https:\\\/\\\/www.eldiario.net\\\/portal\\\/#\\\/schema\\\/person\\\/f46445640444750d7d753ccd04ae01b7\"},\"headline\":\"Detienen a funcionario chileno por facilitar ingreso de boliviana\",\"datePublished\":\"2023-02-07T09:54:44+00:00\",\"mainEntityOfPage\":{\"@id\":\"https:\\\/\\\/www.eldiario.net\\\/portal\\\/2023\\\/02\\\/07\\\/detienen-a-funcionario-chileno-por-facilitar-ingreso-de-boliviana\\\/\"},\"wordCount\":304,\"publisher\":{\"@id\":\"https:\\\/\\\/www.eldiario.net\\\/portal\\\/#organization\"},\"image\":{\"@id\":\"https:\\\/\\\/www.eldiario.net\\\/portal\\\/2023\\\/02\\\/07\\\/detienen-a-funcionario-chileno-por-facilitar-ingreso-de-boliviana\\\/#primaryimage\"},\"thumbnailUrl\":\"\",\"articleSection\":[\"Sociedad - Seguridad\"],\"inLanguage\":\"es\"},{\"@type\":\"WebPage\",\"@id\":\"https:\\\/\\\/www.eldiario.net\\\/portal\\\/2023\\\/02\\\/07\\\/detienen-a-funcionario-chileno-por-facilitar-ingreso-de-boliviana\\\/\",\"url\":\"https:\\\/\\\/www.eldiario.net\\\/portal\\\/2023\\\/02\\\/07\\\/detienen-a-funcionario-chileno-por-facilitar-ingreso-de-boliviana\\\/\",\"name\":\"Detienen a funcionario chileno por facilitar ingreso de boliviana - El Diario - Bolivia\",\"isPartOf\":{\"@id\":\"https:\\\/\\\/www.eldiario.net\\\/portal\\\/#website\"},\"primaryImageOfPage\":{\"@id\":\"https:\\\/\\\/www.eldiario.net\\\/portal\\\/2023\\\/02\\\/07\\\/detienen-a-funcionario-chileno-por-facilitar-ingreso-de-boliviana\\\/#primaryimage\"},\"image\":{\"@id\":\"https:\\\/\\\/www.eldiario.net\\\/portal\\\/2023\\\/02\\\/07\\\/detienen-a-funcionario-chileno-por-facilitar-ingreso-de-boliviana\\\/#primaryimage\"},\"thumbnailUrl\":\"\",\"datePublished\":\"2023-02-07T09:54:44+00:00\",\"breadcrumb\":{\"@id\":\"https:\\\/\\\/www.eldiario.net\\\/portal\\\/2023\\\/02\\\/07\\\/detienen-a-funcionario-chileno-por-facilitar-ingreso-de-boliviana\\\/#breadcrumb\"},\"inLanguage\":\"es\",\"potentialAction\":[{\"@type\":\"ReadAction\",\"target\":[\"https:\\\/\\\/www.eldiario.net\\\/portal\\\/2023\\\/02\\\/07\\\/detienen-a-funcionario-chileno-por-facilitar-ingreso-de-boliviana\\\/\"]}]},{\"@type\":\"ImageObject\",\"inLanguage\":\"es\",\"@id\":\"https:\\\/\\\/www.eldiario.net\\\/portal\\\/2023\\\/02\\\/07\\\/detienen-a-funcionario-chileno-por-facilitar-ingreso-de-boliviana\\\/#primaryimage\",\"url\":\"\",\"contentUrl\":\"\"},{\"@type\":\"BreadcrumbList\",\"@id\":\"https:\\\/\\\/www.eldiario.net\\\/portal\\\/2023\\\/02\\\/07\\\/detienen-a-funcionario-chileno-por-facilitar-ingreso-de-boliviana\\\/#breadcrumb\",\"itemListElement\":[{\"@type\":\"ListItem\",\"position\":1,\"name\":\"Portada\",\"item\":\"https:\\\/\\\/www.eldiario.net\\\/portal\\\/\"},{\"@type\":\"ListItem\",\"position\":2,\"name\":\"Detienen a funcionario chileno por facilitar ingreso de boliviana\"}]},{\"@type\":\"WebSite\",\"@id\":\"https:\\\/\\\/www.eldiario.net\\\/portal\\\/#website\",\"url\":\"https:\\\/\\\/www.eldiario.net\\\/portal\\\/\",\"name\":\"El Diario - Decano de la prensa nacional\",\"description\":\"El Diario - Decano de la prensa nacional\",\"publisher\":{\"@id\":\"https:\\\/\\\/www.eldiario.net\\\/portal\\\/#organization\"},\"potentialAction\":[{\"@type\":\"SearchAction\",\"target\":{\"@type\":\"EntryPoint\",\"urlTemplate\":\"https:\\\/\\\/www.eldiario.net\\\/portal\\\/?s={search_term_string}\"},\"query-input\":{\"@type\":\"PropertyValueSpecification\",\"valueRequired\":true,\"valueName\":\"search_term_string\"}}],\"inLanguage\":\"es\"},{\"@type\":\"Organization\",\"@id\":\"https:\\\/\\\/www.eldiario.net\\\/portal\\\/#organization\",\"name\":\"El Diario - Decano de la prensa nacional\",\"url\":\"https:\\\/\\\/www.eldiario.net\\\/portal\\\/\",\"logo\":{\"@type\":\"ImageObject\",\"inLanguage\":\"es\",\"@id\":\"https:\\\/\\\/www.eldiario.net\\\/portal\\\/#\\\/schema\\\/logo\\\/image\\\/\",\"url\":\"https:\\\/\\\/www.eldiario.net\\\/portal\\\/wp-content\\\/uploads\\\/2023\\\/07\\\/logo_ED.jpg\",\"contentUrl\":\"https:\\\/\\\/www.eldiario.net\\\/portal\\\/wp-content\\\/uploads\\\/2023\\\/07\\\/logo_ED.jpg\",\"width\":272,\"height\":52,\"caption\":\"El Diario - Decano de la prensa nacional\"},\"image\":{\"@id\":\"https:\\\/\\\/www.eldiario.net\\\/portal\\\/#\\\/schema\\\/logo\\\/image\\\/\"},\"sameAs\":[\"https:\\\/\\\/www.facebook.com\\\/eldiario.bolivia\\\/\",\"https:\\\/\\\/x.com\\\/eldiario_net\"]},{\"@type\":\"Person\",\"@id\":\"https:\\\/\\\/www.eldiario.net\\\/portal\\\/#\\\/schema\\\/person\\\/f46445640444750d7d753ccd04ae01b7\",\"name\":\"Jeanette\",\"image\":{\"@type\":\"ImageObject\",\"inLanguage\":\"es\",\"@id\":\"https:\\\/\\\/secure.gravatar.com\\\/avatar\\\/3ea2118a5f7dad2b7138b1187a6b7ee55f160b9968b66013c3a3ef39dd7e5798?s=96&d=mm&r=g\",\"url\":\"https:\\\/\\\/secure.gravatar.com\\\/avatar\\\/3ea2118a5f7dad2b7138b1187a6b7ee55f160b9968b66013c3a3ef39dd7e5798?s=96&d=mm&r=g\",\"contentUrl\":\"https:\\\/\\\/secure.gravatar.com\\\/avatar\\\/3ea2118a5f7dad2b7138b1187a6b7ee55f160b9968b66013c3a3ef39dd7e5798?s=96&d=mm&r=g\",\"caption\":\"Jeanette\"},\"sameAs\":[\"https:\\\/\\\/www.eldiario.net\\\/portal\"],\"url\":\"https:\\\/\\\/www.eldiario.net\\\/portal\\\/author\\\/jeanette\\\/\"}]}<\/script>\n<!-- \/ Yoast SEO plugin. -->","yoast_head_json":{"title":"Detienen a funcionario chileno por facilitar ingreso de boliviana - El Diario - Bolivia","robots":{"index":"index","follow":"follow","max-snippet":"max-snippet:-1","max-image-preview":"max-image-preview:large","max-video-preview":"max-video-preview:-1"},"canonical":"https:\/\/www.eldiario.net\/portal\/2023\/02\/07\/detienen-a-funcionario-chileno-por-facilitar-ingreso-de-boliviana\/","og_locale":"es_ES","og_type":"article","og_title":"Detienen a funcionario chileno por facilitar ingreso de boliviana - El Diario - Bolivia","og_description":"Un coordinador del complejo de la ciudad de Colchane, frontera con Bolivia, fue arrestado el domingo por supuestamente ayudar a una mujer boliviana a entrar de forma irregular a su pa\u00eds, seg\u00fan informaci\u00f3n de medios locales. Una publicaci\u00f3n de Unitel refiere que el funcionario de nombre Claudio Matamala, formaba parte del equipo de tres funcionarios [&hellip;]","og_url":"https:\/\/www.eldiario.net\/portal\/2023\/02\/07\/detienen-a-funcionario-chileno-por-facilitar-ingreso-de-boliviana\/","og_site_name":"El Diario - Bolivia","article_publisher":"https:\/\/www.facebook.com\/eldiario.bolivia\/","article_published_time":"2023-02-07T09:54:44+00:00","author":"Jeanette","twitter_card":"summary_large_image","twitter_creator":"@eldiario_net","twitter_site":"@eldiario_net","twitter_misc":{"Escrito por":"Jeanette","Tiempo de lectura":"2 minutos"},"schema":{"@context":"https:\/\/schema.org","@graph":[{"@type":"Article","@id":"https:\/\/www.eldiario.net\/portal\/2023\/02\/07\/detienen-a-funcionario-chileno-por-facilitar-ingreso-de-boliviana\/#article","isPartOf":{"@id":"https:\/\/www.eldiario.net\/portal\/2023\/02\/07\/detienen-a-funcionario-chileno-por-facilitar-ingreso-de-boliviana\/"},"author":{"name":"Jeanette","@id":"https:\/\/www.eldiario.net\/portal\/#\/schema\/person\/f46445640444750d7d753ccd04ae01b7"},"headline":"Detienen a funcionario chileno por facilitar ingreso de boliviana","datePublished":"2023-02-07T09:54:44+00:00","mainEntityOfPage":{"@id":"https:\/\/www.eldiario.net\/portal\/2023\/02\/07\/detienen-a-funcionario-chileno-por-facilitar-ingreso-de-boliviana\/"},"wordCount":304,"publisher":{"@id":"https:\/\/www.eldiario.net\/portal\/#organization"},"image":{"@id":"https:\/\/www.eldiario.net\/portal\/2023\/02\/07\/detienen-a-funcionario-chileno-por-facilitar-ingreso-de-boliviana\/#primaryimage"},"thumbnailUrl":"","articleSection":["Sociedad - Seguridad"],"inLanguage":"es"},{"@type":"WebPage","@id":"https:\/\/www.eldiario.net\/portal\/2023\/02\/07\/detienen-a-funcionario-chileno-por-facilitar-ingreso-de-boliviana\/","url":"https:\/\/www.eldiario.net\/portal\/2023\/02\/07\/detienen-a-funcionario-chileno-por-facilitar-ingreso-de-boliviana\/","name":"Detienen a funcionario chileno por facilitar ingreso de boliviana - El Diario - Bolivia","isPartOf":{"@id":"https:\/\/www.eldiario.net\/portal\/#website"},"primaryImageOfPage":{"@id":"https:\/\/www.eldiario.net\/portal\/2023\/02\/07\/detienen-a-funcionario-chileno-por-facilitar-ingreso-de-boliviana\/#primaryimage"},"image":{"@id":"https:\/\/www.eldiario.net\/portal\/2023\/02\/07\/detienen-a-funcionario-chileno-por-facilitar-ingreso-de-boliviana\/#primaryimage"},"thumbnailUrl":"","datePublished":"2023-02-07T09:54:44+00:00","breadcrumb":{"@id":"https:\/\/www.eldiario.net\/portal\/2023\/02\/07\/detienen-a-funcionario-chileno-por-facilitar-ingreso-de-boliviana\/#breadcrumb"},"inLanguage":"es","potentialAction":[{"@type":"ReadAction","target":["https:\/\/www.eldiario.net\/portal\/2023\/02\/07\/detienen-a-funcionario-chileno-por-facilitar-ingreso-de-boliviana\/"]}]},{"@type":"ImageObject","inLanguage":"es","@id":"https:\/\/www.eldiario.net\/portal\/2023\/02\/07\/detienen-a-funcionario-chileno-por-facilitar-ingreso-de-boliviana\/#primaryimage","url":"","contentUrl":""},{"@type":"BreadcrumbList","@id":"https:\/\/www.eldiario.net\/portal\/2023\/02\/07\/detienen-a-funcionario-chileno-por-facilitar-ingreso-de-boliviana\/#breadcrumb","itemListElement":[{"@type":"ListItem","position":1,"name":"Portada","item":"https:\/\/www.eldiario.net\/portal\/"},{"@type":"ListItem","position":2,"name":"Detienen a funcionario chileno por facilitar ingreso de boliviana"}]},{"@type":"WebSite","@id":"https:\/\/www.eldiario.net\/portal\/#website","url":"https:\/\/www.eldiario.net\/portal\/","name":"El Diario - Decano de la prensa nacional","description":"El Diario - Decano de la prensa nacional","publisher":{"@id":"https:\/\/www.eldiario.net\/portal\/#organization"},"potentialAction":[{"@type":"SearchAction","target":{"@type":"EntryPoint","urlTemplate":"https:\/\/www.eldiario.net\/portal\/?s={search_term_string}"},"query-input":{"@type":"PropertyValueSpecification","valueRequired":true,"valueName":"search_term_string"}}],"inLanguage":"es"},{"@type":"Organization","@id":"https:\/\/www.eldiario.net\/portal\/#organization","name":"El Diario - Decano de la prensa nacional","url":"https:\/\/www.eldiario.net\/portal\/","logo":{"@type":"ImageObject","inLanguage":"es","@id":"https:\/\/www.eldiario.net\/portal\/#\/schema\/logo\/image\/","url":"https:\/\/www.eldiario.net\/portal\/wp-content\/uploads\/2023\/07\/logo_ED.jpg","contentUrl":"https:\/\/www.eldiario.net\/portal\/wp-content\/uploads\/2023\/07\/logo_ED.jpg","width":272,"height":52,"caption":"El Diario - Decano de la prensa nacional"},"image":{"@id":"https:\/\/www.eldiario.net\/portal\/#\/schema\/logo\/image\/"},"sameAs":["https:\/\/www.facebook.com\/eldiario.bolivia\/","https:\/\/x.com\/eldiario_net"]},{"@type":"Person","@id":"https:\/\/www.eldiario.net\/portal\/#\/schema\/person\/f46445640444750d7d753ccd04ae01b7","name":"Jeanette","image":{"@type":"ImageObject","inLanguage":"es","@id":"https:\/\/secure.gravatar.com\/avatar\/3ea2118a5f7dad2b7138b1187a6b7ee55f160b9968b66013c3a3ef39dd7e5798?s=96&d=mm&r=g","url":"https:\/\/secure.gravatar.com\/avatar\/3ea2118a5f7dad2b7138b1187a6b7ee55f160b9968b66013c3a3ef39dd7e5798?s=96&d=mm&r=g","contentUrl":"https:\/\/secure.gravatar.com\/avatar\/3ea2118a5f7dad2b7138b1187a6b7ee55f160b9968b66013c3a3ef39dd7e5798?s=96&d=mm&r=g","caption":"Jeanette"},"sameAs":["https:\/\/www.eldiario.net\/portal"],"url":"https:\/\/www.eldiario.net\/portal\/author\/jeanette\/"}]}},"_links":{"self":[{"href":"https:\/\/www.eldiario.net\/portal\/wp-json\/wp\/v2\/posts\/136426","targetHints":{"allow":["GET"]}}],"collection":[{"href":"https:\/\/www.eldiario.net\/portal\/wp-json\/wp\/v2\/posts"}],"about":[{"href":"https:\/\/www.eldiario.net\/portal\/wp-json\/wp\/v2\/types\/post"}],"author":[{"embeddable":true,"href":"https:\/\/www.eldiario.net\/portal\/wp-json\/wp\/v2\/users\/1"}],"replies":[{"embeddable":true,"href":"https:\/\/www.eldiario.net\/portal\/wp-json\/wp\/v2\/comments?post=136426"}],"version-history":[{"count":0,"href":"https:\/\/www.eldiario.net\/portal\/wp-json\/wp\/v2\/posts\/136426\/revisions"}],"wp:attachment":[{"href":"https:\/\/www.eldiario.net\/portal\/wp-json\/wp\/v2\/media?parent=136426"}],"wp:term":[{"taxonomy":"category","embeddable":true,"href":"https:\/\/www.eldiario.net\/portal\/wp-json\/wp\/v2\/categories?post=136426"},{"taxonomy":"post_tag","embeddable":true,"href":"https:\/\/www.eldiario.net\/portal\/wp-json\/wp\/v2\/tags?post=136426"}],"curies":[{"name":"wp","href":"https:\/\/api.w.org\/{rel}","templated":true}]}}