{"id":136420,"date":"2023-02-07T05:52:58","date_gmt":"2023-02-07T09:52:58","guid":{"rendered":"https:\/\/www.eldiario.net\/portal\/?p=136420"},"modified":"2023-02-07T05:52:58","modified_gmt":"2023-02-07T09:52:58","slug":"juicio-contra-integrantes-de-resistencia-juvenil-cochala-ingresa-a-fase-testifical","status":"publish","type":"post","link":"https:\/\/www.eldiario.net\/portal\/2023\/02\/07\/juicio-contra-integrantes-de-resistencia-juvenil-cochala-ingresa-a-fase-testifical\/","title":{"rendered":"Juicio contra integrantes de Resistencia  Juvenil Cochala ingresa a fase testifical"},"content":{"rendered":"<p>El juicio oral contra integrantes de la Resistencia Juvenil Cochala (RJC) ingresa hoy a la fase testifical, tras la conclusi\u00f3n del tratamiento de las exclusiones probatorias, inform\u00f3 este lunes el juez Tercero de Sentencia en lo Penal, Emilio Pinto.<\/p>\n<p>La autoridad judicial inform\u00f3 que se resolvi\u00f3 excluir cinco pruebas m\u00e1s en contra de los procesados, luego de que la Fiscal\u00eda decidi\u00f3 retirar otras 20. Con ello, ahora se tiene un total de 105 pruebas en contra de los acusados, precis\u00f3 Pinto.<\/p>\n<p>Este proceso fue abierto luego de que en septiembre de 2020 se registraron protestas en la puerta del Ministerio P\u00fablico en la ciudad de Sucre, para exigir la renuncia del fiscal Juan Lanchipa. Algunos vidrios del edificio fueron rotos y algunas paredes fueron pintarrajeadas.<\/p>\n<p>Por ese motivo se abri\u00f3 un juicio en contra de seis personas, entre ellas los integrantes de la RJC Yassir Molina, Milena Soto y los hermanos Mario Antonio y Fabio Alejandro Bascop\u00e9.<\/p>\n<p>Ellos son acusados de cometer los delitos de organizaci\u00f3n criminal con fabricaci\u00f3n il\u00edcita, uso de armas no convencionales, atentados contra bienes p\u00fablicos, impedir y estorbar el ejercicio de funciones, destrucci\u00f3n y deterioro de bienes del Estado y la riqueza nacional, privaci\u00f3n de libertad y da\u00f1o calificado.<\/p>\n<p>El juez Pinto dijo que ahora se deber\u00e1 escuchar a los testigos de la parte acusadora, que son seis, y de los procesados, que tambi\u00e9n son seis. Si se toma en cuenta que cada uno de ellos presentar\u00e1 en promedio dos testigos, se prev\u00e9 que el juicio, en esta fase, ser\u00e1 prolongado. (Br\u00fajula Digital)<\/p>\n","protected":false},"excerpt":{"rendered":"<p>El juicio oral contra integrantes de la Resistencia Juvenil Cochala (RJC) ingresa hoy a la fase testifical, tras la conclusi\u00f3n del tratamiento de las exclusiones probatorias, inform\u00f3 este lunes el juez Tercero de Sentencia en lo Penal, Emilio Pinto. La autoridad judicial inform\u00f3 que se resolvi\u00f3 excluir cinco pruebas m\u00e1s en contra de los procesados, [&hellip;]<\/p>\n","protected":false},"author":1,"featured_media":136421,"comment_status":"closed","ping_status":"closed","sticky":false,"template":"","format":"standard","meta":{"_acf_changed":false,"footnotes":""},"categories":[39],"tags":[],"class_list":["post-136420","post","type-post","status-publish","format-standard","has-post-thumbnail","category-sociedad"],"acf":{"antetitulo":""},"yoast_head":"<!-- This site is optimized with the Yoast SEO plugin v28.3 - https:\/\/yoast.com\/product\/yoast-seo-wordpress\/ -->\n<title>Juicio contra integrantes de Resistencia Juvenil Cochala ingresa a fase testifical - El Diario - Bolivia<\/title>\n<meta name=\"robots\" content=\"index, follow, max-snippet:-1, max-image-preview:large, max-video-preview:-1\" \/>\n<link rel=\"canonical\" href=\"https:\/\/www.eldiario.net\/portal\/2023\/02\/07\/juicio-contra-integrantes-de-resistencia-juvenil-cochala-ingresa-a-fase-testifical\/\" \/>\n<meta property=\"og:locale\" content=\"es_ES\" \/>\n<meta property=\"og:type\" content=\"article\" \/>\n<meta property=\"og:title\" content=\"Juicio contra integrantes de Resistencia Juvenil Cochala ingresa a fase testifical - El Diario - Bolivia\" \/>\n<meta property=\"og:description\" content=\"El juicio oral contra integrantes de la Resistencia Juvenil Cochala (RJC) ingresa hoy a la fase testifical, tras la conclusi\u00f3n del tratamiento de las exclusiones probatorias, inform\u00f3 este lunes el juez Tercero de Sentencia en lo Penal, Emilio Pinto. La autoridad judicial inform\u00f3 que se resolvi\u00f3 excluir cinco pruebas m\u00e1s en contra de los procesados, [&hellip;]\" \/>\n<meta property=\"og:url\" content=\"https:\/\/www.eldiario.net\/portal\/2023\/02\/07\/juicio-contra-integrantes-de-resistencia-juvenil-cochala-ingresa-a-fase-testifical\/\" \/>\n<meta property=\"og:site_name\" content=\"El Diario - Bolivia\" \/>\n<meta property=\"article:publisher\" content=\"https:\/\/www.facebook.com\/eldiario.bolivia\/\" \/>\n<meta property=\"article:published_time\" content=\"2023-02-07T09:52:58+00:00\" \/>\n<meta name=\"author\" content=\"Jeanette\" \/>\n<meta name=\"twitter:card\" content=\"summary_large_image\" \/>\n<meta name=\"twitter:creator\" content=\"@eldiario_net\" \/>\n<meta name=\"twitter:site\" content=\"@eldiario_net\" \/>\n<meta name=\"twitter:label1\" content=\"Escrito por\" \/>\n\t<meta name=\"twitter:data1\" content=\"Jeanette\" \/>\n\t<meta name=\"twitter:label2\" content=\"Tiempo de lectura\" \/>\n\t<meta name=\"twitter:data2\" content=\"2 minutos\" \/>\n<script type=\"application\/ld+json\" class=\"yoast-schema-graph\">{\"@context\":\"https:\\\/\\\/schema.org\",\"@graph\":[{\"@type\":\"Article\",\"@id\":\"https:\\\/\\\/www.eldiario.net\\\/portal\\\/2023\\\/02\\\/07\\\/juicio-contra-integrantes-de-resistencia-juvenil-cochala-ingresa-a-fase-testifical\\\/#article\",\"isPartOf\":{\"@id\":\"https:\\\/\\\/www.eldiario.net\\\/portal\\\/2023\\\/02\\\/07\\\/juicio-contra-integrantes-de-resistencia-juvenil-cochala-ingresa-a-fase-testifical\\\/\"},\"author\":{\"name\":\"Jeanette\",\"@id\":\"https:\\\/\\\/www.eldiario.net\\\/portal\\\/#\\\/schema\\\/person\\\/f46445640444750d7d753ccd04ae01b7\"},\"headline\":\"Juicio contra integrantes de Resistencia Juvenil Cochala ingresa a fase testifical\",\"datePublished\":\"2023-02-07T09:52:58+00:00\",\"mainEntityOfPage\":{\"@id\":\"https:\\\/\\\/www.eldiario.net\\\/portal\\\/2023\\\/02\\\/07\\\/juicio-contra-integrantes-de-resistencia-juvenil-cochala-ingresa-a-fase-testifical\\\/\"},\"wordCount\":278,\"publisher\":{\"@id\":\"https:\\\/\\\/www.eldiario.net\\\/portal\\\/#organization\"},\"image\":{\"@id\":\"https:\\\/\\\/www.eldiario.net\\\/portal\\\/2023\\\/02\\\/07\\\/juicio-contra-integrantes-de-resistencia-juvenil-cochala-ingresa-a-fase-testifical\\\/#primaryimage\"},\"thumbnailUrl\":\"\",\"articleSection\":[\"Sociedad - Seguridad\"],\"inLanguage\":\"es\"},{\"@type\":\"WebPage\",\"@id\":\"https:\\\/\\\/www.eldiario.net\\\/portal\\\/2023\\\/02\\\/07\\\/juicio-contra-integrantes-de-resistencia-juvenil-cochala-ingresa-a-fase-testifical\\\/\",\"url\":\"https:\\\/\\\/www.eldiario.net\\\/portal\\\/2023\\\/02\\\/07\\\/juicio-contra-integrantes-de-resistencia-juvenil-cochala-ingresa-a-fase-testifical\\\/\",\"name\":\"Juicio contra integrantes de Resistencia Juvenil Cochala ingresa a fase testifical - El Diario - Bolivia\",\"isPartOf\":{\"@id\":\"https:\\\/\\\/www.eldiario.net\\\/portal\\\/#website\"},\"primaryImageOfPage\":{\"@id\":\"https:\\\/\\\/www.eldiario.net\\\/portal\\\/2023\\\/02\\\/07\\\/juicio-contra-integrantes-de-resistencia-juvenil-cochala-ingresa-a-fase-testifical\\\/#primaryimage\"},\"image\":{\"@id\":\"https:\\\/\\\/www.eldiario.net\\\/portal\\\/2023\\\/02\\\/07\\\/juicio-contra-integrantes-de-resistencia-juvenil-cochala-ingresa-a-fase-testifical\\\/#primaryimage\"},\"thumbnailUrl\":\"\",\"datePublished\":\"2023-02-07T09:52:58+00:00\",\"breadcrumb\":{\"@id\":\"https:\\\/\\\/www.eldiario.net\\\/portal\\\/2023\\\/02\\\/07\\\/juicio-contra-integrantes-de-resistencia-juvenil-cochala-ingresa-a-fase-testifical\\\/#breadcrumb\"},\"inLanguage\":\"es\",\"potentialAction\":[{\"@type\":\"ReadAction\",\"target\":[\"https:\\\/\\\/www.eldiario.net\\\/portal\\\/2023\\\/02\\\/07\\\/juicio-contra-integrantes-de-resistencia-juvenil-cochala-ingresa-a-fase-testifical\\\/\"]}]},{\"@type\":\"ImageObject\",\"inLanguage\":\"es\",\"@id\":\"https:\\\/\\\/www.eldiario.net\\\/portal\\\/2023\\\/02\\\/07\\\/juicio-contra-integrantes-de-resistencia-juvenil-cochala-ingresa-a-fase-testifical\\\/#primaryimage\",\"url\":\"\",\"contentUrl\":\"\"},{\"@type\":\"BreadcrumbList\",\"@id\":\"https:\\\/\\\/www.eldiario.net\\\/portal\\\/2023\\\/02\\\/07\\\/juicio-contra-integrantes-de-resistencia-juvenil-cochala-ingresa-a-fase-testifical\\\/#breadcrumb\",\"itemListElement\":[{\"@type\":\"ListItem\",\"position\":1,\"name\":\"Portada\",\"item\":\"https:\\\/\\\/www.eldiario.net\\\/portal\\\/\"},{\"@type\":\"ListItem\",\"position\":2,\"name\":\"Juicio contra integrantes de Resistencia Juvenil Cochala ingresa a fase testifical\"}]},{\"@type\":\"WebSite\",\"@id\":\"https:\\\/\\\/www.eldiario.net\\\/portal\\\/#website\",\"url\":\"https:\\\/\\\/www.eldiario.net\\\/portal\\\/\",\"name\":\"El Diario - Decano de la prensa nacional\",\"description\":\"El Diario - Decano de la prensa nacional\",\"publisher\":{\"@id\":\"https:\\\/\\\/www.eldiario.net\\\/portal\\\/#organization\"},\"potentialAction\":[{\"@type\":\"SearchAction\",\"target\":{\"@type\":\"EntryPoint\",\"urlTemplate\":\"https:\\\/\\\/www.eldiario.net\\\/portal\\\/?s={search_term_string}\"},\"query-input\":{\"@type\":\"PropertyValueSpecification\",\"valueRequired\":true,\"valueName\":\"search_term_string\"}}],\"inLanguage\":\"es\"},{\"@type\":\"Organization\",\"@id\":\"https:\\\/\\\/www.eldiario.net\\\/portal\\\/#organization\",\"name\":\"El Diario - Decano de la prensa nacional\",\"url\":\"https:\\\/\\\/www.eldiario.net\\\/portal\\\/\",\"logo\":{\"@type\":\"ImageObject\",\"inLanguage\":\"es\",\"@id\":\"https:\\\/\\\/www.eldiario.net\\\/portal\\\/#\\\/schema\\\/logo\\\/image\\\/\",\"url\":\"https:\\\/\\\/www.eldiario.net\\\/portal\\\/wp-content\\\/uploads\\\/2023\\\/07\\\/logo_ED.jpg\",\"contentUrl\":\"https:\\\/\\\/www.eldiario.net\\\/portal\\\/wp-content\\\/uploads\\\/2023\\\/07\\\/logo_ED.jpg\",\"width\":272,\"height\":52,\"caption\":\"El Diario - Decano de la prensa nacional\"},\"image\":{\"@id\":\"https:\\\/\\\/www.eldiario.net\\\/portal\\\/#\\\/schema\\\/logo\\\/image\\\/\"},\"sameAs\":[\"https:\\\/\\\/www.facebook.com\\\/eldiario.bolivia\\\/\",\"https:\\\/\\\/x.com\\\/eldiario_net\"]},{\"@type\":\"Person\",\"@id\":\"https:\\\/\\\/www.eldiario.net\\\/portal\\\/#\\\/schema\\\/person\\\/f46445640444750d7d753ccd04ae01b7\",\"name\":\"Jeanette\",\"image\":{\"@type\":\"ImageObject\",\"inLanguage\":\"es\",\"@id\":\"https:\\\/\\\/secure.gravatar.com\\\/avatar\\\/3ea2118a5f7dad2b7138b1187a6b7ee55f160b9968b66013c3a3ef39dd7e5798?s=96&d=mm&r=g\",\"url\":\"https:\\\/\\\/secure.gravatar.com\\\/avatar\\\/3ea2118a5f7dad2b7138b1187a6b7ee55f160b9968b66013c3a3ef39dd7e5798?s=96&d=mm&r=g\",\"contentUrl\":\"https:\\\/\\\/secure.gravatar.com\\\/avatar\\\/3ea2118a5f7dad2b7138b1187a6b7ee55f160b9968b66013c3a3ef39dd7e5798?s=96&d=mm&r=g\",\"caption\":\"Jeanette\"},\"sameAs\":[\"https:\\\/\\\/www.eldiario.net\\\/portal\"],\"url\":\"https:\\\/\\\/www.eldiario.net\\\/portal\\\/author\\\/jeanette\\\/\"}]}<\/script>\n<!-- \/ Yoast SEO plugin. -->","yoast_head_json":{"title":"Juicio contra integrantes de Resistencia Juvenil Cochala ingresa a fase testifical - El Diario - Bolivia","robots":{"index":"index","follow":"follow","max-snippet":"max-snippet:-1","max-image-preview":"max-image-preview:large","max-video-preview":"max-video-preview:-1"},"canonical":"https:\/\/www.eldiario.net\/portal\/2023\/02\/07\/juicio-contra-integrantes-de-resistencia-juvenil-cochala-ingresa-a-fase-testifical\/","og_locale":"es_ES","og_type":"article","og_title":"Juicio contra integrantes de Resistencia Juvenil Cochala ingresa a fase testifical - El Diario - Bolivia","og_description":"El juicio oral contra integrantes de la Resistencia Juvenil Cochala (RJC) ingresa hoy a la fase testifical, tras la conclusi\u00f3n del tratamiento de las exclusiones probatorias, inform\u00f3 este lunes el juez Tercero de Sentencia en lo Penal, Emilio Pinto. La autoridad judicial inform\u00f3 que se resolvi\u00f3 excluir cinco pruebas m\u00e1s en contra de los procesados, [&hellip;]","og_url":"https:\/\/www.eldiario.net\/portal\/2023\/02\/07\/juicio-contra-integrantes-de-resistencia-juvenil-cochala-ingresa-a-fase-testifical\/","og_site_name":"El Diario - Bolivia","article_publisher":"https:\/\/www.facebook.com\/eldiario.bolivia\/","article_published_time":"2023-02-07T09:52:58+00:00","author":"Jeanette","twitter_card":"summary_large_image","twitter_creator":"@eldiario_net","twitter_site":"@eldiario_net","twitter_misc":{"Escrito por":"Jeanette","Tiempo de lectura":"2 minutos"},"schema":{"@context":"https:\/\/schema.org","@graph":[{"@type":"Article","@id":"https:\/\/www.eldiario.net\/portal\/2023\/02\/07\/juicio-contra-integrantes-de-resistencia-juvenil-cochala-ingresa-a-fase-testifical\/#article","isPartOf":{"@id":"https:\/\/www.eldiario.net\/portal\/2023\/02\/07\/juicio-contra-integrantes-de-resistencia-juvenil-cochala-ingresa-a-fase-testifical\/"},"author":{"name":"Jeanette","@id":"https:\/\/www.eldiario.net\/portal\/#\/schema\/person\/f46445640444750d7d753ccd04ae01b7"},"headline":"Juicio contra integrantes de Resistencia Juvenil Cochala ingresa a fase testifical","datePublished":"2023-02-07T09:52:58+00:00","mainEntityOfPage":{"@id":"https:\/\/www.eldiario.net\/portal\/2023\/02\/07\/juicio-contra-integrantes-de-resistencia-juvenil-cochala-ingresa-a-fase-testifical\/"},"wordCount":278,"publisher":{"@id":"https:\/\/www.eldiario.net\/portal\/#organization"},"image":{"@id":"https:\/\/www.eldiario.net\/portal\/2023\/02\/07\/juicio-contra-integrantes-de-resistencia-juvenil-cochala-ingresa-a-fase-testifical\/#primaryimage"},"thumbnailUrl":"","articleSection":["Sociedad - Seguridad"],"inLanguage":"es"},{"@type":"WebPage","@id":"https:\/\/www.eldiario.net\/portal\/2023\/02\/07\/juicio-contra-integrantes-de-resistencia-juvenil-cochala-ingresa-a-fase-testifical\/","url":"https:\/\/www.eldiario.net\/portal\/2023\/02\/07\/juicio-contra-integrantes-de-resistencia-juvenil-cochala-ingresa-a-fase-testifical\/","name":"Juicio contra integrantes de Resistencia Juvenil Cochala ingresa a fase testifical - El Diario - Bolivia","isPartOf":{"@id":"https:\/\/www.eldiario.net\/portal\/#website"},"primaryImageOfPage":{"@id":"https:\/\/www.eldiario.net\/portal\/2023\/02\/07\/juicio-contra-integrantes-de-resistencia-juvenil-cochala-ingresa-a-fase-testifical\/#primaryimage"},"image":{"@id":"https:\/\/www.eldiario.net\/portal\/2023\/02\/07\/juicio-contra-integrantes-de-resistencia-juvenil-cochala-ingresa-a-fase-testifical\/#primaryimage"},"thumbnailUrl":"","datePublished":"2023-02-07T09:52:58+00:00","breadcrumb":{"@id":"https:\/\/www.eldiario.net\/portal\/2023\/02\/07\/juicio-contra-integrantes-de-resistencia-juvenil-cochala-ingresa-a-fase-testifical\/#breadcrumb"},"inLanguage":"es","potentialAction":[{"@type":"ReadAction","target":["https:\/\/www.eldiario.net\/portal\/2023\/02\/07\/juicio-contra-integrantes-de-resistencia-juvenil-cochala-ingresa-a-fase-testifical\/"]}]},{"@type":"ImageObject","inLanguage":"es","@id":"https:\/\/www.eldiario.net\/portal\/2023\/02\/07\/juicio-contra-integrantes-de-resistencia-juvenil-cochala-ingresa-a-fase-testifical\/#primaryimage","url":"","contentUrl":""},{"@type":"BreadcrumbList","@id":"https:\/\/www.eldiario.net\/portal\/2023\/02\/07\/juicio-contra-integrantes-de-resistencia-juvenil-cochala-ingresa-a-fase-testifical\/#breadcrumb","itemListElement":[{"@type":"ListItem","position":1,"name":"Portada","item":"https:\/\/www.eldiario.net\/portal\/"},{"@type":"ListItem","position":2,"name":"Juicio contra integrantes de Resistencia Juvenil Cochala ingresa a fase testifical"}]},{"@type":"WebSite","@id":"https:\/\/www.eldiario.net\/portal\/#website","url":"https:\/\/www.eldiario.net\/portal\/","name":"El Diario - Decano de la prensa nacional","description":"El Diario - Decano de la prensa nacional","publisher":{"@id":"https:\/\/www.eldiario.net\/portal\/#organization"},"potentialAction":[{"@type":"SearchAction","target":{"@type":"EntryPoint","urlTemplate":"https:\/\/www.eldiario.net\/portal\/?s={search_term_string}"},"query-input":{"@type":"PropertyValueSpecification","valueRequired":true,"valueName":"search_term_string"}}],"inLanguage":"es"},{"@type":"Organization","@id":"https:\/\/www.eldiario.net\/portal\/#organization","name":"El Diario - Decano de la prensa nacional","url":"https:\/\/www.eldiario.net\/portal\/","logo":{"@type":"ImageObject","inLanguage":"es","@id":"https:\/\/www.eldiario.net\/portal\/#\/schema\/logo\/image\/","url":"https:\/\/www.eldiario.net\/portal\/wp-content\/uploads\/2023\/07\/logo_ED.jpg","contentUrl":"https:\/\/www.eldiario.net\/portal\/wp-content\/uploads\/2023\/07\/logo_ED.jpg","width":272,"height":52,"caption":"El Diario - Decano de la prensa nacional"},"image":{"@id":"https:\/\/www.eldiario.net\/portal\/#\/schema\/logo\/image\/"},"sameAs":["https:\/\/www.facebook.com\/eldiario.bolivia\/","https:\/\/x.com\/eldiario_net"]},{"@type":"Person","@id":"https:\/\/www.eldiario.net\/portal\/#\/schema\/person\/f46445640444750d7d753ccd04ae01b7","name":"Jeanette","image":{"@type":"ImageObject","inLanguage":"es","@id":"https:\/\/secure.gravatar.com\/avatar\/3ea2118a5f7dad2b7138b1187a6b7ee55f160b9968b66013c3a3ef39dd7e5798?s=96&d=mm&r=g","url":"https:\/\/secure.gravatar.com\/avatar\/3ea2118a5f7dad2b7138b1187a6b7ee55f160b9968b66013c3a3ef39dd7e5798?s=96&d=mm&r=g","contentUrl":"https:\/\/secure.gravatar.com\/avatar\/3ea2118a5f7dad2b7138b1187a6b7ee55f160b9968b66013c3a3ef39dd7e5798?s=96&d=mm&r=g","caption":"Jeanette"},"sameAs":["https:\/\/www.eldiario.net\/portal"],"url":"https:\/\/www.eldiario.net\/portal\/author\/jeanette\/"}]}},"_links":{"self":[{"href":"https:\/\/www.eldiario.net\/portal\/wp-json\/wp\/v2\/posts\/136420","targetHints":{"allow":["GET"]}}],"collection":[{"href":"https:\/\/www.eldiario.net\/portal\/wp-json\/wp\/v2\/posts"}],"about":[{"href":"https:\/\/www.eldiario.net\/portal\/wp-json\/wp\/v2\/types\/post"}],"author":[{"embeddable":true,"href":"https:\/\/www.eldiario.net\/portal\/wp-json\/wp\/v2\/users\/1"}],"replies":[{"embeddable":true,"href":"https:\/\/www.eldiario.net\/portal\/wp-json\/wp\/v2\/comments?post=136420"}],"version-history":[{"count":0,"href":"https:\/\/www.eldiario.net\/portal\/wp-json\/wp\/v2\/posts\/136420\/revisions"}],"wp:attachment":[{"href":"https:\/\/www.eldiario.net\/portal\/wp-json\/wp\/v2\/media?parent=136420"}],"wp:term":[{"taxonomy":"category","embeddable":true,"href":"https:\/\/www.eldiario.net\/portal\/wp-json\/wp\/v2\/categories?post=136420"},{"taxonomy":"post_tag","embeddable":true,"href":"https:\/\/www.eldiario.net\/portal\/wp-json\/wp\/v2\/tags?post=136420"}],"curies":[{"name":"wp","href":"https:\/\/api.w.org\/{rel}","templated":true}]}}