{"id":136417,"date":"2023-02-07T05:52:07","date_gmt":"2023-02-07T09:52:07","guid":{"rendered":"https:\/\/www.eldiario.net\/portal\/?p=136417"},"modified":"2023-02-07T05:52:07","modified_gmt":"2023-02-07T09:52:07","slug":"a-prision-tres-civiles-y-un-militar-imputados-por-hurto","status":"publish","type":"post","link":"https:\/\/www.eldiario.net\/portal\/2023\/02\/07\/a-prision-tres-civiles-y-un-militar-imputados-por-hurto\/","title":{"rendered":"A prisi\u00f3n tres civiles y un  militar imputados por hurto"},"content":{"rendered":"<p>Tres funcionarios de la Aduana y un militar, que fueron aprehendidos en la ciudad de La Paz, el s\u00e1bado 4 de febrero de 2023, fueron enviados con detenci\u00f3n preventiva, por tres meses, imputados por presuntamente extorsionar al due\u00f1o de una camioneta, inform\u00f3 ayer la fiscal Pamela Portocarrero.<\/p>\n<p>La fiscal precis\u00f3 que los cuatro funcionarios fueron imputados por los delitos de concusi\u00f3n y hurto.<\/p>\n<p>\u201cEl denunciante alega que cuatro funcionarios de la Aduana Nacional le habr\u00edan pedido dinero para que no se proceda al comiso de su veh\u00edculo, que seg\u00fan los funcionarios de la Aduana presentaba irregularidades\u201d, manifest\u00f3.<\/p>\n<p>Asimismo aclar\u00f3 que se est\u00e1 investigando si el veh\u00edculo era ilegal, porque los funcionarios alegaron que presentaba irregularidades, por lo que estaban haciendo el comiso del motorizado.<\/p>\n<p>\u201cSeg\u00fan la declaraci\u00f3n de los imputados, indican que estaban con orden de realizar operativos y a efectos de identificar veh\u00edculos que est\u00e1n indocumentados\u201d, dijo.<\/p>\n<p>Por otro lado, el jefe de la Fuerza Especial de Lucha Contra el Crimen (Felcc) de La Paz, Rolando Rojas, precis\u00f3 que la aprehensi\u00f3n de los funcionarios fue la tarde del s\u00e1bado en la zona El Tejar, donde polic\u00edas intervinieron a denuncia de la v\u00edctima.<\/p>\n<p>Manifest\u00f3 que la v\u00edctima asegur\u00f3 que los funcionarios aduaneros le hab\u00edan sustra\u00eddo el dinero de su veh\u00edculo, en una actitud de chantaje.<\/p>\n","protected":false},"excerpt":{"rendered":"<p>Tres funcionarios de la Aduana y un militar, que fueron aprehendidos en la ciudad de La Paz, el s\u00e1bado 4 de febrero de 2023, fueron enviados con detenci\u00f3n preventiva, por tres meses, imputados por presuntamente extorsionar al due\u00f1o de una camioneta, inform\u00f3 ayer la fiscal Pamela Portocarrero. La fiscal precis\u00f3 que los cuatro funcionarios fueron [&hellip;]<\/p>\n","protected":false},"author":1,"featured_media":136418,"comment_status":"closed","ping_status":"closed","sticky":false,"template":"","format":"standard","meta":{"_acf_changed":false,"footnotes":""},"categories":[39],"tags":[],"class_list":["post-136417","post","type-post","status-publish","format-standard","has-post-thumbnail","category-sociedad"],"acf":{"antetitulo":""},"yoast_head":"<!-- This site is optimized with the Yoast SEO plugin v28.3 - https:\/\/yoast.com\/product\/yoast-seo-wordpress\/ -->\n<title>A prisi\u00f3n tres civiles y un militar imputados por hurto - El Diario - Bolivia<\/title>\n<meta name=\"robots\" content=\"index, follow, max-snippet:-1, max-image-preview:large, max-video-preview:-1\" \/>\n<link rel=\"canonical\" href=\"https:\/\/www.eldiario.net\/portal\/2023\/02\/07\/a-prision-tres-civiles-y-un-militar-imputados-por-hurto\/\" \/>\n<meta property=\"og:locale\" content=\"es_ES\" \/>\n<meta property=\"og:type\" content=\"article\" \/>\n<meta property=\"og:title\" content=\"A prisi\u00f3n tres civiles y un militar imputados por hurto - El Diario - Bolivia\" \/>\n<meta property=\"og:description\" content=\"Tres funcionarios de la Aduana y un militar, que fueron aprehendidos en la ciudad de La Paz, el s\u00e1bado 4 de febrero de 2023, fueron enviados con detenci\u00f3n preventiva, por tres meses, imputados por presuntamente extorsionar al due\u00f1o de una camioneta, inform\u00f3 ayer la fiscal Pamela Portocarrero. La fiscal precis\u00f3 que los cuatro funcionarios fueron [&hellip;]\" \/>\n<meta property=\"og:url\" content=\"https:\/\/www.eldiario.net\/portal\/2023\/02\/07\/a-prision-tres-civiles-y-un-militar-imputados-por-hurto\/\" \/>\n<meta property=\"og:site_name\" content=\"El Diario - Bolivia\" \/>\n<meta property=\"article:publisher\" content=\"https:\/\/www.facebook.com\/eldiario.bolivia\/\" \/>\n<meta property=\"article:published_time\" content=\"2023-02-07T09:52:07+00:00\" \/>\n<meta name=\"author\" content=\"Jeanette\" \/>\n<meta name=\"twitter:card\" content=\"summary_large_image\" \/>\n<meta name=\"twitter:creator\" content=\"@eldiario_net\" \/>\n<meta name=\"twitter:site\" content=\"@eldiario_net\" \/>\n<meta name=\"twitter:label1\" content=\"Escrito por\" \/>\n\t<meta name=\"twitter:data1\" content=\"Jeanette\" \/>\n\t<meta name=\"twitter:label2\" content=\"Tiempo de lectura\" \/>\n\t<meta name=\"twitter:data2\" content=\"1 minuto\" \/>\n<script type=\"application\/ld+json\" class=\"yoast-schema-graph\">{\"@context\":\"https:\\\/\\\/schema.org\",\"@graph\":[{\"@type\":\"Article\",\"@id\":\"https:\\\/\\\/www.eldiario.net\\\/portal\\\/2023\\\/02\\\/07\\\/a-prision-tres-civiles-y-un-militar-imputados-por-hurto\\\/#article\",\"isPartOf\":{\"@id\":\"https:\\\/\\\/www.eldiario.net\\\/portal\\\/2023\\\/02\\\/07\\\/a-prision-tres-civiles-y-un-militar-imputados-por-hurto\\\/\"},\"author\":{\"name\":\"Jeanette\",\"@id\":\"https:\\\/\\\/www.eldiario.net\\\/portal\\\/#\\\/schema\\\/person\\\/f46445640444750d7d753ccd04ae01b7\"},\"headline\":\"A prisi\u00f3n tres civiles y un militar imputados por hurto\",\"datePublished\":\"2023-02-07T09:52:07+00:00\",\"mainEntityOfPage\":{\"@id\":\"https:\\\/\\\/www.eldiario.net\\\/portal\\\/2023\\\/02\\\/07\\\/a-prision-tres-civiles-y-un-militar-imputados-por-hurto\\\/\"},\"wordCount\":244,\"publisher\":{\"@id\":\"https:\\\/\\\/www.eldiario.net\\\/portal\\\/#organization\"},\"image\":{\"@id\":\"https:\\\/\\\/www.eldiario.net\\\/portal\\\/2023\\\/02\\\/07\\\/a-prision-tres-civiles-y-un-militar-imputados-por-hurto\\\/#primaryimage\"},\"thumbnailUrl\":\"\",\"articleSection\":[\"Sociedad - Seguridad\"],\"inLanguage\":\"es\"},{\"@type\":\"WebPage\",\"@id\":\"https:\\\/\\\/www.eldiario.net\\\/portal\\\/2023\\\/02\\\/07\\\/a-prision-tres-civiles-y-un-militar-imputados-por-hurto\\\/\",\"url\":\"https:\\\/\\\/www.eldiario.net\\\/portal\\\/2023\\\/02\\\/07\\\/a-prision-tres-civiles-y-un-militar-imputados-por-hurto\\\/\",\"name\":\"A prisi\u00f3n tres civiles y un militar imputados por hurto - El Diario - Bolivia\",\"isPartOf\":{\"@id\":\"https:\\\/\\\/www.eldiario.net\\\/portal\\\/#website\"},\"primaryImageOfPage\":{\"@id\":\"https:\\\/\\\/www.eldiario.net\\\/portal\\\/2023\\\/02\\\/07\\\/a-prision-tres-civiles-y-un-militar-imputados-por-hurto\\\/#primaryimage\"},\"image\":{\"@id\":\"https:\\\/\\\/www.eldiario.net\\\/portal\\\/2023\\\/02\\\/07\\\/a-prision-tres-civiles-y-un-militar-imputados-por-hurto\\\/#primaryimage\"},\"thumbnailUrl\":\"\",\"datePublished\":\"2023-02-07T09:52:07+00:00\",\"breadcrumb\":{\"@id\":\"https:\\\/\\\/www.eldiario.net\\\/portal\\\/2023\\\/02\\\/07\\\/a-prision-tres-civiles-y-un-militar-imputados-por-hurto\\\/#breadcrumb\"},\"inLanguage\":\"es\",\"potentialAction\":[{\"@type\":\"ReadAction\",\"target\":[\"https:\\\/\\\/www.eldiario.net\\\/portal\\\/2023\\\/02\\\/07\\\/a-prision-tres-civiles-y-un-militar-imputados-por-hurto\\\/\"]}]},{\"@type\":\"ImageObject\",\"inLanguage\":\"es\",\"@id\":\"https:\\\/\\\/www.eldiario.net\\\/portal\\\/2023\\\/02\\\/07\\\/a-prision-tres-civiles-y-un-militar-imputados-por-hurto\\\/#primaryimage\",\"url\":\"\",\"contentUrl\":\"\"},{\"@type\":\"BreadcrumbList\",\"@id\":\"https:\\\/\\\/www.eldiario.net\\\/portal\\\/2023\\\/02\\\/07\\\/a-prision-tres-civiles-y-un-militar-imputados-por-hurto\\\/#breadcrumb\",\"itemListElement\":[{\"@type\":\"ListItem\",\"position\":1,\"name\":\"Portada\",\"item\":\"https:\\\/\\\/www.eldiario.net\\\/portal\\\/\"},{\"@type\":\"ListItem\",\"position\":2,\"name\":\"A prisi\u00f3n tres civiles y un militar imputados por hurto\"}]},{\"@type\":\"WebSite\",\"@id\":\"https:\\\/\\\/www.eldiario.net\\\/portal\\\/#website\",\"url\":\"https:\\\/\\\/www.eldiario.net\\\/portal\\\/\",\"name\":\"El Diario - Decano de la prensa nacional\",\"description\":\"El Diario - Decano de la prensa nacional\",\"publisher\":{\"@id\":\"https:\\\/\\\/www.eldiario.net\\\/portal\\\/#organization\"},\"potentialAction\":[{\"@type\":\"SearchAction\",\"target\":{\"@type\":\"EntryPoint\",\"urlTemplate\":\"https:\\\/\\\/www.eldiario.net\\\/portal\\\/?s={search_term_string}\"},\"query-input\":{\"@type\":\"PropertyValueSpecification\",\"valueRequired\":true,\"valueName\":\"search_term_string\"}}],\"inLanguage\":\"es\"},{\"@type\":\"Organization\",\"@id\":\"https:\\\/\\\/www.eldiario.net\\\/portal\\\/#organization\",\"name\":\"El Diario - Decano de la prensa nacional\",\"url\":\"https:\\\/\\\/www.eldiario.net\\\/portal\\\/\",\"logo\":{\"@type\":\"ImageObject\",\"inLanguage\":\"es\",\"@id\":\"https:\\\/\\\/www.eldiario.net\\\/portal\\\/#\\\/schema\\\/logo\\\/image\\\/\",\"url\":\"https:\\\/\\\/www.eldiario.net\\\/portal\\\/wp-content\\\/uploads\\\/2023\\\/07\\\/logo_ED.jpg\",\"contentUrl\":\"https:\\\/\\\/www.eldiario.net\\\/portal\\\/wp-content\\\/uploads\\\/2023\\\/07\\\/logo_ED.jpg\",\"width\":272,\"height\":52,\"caption\":\"El Diario - Decano de la prensa nacional\"},\"image\":{\"@id\":\"https:\\\/\\\/www.eldiario.net\\\/portal\\\/#\\\/schema\\\/logo\\\/image\\\/\"},\"sameAs\":[\"https:\\\/\\\/www.facebook.com\\\/eldiario.bolivia\\\/\",\"https:\\\/\\\/x.com\\\/eldiario_net\"]},{\"@type\":\"Person\",\"@id\":\"https:\\\/\\\/www.eldiario.net\\\/portal\\\/#\\\/schema\\\/person\\\/f46445640444750d7d753ccd04ae01b7\",\"name\":\"Jeanette\",\"image\":{\"@type\":\"ImageObject\",\"inLanguage\":\"es\",\"@id\":\"https:\\\/\\\/secure.gravatar.com\\\/avatar\\\/3ea2118a5f7dad2b7138b1187a6b7ee55f160b9968b66013c3a3ef39dd7e5798?s=96&d=mm&r=g\",\"url\":\"https:\\\/\\\/secure.gravatar.com\\\/avatar\\\/3ea2118a5f7dad2b7138b1187a6b7ee55f160b9968b66013c3a3ef39dd7e5798?s=96&d=mm&r=g\",\"contentUrl\":\"https:\\\/\\\/secure.gravatar.com\\\/avatar\\\/3ea2118a5f7dad2b7138b1187a6b7ee55f160b9968b66013c3a3ef39dd7e5798?s=96&d=mm&r=g\",\"caption\":\"Jeanette\"},\"sameAs\":[\"https:\\\/\\\/www.eldiario.net\\\/portal\"],\"url\":\"https:\\\/\\\/www.eldiario.net\\\/portal\\\/author\\\/jeanette\\\/\"}]}<\/script>\n<!-- \/ Yoast SEO plugin. -->","yoast_head_json":{"title":"A prisi\u00f3n tres civiles y un militar imputados por hurto - El Diario - Bolivia","robots":{"index":"index","follow":"follow","max-snippet":"max-snippet:-1","max-image-preview":"max-image-preview:large","max-video-preview":"max-video-preview:-1"},"canonical":"https:\/\/www.eldiario.net\/portal\/2023\/02\/07\/a-prision-tres-civiles-y-un-militar-imputados-por-hurto\/","og_locale":"es_ES","og_type":"article","og_title":"A prisi\u00f3n tres civiles y un militar imputados por hurto - El Diario - Bolivia","og_description":"Tres funcionarios de la Aduana y un militar, que fueron aprehendidos en la ciudad de La Paz, el s\u00e1bado 4 de febrero de 2023, fueron enviados con detenci\u00f3n preventiva, por tres meses, imputados por presuntamente extorsionar al due\u00f1o de una camioneta, inform\u00f3 ayer la fiscal Pamela Portocarrero. La fiscal precis\u00f3 que los cuatro funcionarios fueron [&hellip;]","og_url":"https:\/\/www.eldiario.net\/portal\/2023\/02\/07\/a-prision-tres-civiles-y-un-militar-imputados-por-hurto\/","og_site_name":"El Diario - Bolivia","article_publisher":"https:\/\/www.facebook.com\/eldiario.bolivia\/","article_published_time":"2023-02-07T09:52:07+00:00","author":"Jeanette","twitter_card":"summary_large_image","twitter_creator":"@eldiario_net","twitter_site":"@eldiario_net","twitter_misc":{"Escrito por":"Jeanette","Tiempo de lectura":"1 minuto"},"schema":{"@context":"https:\/\/schema.org","@graph":[{"@type":"Article","@id":"https:\/\/www.eldiario.net\/portal\/2023\/02\/07\/a-prision-tres-civiles-y-un-militar-imputados-por-hurto\/#article","isPartOf":{"@id":"https:\/\/www.eldiario.net\/portal\/2023\/02\/07\/a-prision-tres-civiles-y-un-militar-imputados-por-hurto\/"},"author":{"name":"Jeanette","@id":"https:\/\/www.eldiario.net\/portal\/#\/schema\/person\/f46445640444750d7d753ccd04ae01b7"},"headline":"A prisi\u00f3n tres civiles y un militar imputados por hurto","datePublished":"2023-02-07T09:52:07+00:00","mainEntityOfPage":{"@id":"https:\/\/www.eldiario.net\/portal\/2023\/02\/07\/a-prision-tres-civiles-y-un-militar-imputados-por-hurto\/"},"wordCount":244,"publisher":{"@id":"https:\/\/www.eldiario.net\/portal\/#organization"},"image":{"@id":"https:\/\/www.eldiario.net\/portal\/2023\/02\/07\/a-prision-tres-civiles-y-un-militar-imputados-por-hurto\/#primaryimage"},"thumbnailUrl":"","articleSection":["Sociedad - Seguridad"],"inLanguage":"es"},{"@type":"WebPage","@id":"https:\/\/www.eldiario.net\/portal\/2023\/02\/07\/a-prision-tres-civiles-y-un-militar-imputados-por-hurto\/","url":"https:\/\/www.eldiario.net\/portal\/2023\/02\/07\/a-prision-tres-civiles-y-un-militar-imputados-por-hurto\/","name":"A prisi\u00f3n tres civiles y un militar imputados por hurto - El Diario - Bolivia","isPartOf":{"@id":"https:\/\/www.eldiario.net\/portal\/#website"},"primaryImageOfPage":{"@id":"https:\/\/www.eldiario.net\/portal\/2023\/02\/07\/a-prision-tres-civiles-y-un-militar-imputados-por-hurto\/#primaryimage"},"image":{"@id":"https:\/\/www.eldiario.net\/portal\/2023\/02\/07\/a-prision-tres-civiles-y-un-militar-imputados-por-hurto\/#primaryimage"},"thumbnailUrl":"","datePublished":"2023-02-07T09:52:07+00:00","breadcrumb":{"@id":"https:\/\/www.eldiario.net\/portal\/2023\/02\/07\/a-prision-tres-civiles-y-un-militar-imputados-por-hurto\/#breadcrumb"},"inLanguage":"es","potentialAction":[{"@type":"ReadAction","target":["https:\/\/www.eldiario.net\/portal\/2023\/02\/07\/a-prision-tres-civiles-y-un-militar-imputados-por-hurto\/"]}]},{"@type":"ImageObject","inLanguage":"es","@id":"https:\/\/www.eldiario.net\/portal\/2023\/02\/07\/a-prision-tres-civiles-y-un-militar-imputados-por-hurto\/#primaryimage","url":"","contentUrl":""},{"@type":"BreadcrumbList","@id":"https:\/\/www.eldiario.net\/portal\/2023\/02\/07\/a-prision-tres-civiles-y-un-militar-imputados-por-hurto\/#breadcrumb","itemListElement":[{"@type":"ListItem","position":1,"name":"Portada","item":"https:\/\/www.eldiario.net\/portal\/"},{"@type":"ListItem","position":2,"name":"A prisi\u00f3n tres civiles y un militar imputados por hurto"}]},{"@type":"WebSite","@id":"https:\/\/www.eldiario.net\/portal\/#website","url":"https:\/\/www.eldiario.net\/portal\/","name":"El Diario - Decano de la prensa nacional","description":"El Diario - Decano de la prensa nacional","publisher":{"@id":"https:\/\/www.eldiario.net\/portal\/#organization"},"potentialAction":[{"@type":"SearchAction","target":{"@type":"EntryPoint","urlTemplate":"https:\/\/www.eldiario.net\/portal\/?s={search_term_string}"},"query-input":{"@type":"PropertyValueSpecification","valueRequired":true,"valueName":"search_term_string"}}],"inLanguage":"es"},{"@type":"Organization","@id":"https:\/\/www.eldiario.net\/portal\/#organization","name":"El Diario - Decano de la prensa nacional","url":"https:\/\/www.eldiario.net\/portal\/","logo":{"@type":"ImageObject","inLanguage":"es","@id":"https:\/\/www.eldiario.net\/portal\/#\/schema\/logo\/image\/","url":"https:\/\/www.eldiario.net\/portal\/wp-content\/uploads\/2023\/07\/logo_ED.jpg","contentUrl":"https:\/\/www.eldiario.net\/portal\/wp-content\/uploads\/2023\/07\/logo_ED.jpg","width":272,"height":52,"caption":"El Diario - Decano de la prensa nacional"},"image":{"@id":"https:\/\/www.eldiario.net\/portal\/#\/schema\/logo\/image\/"},"sameAs":["https:\/\/www.facebook.com\/eldiario.bolivia\/","https:\/\/x.com\/eldiario_net"]},{"@type":"Person","@id":"https:\/\/www.eldiario.net\/portal\/#\/schema\/person\/f46445640444750d7d753ccd04ae01b7","name":"Jeanette","image":{"@type":"ImageObject","inLanguage":"es","@id":"https:\/\/secure.gravatar.com\/avatar\/3ea2118a5f7dad2b7138b1187a6b7ee55f160b9968b66013c3a3ef39dd7e5798?s=96&d=mm&r=g","url":"https:\/\/secure.gravatar.com\/avatar\/3ea2118a5f7dad2b7138b1187a6b7ee55f160b9968b66013c3a3ef39dd7e5798?s=96&d=mm&r=g","contentUrl":"https:\/\/secure.gravatar.com\/avatar\/3ea2118a5f7dad2b7138b1187a6b7ee55f160b9968b66013c3a3ef39dd7e5798?s=96&d=mm&r=g","caption":"Jeanette"},"sameAs":["https:\/\/www.eldiario.net\/portal"],"url":"https:\/\/www.eldiario.net\/portal\/author\/jeanette\/"}]}},"_links":{"self":[{"href":"https:\/\/www.eldiario.net\/portal\/wp-json\/wp\/v2\/posts\/136417","targetHints":{"allow":["GET"]}}],"collection":[{"href":"https:\/\/www.eldiario.net\/portal\/wp-json\/wp\/v2\/posts"}],"about":[{"href":"https:\/\/www.eldiario.net\/portal\/wp-json\/wp\/v2\/types\/post"}],"author":[{"embeddable":true,"href":"https:\/\/www.eldiario.net\/portal\/wp-json\/wp\/v2\/users\/1"}],"replies":[{"embeddable":true,"href":"https:\/\/www.eldiario.net\/portal\/wp-json\/wp\/v2\/comments?post=136417"}],"version-history":[{"count":0,"href":"https:\/\/www.eldiario.net\/portal\/wp-json\/wp\/v2\/posts\/136417\/revisions"}],"wp:attachment":[{"href":"https:\/\/www.eldiario.net\/portal\/wp-json\/wp\/v2\/media?parent=136417"}],"wp:term":[{"taxonomy":"category","embeddable":true,"href":"https:\/\/www.eldiario.net\/portal\/wp-json\/wp\/v2\/categories?post=136417"},{"taxonomy":"post_tag","embeddable":true,"href":"https:\/\/www.eldiario.net\/portal\/wp-json\/wp\/v2\/tags?post=136417"}],"curies":[{"name":"wp","href":"https:\/\/api.w.org\/{rel}","templated":true}]}}