{"id":136408,"date":"2023-02-07T05:48:59","date_gmt":"2023-02-07T09:48:59","guid":{"rendered":"https:\/\/www.eldiario.net\/portal\/?p=136408"},"modified":"2023-02-07T05:48:59","modified_gmt":"2023-02-07T09:48:59","slug":"rechazo-a-participacion-de-incas-carnaval-abre-debate-en-la-acfo","status":"publish","type":"post","link":"https:\/\/www.eldiario.net\/portal\/2023\/02\/07\/rechazo-a-participacion-de-incas-carnaval-abre-debate-en-la-acfo\/","title":{"rendered":"Rechazo a participaci\u00f3n de \u201cincas\u201d Carnaval abre debate en la ACFO"},"content":{"rendered":"<p>En los \u00faltimos d\u00edas se desat\u00f3 una controversia por el rechazo del presidente de la Asociaci\u00f3n de Conjuntos Folcl\u00f3ricos de Oruro (ACFO), Jacinto Quispaya, a la participaci\u00f3n de los famosos \u201cincas\u201d Franco de la Cuenca y Alejandro Ledezma en el Carnaval orure\u00f1o. Para Quispaya, la entrada tiene \u00abconnotaci\u00f3n religiosa y devocional a la virgen\u00bb y por ello, no consideran a figuras p\u00fablicas. Adem\u00e1s, dijo que hubo una distorsi\u00f3n en la esencia de la danza en el que particip\u00f3 la pareja durante el Gran Poder.<\/p>\n<p>\u00bfDoble moral? Para la historiadora Sayuri Loza, todo apunta que s\u00ed. Considera que \u201cas\u00ed somos los bolivianos, somos muy de rasgarse las vestiduras en cuestiones que no tienen sentido, pero en las cuestiones m\u00e1s importantes nos hacemos a la gallinita ciega, cerramos los ojos\u201d.<\/p>\n<p>La historiadora explica que en 1904 y 1906, el municipio de Oruro demand\u00f3 que los bailarines participen de la entrada del Carnaval sin estar ebrios y con vestimenta decente, es decir, sin mostrar desnudez por fe y respeto a la Virgen del Socav\u00f3n, pero con los a\u00f1os, esto cambi\u00f3.<\/p>\n<p>\u201cEl problema es que con los a\u00f1os y la modernidad poco se ha respetado esto, vemos en el Carnaval de Oruro escotes, minifaldas, que en lo personal est\u00e1 bien, porque ya somos una sociedad muy sexualizada, es inevitable por desgracia y aunque se ha tratado de normar no se logra\u201d, expone Loza a Urgente.bo.<\/p>\n<p>Explica que no hay una concordancia entre las reglas y lo que ocurre; por ello, pese a que no se puede llegar ebrio donde la Virgen, la gente lo hace y no hay sanciones.<\/p>\n<p>\u201cMuchos dicen que aunque el Carnaval de Oruro se ha declarado Patrimonio Cultural Inmaterial de la Humanidad de la Unesco (el 2008), poco se ha hecho para mejorar las circunstancias de los visitantes, de los ni\u00f1os y de toda la gente que quiere disfrutar de este despliegue\u201d, menciona.<\/p>\n<p><strong>IRON\u00cdA<\/strong><\/p>\n<p>La prohibici\u00f3n a la participaci\u00f3n de los \u201cincas\u201d en el Carnaval ha desatado comentarios a favor y en contra en redes sociales. La gente considera que muchos tambi\u00e9n distorsionaron los trajes de las danzas; y cuestionan: si se busca preservar la \u00abconnotaci\u00f3n religiosa y devocional a la virgen\u201d \u00bfpor qu\u00e9 hay borrachera?<\/p>\n<p>\u201cSaquen tambi\u00e9n a los hermanos Gal\u00e1n, a las machas de caporal, a las mini polleras que muestran todo, entre otros, estos distorsionan las vestimentas\u201d, opin\u00f3 una internauta.<\/p>\n<p>\u201cSi realmente bailan por devoci\u00f3n, \u00bfpor qu\u00e9 tanta borrachera? O sea devoci\u00f3n a la virgen o al trago\u201d, mencion\u00f3 otra persona.<\/p>\n<p>Entonces, para la historiadora, es ir\u00f3nico que los famosos \u201cincas\u201d Franco de la Cuenca y Alejandro Ledezma tengan prohibido su participaci\u00f3n en la entrada del Carnaval porque se les acusa de algo que otros tambi\u00e9n incurren.<\/p>\n<p>\u201cResulta ir\u00f3nico que se les proh\u00edba el ingreso a los incas (\u2026) se habla de que son imp\u00fadicos, si vemos la entrada, hemos visto la comparsa de tobas el a\u00f1o pasado, ya b\u00e1sicamente las chicas est\u00e1n en traje de ba\u00f1o y no ha habido sanci\u00f3n\u201d, menciona.<\/p>\n<p>Otro reclamo que Quispaya hizo a Alejandro y Franco es que habr\u00edan distorsionado el traje t\u00edpico del inca en la entrada del Gran Poder. Aunque para la historiadora, esto tiene algo de cierto,\u00a0 destaca que no se hizo saber lo mismo sobre los trajes ajustados de las \u00f1ustas o la pollera en la misma danza.<\/p>\n<p>\u201c\u00bfC\u00f3mo vamos a hablar de la pollera si en el incario no exist\u00eda la pollera? Ya hay distorsi\u00f3n en la danza misma porque as\u00ed son los tiempos y as\u00ed es la cultura (\u2026) decirles cosas como que \u02c8no tienen fe\u02c8, \u02c8no est\u00e1n a la altura\u02c8 me parece una exageraci\u00f3n y por desgracia muestra la incapacidad que tienen de comunicar la Federaci\u00f3n de Conjuntos Folcl\u00f3ricos (\u2026) demuestra la falta de organizaci\u00f3n que existe en el Carnaval de Oruro, que es un orgullo nacional\u201d, cuestiona.<\/p>\n<p>Analiza que la gente que tiene fe y devoci\u00f3n en el Carnaval lo demuestra \u00a0sin excesos de alcohol, respeta el recinto sagrado donde est\u00e1 la virgen, no es violenta, baila con energ\u00eda, se alista para la cita y cumple con las reglas.<\/p>\n<p>\u201cHay esa doble moral, creo yo, que el Carnaval de Oruro no aprende a equilibrar y no busca una mejor forma de juzgar, de manejar su institucionalidad va a ser siempre cuestionado y criticado, no est\u00e1 manejando bien\u201d, puntualiza. (Oruro, Urgente.bo)<\/p>\n","protected":false},"excerpt":{"rendered":"<p>En los \u00faltimos d\u00edas se desat\u00f3 una controversia por el rechazo del presidente de la Asociaci\u00f3n de Conjuntos Folcl\u00f3ricos de Oruro (ACFO), Jacinto Quispaya, a la participaci\u00f3n de los famosos \u201cincas\u201d Franco de la Cuenca y Alejandro Ledezma en el Carnaval orure\u00f1o. Para Quispaya, la entrada tiene \u00abconnotaci\u00f3n religiosa y devocional a la virgen\u00bb y [&hellip;]<\/p>\n","protected":false},"author":1,"featured_media":136409,"comment_status":"closed","ping_status":"closed","sticky":false,"template":"","format":"standard","meta":{"_acf_changed":false,"footnotes":""},"categories":[12],"tags":[],"class_list":["post-136408","post","type-post","status-publish","format-standard","has-post-thumbnail","category-nacional"],"acf":{"antetitulo":""},"yoast_head":"<!-- This site is optimized with the Yoast SEO plugin v28.3 - https:\/\/yoast.com\/product\/yoast-seo-wordpress\/ -->\n<title>Rechazo a participaci\u00f3n de \u201cincas\u201d Carnaval abre debate en la ACFO - El Diario - Bolivia<\/title>\n<meta name=\"robots\" content=\"index, follow, max-snippet:-1, max-image-preview:large, max-video-preview:-1\" \/>\n<link rel=\"canonical\" href=\"https:\/\/www.eldiario.net\/portal\/2023\/02\/07\/rechazo-a-participacion-de-incas-carnaval-abre-debate-en-la-acfo\/\" \/>\n<meta property=\"og:locale\" content=\"es_ES\" \/>\n<meta property=\"og:type\" content=\"article\" \/>\n<meta property=\"og:title\" content=\"Rechazo a participaci\u00f3n de \u201cincas\u201d Carnaval abre debate en la ACFO - El Diario - Bolivia\" \/>\n<meta property=\"og:description\" content=\"En los \u00faltimos d\u00edas se desat\u00f3 una controversia por el rechazo del presidente de la Asociaci\u00f3n de Conjuntos Folcl\u00f3ricos de Oruro (ACFO), Jacinto Quispaya, a la participaci\u00f3n de los famosos \u201cincas\u201d Franco de la Cuenca y Alejandro Ledezma en el Carnaval orure\u00f1o. Para Quispaya, la entrada tiene \u00abconnotaci\u00f3n religiosa y devocional a la virgen\u00bb y [&hellip;]\" \/>\n<meta property=\"og:url\" content=\"https:\/\/www.eldiario.net\/portal\/2023\/02\/07\/rechazo-a-participacion-de-incas-carnaval-abre-debate-en-la-acfo\/\" \/>\n<meta property=\"og:site_name\" content=\"El Diario - Bolivia\" \/>\n<meta property=\"article:publisher\" content=\"https:\/\/www.facebook.com\/eldiario.bolivia\/\" \/>\n<meta property=\"article:published_time\" content=\"2023-02-07T09:48:59+00:00\" \/>\n<meta name=\"author\" content=\"Jeanette\" \/>\n<meta name=\"twitter:card\" content=\"summary_large_image\" \/>\n<meta name=\"twitter:creator\" content=\"@eldiario_net\" \/>\n<meta name=\"twitter:site\" content=\"@eldiario_net\" \/>\n<meta name=\"twitter:label1\" content=\"Escrito por\" \/>\n\t<meta name=\"twitter:data1\" content=\"Jeanette\" \/>\n\t<meta name=\"twitter:label2\" content=\"Tiempo de lectura\" \/>\n\t<meta name=\"twitter:data2\" content=\"4 minutos\" \/>\n<script type=\"application\/ld+json\" class=\"yoast-schema-graph\">{\"@context\":\"https:\\\/\\\/schema.org\",\"@graph\":[{\"@type\":\"Article\",\"@id\":\"https:\\\/\\\/www.eldiario.net\\\/portal\\\/2023\\\/02\\\/07\\\/rechazo-a-participacion-de-incas-carnaval-abre-debate-en-la-acfo\\\/#article\",\"isPartOf\":{\"@id\":\"https:\\\/\\\/www.eldiario.net\\\/portal\\\/2023\\\/02\\\/07\\\/rechazo-a-participacion-de-incas-carnaval-abre-debate-en-la-acfo\\\/\"},\"author\":{\"name\":\"Jeanette\",\"@id\":\"https:\\\/\\\/www.eldiario.net\\\/portal\\\/#\\\/schema\\\/person\\\/f46445640444750d7d753ccd04ae01b7\"},\"headline\":\"Rechazo a participaci\u00f3n de \u201cincas\u201d Carnaval abre debate en la ACFO\",\"datePublished\":\"2023-02-07T09:48:59+00:00\",\"mainEntityOfPage\":{\"@id\":\"https:\\\/\\\/www.eldiario.net\\\/portal\\\/2023\\\/02\\\/07\\\/rechazo-a-participacion-de-incas-carnaval-abre-debate-en-la-acfo\\\/\"},\"wordCount\":771,\"publisher\":{\"@id\":\"https:\\\/\\\/www.eldiario.net\\\/portal\\\/#organization\"},\"image\":{\"@id\":\"https:\\\/\\\/www.eldiario.net\\\/portal\\\/2023\\\/02\\\/07\\\/rechazo-a-participacion-de-incas-carnaval-abre-debate-en-la-acfo\\\/#primaryimage\"},\"thumbnailUrl\":\"\",\"articleSection\":[\"Nacional\"],\"inLanguage\":\"es\"},{\"@type\":\"WebPage\",\"@id\":\"https:\\\/\\\/www.eldiario.net\\\/portal\\\/2023\\\/02\\\/07\\\/rechazo-a-participacion-de-incas-carnaval-abre-debate-en-la-acfo\\\/\",\"url\":\"https:\\\/\\\/www.eldiario.net\\\/portal\\\/2023\\\/02\\\/07\\\/rechazo-a-participacion-de-incas-carnaval-abre-debate-en-la-acfo\\\/\",\"name\":\"Rechazo a participaci\u00f3n de \u201cincas\u201d Carnaval abre debate en la ACFO - El Diario - Bolivia\",\"isPartOf\":{\"@id\":\"https:\\\/\\\/www.eldiario.net\\\/portal\\\/#website\"},\"primaryImageOfPage\":{\"@id\":\"https:\\\/\\\/www.eldiario.net\\\/portal\\\/2023\\\/02\\\/07\\\/rechazo-a-participacion-de-incas-carnaval-abre-debate-en-la-acfo\\\/#primaryimage\"},\"image\":{\"@id\":\"https:\\\/\\\/www.eldiario.net\\\/portal\\\/2023\\\/02\\\/07\\\/rechazo-a-participacion-de-incas-carnaval-abre-debate-en-la-acfo\\\/#primaryimage\"},\"thumbnailUrl\":\"\",\"datePublished\":\"2023-02-07T09:48:59+00:00\",\"breadcrumb\":{\"@id\":\"https:\\\/\\\/www.eldiario.net\\\/portal\\\/2023\\\/02\\\/07\\\/rechazo-a-participacion-de-incas-carnaval-abre-debate-en-la-acfo\\\/#breadcrumb\"},\"inLanguage\":\"es\",\"potentialAction\":[{\"@type\":\"ReadAction\",\"target\":[\"https:\\\/\\\/www.eldiario.net\\\/portal\\\/2023\\\/02\\\/07\\\/rechazo-a-participacion-de-incas-carnaval-abre-debate-en-la-acfo\\\/\"]}]},{\"@type\":\"ImageObject\",\"inLanguage\":\"es\",\"@id\":\"https:\\\/\\\/www.eldiario.net\\\/portal\\\/2023\\\/02\\\/07\\\/rechazo-a-participacion-de-incas-carnaval-abre-debate-en-la-acfo\\\/#primaryimage\",\"url\":\"\",\"contentUrl\":\"\"},{\"@type\":\"BreadcrumbList\",\"@id\":\"https:\\\/\\\/www.eldiario.net\\\/portal\\\/2023\\\/02\\\/07\\\/rechazo-a-participacion-de-incas-carnaval-abre-debate-en-la-acfo\\\/#breadcrumb\",\"itemListElement\":[{\"@type\":\"ListItem\",\"position\":1,\"name\":\"Portada\",\"item\":\"https:\\\/\\\/www.eldiario.net\\\/portal\\\/\"},{\"@type\":\"ListItem\",\"position\":2,\"name\":\"Rechazo a participaci\u00f3n de \u201cincas\u201d Carnaval abre debate en la ACFO\"}]},{\"@type\":\"WebSite\",\"@id\":\"https:\\\/\\\/www.eldiario.net\\\/portal\\\/#website\",\"url\":\"https:\\\/\\\/www.eldiario.net\\\/portal\\\/\",\"name\":\"El Diario - Decano de la prensa nacional\",\"description\":\"El Diario - Decano de la prensa nacional\",\"publisher\":{\"@id\":\"https:\\\/\\\/www.eldiario.net\\\/portal\\\/#organization\"},\"potentialAction\":[{\"@type\":\"SearchAction\",\"target\":{\"@type\":\"EntryPoint\",\"urlTemplate\":\"https:\\\/\\\/www.eldiario.net\\\/portal\\\/?s={search_term_string}\"},\"query-input\":{\"@type\":\"PropertyValueSpecification\",\"valueRequired\":true,\"valueName\":\"search_term_string\"}}],\"inLanguage\":\"es\"},{\"@type\":\"Organization\",\"@id\":\"https:\\\/\\\/www.eldiario.net\\\/portal\\\/#organization\",\"name\":\"El Diario - Decano de la prensa nacional\",\"url\":\"https:\\\/\\\/www.eldiario.net\\\/portal\\\/\",\"logo\":{\"@type\":\"ImageObject\",\"inLanguage\":\"es\",\"@id\":\"https:\\\/\\\/www.eldiario.net\\\/portal\\\/#\\\/schema\\\/logo\\\/image\\\/\",\"url\":\"https:\\\/\\\/www.eldiario.net\\\/portal\\\/wp-content\\\/uploads\\\/2023\\\/07\\\/logo_ED.jpg\",\"contentUrl\":\"https:\\\/\\\/www.eldiario.net\\\/portal\\\/wp-content\\\/uploads\\\/2023\\\/07\\\/logo_ED.jpg\",\"width\":272,\"height\":52,\"caption\":\"El Diario - Decano de la prensa nacional\"},\"image\":{\"@id\":\"https:\\\/\\\/www.eldiario.net\\\/portal\\\/#\\\/schema\\\/logo\\\/image\\\/\"},\"sameAs\":[\"https:\\\/\\\/www.facebook.com\\\/eldiario.bolivia\\\/\",\"https:\\\/\\\/x.com\\\/eldiario_net\"]},{\"@type\":\"Person\",\"@id\":\"https:\\\/\\\/www.eldiario.net\\\/portal\\\/#\\\/schema\\\/person\\\/f46445640444750d7d753ccd04ae01b7\",\"name\":\"Jeanette\",\"image\":{\"@type\":\"ImageObject\",\"inLanguage\":\"es\",\"@id\":\"https:\\\/\\\/secure.gravatar.com\\\/avatar\\\/3ea2118a5f7dad2b7138b1187a6b7ee55f160b9968b66013c3a3ef39dd7e5798?s=96&d=mm&r=g\",\"url\":\"https:\\\/\\\/secure.gravatar.com\\\/avatar\\\/3ea2118a5f7dad2b7138b1187a6b7ee55f160b9968b66013c3a3ef39dd7e5798?s=96&d=mm&r=g\",\"contentUrl\":\"https:\\\/\\\/secure.gravatar.com\\\/avatar\\\/3ea2118a5f7dad2b7138b1187a6b7ee55f160b9968b66013c3a3ef39dd7e5798?s=96&d=mm&r=g\",\"caption\":\"Jeanette\"},\"sameAs\":[\"https:\\\/\\\/www.eldiario.net\\\/portal\"],\"url\":\"https:\\\/\\\/www.eldiario.net\\\/portal\\\/author\\\/jeanette\\\/\"}]}<\/script>\n<!-- \/ Yoast SEO plugin. -->","yoast_head_json":{"title":"Rechazo a participaci\u00f3n de \u201cincas\u201d Carnaval abre debate en la ACFO - El Diario - Bolivia","robots":{"index":"index","follow":"follow","max-snippet":"max-snippet:-1","max-image-preview":"max-image-preview:large","max-video-preview":"max-video-preview:-1"},"canonical":"https:\/\/www.eldiario.net\/portal\/2023\/02\/07\/rechazo-a-participacion-de-incas-carnaval-abre-debate-en-la-acfo\/","og_locale":"es_ES","og_type":"article","og_title":"Rechazo a participaci\u00f3n de \u201cincas\u201d Carnaval abre debate en la ACFO - El Diario - Bolivia","og_description":"En los \u00faltimos d\u00edas se desat\u00f3 una controversia por el rechazo del presidente de la Asociaci\u00f3n de Conjuntos Folcl\u00f3ricos de Oruro (ACFO), Jacinto Quispaya, a la participaci\u00f3n de los famosos \u201cincas\u201d Franco de la Cuenca y Alejandro Ledezma en el Carnaval orure\u00f1o. Para Quispaya, la entrada tiene \u00abconnotaci\u00f3n religiosa y devocional a la virgen\u00bb y [&hellip;]","og_url":"https:\/\/www.eldiario.net\/portal\/2023\/02\/07\/rechazo-a-participacion-de-incas-carnaval-abre-debate-en-la-acfo\/","og_site_name":"El Diario - Bolivia","article_publisher":"https:\/\/www.facebook.com\/eldiario.bolivia\/","article_published_time":"2023-02-07T09:48:59+00:00","author":"Jeanette","twitter_card":"summary_large_image","twitter_creator":"@eldiario_net","twitter_site":"@eldiario_net","twitter_misc":{"Escrito por":"Jeanette","Tiempo de lectura":"4 minutos"},"schema":{"@context":"https:\/\/schema.org","@graph":[{"@type":"Article","@id":"https:\/\/www.eldiario.net\/portal\/2023\/02\/07\/rechazo-a-participacion-de-incas-carnaval-abre-debate-en-la-acfo\/#article","isPartOf":{"@id":"https:\/\/www.eldiario.net\/portal\/2023\/02\/07\/rechazo-a-participacion-de-incas-carnaval-abre-debate-en-la-acfo\/"},"author":{"name":"Jeanette","@id":"https:\/\/www.eldiario.net\/portal\/#\/schema\/person\/f46445640444750d7d753ccd04ae01b7"},"headline":"Rechazo a participaci\u00f3n de \u201cincas\u201d Carnaval abre debate en la ACFO","datePublished":"2023-02-07T09:48:59+00:00","mainEntityOfPage":{"@id":"https:\/\/www.eldiario.net\/portal\/2023\/02\/07\/rechazo-a-participacion-de-incas-carnaval-abre-debate-en-la-acfo\/"},"wordCount":771,"publisher":{"@id":"https:\/\/www.eldiario.net\/portal\/#organization"},"image":{"@id":"https:\/\/www.eldiario.net\/portal\/2023\/02\/07\/rechazo-a-participacion-de-incas-carnaval-abre-debate-en-la-acfo\/#primaryimage"},"thumbnailUrl":"","articleSection":["Nacional"],"inLanguage":"es"},{"@type":"WebPage","@id":"https:\/\/www.eldiario.net\/portal\/2023\/02\/07\/rechazo-a-participacion-de-incas-carnaval-abre-debate-en-la-acfo\/","url":"https:\/\/www.eldiario.net\/portal\/2023\/02\/07\/rechazo-a-participacion-de-incas-carnaval-abre-debate-en-la-acfo\/","name":"Rechazo a participaci\u00f3n de \u201cincas\u201d Carnaval abre debate en la ACFO - El Diario - Bolivia","isPartOf":{"@id":"https:\/\/www.eldiario.net\/portal\/#website"},"primaryImageOfPage":{"@id":"https:\/\/www.eldiario.net\/portal\/2023\/02\/07\/rechazo-a-participacion-de-incas-carnaval-abre-debate-en-la-acfo\/#primaryimage"},"image":{"@id":"https:\/\/www.eldiario.net\/portal\/2023\/02\/07\/rechazo-a-participacion-de-incas-carnaval-abre-debate-en-la-acfo\/#primaryimage"},"thumbnailUrl":"","datePublished":"2023-02-07T09:48:59+00:00","breadcrumb":{"@id":"https:\/\/www.eldiario.net\/portal\/2023\/02\/07\/rechazo-a-participacion-de-incas-carnaval-abre-debate-en-la-acfo\/#breadcrumb"},"inLanguage":"es","potentialAction":[{"@type":"ReadAction","target":["https:\/\/www.eldiario.net\/portal\/2023\/02\/07\/rechazo-a-participacion-de-incas-carnaval-abre-debate-en-la-acfo\/"]}]},{"@type":"ImageObject","inLanguage":"es","@id":"https:\/\/www.eldiario.net\/portal\/2023\/02\/07\/rechazo-a-participacion-de-incas-carnaval-abre-debate-en-la-acfo\/#primaryimage","url":"","contentUrl":""},{"@type":"BreadcrumbList","@id":"https:\/\/www.eldiario.net\/portal\/2023\/02\/07\/rechazo-a-participacion-de-incas-carnaval-abre-debate-en-la-acfo\/#breadcrumb","itemListElement":[{"@type":"ListItem","position":1,"name":"Portada","item":"https:\/\/www.eldiario.net\/portal\/"},{"@type":"ListItem","position":2,"name":"Rechazo a participaci\u00f3n de \u201cincas\u201d Carnaval abre debate en la ACFO"}]},{"@type":"WebSite","@id":"https:\/\/www.eldiario.net\/portal\/#website","url":"https:\/\/www.eldiario.net\/portal\/","name":"El Diario - Decano de la prensa nacional","description":"El Diario - Decano de la prensa nacional","publisher":{"@id":"https:\/\/www.eldiario.net\/portal\/#organization"},"potentialAction":[{"@type":"SearchAction","target":{"@type":"EntryPoint","urlTemplate":"https:\/\/www.eldiario.net\/portal\/?s={search_term_string}"},"query-input":{"@type":"PropertyValueSpecification","valueRequired":true,"valueName":"search_term_string"}}],"inLanguage":"es"},{"@type":"Organization","@id":"https:\/\/www.eldiario.net\/portal\/#organization","name":"El Diario - Decano de la prensa nacional","url":"https:\/\/www.eldiario.net\/portal\/","logo":{"@type":"ImageObject","inLanguage":"es","@id":"https:\/\/www.eldiario.net\/portal\/#\/schema\/logo\/image\/","url":"https:\/\/www.eldiario.net\/portal\/wp-content\/uploads\/2023\/07\/logo_ED.jpg","contentUrl":"https:\/\/www.eldiario.net\/portal\/wp-content\/uploads\/2023\/07\/logo_ED.jpg","width":272,"height":52,"caption":"El Diario - Decano de la prensa nacional"},"image":{"@id":"https:\/\/www.eldiario.net\/portal\/#\/schema\/logo\/image\/"},"sameAs":["https:\/\/www.facebook.com\/eldiario.bolivia\/","https:\/\/x.com\/eldiario_net"]},{"@type":"Person","@id":"https:\/\/www.eldiario.net\/portal\/#\/schema\/person\/f46445640444750d7d753ccd04ae01b7","name":"Jeanette","image":{"@type":"ImageObject","inLanguage":"es","@id":"https:\/\/secure.gravatar.com\/avatar\/3ea2118a5f7dad2b7138b1187a6b7ee55f160b9968b66013c3a3ef39dd7e5798?s=96&d=mm&r=g","url":"https:\/\/secure.gravatar.com\/avatar\/3ea2118a5f7dad2b7138b1187a6b7ee55f160b9968b66013c3a3ef39dd7e5798?s=96&d=mm&r=g","contentUrl":"https:\/\/secure.gravatar.com\/avatar\/3ea2118a5f7dad2b7138b1187a6b7ee55f160b9968b66013c3a3ef39dd7e5798?s=96&d=mm&r=g","caption":"Jeanette"},"sameAs":["https:\/\/www.eldiario.net\/portal"],"url":"https:\/\/www.eldiario.net\/portal\/author\/jeanette\/"}]}},"_links":{"self":[{"href":"https:\/\/www.eldiario.net\/portal\/wp-json\/wp\/v2\/posts\/136408","targetHints":{"allow":["GET"]}}],"collection":[{"href":"https:\/\/www.eldiario.net\/portal\/wp-json\/wp\/v2\/posts"}],"about":[{"href":"https:\/\/www.eldiario.net\/portal\/wp-json\/wp\/v2\/types\/post"}],"author":[{"embeddable":true,"href":"https:\/\/www.eldiario.net\/portal\/wp-json\/wp\/v2\/users\/1"}],"replies":[{"embeddable":true,"href":"https:\/\/www.eldiario.net\/portal\/wp-json\/wp\/v2\/comments?post=136408"}],"version-history":[{"count":0,"href":"https:\/\/www.eldiario.net\/portal\/wp-json\/wp\/v2\/posts\/136408\/revisions"}],"wp:attachment":[{"href":"https:\/\/www.eldiario.net\/portal\/wp-json\/wp\/v2\/media?parent=136408"}],"wp:term":[{"taxonomy":"category","embeddable":true,"href":"https:\/\/www.eldiario.net\/portal\/wp-json\/wp\/v2\/categories?post=136408"},{"taxonomy":"post_tag","embeddable":true,"href":"https:\/\/www.eldiario.net\/portal\/wp-json\/wp\/v2\/tags?post=136408"}],"curies":[{"name":"wp","href":"https:\/\/api.w.org\/{rel}","templated":true}]}}