{"id":136405,"date":"2023-02-07T05:47:26","date_gmt":"2023-02-07T09:47:26","guid":{"rendered":"https:\/\/www.eldiario.net\/portal\/?p=136405"},"modified":"2023-02-07T05:47:26","modified_gmt":"2023-02-07T09:47:26","slug":"reportan-mas-de-1-600-familias-damnificadas-en-tres-municipios","status":"publish","type":"post","link":"https:\/\/www.eldiario.net\/portal\/2023\/02\/07\/reportan-mas-de-1-600-familias-damnificadas-en-tres-municipios\/","title":{"rendered":"Reportan m\u00e1s de 1.600 familias damnificadas en tres municipios"},"content":{"rendered":"<p>El viceministro de Defensa Civil, Juan Carlos Calvimontes, inform\u00f3 que, hasta la fecha, debido a las lluvias y desborde de r\u00edos se reportaron m\u00e1s de 1.600 familias damnificadas en el departamento de La Paz. Guanay, Tipuani y Mapiri, son los municipios m\u00e1s afectados. En tanto que, en Santa Cruz, 13 municipios sufren los efectos de las lluvias.<\/p>\n<p>\u201cLa cifra de familias damnificadas va subiendo cada hora que pasa (\u2026) en este momento tenemos m\u00e1s de 5.400 familias damnificadas especialmente en los departamentos de Santa Cruz y La Paz (\u2026) en La Paz hay 1.600 familias damnificadas y unas 70 viviendas perdidas\u201d, se\u00f1al\u00f3 el viceministro de Defensa Civil, Juan Carlos Calvimontes.<\/p>\n<p>Detall\u00f3 que m\u00e1s de 30 mil hect\u00e1reas est\u00e1n afectadas, adem\u00e1s de casi 75 viviendas y cinco puentes destruidos, debido a los efectos de las lluvias a nivel nacional y advirti\u00f3 que continuar\u00e1n las consecuencias de los fen\u00f3menos climatol\u00f3gicos y que, en el caso del norte pace\u00f1o, los desbordamientos de r\u00edos persisitir\u00e1n.<\/p>\n<p>\u201cHemos entrado a una etapa muy cr\u00edtica (\u2026) tenemos que estar preparados para enfrentar los golpes m\u00e1s duros de las lluvias (\u2026) el r\u00edo Tipuani que pasa por Tipuani, Guanay, Chima, Apolo; el r\u00edo Mapiri que pasa por Guanay, Mapiri y Quercamo Angosto y el r\u00edo Kaka que pasa por Teoponte y Mayaya, ante la persistencia de las lluvias, estos r\u00edos si o si van a seguir desbord\u00e1ndose\u201d, sentenci\u00f3 a tiempo de repetir que los municipios pace\u00f1os m\u00e1s afectados son Tipuani, Guanay y Mapiri.<\/p>\n<p>Autoridades de esos tres sectores, se trasladaron hasta la sede de Gobierno para tramitar ayuda del Estado y de la Gobernaci\u00f3n, adem\u00e1s de conseguir alimentos, vituallas e, incluso, en alg\u00fan caso contratar maquinaria pesada para trabajar en caminos de acceso.<\/p>\n<p>\u201cEstamos bajo el agua todas las viviendas, estamos trasladando a pobladores afectados a coliseos y colegios cercanos, pero todav\u00eda es insuficiente no puedo como municipio atender a todas las personas (\u2026) pido a la poblaci\u00f3n entera y a todas las entidades que nos pudieran ayudar con un granito de arena para esa gente humilde para esa gente pobre que nos falta alla\u201d, expres\u00f3 el alcalde de Tipuani, Fernando Vega.<\/p>\n<p>Una de las poblaciones, de este municipio, que m\u00e1s destrucci\u00f3n present\u00f3 fue Cangall\u00ed \u201chemos perdido casi una poblaci\u00f3n entera que es Cangall\u00ed (\u2026) estamos en emergencia\u201d, sostuvo a tiempo de se\u00f1alar que contratar\u00e1n maquinaria para ayudar a abrir camino y llegar a sus poblaciones.<\/p>\n<p>De acuerdo con la autoridad edil, se tiene el registro de 500 familias afectadas y unas 85 viviendas, la mayor\u00eda de adobe, que quedaron destruidas \u201cya no sirven para vivir\u201d.<\/p>\n<p>Por su parte, el alcalde de Guanay, V\u00edctor Ticona, indic\u00f3 que en ese sector al menos 450 familias perdieron todas sus pertenencias. El municipio se declar\u00f3 en emergencia y se\u00f1al\u00f3 que el trabajo minero es una de las causas que contribuye a que empeoren los desastres naturales por lo que pide audiencia con el presidente del Estado para tratar este tema.<\/p>\n<p>\u201cLos desbordes de los r\u00edos Mapiri y Tipuani han afectado a unas 450 familias, que han perdido todo (\u2026) han salido corriendo salvando sus vidas, dejando todo\u201d, manifest\u00f3.<\/p>\n<p>Una de las localidades con mayor da\u00f1o en este municipio es la comunidad de Candelaria donde unas 30 viviendas se destruyeron y 80 familias estar\u00edan sin hogar, a causa de la crecida de los r\u00edos Mapiri y Tipuani. Tambi\u00e9n hallaron el cad\u00e1ver de un hombre (45).<\/p>\n<p>Adem\u00e1s de esos sectores pace\u00f1os, en Sud Yungas, a causa del desborde del r\u00edo Takesi, el municipio de Yanacahi tambi\u00e9n report\u00f3 da\u00f1os cuyo saldo fue un fallecido y 672 familias afectadas, adem\u00e1s de p\u00e9rdidas de cultivos y la destrucci\u00f3n de cuatro puentes, seg\u00fan inform\u00f3 su alcalde, V\u00edctor Fern\u00e1ndez, quien junto con una comitiva llegaron a La Paz para gestionar apoyo.<\/p>\n<p>\u201cLes pido por favor, clamorosamente mediante los medios de comunicaci\u00f3n, que mi familia de mi municipio de Yanacachi est\u00e1 sufriendo, no tienen nada de comida, los lugares donde no se puede transitar, no se puede llevar ni alimentos\u201d, refiri\u00f3 visiblemente compungido.<\/p>\n<p>El asesor legal de la poblaci\u00f3n sud yungue\u00f1a, Luis Morales, tambi\u00e9n solicit\u00f3 el apoyo de las autoridades e indic\u00f3 que las plataformas y los caminos hacia ese municipio est\u00e1n da\u00f1ados. \u201cEn Puente Villa se los ha llevado las viviendas (\u2026) estamos totalmente incomunicados\u201d.<\/p>\n<p>De forma preliminar detall\u00f3 que 20 comunidades fueron afectadas, entre ellas; Puente Villa, Puente Villa Originaria, Sillaca, Mocori, Iguaya, Chururu y Imanblaya. Adem\u00e1s, hay otras poblaciones a las que no se puede ingresar debido a derrumbes y mazamorra que se generaron a ra\u00edz de los deslizamientos.<\/p>\n<p>Las autoridades de Yanacachi presentaron la solicitud de declaratoria de desastre natural y esperan que su demanda sea atendida por el Gobierno Central y la Gobernaci\u00f3n.<\/p>\n<p>SANTA CRUZ<\/p>\n<p>De acuerdo con Calvimontes, Santa Cruz, Cochabamba y Beni tambi\u00e9n presentan desastres por las lluvias y se\u00f1al\u00f3 que se enviar\u00e1 ayuda a esas regiones por la v\u00eda fluvial.<\/p>\n<p>En el caso de Santa Cruz, se tienen 13 municipios que han sufrido los efectos de la lluvia y seis que se han declarado en emergencia. Preocupa que las inundaciones da\u00f1aron cultivos, especialmente en el municipio de Okinawa, San Juli\u00e1n y Cuatro Ca\u00f1adas.<\/p>\n<p>El ministro de Desarrollo Rural y Tierras, Remmy Gonzales, asegur\u00f3 que los productores ser\u00e1n compensados por las p\u00e9rdidas que sufrieron a trav\u00e9s del seguro agr\u00edcola que tiene el Gobierno, \u201cse repondr\u00e1\u201d, afirm\u00f3.<\/p>\n<p>Asimismo, Calvimontes inform\u00f3 que se conform\u00f3 un equipo multiministerial para atender la situaci\u00f3n. Son seis ministerios entre ellos; Salud, Educaci\u00f3n y Desarrollo Rural y Tierras.<\/p>\n","protected":false},"excerpt":{"rendered":"<p>El viceministro de Defensa Civil, Juan Carlos Calvimontes, inform\u00f3 que, hasta la fecha, debido a las lluvias y desborde de r\u00edos se reportaron m\u00e1s de 1.600 familias damnificadas en el departamento de La Paz. Guanay, Tipuani y Mapiri, son los municipios m\u00e1s afectados. En tanto que, en Santa Cruz, 13 municipios sufren los efectos de [&hellip;]<\/p>\n","protected":false},"author":1,"featured_media":136406,"comment_status":"closed","ping_status":"closed","sticky":false,"template":"","format":"standard","meta":{"_acf_changed":false,"footnotes":""},"categories":[12],"tags":[],"class_list":["post-136405","post","type-post","status-publish","format-standard","has-post-thumbnail","category-nacional"],"acf":{"antetitulo":""},"yoast_head":"<!-- This site is optimized with the Yoast SEO plugin v28.3 - https:\/\/yoast.com\/product\/yoast-seo-wordpress\/ -->\n<title>Reportan m\u00e1s de 1.600 familias damnificadas en tres municipios - El Diario - Bolivia<\/title>\n<meta name=\"robots\" content=\"index, follow, max-snippet:-1, max-image-preview:large, max-video-preview:-1\" \/>\n<link rel=\"canonical\" href=\"https:\/\/www.eldiario.net\/portal\/2023\/02\/07\/reportan-mas-de-1-600-familias-damnificadas-en-tres-municipios\/\" \/>\n<meta property=\"og:locale\" content=\"es_ES\" \/>\n<meta property=\"og:type\" content=\"article\" \/>\n<meta property=\"og:title\" content=\"Reportan m\u00e1s de 1.600 familias damnificadas en tres municipios - El Diario - Bolivia\" \/>\n<meta property=\"og:description\" content=\"El viceministro de Defensa Civil, Juan Carlos Calvimontes, inform\u00f3 que, hasta la fecha, debido a las lluvias y desborde de r\u00edos se reportaron m\u00e1s de 1.600 familias damnificadas en el departamento de La Paz. Guanay, Tipuani y Mapiri, son los municipios m\u00e1s afectados. En tanto que, en Santa Cruz, 13 municipios sufren los efectos de [&hellip;]\" \/>\n<meta property=\"og:url\" content=\"https:\/\/www.eldiario.net\/portal\/2023\/02\/07\/reportan-mas-de-1-600-familias-damnificadas-en-tres-municipios\/\" \/>\n<meta property=\"og:site_name\" content=\"El Diario - Bolivia\" \/>\n<meta property=\"article:publisher\" content=\"https:\/\/www.facebook.com\/eldiario.bolivia\/\" \/>\n<meta property=\"article:published_time\" content=\"2023-02-07T09:47:26+00:00\" \/>\n<meta name=\"author\" content=\"Jeanette\" \/>\n<meta name=\"twitter:card\" content=\"summary_large_image\" \/>\n<meta name=\"twitter:creator\" content=\"@eldiario_net\" \/>\n<meta name=\"twitter:site\" content=\"@eldiario_net\" \/>\n<meta name=\"twitter:label1\" content=\"Escrito por\" \/>\n\t<meta name=\"twitter:data1\" content=\"Jeanette\" \/>\n\t<meta name=\"twitter:label2\" content=\"Tiempo de lectura\" \/>\n\t<meta name=\"twitter:data2\" content=\"5 minutos\" \/>\n<script type=\"application\/ld+json\" class=\"yoast-schema-graph\">{\"@context\":\"https:\\\/\\\/schema.org\",\"@graph\":[{\"@type\":\"Article\",\"@id\":\"https:\\\/\\\/www.eldiario.net\\\/portal\\\/2023\\\/02\\\/07\\\/reportan-mas-de-1-600-familias-damnificadas-en-tres-municipios\\\/#article\",\"isPartOf\":{\"@id\":\"https:\\\/\\\/www.eldiario.net\\\/portal\\\/2023\\\/02\\\/07\\\/reportan-mas-de-1-600-familias-damnificadas-en-tres-municipios\\\/\"},\"author\":{\"name\":\"Jeanette\",\"@id\":\"https:\\\/\\\/www.eldiario.net\\\/portal\\\/#\\\/schema\\\/person\\\/f46445640444750d7d753ccd04ae01b7\"},\"headline\":\"Reportan m\u00e1s de 1.600 familias damnificadas en tres municipios\",\"datePublished\":\"2023-02-07T09:47:26+00:00\",\"mainEntityOfPage\":{\"@id\":\"https:\\\/\\\/www.eldiario.net\\\/portal\\\/2023\\\/02\\\/07\\\/reportan-mas-de-1-600-familias-damnificadas-en-tres-municipios\\\/\"},\"wordCount\":968,\"publisher\":{\"@id\":\"https:\\\/\\\/www.eldiario.net\\\/portal\\\/#organization\"},\"image\":{\"@id\":\"https:\\\/\\\/www.eldiario.net\\\/portal\\\/2023\\\/02\\\/07\\\/reportan-mas-de-1-600-familias-damnificadas-en-tres-municipios\\\/#primaryimage\"},\"thumbnailUrl\":\"\",\"articleSection\":[\"Nacional\"],\"inLanguage\":\"es\"},{\"@type\":\"WebPage\",\"@id\":\"https:\\\/\\\/www.eldiario.net\\\/portal\\\/2023\\\/02\\\/07\\\/reportan-mas-de-1-600-familias-damnificadas-en-tres-municipios\\\/\",\"url\":\"https:\\\/\\\/www.eldiario.net\\\/portal\\\/2023\\\/02\\\/07\\\/reportan-mas-de-1-600-familias-damnificadas-en-tres-municipios\\\/\",\"name\":\"Reportan m\u00e1s de 1.600 familias damnificadas en tres municipios - El Diario - Bolivia\",\"isPartOf\":{\"@id\":\"https:\\\/\\\/www.eldiario.net\\\/portal\\\/#website\"},\"primaryImageOfPage\":{\"@id\":\"https:\\\/\\\/www.eldiario.net\\\/portal\\\/2023\\\/02\\\/07\\\/reportan-mas-de-1-600-familias-damnificadas-en-tres-municipios\\\/#primaryimage\"},\"image\":{\"@id\":\"https:\\\/\\\/www.eldiario.net\\\/portal\\\/2023\\\/02\\\/07\\\/reportan-mas-de-1-600-familias-damnificadas-en-tres-municipios\\\/#primaryimage\"},\"thumbnailUrl\":\"\",\"datePublished\":\"2023-02-07T09:47:26+00:00\",\"breadcrumb\":{\"@id\":\"https:\\\/\\\/www.eldiario.net\\\/portal\\\/2023\\\/02\\\/07\\\/reportan-mas-de-1-600-familias-damnificadas-en-tres-municipios\\\/#breadcrumb\"},\"inLanguage\":\"es\",\"potentialAction\":[{\"@type\":\"ReadAction\",\"target\":[\"https:\\\/\\\/www.eldiario.net\\\/portal\\\/2023\\\/02\\\/07\\\/reportan-mas-de-1-600-familias-damnificadas-en-tres-municipios\\\/\"]}]},{\"@type\":\"ImageObject\",\"inLanguage\":\"es\",\"@id\":\"https:\\\/\\\/www.eldiario.net\\\/portal\\\/2023\\\/02\\\/07\\\/reportan-mas-de-1-600-familias-damnificadas-en-tres-municipios\\\/#primaryimage\",\"url\":\"\",\"contentUrl\":\"\"},{\"@type\":\"BreadcrumbList\",\"@id\":\"https:\\\/\\\/www.eldiario.net\\\/portal\\\/2023\\\/02\\\/07\\\/reportan-mas-de-1-600-familias-damnificadas-en-tres-municipios\\\/#breadcrumb\",\"itemListElement\":[{\"@type\":\"ListItem\",\"position\":1,\"name\":\"Portada\",\"item\":\"https:\\\/\\\/www.eldiario.net\\\/portal\\\/\"},{\"@type\":\"ListItem\",\"position\":2,\"name\":\"Reportan m\u00e1s de 1.600 familias damnificadas en tres municipios\"}]},{\"@type\":\"WebSite\",\"@id\":\"https:\\\/\\\/www.eldiario.net\\\/portal\\\/#website\",\"url\":\"https:\\\/\\\/www.eldiario.net\\\/portal\\\/\",\"name\":\"El Diario - Decano de la prensa nacional\",\"description\":\"El Diario - Decano de la prensa nacional\",\"publisher\":{\"@id\":\"https:\\\/\\\/www.eldiario.net\\\/portal\\\/#organization\"},\"potentialAction\":[{\"@type\":\"SearchAction\",\"target\":{\"@type\":\"EntryPoint\",\"urlTemplate\":\"https:\\\/\\\/www.eldiario.net\\\/portal\\\/?s={search_term_string}\"},\"query-input\":{\"@type\":\"PropertyValueSpecification\",\"valueRequired\":true,\"valueName\":\"search_term_string\"}}],\"inLanguage\":\"es\"},{\"@type\":\"Organization\",\"@id\":\"https:\\\/\\\/www.eldiario.net\\\/portal\\\/#organization\",\"name\":\"El Diario - Decano de la prensa nacional\",\"url\":\"https:\\\/\\\/www.eldiario.net\\\/portal\\\/\",\"logo\":{\"@type\":\"ImageObject\",\"inLanguage\":\"es\",\"@id\":\"https:\\\/\\\/www.eldiario.net\\\/portal\\\/#\\\/schema\\\/logo\\\/image\\\/\",\"url\":\"https:\\\/\\\/www.eldiario.net\\\/portal\\\/wp-content\\\/uploads\\\/2023\\\/07\\\/logo_ED.jpg\",\"contentUrl\":\"https:\\\/\\\/www.eldiario.net\\\/portal\\\/wp-content\\\/uploads\\\/2023\\\/07\\\/logo_ED.jpg\",\"width\":272,\"height\":52,\"caption\":\"El Diario - Decano de la prensa nacional\"},\"image\":{\"@id\":\"https:\\\/\\\/www.eldiario.net\\\/portal\\\/#\\\/schema\\\/logo\\\/image\\\/\"},\"sameAs\":[\"https:\\\/\\\/www.facebook.com\\\/eldiario.bolivia\\\/\",\"https:\\\/\\\/x.com\\\/eldiario_net\"]},{\"@type\":\"Person\",\"@id\":\"https:\\\/\\\/www.eldiario.net\\\/portal\\\/#\\\/schema\\\/person\\\/f46445640444750d7d753ccd04ae01b7\",\"name\":\"Jeanette\",\"image\":{\"@type\":\"ImageObject\",\"inLanguage\":\"es\",\"@id\":\"https:\\\/\\\/secure.gravatar.com\\\/avatar\\\/3ea2118a5f7dad2b7138b1187a6b7ee55f160b9968b66013c3a3ef39dd7e5798?s=96&d=mm&r=g\",\"url\":\"https:\\\/\\\/secure.gravatar.com\\\/avatar\\\/3ea2118a5f7dad2b7138b1187a6b7ee55f160b9968b66013c3a3ef39dd7e5798?s=96&d=mm&r=g\",\"contentUrl\":\"https:\\\/\\\/secure.gravatar.com\\\/avatar\\\/3ea2118a5f7dad2b7138b1187a6b7ee55f160b9968b66013c3a3ef39dd7e5798?s=96&d=mm&r=g\",\"caption\":\"Jeanette\"},\"sameAs\":[\"https:\\\/\\\/www.eldiario.net\\\/portal\"],\"url\":\"https:\\\/\\\/www.eldiario.net\\\/portal\\\/author\\\/jeanette\\\/\"}]}<\/script>\n<!-- \/ Yoast SEO plugin. -->","yoast_head_json":{"title":"Reportan m\u00e1s de 1.600 familias damnificadas en tres municipios - El Diario - Bolivia","robots":{"index":"index","follow":"follow","max-snippet":"max-snippet:-1","max-image-preview":"max-image-preview:large","max-video-preview":"max-video-preview:-1"},"canonical":"https:\/\/www.eldiario.net\/portal\/2023\/02\/07\/reportan-mas-de-1-600-familias-damnificadas-en-tres-municipios\/","og_locale":"es_ES","og_type":"article","og_title":"Reportan m\u00e1s de 1.600 familias damnificadas en tres municipios - El Diario - Bolivia","og_description":"El viceministro de Defensa Civil, Juan Carlos Calvimontes, inform\u00f3 que, hasta la fecha, debido a las lluvias y desborde de r\u00edos se reportaron m\u00e1s de 1.600 familias damnificadas en el departamento de La Paz. Guanay, Tipuani y Mapiri, son los municipios m\u00e1s afectados. En tanto que, en Santa Cruz, 13 municipios sufren los efectos de [&hellip;]","og_url":"https:\/\/www.eldiario.net\/portal\/2023\/02\/07\/reportan-mas-de-1-600-familias-damnificadas-en-tres-municipios\/","og_site_name":"El Diario - Bolivia","article_publisher":"https:\/\/www.facebook.com\/eldiario.bolivia\/","article_published_time":"2023-02-07T09:47:26+00:00","author":"Jeanette","twitter_card":"summary_large_image","twitter_creator":"@eldiario_net","twitter_site":"@eldiario_net","twitter_misc":{"Escrito por":"Jeanette","Tiempo de lectura":"5 minutos"},"schema":{"@context":"https:\/\/schema.org","@graph":[{"@type":"Article","@id":"https:\/\/www.eldiario.net\/portal\/2023\/02\/07\/reportan-mas-de-1-600-familias-damnificadas-en-tres-municipios\/#article","isPartOf":{"@id":"https:\/\/www.eldiario.net\/portal\/2023\/02\/07\/reportan-mas-de-1-600-familias-damnificadas-en-tres-municipios\/"},"author":{"name":"Jeanette","@id":"https:\/\/www.eldiario.net\/portal\/#\/schema\/person\/f46445640444750d7d753ccd04ae01b7"},"headline":"Reportan m\u00e1s de 1.600 familias damnificadas en tres municipios","datePublished":"2023-02-07T09:47:26+00:00","mainEntityOfPage":{"@id":"https:\/\/www.eldiario.net\/portal\/2023\/02\/07\/reportan-mas-de-1-600-familias-damnificadas-en-tres-municipios\/"},"wordCount":968,"publisher":{"@id":"https:\/\/www.eldiario.net\/portal\/#organization"},"image":{"@id":"https:\/\/www.eldiario.net\/portal\/2023\/02\/07\/reportan-mas-de-1-600-familias-damnificadas-en-tres-municipios\/#primaryimage"},"thumbnailUrl":"","articleSection":["Nacional"],"inLanguage":"es"},{"@type":"WebPage","@id":"https:\/\/www.eldiario.net\/portal\/2023\/02\/07\/reportan-mas-de-1-600-familias-damnificadas-en-tres-municipios\/","url":"https:\/\/www.eldiario.net\/portal\/2023\/02\/07\/reportan-mas-de-1-600-familias-damnificadas-en-tres-municipios\/","name":"Reportan m\u00e1s de 1.600 familias damnificadas en tres municipios - El Diario - Bolivia","isPartOf":{"@id":"https:\/\/www.eldiario.net\/portal\/#website"},"primaryImageOfPage":{"@id":"https:\/\/www.eldiario.net\/portal\/2023\/02\/07\/reportan-mas-de-1-600-familias-damnificadas-en-tres-municipios\/#primaryimage"},"image":{"@id":"https:\/\/www.eldiario.net\/portal\/2023\/02\/07\/reportan-mas-de-1-600-familias-damnificadas-en-tres-municipios\/#primaryimage"},"thumbnailUrl":"","datePublished":"2023-02-07T09:47:26+00:00","breadcrumb":{"@id":"https:\/\/www.eldiario.net\/portal\/2023\/02\/07\/reportan-mas-de-1-600-familias-damnificadas-en-tres-municipios\/#breadcrumb"},"inLanguage":"es","potentialAction":[{"@type":"ReadAction","target":["https:\/\/www.eldiario.net\/portal\/2023\/02\/07\/reportan-mas-de-1-600-familias-damnificadas-en-tres-municipios\/"]}]},{"@type":"ImageObject","inLanguage":"es","@id":"https:\/\/www.eldiario.net\/portal\/2023\/02\/07\/reportan-mas-de-1-600-familias-damnificadas-en-tres-municipios\/#primaryimage","url":"","contentUrl":""},{"@type":"BreadcrumbList","@id":"https:\/\/www.eldiario.net\/portal\/2023\/02\/07\/reportan-mas-de-1-600-familias-damnificadas-en-tres-municipios\/#breadcrumb","itemListElement":[{"@type":"ListItem","position":1,"name":"Portada","item":"https:\/\/www.eldiario.net\/portal\/"},{"@type":"ListItem","position":2,"name":"Reportan m\u00e1s de 1.600 familias damnificadas en tres municipios"}]},{"@type":"WebSite","@id":"https:\/\/www.eldiario.net\/portal\/#website","url":"https:\/\/www.eldiario.net\/portal\/","name":"El Diario - Decano de la prensa nacional","description":"El Diario - Decano de la prensa nacional","publisher":{"@id":"https:\/\/www.eldiario.net\/portal\/#organization"},"potentialAction":[{"@type":"SearchAction","target":{"@type":"EntryPoint","urlTemplate":"https:\/\/www.eldiario.net\/portal\/?s={search_term_string}"},"query-input":{"@type":"PropertyValueSpecification","valueRequired":true,"valueName":"search_term_string"}}],"inLanguage":"es"},{"@type":"Organization","@id":"https:\/\/www.eldiario.net\/portal\/#organization","name":"El Diario - Decano de la prensa nacional","url":"https:\/\/www.eldiario.net\/portal\/","logo":{"@type":"ImageObject","inLanguage":"es","@id":"https:\/\/www.eldiario.net\/portal\/#\/schema\/logo\/image\/","url":"https:\/\/www.eldiario.net\/portal\/wp-content\/uploads\/2023\/07\/logo_ED.jpg","contentUrl":"https:\/\/www.eldiario.net\/portal\/wp-content\/uploads\/2023\/07\/logo_ED.jpg","width":272,"height":52,"caption":"El Diario - Decano de la prensa nacional"},"image":{"@id":"https:\/\/www.eldiario.net\/portal\/#\/schema\/logo\/image\/"},"sameAs":["https:\/\/www.facebook.com\/eldiario.bolivia\/","https:\/\/x.com\/eldiario_net"]},{"@type":"Person","@id":"https:\/\/www.eldiario.net\/portal\/#\/schema\/person\/f46445640444750d7d753ccd04ae01b7","name":"Jeanette","image":{"@type":"ImageObject","inLanguage":"es","@id":"https:\/\/secure.gravatar.com\/avatar\/3ea2118a5f7dad2b7138b1187a6b7ee55f160b9968b66013c3a3ef39dd7e5798?s=96&d=mm&r=g","url":"https:\/\/secure.gravatar.com\/avatar\/3ea2118a5f7dad2b7138b1187a6b7ee55f160b9968b66013c3a3ef39dd7e5798?s=96&d=mm&r=g","contentUrl":"https:\/\/secure.gravatar.com\/avatar\/3ea2118a5f7dad2b7138b1187a6b7ee55f160b9968b66013c3a3ef39dd7e5798?s=96&d=mm&r=g","caption":"Jeanette"},"sameAs":["https:\/\/www.eldiario.net\/portal"],"url":"https:\/\/www.eldiario.net\/portal\/author\/jeanette\/"}]}},"_links":{"self":[{"href":"https:\/\/www.eldiario.net\/portal\/wp-json\/wp\/v2\/posts\/136405","targetHints":{"allow":["GET"]}}],"collection":[{"href":"https:\/\/www.eldiario.net\/portal\/wp-json\/wp\/v2\/posts"}],"about":[{"href":"https:\/\/www.eldiario.net\/portal\/wp-json\/wp\/v2\/types\/post"}],"author":[{"embeddable":true,"href":"https:\/\/www.eldiario.net\/portal\/wp-json\/wp\/v2\/users\/1"}],"replies":[{"embeddable":true,"href":"https:\/\/www.eldiario.net\/portal\/wp-json\/wp\/v2\/comments?post=136405"}],"version-history":[{"count":0,"href":"https:\/\/www.eldiario.net\/portal\/wp-json\/wp\/v2\/posts\/136405\/revisions"}],"wp:attachment":[{"href":"https:\/\/www.eldiario.net\/portal\/wp-json\/wp\/v2\/media?parent=136405"}],"wp:term":[{"taxonomy":"category","embeddable":true,"href":"https:\/\/www.eldiario.net\/portal\/wp-json\/wp\/v2\/categories?post=136405"},{"taxonomy":"post_tag","embeddable":true,"href":"https:\/\/www.eldiario.net\/portal\/wp-json\/wp\/v2\/tags?post=136405"}],"curies":[{"name":"wp","href":"https:\/\/api.w.org\/{rel}","templated":true}]}}