{"id":136402,"date":"2023-02-07T05:46:37","date_gmt":"2023-02-07T09:46:37","guid":{"rendered":"https:\/\/www.eldiario.net\/portal\/?p=136402"},"modified":"2023-02-07T05:46:37","modified_gmt":"2023-02-07T09:46:37","slug":"salud-trabaja-en-control-y-contencion-de-unos-10-brotes-epidemicos-y-enfermedades","status":"publish","type":"post","link":"https:\/\/www.eldiario.net\/portal\/2023\/02\/07\/salud-trabaja-en-control-y-contencion-de-unos-10-brotes-epidemicos-y-enfermedades\/","title":{"rendered":"Salud trabaja en control y contenci\u00f3n de  unos 10 brotes epid\u00e9micos y enfermedades"},"content":{"rendered":"<p>Covid-19, dengue, malaria, tosferina, rabia canina, hantavirus, leishmaniasis visceral, viruela s\u00edmica, VIH y tuberculosis son algunos de los brotes epid\u00e9micos y enfermedades que aquejan al pa\u00eds y en los que el Ministerio de Salud trabaja en su control. Adem\u00e1s, reportan primer fallecido por dengue en Tarija.<\/p>\n<p>\u201cTodas estas enfermedades y otras tienen una monitorizaci\u00f3n constante del Ministerio de Salud\u201d, asegur\u00f3 el ministro de Salud, Jeyson Auza.<\/p>\n<p>Es el caso de la pandemia de covid-19, as\u00ed tambi\u00e9n el dengue que afecta a los departamentos de Santa Cruz, Beni, Pando, Tarija, Chuquisaca, La Paz y Cochabamba.<\/p>\n<p>En tanto que, la epidemia de malaria se registra en Pando y Beni, leishmaniasis visceral en Villamontes. Se activ\u00f3 tambi\u00e9n el control epidemiol\u00f3gico de la tosferina o coqueluche. La mayor\u00eda de los casos se registra en el departamento Santa Cruz. Se reportaron tambi\u00e9n casos menores en Cochabamba, La Paz, Oruro y Beni.<\/p>\n<p>Asimismo, se controla tambi\u00e9n los brotes de rabia canina en varios departamentos y los casos de hantavirus en el departamento de La Paz.<\/p>\n<p>Auza asegur\u00f3 que est\u00e1 bajo control la epidemia de viruela s\u00edmica y las intervenciones de VIH y tuberculosis.<\/p>\n<p>DENGUE<\/p>\n<p>Detall\u00f3 que en el caso del dengue se ejecuta una estrategia integral para combatir la enfermedad que se transmite por el mosquito Aedes aegypti. Consta de seis pilares: gesti\u00f3n, vigilancia epidemiol\u00f3gica, laboratorio, atenci\u00f3n del paciente, manejo integrado del vector, salud ambiental, adem\u00e1s de promoci\u00f3n e investigaci\u00f3n operativa.<\/p>\n<p>\u201cEl Ministerio de Salud garantiza las pruebas diagn\u00f3sticas gratuitas para todo el pueblo boliviano y hemos garantizado los recursos econ\u00f3micos para la compra de reactivos a trav\u00e9s del Cenetrop (Centro de Enfermedades Tropicales) y todos los laboratorios de referencia a nivel nacional\u201d, enfatiz\u00f3 Auza.<\/p>\n<p>Pidi\u00f3 a la poblaci\u00f3n boliviana y principalmente donde se registra la epidemia, hacer la limpieza en sus viviendas para evitar la propagaci\u00f3n de criaderos de mosquitos. Seg\u00fan el reporte de Salud, en Bolivia, en la \u00faltima semana, se reportaron 1.581 casos de dengue y un acumulado de casos de 3.437. El departamento de Santa cruz registra el 75% de casos con 2.554.<\/p>\n<p>En tanto, Beni reporta 518 casos, Tarija 150, La Paz 91, Pando 30, Chuquisaca 72 y Cochabamba 22. El total de fallecidos acumulados alcanza a 13.<\/p>\n<p>CASO<\/p>\n<p>El director del Servicio Departamental de Salud (Sedes) Tarija Nils Casson, inform\u00f3 que la madrugada del lunes se registr\u00f3 la muerte de un ni\u00f1o de cinco a\u00f1os diagnosticado con dengue.<\/p>\n<p>De acuerdo con el informe, el chiquillo fue trasladado desde Yacuiba hasta el hospital San Juan de Dios.<\/p>\n","protected":false},"excerpt":{"rendered":"<p>Covid-19, dengue, malaria, tosferina, rabia canina, hantavirus, leishmaniasis visceral, viruela s\u00edmica, VIH y tuberculosis son algunos de los brotes epid\u00e9micos y enfermedades que aquejan al pa\u00eds y en los que el Ministerio de Salud trabaja en su control. Adem\u00e1s, reportan primer fallecido por dengue en Tarija. \u201cTodas estas enfermedades y otras tienen una monitorizaci\u00f3n constante [&hellip;]<\/p>\n","protected":false},"author":1,"featured_media":136403,"comment_status":"closed","ping_status":"closed","sticky":false,"template":"","format":"standard","meta":{"_acf_changed":false,"footnotes":""},"categories":[12],"tags":[],"class_list":["post-136402","post","type-post","status-publish","format-standard","has-post-thumbnail","category-nacional"],"acf":{"antetitulo":""},"yoast_head":"<!-- This site is optimized with the Yoast SEO plugin v28.3 - https:\/\/yoast.com\/product\/yoast-seo-wordpress\/ -->\n<title>Salud trabaja en control y contenci\u00f3n de unos 10 brotes epid\u00e9micos y enfermedades - El Diario - Bolivia<\/title>\n<meta name=\"robots\" content=\"index, follow, max-snippet:-1, max-image-preview:large, max-video-preview:-1\" \/>\n<link rel=\"canonical\" href=\"https:\/\/www.eldiario.net\/portal\/2023\/02\/07\/salud-trabaja-en-control-y-contencion-de-unos-10-brotes-epidemicos-y-enfermedades\/\" \/>\n<meta property=\"og:locale\" content=\"es_ES\" \/>\n<meta property=\"og:type\" content=\"article\" \/>\n<meta property=\"og:title\" content=\"Salud trabaja en control y contenci\u00f3n de unos 10 brotes epid\u00e9micos y enfermedades - El Diario - Bolivia\" \/>\n<meta property=\"og:description\" content=\"Covid-19, dengue, malaria, tosferina, rabia canina, hantavirus, leishmaniasis visceral, viruela s\u00edmica, VIH y tuberculosis son algunos de los brotes epid\u00e9micos y enfermedades que aquejan al pa\u00eds y en los que el Ministerio de Salud trabaja en su control. Adem\u00e1s, reportan primer fallecido por dengue en Tarija. \u201cTodas estas enfermedades y otras tienen una monitorizaci\u00f3n constante [&hellip;]\" \/>\n<meta property=\"og:url\" content=\"https:\/\/www.eldiario.net\/portal\/2023\/02\/07\/salud-trabaja-en-control-y-contencion-de-unos-10-brotes-epidemicos-y-enfermedades\/\" \/>\n<meta property=\"og:site_name\" content=\"El Diario - Bolivia\" \/>\n<meta property=\"article:publisher\" content=\"https:\/\/www.facebook.com\/eldiario.bolivia\/\" \/>\n<meta property=\"article:published_time\" content=\"2023-02-07T09:46:37+00:00\" \/>\n<meta name=\"author\" content=\"Jeanette\" \/>\n<meta name=\"twitter:card\" content=\"summary_large_image\" \/>\n<meta name=\"twitter:creator\" content=\"@eldiario_net\" \/>\n<meta name=\"twitter:site\" content=\"@eldiario_net\" \/>\n<meta name=\"twitter:label1\" content=\"Escrito por\" \/>\n\t<meta name=\"twitter:data1\" content=\"Jeanette\" \/>\n\t<meta name=\"twitter:label2\" content=\"Tiempo de lectura\" \/>\n\t<meta name=\"twitter:data2\" content=\"2 minutos\" \/>\n<script type=\"application\/ld+json\" class=\"yoast-schema-graph\">{\"@context\":\"https:\\\/\\\/schema.org\",\"@graph\":[{\"@type\":\"Article\",\"@id\":\"https:\\\/\\\/www.eldiario.net\\\/portal\\\/2023\\\/02\\\/07\\\/salud-trabaja-en-control-y-contencion-de-unos-10-brotes-epidemicos-y-enfermedades\\\/#article\",\"isPartOf\":{\"@id\":\"https:\\\/\\\/www.eldiario.net\\\/portal\\\/2023\\\/02\\\/07\\\/salud-trabaja-en-control-y-contencion-de-unos-10-brotes-epidemicos-y-enfermedades\\\/\"},\"author\":{\"name\":\"Jeanette\",\"@id\":\"https:\\\/\\\/www.eldiario.net\\\/portal\\\/#\\\/schema\\\/person\\\/f46445640444750d7d753ccd04ae01b7\"},\"headline\":\"Salud trabaja en control y contenci\u00f3n de unos 10 brotes epid\u00e9micos y enfermedades\",\"datePublished\":\"2023-02-07T09:46:37+00:00\",\"mainEntityOfPage\":{\"@id\":\"https:\\\/\\\/www.eldiario.net\\\/portal\\\/2023\\\/02\\\/07\\\/salud-trabaja-en-control-y-contencion-de-unos-10-brotes-epidemicos-y-enfermedades\\\/\"},\"wordCount\":445,\"publisher\":{\"@id\":\"https:\\\/\\\/www.eldiario.net\\\/portal\\\/#organization\"},\"image\":{\"@id\":\"https:\\\/\\\/www.eldiario.net\\\/portal\\\/2023\\\/02\\\/07\\\/salud-trabaja-en-control-y-contencion-de-unos-10-brotes-epidemicos-y-enfermedades\\\/#primaryimage\"},\"thumbnailUrl\":\"\",\"articleSection\":[\"Nacional\"],\"inLanguage\":\"es\"},{\"@type\":\"WebPage\",\"@id\":\"https:\\\/\\\/www.eldiario.net\\\/portal\\\/2023\\\/02\\\/07\\\/salud-trabaja-en-control-y-contencion-de-unos-10-brotes-epidemicos-y-enfermedades\\\/\",\"url\":\"https:\\\/\\\/www.eldiario.net\\\/portal\\\/2023\\\/02\\\/07\\\/salud-trabaja-en-control-y-contencion-de-unos-10-brotes-epidemicos-y-enfermedades\\\/\",\"name\":\"Salud trabaja en control y contenci\u00f3n de unos 10 brotes epid\u00e9micos y enfermedades - El Diario - Bolivia\",\"isPartOf\":{\"@id\":\"https:\\\/\\\/www.eldiario.net\\\/portal\\\/#website\"},\"primaryImageOfPage\":{\"@id\":\"https:\\\/\\\/www.eldiario.net\\\/portal\\\/2023\\\/02\\\/07\\\/salud-trabaja-en-control-y-contencion-de-unos-10-brotes-epidemicos-y-enfermedades\\\/#primaryimage\"},\"image\":{\"@id\":\"https:\\\/\\\/www.eldiario.net\\\/portal\\\/2023\\\/02\\\/07\\\/salud-trabaja-en-control-y-contencion-de-unos-10-brotes-epidemicos-y-enfermedades\\\/#primaryimage\"},\"thumbnailUrl\":\"\",\"datePublished\":\"2023-02-07T09:46:37+00:00\",\"breadcrumb\":{\"@id\":\"https:\\\/\\\/www.eldiario.net\\\/portal\\\/2023\\\/02\\\/07\\\/salud-trabaja-en-control-y-contencion-de-unos-10-brotes-epidemicos-y-enfermedades\\\/#breadcrumb\"},\"inLanguage\":\"es\",\"potentialAction\":[{\"@type\":\"ReadAction\",\"target\":[\"https:\\\/\\\/www.eldiario.net\\\/portal\\\/2023\\\/02\\\/07\\\/salud-trabaja-en-control-y-contencion-de-unos-10-brotes-epidemicos-y-enfermedades\\\/\"]}]},{\"@type\":\"ImageObject\",\"inLanguage\":\"es\",\"@id\":\"https:\\\/\\\/www.eldiario.net\\\/portal\\\/2023\\\/02\\\/07\\\/salud-trabaja-en-control-y-contencion-de-unos-10-brotes-epidemicos-y-enfermedades\\\/#primaryimage\",\"url\":\"\",\"contentUrl\":\"\"},{\"@type\":\"BreadcrumbList\",\"@id\":\"https:\\\/\\\/www.eldiario.net\\\/portal\\\/2023\\\/02\\\/07\\\/salud-trabaja-en-control-y-contencion-de-unos-10-brotes-epidemicos-y-enfermedades\\\/#breadcrumb\",\"itemListElement\":[{\"@type\":\"ListItem\",\"position\":1,\"name\":\"Portada\",\"item\":\"https:\\\/\\\/www.eldiario.net\\\/portal\\\/\"},{\"@type\":\"ListItem\",\"position\":2,\"name\":\"Salud trabaja en control y contenci\u00f3n de unos 10 brotes epid\u00e9micos y enfermedades\"}]},{\"@type\":\"WebSite\",\"@id\":\"https:\\\/\\\/www.eldiario.net\\\/portal\\\/#website\",\"url\":\"https:\\\/\\\/www.eldiario.net\\\/portal\\\/\",\"name\":\"El Diario - Decano de la prensa nacional\",\"description\":\"El Diario - Decano de la prensa nacional\",\"publisher\":{\"@id\":\"https:\\\/\\\/www.eldiario.net\\\/portal\\\/#organization\"},\"potentialAction\":[{\"@type\":\"SearchAction\",\"target\":{\"@type\":\"EntryPoint\",\"urlTemplate\":\"https:\\\/\\\/www.eldiario.net\\\/portal\\\/?s={search_term_string}\"},\"query-input\":{\"@type\":\"PropertyValueSpecification\",\"valueRequired\":true,\"valueName\":\"search_term_string\"}}],\"inLanguage\":\"es\"},{\"@type\":\"Organization\",\"@id\":\"https:\\\/\\\/www.eldiario.net\\\/portal\\\/#organization\",\"name\":\"El Diario - Decano de la prensa nacional\",\"url\":\"https:\\\/\\\/www.eldiario.net\\\/portal\\\/\",\"logo\":{\"@type\":\"ImageObject\",\"inLanguage\":\"es\",\"@id\":\"https:\\\/\\\/www.eldiario.net\\\/portal\\\/#\\\/schema\\\/logo\\\/image\\\/\",\"url\":\"https:\\\/\\\/www.eldiario.net\\\/portal\\\/wp-content\\\/uploads\\\/2023\\\/07\\\/logo_ED.jpg\",\"contentUrl\":\"https:\\\/\\\/www.eldiario.net\\\/portal\\\/wp-content\\\/uploads\\\/2023\\\/07\\\/logo_ED.jpg\",\"width\":272,\"height\":52,\"caption\":\"El Diario - Decano de la prensa nacional\"},\"image\":{\"@id\":\"https:\\\/\\\/www.eldiario.net\\\/portal\\\/#\\\/schema\\\/logo\\\/image\\\/\"},\"sameAs\":[\"https:\\\/\\\/www.facebook.com\\\/eldiario.bolivia\\\/\",\"https:\\\/\\\/x.com\\\/eldiario_net\"]},{\"@type\":\"Person\",\"@id\":\"https:\\\/\\\/www.eldiario.net\\\/portal\\\/#\\\/schema\\\/person\\\/f46445640444750d7d753ccd04ae01b7\",\"name\":\"Jeanette\",\"image\":{\"@type\":\"ImageObject\",\"inLanguage\":\"es\",\"@id\":\"https:\\\/\\\/secure.gravatar.com\\\/avatar\\\/3ea2118a5f7dad2b7138b1187a6b7ee55f160b9968b66013c3a3ef39dd7e5798?s=96&d=mm&r=g\",\"url\":\"https:\\\/\\\/secure.gravatar.com\\\/avatar\\\/3ea2118a5f7dad2b7138b1187a6b7ee55f160b9968b66013c3a3ef39dd7e5798?s=96&d=mm&r=g\",\"contentUrl\":\"https:\\\/\\\/secure.gravatar.com\\\/avatar\\\/3ea2118a5f7dad2b7138b1187a6b7ee55f160b9968b66013c3a3ef39dd7e5798?s=96&d=mm&r=g\",\"caption\":\"Jeanette\"},\"sameAs\":[\"https:\\\/\\\/www.eldiario.net\\\/portal\"],\"url\":\"https:\\\/\\\/www.eldiario.net\\\/portal\\\/author\\\/jeanette\\\/\"}]}<\/script>\n<!-- \/ Yoast SEO plugin. -->","yoast_head_json":{"title":"Salud trabaja en control y contenci\u00f3n de unos 10 brotes epid\u00e9micos y enfermedades - El Diario - Bolivia","robots":{"index":"index","follow":"follow","max-snippet":"max-snippet:-1","max-image-preview":"max-image-preview:large","max-video-preview":"max-video-preview:-1"},"canonical":"https:\/\/www.eldiario.net\/portal\/2023\/02\/07\/salud-trabaja-en-control-y-contencion-de-unos-10-brotes-epidemicos-y-enfermedades\/","og_locale":"es_ES","og_type":"article","og_title":"Salud trabaja en control y contenci\u00f3n de unos 10 brotes epid\u00e9micos y enfermedades - El Diario - Bolivia","og_description":"Covid-19, dengue, malaria, tosferina, rabia canina, hantavirus, leishmaniasis visceral, viruela s\u00edmica, VIH y tuberculosis son algunos de los brotes epid\u00e9micos y enfermedades que aquejan al pa\u00eds y en los que el Ministerio de Salud trabaja en su control. Adem\u00e1s, reportan primer fallecido por dengue en Tarija. \u201cTodas estas enfermedades y otras tienen una monitorizaci\u00f3n constante [&hellip;]","og_url":"https:\/\/www.eldiario.net\/portal\/2023\/02\/07\/salud-trabaja-en-control-y-contencion-de-unos-10-brotes-epidemicos-y-enfermedades\/","og_site_name":"El Diario - Bolivia","article_publisher":"https:\/\/www.facebook.com\/eldiario.bolivia\/","article_published_time":"2023-02-07T09:46:37+00:00","author":"Jeanette","twitter_card":"summary_large_image","twitter_creator":"@eldiario_net","twitter_site":"@eldiario_net","twitter_misc":{"Escrito por":"Jeanette","Tiempo de lectura":"2 minutos"},"schema":{"@context":"https:\/\/schema.org","@graph":[{"@type":"Article","@id":"https:\/\/www.eldiario.net\/portal\/2023\/02\/07\/salud-trabaja-en-control-y-contencion-de-unos-10-brotes-epidemicos-y-enfermedades\/#article","isPartOf":{"@id":"https:\/\/www.eldiario.net\/portal\/2023\/02\/07\/salud-trabaja-en-control-y-contencion-de-unos-10-brotes-epidemicos-y-enfermedades\/"},"author":{"name":"Jeanette","@id":"https:\/\/www.eldiario.net\/portal\/#\/schema\/person\/f46445640444750d7d753ccd04ae01b7"},"headline":"Salud trabaja en control y contenci\u00f3n de unos 10 brotes epid\u00e9micos y enfermedades","datePublished":"2023-02-07T09:46:37+00:00","mainEntityOfPage":{"@id":"https:\/\/www.eldiario.net\/portal\/2023\/02\/07\/salud-trabaja-en-control-y-contencion-de-unos-10-brotes-epidemicos-y-enfermedades\/"},"wordCount":445,"publisher":{"@id":"https:\/\/www.eldiario.net\/portal\/#organization"},"image":{"@id":"https:\/\/www.eldiario.net\/portal\/2023\/02\/07\/salud-trabaja-en-control-y-contencion-de-unos-10-brotes-epidemicos-y-enfermedades\/#primaryimage"},"thumbnailUrl":"","articleSection":["Nacional"],"inLanguage":"es"},{"@type":"WebPage","@id":"https:\/\/www.eldiario.net\/portal\/2023\/02\/07\/salud-trabaja-en-control-y-contencion-de-unos-10-brotes-epidemicos-y-enfermedades\/","url":"https:\/\/www.eldiario.net\/portal\/2023\/02\/07\/salud-trabaja-en-control-y-contencion-de-unos-10-brotes-epidemicos-y-enfermedades\/","name":"Salud trabaja en control y contenci\u00f3n de unos 10 brotes epid\u00e9micos y enfermedades - El Diario - Bolivia","isPartOf":{"@id":"https:\/\/www.eldiario.net\/portal\/#website"},"primaryImageOfPage":{"@id":"https:\/\/www.eldiario.net\/portal\/2023\/02\/07\/salud-trabaja-en-control-y-contencion-de-unos-10-brotes-epidemicos-y-enfermedades\/#primaryimage"},"image":{"@id":"https:\/\/www.eldiario.net\/portal\/2023\/02\/07\/salud-trabaja-en-control-y-contencion-de-unos-10-brotes-epidemicos-y-enfermedades\/#primaryimage"},"thumbnailUrl":"","datePublished":"2023-02-07T09:46:37+00:00","breadcrumb":{"@id":"https:\/\/www.eldiario.net\/portal\/2023\/02\/07\/salud-trabaja-en-control-y-contencion-de-unos-10-brotes-epidemicos-y-enfermedades\/#breadcrumb"},"inLanguage":"es","potentialAction":[{"@type":"ReadAction","target":["https:\/\/www.eldiario.net\/portal\/2023\/02\/07\/salud-trabaja-en-control-y-contencion-de-unos-10-brotes-epidemicos-y-enfermedades\/"]}]},{"@type":"ImageObject","inLanguage":"es","@id":"https:\/\/www.eldiario.net\/portal\/2023\/02\/07\/salud-trabaja-en-control-y-contencion-de-unos-10-brotes-epidemicos-y-enfermedades\/#primaryimage","url":"","contentUrl":""},{"@type":"BreadcrumbList","@id":"https:\/\/www.eldiario.net\/portal\/2023\/02\/07\/salud-trabaja-en-control-y-contencion-de-unos-10-brotes-epidemicos-y-enfermedades\/#breadcrumb","itemListElement":[{"@type":"ListItem","position":1,"name":"Portada","item":"https:\/\/www.eldiario.net\/portal\/"},{"@type":"ListItem","position":2,"name":"Salud trabaja en control y contenci\u00f3n de unos 10 brotes epid\u00e9micos y enfermedades"}]},{"@type":"WebSite","@id":"https:\/\/www.eldiario.net\/portal\/#website","url":"https:\/\/www.eldiario.net\/portal\/","name":"El Diario - Decano de la prensa nacional","description":"El Diario - Decano de la prensa nacional","publisher":{"@id":"https:\/\/www.eldiario.net\/portal\/#organization"},"potentialAction":[{"@type":"SearchAction","target":{"@type":"EntryPoint","urlTemplate":"https:\/\/www.eldiario.net\/portal\/?s={search_term_string}"},"query-input":{"@type":"PropertyValueSpecification","valueRequired":true,"valueName":"search_term_string"}}],"inLanguage":"es"},{"@type":"Organization","@id":"https:\/\/www.eldiario.net\/portal\/#organization","name":"El Diario - Decano de la prensa nacional","url":"https:\/\/www.eldiario.net\/portal\/","logo":{"@type":"ImageObject","inLanguage":"es","@id":"https:\/\/www.eldiario.net\/portal\/#\/schema\/logo\/image\/","url":"https:\/\/www.eldiario.net\/portal\/wp-content\/uploads\/2023\/07\/logo_ED.jpg","contentUrl":"https:\/\/www.eldiario.net\/portal\/wp-content\/uploads\/2023\/07\/logo_ED.jpg","width":272,"height":52,"caption":"El Diario - Decano de la prensa nacional"},"image":{"@id":"https:\/\/www.eldiario.net\/portal\/#\/schema\/logo\/image\/"},"sameAs":["https:\/\/www.facebook.com\/eldiario.bolivia\/","https:\/\/x.com\/eldiario_net"]},{"@type":"Person","@id":"https:\/\/www.eldiario.net\/portal\/#\/schema\/person\/f46445640444750d7d753ccd04ae01b7","name":"Jeanette","image":{"@type":"ImageObject","inLanguage":"es","@id":"https:\/\/secure.gravatar.com\/avatar\/3ea2118a5f7dad2b7138b1187a6b7ee55f160b9968b66013c3a3ef39dd7e5798?s=96&d=mm&r=g","url":"https:\/\/secure.gravatar.com\/avatar\/3ea2118a5f7dad2b7138b1187a6b7ee55f160b9968b66013c3a3ef39dd7e5798?s=96&d=mm&r=g","contentUrl":"https:\/\/secure.gravatar.com\/avatar\/3ea2118a5f7dad2b7138b1187a6b7ee55f160b9968b66013c3a3ef39dd7e5798?s=96&d=mm&r=g","caption":"Jeanette"},"sameAs":["https:\/\/www.eldiario.net\/portal"],"url":"https:\/\/www.eldiario.net\/portal\/author\/jeanette\/"}]}},"_links":{"self":[{"href":"https:\/\/www.eldiario.net\/portal\/wp-json\/wp\/v2\/posts\/136402","targetHints":{"allow":["GET"]}}],"collection":[{"href":"https:\/\/www.eldiario.net\/portal\/wp-json\/wp\/v2\/posts"}],"about":[{"href":"https:\/\/www.eldiario.net\/portal\/wp-json\/wp\/v2\/types\/post"}],"author":[{"embeddable":true,"href":"https:\/\/www.eldiario.net\/portal\/wp-json\/wp\/v2\/users\/1"}],"replies":[{"embeddable":true,"href":"https:\/\/www.eldiario.net\/portal\/wp-json\/wp\/v2\/comments?post=136402"}],"version-history":[{"count":0,"href":"https:\/\/www.eldiario.net\/portal\/wp-json\/wp\/v2\/posts\/136402\/revisions"}],"wp:attachment":[{"href":"https:\/\/www.eldiario.net\/portal\/wp-json\/wp\/v2\/media?parent=136402"}],"wp:term":[{"taxonomy":"category","embeddable":true,"href":"https:\/\/www.eldiario.net\/portal\/wp-json\/wp\/v2\/categories?post=136402"},{"taxonomy":"post_tag","embeddable":true,"href":"https:\/\/www.eldiario.net\/portal\/wp-json\/wp\/v2\/tags?post=136402"}],"curies":[{"name":"wp","href":"https:\/\/api.w.org\/{rel}","templated":true}]}}