{"id":136340,"date":"2023-02-07T05:25:22","date_gmt":"2023-02-07T09:25:22","guid":{"rendered":"https:\/\/www.eldiario.net\/portal\/?p=136340"},"modified":"2023-02-07T05:25:22","modified_gmt":"2023-02-07T09:25:22","slug":"aumento-de-olas-de-calor-marinas-impactaria-en-cadena-alimentaria-2","status":"publish","type":"post","link":"https:\/\/www.eldiario.net\/portal\/2023\/02\/07\/aumento-de-olas-de-calor-marinas-impactaria-en-cadena-alimentaria-2\/","title":{"rendered":"Aumento de olas de calor marinas impactar\u00eda en cadena alimentaria"},"content":{"rendered":"<p><strong>Andr\u00e9 Juliao<\/strong><\/p>\n<p><strong>Parte II <\/strong><\/p>\n<p><strong>\u00a0<\/strong><\/p>\n<p><strong>UN FUTURO M\u00c1S CALUROSO<\/strong><\/p>\n<p>En un estudio anterior, Costa y el en ese momento maestrando Juan Carlos Farias Pardo demostraron el efecto de la elevaci\u00f3n de temperatura sobre los embriones de la misma especie (Leptuca thayeri). En la actualidad, Farias Pardo es doctorando en la Universidad de Agder, en Noruega.<\/p>\n<p>En esa oportunidad, los investigadores observaron que, en la referida etapa de la vida, no solamente el agua m\u00e1s caliente, sino tambi\u00e9n la mayor acidez, disminuyen la sobrevivencia (lea m\u00e1s en: agencia.fapesp.br\/36130\/).<\/p>\n<p>En el estudio actual, del cual Farias Pardo tambi\u00e9n es coautor, no se observ\u00f3 una diferencia significativa en la supervivencia de las larvas debido al aumento de la acidez del agua, pero s\u00ed se notaron alteraciones fisiol\u00f3gicas. Los pron\u00f3sticos para las pr\u00f3ximas d\u00e9cadas apuntan una disminuci\u00f3n del pH marino, lo que ha de afectar a muchas especies.<\/p>\n<p>\u201cPor estar en los estuarios, ambientes que naturalmente experimentan grandes variaciones de acidez, probablemente esta especie soporta alg\u00fan incremento de ese par\u00e1metro\u201d, estima Marochi, actualmente profesor colaborador en la Universidad del Estado de Paran\u00e1 (Unespar), en la localidad de Paranagu\u00e1 (Brasil)<\/p>\n<p>No obstante, y al igual que el aumento de temperatura, la acidez elevada acelera los latidos card\u00edacos, una se\u00f1al de estr\u00e9s fisiol\u00f3gico, y disminuye la movilidad de esos organismos.<\/p>\n<p>\u201cNadan menos y pueden no lograr permanecer en la capa de agua m\u00e1s cercana a la superficie, donde viven las microalgas con las cuales se alimentan\u201d, explica.<\/p>\n<p>Por ende, los efectos de las olas de calor marinas ser\u00edan perjudiciales para esta especie y para las que se alimentan de la misma, lo que podr\u00eda traer aparejadas p\u00e9rdidas econ\u00f3micas en la pesca, por ejemplo. As\u00ed y todo, no existen estudios que confirmen una merma de las existencias de Leptuca thayeri durante los \u00faltimos 20 a\u00f1os.<\/p>\n<p>Para los autores del estudio, esto puede ser el resultado de otros factores que compensan esas alteraciones. Por ejemplo, el hecho de que el aumento de la temperatura del agua puede acortar el tiempo de desarrollo larvario de estos crust\u00e1ceos y exponerlos as\u00ed durante menos tiempo a sus predadores y a condiciones ambientales severas.<\/p>\n<p>Adem\u00e1s, el aumento de la temperatura puede acarrear una mayor producci\u00f3n de las microalgas y los microorganismos que les sirven de alimento a las larvas de Leptuca thayeri y de otras especies. No obstante, nuevos estudios deber\u00e1n analizar si este factor puede o no compensar el aumento de la mortalidad de las larvas\u2026 (Agencia FAPESP).<\/p>\n","protected":false},"excerpt":{"rendered":"<p>Andr\u00e9 Juliao Parte II \u00a0 UN FUTURO M\u00c1S CALUROSO En un estudio anterior, Costa y el en ese momento maestrando Juan Carlos Farias Pardo demostraron el efecto de la elevaci\u00f3n de temperatura sobre los embriones de la misma especie (Leptuca thayeri). En la actualidad, Farias Pardo es doctorando en la Universidad de Agder, en Noruega. [&hellip;]<\/p>\n","protected":false},"author":1,"featured_media":0,"comment_status":"closed","ping_status":"closed","sticky":false,"template":"","format":"standard","meta":{"_acf_changed":false,"footnotes":""},"categories":[9],"tags":[],"class_list":["post-136340","post","type-post","status-publish","format-standard","category-opinion"],"acf":{"antetitulo":""},"yoast_head":"<!-- This site is optimized with the Yoast SEO plugin v28.4 - https:\/\/yoast.com\/product\/yoast-seo-wordpress\/ -->\n<title>Aumento de olas de calor marinas impactar\u00eda en cadena alimentaria - El Diario - Bolivia<\/title>\n<meta name=\"robots\" content=\"index, follow, max-snippet:-1, max-image-preview:large, max-video-preview:-1\" \/>\n<link rel=\"canonical\" href=\"https:\/\/www.eldiario.net\/portal\/2023\/02\/07\/aumento-de-olas-de-calor-marinas-impactaria-en-cadena-alimentaria-2\/\" \/>\n<meta property=\"og:locale\" content=\"es_ES\" \/>\n<meta property=\"og:type\" content=\"article\" \/>\n<meta property=\"og:title\" content=\"Aumento de olas de calor marinas impactar\u00eda en cadena alimentaria - El Diario - Bolivia\" \/>\n<meta property=\"og:description\" content=\"Andr\u00e9 Juliao Parte II \u00a0 UN FUTURO M\u00c1S CALUROSO En un estudio anterior, Costa y el en ese momento maestrando Juan Carlos Farias Pardo demostraron el efecto de la elevaci\u00f3n de temperatura sobre los embriones de la misma especie (Leptuca thayeri). En la actualidad, Farias Pardo es doctorando en la Universidad de Agder, en Noruega. [&hellip;]\" \/>\n<meta property=\"og:url\" content=\"https:\/\/www.eldiario.net\/portal\/2023\/02\/07\/aumento-de-olas-de-calor-marinas-impactaria-en-cadena-alimentaria-2\/\" \/>\n<meta property=\"og:site_name\" content=\"El Diario - Bolivia\" \/>\n<meta property=\"article:publisher\" content=\"https:\/\/www.facebook.com\/eldiario.bolivia\/\" \/>\n<meta property=\"article:published_time\" content=\"2023-02-07T09:25:22+00:00\" \/>\n<meta name=\"author\" content=\"Jeanette\" \/>\n<meta name=\"twitter:card\" content=\"summary_large_image\" \/>\n<meta name=\"twitter:creator\" content=\"@eldiario_net\" \/>\n<meta name=\"twitter:site\" content=\"@eldiario_net\" \/>\n<meta name=\"twitter:label1\" content=\"Escrito por\" \/>\n\t<meta name=\"twitter:data1\" content=\"Jeanette\" \/>\n\t<meta name=\"twitter:label2\" content=\"Tiempo de lectura\" \/>\n\t<meta name=\"twitter:data2\" content=\"2 minutos\" \/>\n<script type=\"application\/ld+json\" class=\"yoast-schema-graph\">{\"@context\":\"https:\\\/\\\/schema.org\",\"@graph\":[{\"@type\":\"Article\",\"@id\":\"https:\\\/\\\/www.eldiario.net\\\/portal\\\/2023\\\/02\\\/07\\\/aumento-de-olas-de-calor-marinas-impactaria-en-cadena-alimentaria-2\\\/#article\",\"isPartOf\":{\"@id\":\"https:\\\/\\\/www.eldiario.net\\\/portal\\\/2023\\\/02\\\/07\\\/aumento-de-olas-de-calor-marinas-impactaria-en-cadena-alimentaria-2\\\/\"},\"author\":{\"name\":\"Jeanette\",\"@id\":\"https:\\\/\\\/www.eldiario.net\\\/portal\\\/#\\\/schema\\\/person\\\/2c57cf2b7a7ae032e449e4c9b1019eac\"},\"headline\":\"Aumento de olas de calor marinas impactar\u00eda en cadena alimentaria\",\"datePublished\":\"2023-02-07T09:25:22+00:00\",\"mainEntityOfPage\":{\"@id\":\"https:\\\/\\\/www.eldiario.net\\\/portal\\\/2023\\\/02\\\/07\\\/aumento-de-olas-de-calor-marinas-impactaria-en-cadena-alimentaria-2\\\/\"},\"wordCount\":445,\"publisher\":{\"@id\":\"https:\\\/\\\/www.eldiario.net\\\/portal\\\/#organization\"},\"articleSection\":[\"Opini\u00f3n\"],\"inLanguage\":\"es\"},{\"@type\":\"WebPage\",\"@id\":\"https:\\\/\\\/www.eldiario.net\\\/portal\\\/2023\\\/02\\\/07\\\/aumento-de-olas-de-calor-marinas-impactaria-en-cadena-alimentaria-2\\\/\",\"url\":\"https:\\\/\\\/www.eldiario.net\\\/portal\\\/2023\\\/02\\\/07\\\/aumento-de-olas-de-calor-marinas-impactaria-en-cadena-alimentaria-2\\\/\",\"name\":\"Aumento de olas de calor marinas impactar\u00eda en cadena alimentaria - El Diario - Bolivia\",\"isPartOf\":{\"@id\":\"https:\\\/\\\/www.eldiario.net\\\/portal\\\/#website\"},\"datePublished\":\"2023-02-07T09:25:22+00:00\",\"breadcrumb\":{\"@id\":\"https:\\\/\\\/www.eldiario.net\\\/portal\\\/2023\\\/02\\\/07\\\/aumento-de-olas-de-calor-marinas-impactaria-en-cadena-alimentaria-2\\\/#breadcrumb\"},\"inLanguage\":\"es\",\"potentialAction\":[{\"@type\":\"ReadAction\",\"target\":[\"https:\\\/\\\/www.eldiario.net\\\/portal\\\/2023\\\/02\\\/07\\\/aumento-de-olas-de-calor-marinas-impactaria-en-cadena-alimentaria-2\\\/\"]}]},{\"@type\":\"BreadcrumbList\",\"@id\":\"https:\\\/\\\/www.eldiario.net\\\/portal\\\/2023\\\/02\\\/07\\\/aumento-de-olas-de-calor-marinas-impactaria-en-cadena-alimentaria-2\\\/#breadcrumb\",\"itemListElement\":[{\"@type\":\"ListItem\",\"position\":1,\"name\":\"Portada\",\"item\":\"https:\\\/\\\/www.eldiario.net\\\/portal\\\/\"},{\"@type\":\"ListItem\",\"position\":2,\"name\":\"Aumento de olas de calor marinas impactar\u00eda en cadena alimentaria\"}]},{\"@type\":\"WebSite\",\"@id\":\"https:\\\/\\\/www.eldiario.net\\\/portal\\\/#website\",\"url\":\"https:\\\/\\\/www.eldiario.net\\\/portal\\\/\",\"name\":\"El Diario - Decano de la prensa nacional\",\"description\":\"El Diario - Decano de la prensa nacional\",\"publisher\":{\"@id\":\"https:\\\/\\\/www.eldiario.net\\\/portal\\\/#organization\"},\"potentialAction\":[{\"@type\":\"SearchAction\",\"target\":{\"@type\":\"EntryPoint\",\"urlTemplate\":\"https:\\\/\\\/www.eldiario.net\\\/portal\\\/?s={search_term_string}\"},\"query-input\":{\"@type\":\"PropertyValueSpecification\",\"valueRequired\":true,\"valueName\":\"search_term_string\"}}],\"inLanguage\":\"es\"},{\"@type\":\"Organization\",\"@id\":\"https:\\\/\\\/www.eldiario.net\\\/portal\\\/#organization\",\"name\":\"El Diario - Decano de la prensa nacional\",\"url\":\"https:\\\/\\\/www.eldiario.net\\\/portal\\\/\",\"logo\":{\"@type\":\"ImageObject\",\"inLanguage\":\"es\",\"@id\":\"https:\\\/\\\/www.eldiario.net\\\/portal\\\/#\\\/schema\\\/logo\\\/image\\\/\",\"url\":\"https:\\\/\\\/www.eldiario.net\\\/portal\\\/wp-content\\\/uploads\\\/2023\\\/07\\\/logo_ED.jpg\",\"contentUrl\":\"https:\\\/\\\/www.eldiario.net\\\/portal\\\/wp-content\\\/uploads\\\/2023\\\/07\\\/logo_ED.jpg\",\"width\":272,\"height\":52,\"caption\":\"El Diario - Decano de la prensa nacional\"},\"image\":{\"@id\":\"https:\\\/\\\/www.eldiario.net\\\/portal\\\/#\\\/schema\\\/logo\\\/image\\\/\"},\"sameAs\":[\"https:\\\/\\\/www.facebook.com\\\/eldiario.bolivia\\\/\",\"https:\\\/\\\/x.com\\\/eldiario_net\"]},{\"@type\":\"Person\",\"@id\":\"https:\\\/\\\/www.eldiario.net\\\/portal\\\/#\\\/schema\\\/person\\\/2c57cf2b7a7ae032e449e4c9b1019eac\",\"name\":\"Jeanette\",\"image\":{\"@type\":\"ImageObject\",\"inLanguage\":\"es\",\"@id\":\"https:\\\/\\\/secure.gravatar.com\\\/avatar\\\/3ea2118a5f7dad2b7138b1187a6b7ee55f160b9968b66013c3a3ef39dd7e5798?s=96&d=mm&r=g\",\"url\":\"https:\\\/\\\/secure.gravatar.com\\\/avatar\\\/3ea2118a5f7dad2b7138b1187a6b7ee55f160b9968b66013c3a3ef39dd7e5798?s=96&d=mm&r=g\",\"contentUrl\":\"https:\\\/\\\/secure.gravatar.com\\\/avatar\\\/3ea2118a5f7dad2b7138b1187a6b7ee55f160b9968b66013c3a3ef39dd7e5798?s=96&d=mm&r=g\",\"caption\":\"Jeanette\"},\"sameAs\":[\"https:\\\/\\\/www.eldiario.net\\\/portal\"],\"url\":\"https:\\\/\\\/www.eldiario.net\\\/portal\\\/author\\\/jeanette\\\/\"}]}<\/script>\n<!-- \/ Yoast SEO plugin. -->","yoast_head_json":{"title":"Aumento de olas de calor marinas impactar\u00eda en cadena alimentaria - El Diario - Bolivia","robots":{"index":"index","follow":"follow","max-snippet":"max-snippet:-1","max-image-preview":"max-image-preview:large","max-video-preview":"max-video-preview:-1"},"canonical":"https:\/\/www.eldiario.net\/portal\/2023\/02\/07\/aumento-de-olas-de-calor-marinas-impactaria-en-cadena-alimentaria-2\/","og_locale":"es_ES","og_type":"article","og_title":"Aumento de olas de calor marinas impactar\u00eda en cadena alimentaria - El Diario - Bolivia","og_description":"Andr\u00e9 Juliao Parte II \u00a0 UN FUTURO M\u00c1S CALUROSO En un estudio anterior, Costa y el en ese momento maestrando Juan Carlos Farias Pardo demostraron el efecto de la elevaci\u00f3n de temperatura sobre los embriones de la misma especie (Leptuca thayeri). En la actualidad, Farias Pardo es doctorando en la Universidad de Agder, en Noruega. [&hellip;]","og_url":"https:\/\/www.eldiario.net\/portal\/2023\/02\/07\/aumento-de-olas-de-calor-marinas-impactaria-en-cadena-alimentaria-2\/","og_site_name":"El Diario - Bolivia","article_publisher":"https:\/\/www.facebook.com\/eldiario.bolivia\/","article_published_time":"2023-02-07T09:25:22+00:00","author":"Jeanette","twitter_card":"summary_large_image","twitter_creator":"@eldiario_net","twitter_site":"@eldiario_net","twitter_misc":{"Escrito por":"Jeanette","Tiempo de lectura":"2 minutos"},"schema":{"@context":"https:\/\/schema.org","@graph":[{"@type":"Article","@id":"https:\/\/www.eldiario.net\/portal\/2023\/02\/07\/aumento-de-olas-de-calor-marinas-impactaria-en-cadena-alimentaria-2\/#article","isPartOf":{"@id":"https:\/\/www.eldiario.net\/portal\/2023\/02\/07\/aumento-de-olas-de-calor-marinas-impactaria-en-cadena-alimentaria-2\/"},"author":{"name":"Jeanette","@id":"https:\/\/www.eldiario.net\/portal\/#\/schema\/person\/2c57cf2b7a7ae032e449e4c9b1019eac"},"headline":"Aumento de olas de calor marinas impactar\u00eda en cadena alimentaria","datePublished":"2023-02-07T09:25:22+00:00","mainEntityOfPage":{"@id":"https:\/\/www.eldiario.net\/portal\/2023\/02\/07\/aumento-de-olas-de-calor-marinas-impactaria-en-cadena-alimentaria-2\/"},"wordCount":445,"publisher":{"@id":"https:\/\/www.eldiario.net\/portal\/#organization"},"articleSection":["Opini\u00f3n"],"inLanguage":"es"},{"@type":"WebPage","@id":"https:\/\/www.eldiario.net\/portal\/2023\/02\/07\/aumento-de-olas-de-calor-marinas-impactaria-en-cadena-alimentaria-2\/","url":"https:\/\/www.eldiario.net\/portal\/2023\/02\/07\/aumento-de-olas-de-calor-marinas-impactaria-en-cadena-alimentaria-2\/","name":"Aumento de olas de calor marinas impactar\u00eda en cadena alimentaria - El Diario - Bolivia","isPartOf":{"@id":"https:\/\/www.eldiario.net\/portal\/#website"},"datePublished":"2023-02-07T09:25:22+00:00","breadcrumb":{"@id":"https:\/\/www.eldiario.net\/portal\/2023\/02\/07\/aumento-de-olas-de-calor-marinas-impactaria-en-cadena-alimentaria-2\/#breadcrumb"},"inLanguage":"es","potentialAction":[{"@type":"ReadAction","target":["https:\/\/www.eldiario.net\/portal\/2023\/02\/07\/aumento-de-olas-de-calor-marinas-impactaria-en-cadena-alimentaria-2\/"]}]},{"@type":"BreadcrumbList","@id":"https:\/\/www.eldiario.net\/portal\/2023\/02\/07\/aumento-de-olas-de-calor-marinas-impactaria-en-cadena-alimentaria-2\/#breadcrumb","itemListElement":[{"@type":"ListItem","position":1,"name":"Portada","item":"https:\/\/www.eldiario.net\/portal\/"},{"@type":"ListItem","position":2,"name":"Aumento de olas de calor marinas impactar\u00eda en cadena alimentaria"}]},{"@type":"WebSite","@id":"https:\/\/www.eldiario.net\/portal\/#website","url":"https:\/\/www.eldiario.net\/portal\/","name":"El Diario - Decano de la prensa nacional","description":"El Diario - Decano de la prensa nacional","publisher":{"@id":"https:\/\/www.eldiario.net\/portal\/#organization"},"potentialAction":[{"@type":"SearchAction","target":{"@type":"EntryPoint","urlTemplate":"https:\/\/www.eldiario.net\/portal\/?s={search_term_string}"},"query-input":{"@type":"PropertyValueSpecification","valueRequired":true,"valueName":"search_term_string"}}],"inLanguage":"es"},{"@type":"Organization","@id":"https:\/\/www.eldiario.net\/portal\/#organization","name":"El Diario - Decano de la prensa nacional","url":"https:\/\/www.eldiario.net\/portal\/","logo":{"@type":"ImageObject","inLanguage":"es","@id":"https:\/\/www.eldiario.net\/portal\/#\/schema\/logo\/image\/","url":"https:\/\/www.eldiario.net\/portal\/wp-content\/uploads\/2023\/07\/logo_ED.jpg","contentUrl":"https:\/\/www.eldiario.net\/portal\/wp-content\/uploads\/2023\/07\/logo_ED.jpg","width":272,"height":52,"caption":"El Diario - Decano de la prensa nacional"},"image":{"@id":"https:\/\/www.eldiario.net\/portal\/#\/schema\/logo\/image\/"},"sameAs":["https:\/\/www.facebook.com\/eldiario.bolivia\/","https:\/\/x.com\/eldiario_net"]},{"@type":"Person","@id":"https:\/\/www.eldiario.net\/portal\/#\/schema\/person\/2c57cf2b7a7ae032e449e4c9b1019eac","name":"Jeanette","image":{"@type":"ImageObject","inLanguage":"es","@id":"https:\/\/secure.gravatar.com\/avatar\/3ea2118a5f7dad2b7138b1187a6b7ee55f160b9968b66013c3a3ef39dd7e5798?s=96&d=mm&r=g","url":"https:\/\/secure.gravatar.com\/avatar\/3ea2118a5f7dad2b7138b1187a6b7ee55f160b9968b66013c3a3ef39dd7e5798?s=96&d=mm&r=g","contentUrl":"https:\/\/secure.gravatar.com\/avatar\/3ea2118a5f7dad2b7138b1187a6b7ee55f160b9968b66013c3a3ef39dd7e5798?s=96&d=mm&r=g","caption":"Jeanette"},"sameAs":["https:\/\/www.eldiario.net\/portal"],"url":"https:\/\/www.eldiario.net\/portal\/author\/jeanette\/"}]}},"_links":{"self":[{"href":"https:\/\/www.eldiario.net\/portal\/wp-json\/wp\/v2\/posts\/136340","targetHints":{"allow":["GET"]}}],"collection":[{"href":"https:\/\/www.eldiario.net\/portal\/wp-json\/wp\/v2\/posts"}],"about":[{"href":"https:\/\/www.eldiario.net\/portal\/wp-json\/wp\/v2\/types\/post"}],"author":[{"embeddable":true,"href":"https:\/\/www.eldiario.net\/portal\/wp-json\/wp\/v2\/users\/1"}],"replies":[{"embeddable":true,"href":"https:\/\/www.eldiario.net\/portal\/wp-json\/wp\/v2\/comments?post=136340"}],"version-history":[{"count":0,"href":"https:\/\/www.eldiario.net\/portal\/wp-json\/wp\/v2\/posts\/136340\/revisions"}],"wp:attachment":[{"href":"https:\/\/www.eldiario.net\/portal\/wp-json\/wp\/v2\/media?parent=136340"}],"wp:term":[{"taxonomy":"category","embeddable":true,"href":"https:\/\/www.eldiario.net\/portal\/wp-json\/wp\/v2\/categories?post=136340"},{"taxonomy":"post_tag","embeddable":true,"href":"https:\/\/www.eldiario.net\/portal\/wp-json\/wp\/v2\/tags?post=136340"}],"curies":[{"name":"wp","href":"https:\/\/api.w.org\/{rel}","templated":true}]}}