{"id":136328,"date":"2023-02-06T17:07:38","date_gmt":"2023-02-06T21:07:38","guid":{"rendered":"https:\/\/www.eldiario.net\/portal\/?p=136328"},"modified":"2023-02-06T17:07:38","modified_gmt":"2023-02-06T21:07:38","slug":"emergencia-en-region-del-chaco-cruceno-por-sequia-persistente","status":"publish","type":"post","link":"https:\/\/www.eldiario.net\/portal\/2023\/02\/06\/emergencia-en-region-del-chaco-cruceno-por-sequia-persistente\/","title":{"rendered":"Emergencia en regi\u00f3n del Chaco  cruce\u00f1o por sequ\u00eda persistente"},"content":{"rendered":"<p class=\"v1MsoNormal\">El Servicio Nacional de Meteorolog\u00eda e Hidrolog\u00eda (Senamhi) inform\u00f3 que la sequ\u00eda persistir\u00e1 en Bolivia hasta marzo de 2023; por lo que, los agricultores y particularmente los ganaderos del Chaco cruce\u00f1o expresaron su preocupaci\u00f3n por las p\u00e9rdidas cuantiosas que sufren debido a la falta de lluvias. La Federaci\u00f3n de Ganaderos de Santa Cruz (Fegasacruz) hace las gestiones correspondientes ante las autoridades locales y nacionales en busca de paliar la situaci\u00f3n.<\/p>\n<p class=\"v1MsoNormal\">Los productores y los ganaderos de esa regi\u00f3n expresan su preocupaci\u00f3n por las consecuencias del impacto de la sequ\u00eda en la producci\u00f3n de alimentos y en particular en la seguridad alimentaria de esta gesti\u00f3n.<\/p>\n<p class=\"v1MsoNormal\">Al respecto, el director del Senamhi, Hugo Mamani, inform\u00f3 que el fen\u00f3meno climatol\u00f3gico de La Ni\u00f1a se manifiesta este a\u00f1o con el retraso de las lluvias en las regiones del Chaco, en tanto que en la parte oriental y Amazon\u00eda ya se reportan inundaciones por las persistentes lluvias. El fen\u00f3meno de la Ni\u00f1a que est\u00e1 desde el a\u00f1o 2020, se ha extendido hasta la fecha va a estar presente hasta marzo del 2023.<\/p>\n<p class=\"v1MsoNormal\">\n<p class=\"v1MsoNormal\">EFECTOS DE LA HELADA Y SEQU\u00cdA<\/p>\n<p class=\"v1MsoNormal\">El Ministerio de Desarrollo Rural y Agropecuario inform\u00f3 que m\u00e1s de 30.000 familias resultaron afectadas en 297 comunidades y 42 municipios como consecuencia de las heladas y sequ\u00edas.<\/p>\n<p class=\"v1MsoNormal\">En el departamento de Santa Cruz las zonas que m\u00e1s sufren son Cabezas, Guti\u00e9rrez, Camiri, Cuevo, Boyuibe, Charagua. Al respecto, el presidente de la Federaci\u00f3n de Ganaderos de Santa Cruz (Fegasacruz), Adri\u00e1n Castedo Vald\u00e9s, indic\u00f3 que vienen haciendo gestiones en varios niveles para buscar una salida a la sequ\u00eda.<\/p>\n<p class=\"v1MsoNormal\">En octubre de 2022 se trat\u00f3 el tema de la revisi\u00f3n de la FES con el Ministerio de Desarrollo Rural y Tierras, el Viceministerio de Tierras, la Direcci\u00f3n Nacional del INRA y la CAO en el marco de los temas a tratar con el Gobierno Nacional.<\/p>\n<p class=\"v1MsoNormal\">\n<p class=\"v1MsoNormal\">EN BUSCA DE SOLUCIONES<\/p>\n<p class=\"v1MsoNormal\">Asimismo, el departamento de comunicaci\u00f3n de Fegasacruz inform\u00f3 que se realizan gestiones ante la Gobernaci\u00f3n de Santa Cruz, de la cual han participado presidentes de Asociaciones del Chaco y el Director de la ecorregi\u00f3n del Chaco, dichas reuniones se efectuaron en diciembre.<\/p>\n<p class=\"v1MsoNormal\">Adem\u00e1s, sostiene que se est\u00e1 trabajando en buscar una soluci\u00f3n para el tema del agua y alternativas para proveer de forraje.<\/p>\n<p class=\"v1MsoNormal\">Desde octubre de 2022 hasta enero de 2023, con las demandas cruce\u00f1as, el paro de 36 d\u00edas y la aprehensi\u00f3n del gobernador Luis Fernando Camacho, han existido dificultades en retomar las gestiones en este tema.<\/p>\n<p class=\"v1MsoNormal\">El tema de la sequ\u00eda, no solo es en el Chaco boliviano, sino tambi\u00e9n en Brasil, Estados Unidos y Argentina. La falta de granos ser\u00e1 cr\u00edtica este 2023.<\/p>\n<p class=\"v1MsoNormal\">Finalmente, Castedo manifest\u00f3 que hay gestiones diversas en curso y se tratar\u00e1 de que la informaci\u00f3n fluya de mejor manera. Por su lado, Severo Hoyos, director de la ecorregi\u00f3n Chaco, indic\u00f3 que la situaci\u00f3n en las asociaciones que componen el bloque del Chaco es desesperante.<\/p>\n<p class=\"v1MsoNormal\">Lo que comprende Charagua, Boyuibe y Cuevo el 70% de los productores sufren por la falta de lluvias.<\/p>\n<p class=\"v1MsoNormal\">\u00abMuchos est\u00e1n acarreando agua para el consumo del ganado. Ya estamos en febrero y vemos dif\u00edcil la siembra de forrajes para la pr\u00f3xima sequ\u00eda que se viene, entonces ser\u00eda bueno trabajar, por lo menos en dos temas, pedir una pausa en el cumplimiento de la FES por 10 a\u00f1os e ir haciendo alianzas para la compra de rollos para la pr\u00f3xima sequ\u00eda y otros insumos que se pueda\u00bb, dijo Hoyos.<\/p>\n<p class=\"v1MsoNormal\">En la actualidad muchos productores est\u00e1n pensando vender ganado y solo quedarse con los vientres, por eso el tema de la pausa en el cumplimiento de la FES.<\/p>\n<p class=\"v1MsoNormal\">\n","protected":false},"excerpt":{"rendered":"<p>El Servicio Nacional de Meteorolog\u00eda e Hidrolog\u00eda (Senamhi) inform\u00f3 que la sequ\u00eda persistir\u00e1 en Bolivia hasta marzo de 2023; por lo que, los agricultores y particularmente los ganaderos del Chaco cruce\u00f1o expresaron su preocupaci\u00f3n por las p\u00e9rdidas cuantiosas que sufren debido a la falta de lluvias. La Federaci\u00f3n de Ganaderos de Santa Cruz (Fegasacruz) hace [&hellip;]<\/p>\n","protected":false},"author":1,"featured_media":136329,"comment_status":"closed","ping_status":"closed","sticky":false,"template":"","format":"standard","meta":{"_acf_changed":false,"footnotes":""},"categories":[7],"tags":[],"class_list":["post-136328","post","type-post","status-publish","format-standard","has-post-thumbnail","category-economia"],"acf":{"antetitulo":""},"yoast_head":"<!-- This site is optimized with the Yoast SEO plugin v28.4 - https:\/\/yoast.com\/product\/yoast-seo-wordpress\/ -->\n<title>Emergencia en regi\u00f3n del Chaco cruce\u00f1o por sequ\u00eda persistente - El Diario - Bolivia<\/title>\n<meta name=\"robots\" content=\"index, follow, max-snippet:-1, max-image-preview:large, max-video-preview:-1\" \/>\n<link rel=\"canonical\" href=\"https:\/\/www.eldiario.net\/portal\/2023\/02\/06\/emergencia-en-region-del-chaco-cruceno-por-sequia-persistente\/\" \/>\n<meta property=\"og:locale\" content=\"es_ES\" \/>\n<meta property=\"og:type\" content=\"article\" \/>\n<meta property=\"og:title\" content=\"Emergencia en regi\u00f3n del Chaco cruce\u00f1o por sequ\u00eda persistente - El Diario - Bolivia\" \/>\n<meta property=\"og:description\" content=\"El Servicio Nacional de Meteorolog\u00eda e Hidrolog\u00eda (Senamhi) inform\u00f3 que la sequ\u00eda persistir\u00e1 en Bolivia hasta marzo de 2023; por lo que, los agricultores y particularmente los ganaderos del Chaco cruce\u00f1o expresaron su preocupaci\u00f3n por las p\u00e9rdidas cuantiosas que sufren debido a la falta de lluvias. La Federaci\u00f3n de Ganaderos de Santa Cruz (Fegasacruz) hace [&hellip;]\" \/>\n<meta property=\"og:url\" content=\"https:\/\/www.eldiario.net\/portal\/2023\/02\/06\/emergencia-en-region-del-chaco-cruceno-por-sequia-persistente\/\" \/>\n<meta property=\"og:site_name\" content=\"El Diario - Bolivia\" \/>\n<meta property=\"article:publisher\" content=\"https:\/\/www.facebook.com\/eldiario.bolivia\/\" \/>\n<meta property=\"article:published_time\" content=\"2023-02-06T21:07:38+00:00\" \/>\n<meta name=\"author\" content=\"Jeanette\" \/>\n<meta name=\"twitter:card\" content=\"summary_large_image\" \/>\n<meta name=\"twitter:creator\" content=\"@eldiario_net\" \/>\n<meta name=\"twitter:site\" content=\"@eldiario_net\" \/>\n<meta name=\"twitter:label1\" content=\"Escrito por\" \/>\n\t<meta name=\"twitter:data1\" content=\"Jeanette\" \/>\n\t<meta name=\"twitter:label2\" content=\"Tiempo de lectura\" \/>\n\t<meta name=\"twitter:data2\" content=\"3 minutos\" \/>\n<script type=\"application\/ld+json\" class=\"yoast-schema-graph\">{\"@context\":\"https:\\\/\\\/schema.org\",\"@graph\":[{\"@type\":\"Article\",\"@id\":\"https:\\\/\\\/www.eldiario.net\\\/portal\\\/2023\\\/02\\\/06\\\/emergencia-en-region-del-chaco-cruceno-por-sequia-persistente\\\/#article\",\"isPartOf\":{\"@id\":\"https:\\\/\\\/www.eldiario.net\\\/portal\\\/2023\\\/02\\\/06\\\/emergencia-en-region-del-chaco-cruceno-por-sequia-persistente\\\/\"},\"author\":{\"name\":\"Jeanette\",\"@id\":\"https:\\\/\\\/www.eldiario.net\\\/portal\\\/#\\\/schema\\\/person\\\/2c57cf2b7a7ae032e449e4c9b1019eac\"},\"headline\":\"Emergencia en regi\u00f3n del Chaco cruce\u00f1o por sequ\u00eda persistente\",\"datePublished\":\"2023-02-06T21:07:38+00:00\",\"mainEntityOfPage\":{\"@id\":\"https:\\\/\\\/www.eldiario.net\\\/portal\\\/2023\\\/02\\\/06\\\/emergencia-en-region-del-chaco-cruceno-por-sequia-persistente\\\/\"},\"wordCount\":651,\"publisher\":{\"@id\":\"https:\\\/\\\/www.eldiario.net\\\/portal\\\/#organization\"},\"image\":{\"@id\":\"https:\\\/\\\/www.eldiario.net\\\/portal\\\/2023\\\/02\\\/06\\\/emergencia-en-region-del-chaco-cruceno-por-sequia-persistente\\\/#primaryimage\"},\"thumbnailUrl\":\"\",\"articleSection\":[\"Econom\u00eda\"],\"inLanguage\":\"es\"},{\"@type\":\"WebPage\",\"@id\":\"https:\\\/\\\/www.eldiario.net\\\/portal\\\/2023\\\/02\\\/06\\\/emergencia-en-region-del-chaco-cruceno-por-sequia-persistente\\\/\",\"url\":\"https:\\\/\\\/www.eldiario.net\\\/portal\\\/2023\\\/02\\\/06\\\/emergencia-en-region-del-chaco-cruceno-por-sequia-persistente\\\/\",\"name\":\"Emergencia en regi\u00f3n del Chaco cruce\u00f1o por sequ\u00eda persistente - El Diario - Bolivia\",\"isPartOf\":{\"@id\":\"https:\\\/\\\/www.eldiario.net\\\/portal\\\/#website\"},\"primaryImageOfPage\":{\"@id\":\"https:\\\/\\\/www.eldiario.net\\\/portal\\\/2023\\\/02\\\/06\\\/emergencia-en-region-del-chaco-cruceno-por-sequia-persistente\\\/#primaryimage\"},\"image\":{\"@id\":\"https:\\\/\\\/www.eldiario.net\\\/portal\\\/2023\\\/02\\\/06\\\/emergencia-en-region-del-chaco-cruceno-por-sequia-persistente\\\/#primaryimage\"},\"thumbnailUrl\":\"\",\"datePublished\":\"2023-02-06T21:07:38+00:00\",\"breadcrumb\":{\"@id\":\"https:\\\/\\\/www.eldiario.net\\\/portal\\\/2023\\\/02\\\/06\\\/emergencia-en-region-del-chaco-cruceno-por-sequia-persistente\\\/#breadcrumb\"},\"inLanguage\":\"es\",\"potentialAction\":[{\"@type\":\"ReadAction\",\"target\":[\"https:\\\/\\\/www.eldiario.net\\\/portal\\\/2023\\\/02\\\/06\\\/emergencia-en-region-del-chaco-cruceno-por-sequia-persistente\\\/\"]}]},{\"@type\":\"ImageObject\",\"inLanguage\":\"es\",\"@id\":\"https:\\\/\\\/www.eldiario.net\\\/portal\\\/2023\\\/02\\\/06\\\/emergencia-en-region-del-chaco-cruceno-por-sequia-persistente\\\/#primaryimage\",\"url\":\"\",\"contentUrl\":\"\"},{\"@type\":\"BreadcrumbList\",\"@id\":\"https:\\\/\\\/www.eldiario.net\\\/portal\\\/2023\\\/02\\\/06\\\/emergencia-en-region-del-chaco-cruceno-por-sequia-persistente\\\/#breadcrumb\",\"itemListElement\":[{\"@type\":\"ListItem\",\"position\":1,\"name\":\"Portada\",\"item\":\"https:\\\/\\\/www.eldiario.net\\\/portal\\\/\"},{\"@type\":\"ListItem\",\"position\":2,\"name\":\"Emergencia en regi\u00f3n del Chaco cruce\u00f1o por sequ\u00eda persistente\"}]},{\"@type\":\"WebSite\",\"@id\":\"https:\\\/\\\/www.eldiario.net\\\/portal\\\/#website\",\"url\":\"https:\\\/\\\/www.eldiario.net\\\/portal\\\/\",\"name\":\"El Diario - Decano de la prensa nacional\",\"description\":\"El Diario - Decano de la prensa nacional\",\"publisher\":{\"@id\":\"https:\\\/\\\/www.eldiario.net\\\/portal\\\/#organization\"},\"potentialAction\":[{\"@type\":\"SearchAction\",\"target\":{\"@type\":\"EntryPoint\",\"urlTemplate\":\"https:\\\/\\\/www.eldiario.net\\\/portal\\\/?s={search_term_string}\"},\"query-input\":{\"@type\":\"PropertyValueSpecification\",\"valueRequired\":true,\"valueName\":\"search_term_string\"}}],\"inLanguage\":\"es\"},{\"@type\":\"Organization\",\"@id\":\"https:\\\/\\\/www.eldiario.net\\\/portal\\\/#organization\",\"name\":\"El Diario - Decano de la prensa nacional\",\"url\":\"https:\\\/\\\/www.eldiario.net\\\/portal\\\/\",\"logo\":{\"@type\":\"ImageObject\",\"inLanguage\":\"es\",\"@id\":\"https:\\\/\\\/www.eldiario.net\\\/portal\\\/#\\\/schema\\\/logo\\\/image\\\/\",\"url\":\"https:\\\/\\\/www.eldiario.net\\\/portal\\\/wp-content\\\/uploads\\\/2023\\\/07\\\/logo_ED.jpg\",\"contentUrl\":\"https:\\\/\\\/www.eldiario.net\\\/portal\\\/wp-content\\\/uploads\\\/2023\\\/07\\\/logo_ED.jpg\",\"width\":272,\"height\":52,\"caption\":\"El Diario - Decano de la prensa nacional\"},\"image\":{\"@id\":\"https:\\\/\\\/www.eldiario.net\\\/portal\\\/#\\\/schema\\\/logo\\\/image\\\/\"},\"sameAs\":[\"https:\\\/\\\/www.facebook.com\\\/eldiario.bolivia\\\/\",\"https:\\\/\\\/x.com\\\/eldiario_net\"]},{\"@type\":\"Person\",\"@id\":\"https:\\\/\\\/www.eldiario.net\\\/portal\\\/#\\\/schema\\\/person\\\/2c57cf2b7a7ae032e449e4c9b1019eac\",\"name\":\"Jeanette\",\"image\":{\"@type\":\"ImageObject\",\"inLanguage\":\"es\",\"@id\":\"https:\\\/\\\/secure.gravatar.com\\\/avatar\\\/3ea2118a5f7dad2b7138b1187a6b7ee55f160b9968b66013c3a3ef39dd7e5798?s=96&d=mm&r=g\",\"url\":\"https:\\\/\\\/secure.gravatar.com\\\/avatar\\\/3ea2118a5f7dad2b7138b1187a6b7ee55f160b9968b66013c3a3ef39dd7e5798?s=96&d=mm&r=g\",\"contentUrl\":\"https:\\\/\\\/secure.gravatar.com\\\/avatar\\\/3ea2118a5f7dad2b7138b1187a6b7ee55f160b9968b66013c3a3ef39dd7e5798?s=96&d=mm&r=g\",\"caption\":\"Jeanette\"},\"sameAs\":[\"https:\\\/\\\/www.eldiario.net\\\/portal\"],\"url\":\"https:\\\/\\\/www.eldiario.net\\\/portal\\\/author\\\/jeanette\\\/\"}]}<\/script>\n<!-- \/ Yoast SEO plugin. -->","yoast_head_json":{"title":"Emergencia en regi\u00f3n del Chaco cruce\u00f1o por sequ\u00eda persistente - El Diario - Bolivia","robots":{"index":"index","follow":"follow","max-snippet":"max-snippet:-1","max-image-preview":"max-image-preview:large","max-video-preview":"max-video-preview:-1"},"canonical":"https:\/\/www.eldiario.net\/portal\/2023\/02\/06\/emergencia-en-region-del-chaco-cruceno-por-sequia-persistente\/","og_locale":"es_ES","og_type":"article","og_title":"Emergencia en regi\u00f3n del Chaco cruce\u00f1o por sequ\u00eda persistente - El Diario - Bolivia","og_description":"El Servicio Nacional de Meteorolog\u00eda e Hidrolog\u00eda (Senamhi) inform\u00f3 que la sequ\u00eda persistir\u00e1 en Bolivia hasta marzo de 2023; por lo que, los agricultores y particularmente los ganaderos del Chaco cruce\u00f1o expresaron su preocupaci\u00f3n por las p\u00e9rdidas cuantiosas que sufren debido a la falta de lluvias. La Federaci\u00f3n de Ganaderos de Santa Cruz (Fegasacruz) hace [&hellip;]","og_url":"https:\/\/www.eldiario.net\/portal\/2023\/02\/06\/emergencia-en-region-del-chaco-cruceno-por-sequia-persistente\/","og_site_name":"El Diario - Bolivia","article_publisher":"https:\/\/www.facebook.com\/eldiario.bolivia\/","article_published_time":"2023-02-06T21:07:38+00:00","author":"Jeanette","twitter_card":"summary_large_image","twitter_creator":"@eldiario_net","twitter_site":"@eldiario_net","twitter_misc":{"Escrito por":"Jeanette","Tiempo de lectura":"3 minutos"},"schema":{"@context":"https:\/\/schema.org","@graph":[{"@type":"Article","@id":"https:\/\/www.eldiario.net\/portal\/2023\/02\/06\/emergencia-en-region-del-chaco-cruceno-por-sequia-persistente\/#article","isPartOf":{"@id":"https:\/\/www.eldiario.net\/portal\/2023\/02\/06\/emergencia-en-region-del-chaco-cruceno-por-sequia-persistente\/"},"author":{"name":"Jeanette","@id":"https:\/\/www.eldiario.net\/portal\/#\/schema\/person\/2c57cf2b7a7ae032e449e4c9b1019eac"},"headline":"Emergencia en regi\u00f3n del Chaco cruce\u00f1o por sequ\u00eda persistente","datePublished":"2023-02-06T21:07:38+00:00","mainEntityOfPage":{"@id":"https:\/\/www.eldiario.net\/portal\/2023\/02\/06\/emergencia-en-region-del-chaco-cruceno-por-sequia-persistente\/"},"wordCount":651,"publisher":{"@id":"https:\/\/www.eldiario.net\/portal\/#organization"},"image":{"@id":"https:\/\/www.eldiario.net\/portal\/2023\/02\/06\/emergencia-en-region-del-chaco-cruceno-por-sequia-persistente\/#primaryimage"},"thumbnailUrl":"","articleSection":["Econom\u00eda"],"inLanguage":"es"},{"@type":"WebPage","@id":"https:\/\/www.eldiario.net\/portal\/2023\/02\/06\/emergencia-en-region-del-chaco-cruceno-por-sequia-persistente\/","url":"https:\/\/www.eldiario.net\/portal\/2023\/02\/06\/emergencia-en-region-del-chaco-cruceno-por-sequia-persistente\/","name":"Emergencia en regi\u00f3n del Chaco cruce\u00f1o por sequ\u00eda persistente - El Diario - Bolivia","isPartOf":{"@id":"https:\/\/www.eldiario.net\/portal\/#website"},"primaryImageOfPage":{"@id":"https:\/\/www.eldiario.net\/portal\/2023\/02\/06\/emergencia-en-region-del-chaco-cruceno-por-sequia-persistente\/#primaryimage"},"image":{"@id":"https:\/\/www.eldiario.net\/portal\/2023\/02\/06\/emergencia-en-region-del-chaco-cruceno-por-sequia-persistente\/#primaryimage"},"thumbnailUrl":"","datePublished":"2023-02-06T21:07:38+00:00","breadcrumb":{"@id":"https:\/\/www.eldiario.net\/portal\/2023\/02\/06\/emergencia-en-region-del-chaco-cruceno-por-sequia-persistente\/#breadcrumb"},"inLanguage":"es","potentialAction":[{"@type":"ReadAction","target":["https:\/\/www.eldiario.net\/portal\/2023\/02\/06\/emergencia-en-region-del-chaco-cruceno-por-sequia-persistente\/"]}]},{"@type":"ImageObject","inLanguage":"es","@id":"https:\/\/www.eldiario.net\/portal\/2023\/02\/06\/emergencia-en-region-del-chaco-cruceno-por-sequia-persistente\/#primaryimage","url":"","contentUrl":""},{"@type":"BreadcrumbList","@id":"https:\/\/www.eldiario.net\/portal\/2023\/02\/06\/emergencia-en-region-del-chaco-cruceno-por-sequia-persistente\/#breadcrumb","itemListElement":[{"@type":"ListItem","position":1,"name":"Portada","item":"https:\/\/www.eldiario.net\/portal\/"},{"@type":"ListItem","position":2,"name":"Emergencia en regi\u00f3n del Chaco cruce\u00f1o por sequ\u00eda persistente"}]},{"@type":"WebSite","@id":"https:\/\/www.eldiario.net\/portal\/#website","url":"https:\/\/www.eldiario.net\/portal\/","name":"El Diario - Decano de la prensa nacional","description":"El Diario - Decano de la prensa nacional","publisher":{"@id":"https:\/\/www.eldiario.net\/portal\/#organization"},"potentialAction":[{"@type":"SearchAction","target":{"@type":"EntryPoint","urlTemplate":"https:\/\/www.eldiario.net\/portal\/?s={search_term_string}"},"query-input":{"@type":"PropertyValueSpecification","valueRequired":true,"valueName":"search_term_string"}}],"inLanguage":"es"},{"@type":"Organization","@id":"https:\/\/www.eldiario.net\/portal\/#organization","name":"El Diario - Decano de la prensa nacional","url":"https:\/\/www.eldiario.net\/portal\/","logo":{"@type":"ImageObject","inLanguage":"es","@id":"https:\/\/www.eldiario.net\/portal\/#\/schema\/logo\/image\/","url":"https:\/\/www.eldiario.net\/portal\/wp-content\/uploads\/2023\/07\/logo_ED.jpg","contentUrl":"https:\/\/www.eldiario.net\/portal\/wp-content\/uploads\/2023\/07\/logo_ED.jpg","width":272,"height":52,"caption":"El Diario - Decano de la prensa nacional"},"image":{"@id":"https:\/\/www.eldiario.net\/portal\/#\/schema\/logo\/image\/"},"sameAs":["https:\/\/www.facebook.com\/eldiario.bolivia\/","https:\/\/x.com\/eldiario_net"]},{"@type":"Person","@id":"https:\/\/www.eldiario.net\/portal\/#\/schema\/person\/2c57cf2b7a7ae032e449e4c9b1019eac","name":"Jeanette","image":{"@type":"ImageObject","inLanguage":"es","@id":"https:\/\/secure.gravatar.com\/avatar\/3ea2118a5f7dad2b7138b1187a6b7ee55f160b9968b66013c3a3ef39dd7e5798?s=96&d=mm&r=g","url":"https:\/\/secure.gravatar.com\/avatar\/3ea2118a5f7dad2b7138b1187a6b7ee55f160b9968b66013c3a3ef39dd7e5798?s=96&d=mm&r=g","contentUrl":"https:\/\/secure.gravatar.com\/avatar\/3ea2118a5f7dad2b7138b1187a6b7ee55f160b9968b66013c3a3ef39dd7e5798?s=96&d=mm&r=g","caption":"Jeanette"},"sameAs":["https:\/\/www.eldiario.net\/portal"],"url":"https:\/\/www.eldiario.net\/portal\/author\/jeanette\/"}]}},"_links":{"self":[{"href":"https:\/\/www.eldiario.net\/portal\/wp-json\/wp\/v2\/posts\/136328","targetHints":{"allow":["GET"]}}],"collection":[{"href":"https:\/\/www.eldiario.net\/portal\/wp-json\/wp\/v2\/posts"}],"about":[{"href":"https:\/\/www.eldiario.net\/portal\/wp-json\/wp\/v2\/types\/post"}],"author":[{"embeddable":true,"href":"https:\/\/www.eldiario.net\/portal\/wp-json\/wp\/v2\/users\/1"}],"replies":[{"embeddable":true,"href":"https:\/\/www.eldiario.net\/portal\/wp-json\/wp\/v2\/comments?post=136328"}],"version-history":[{"count":0,"href":"https:\/\/www.eldiario.net\/portal\/wp-json\/wp\/v2\/posts\/136328\/revisions"}],"wp:attachment":[{"href":"https:\/\/www.eldiario.net\/portal\/wp-json\/wp\/v2\/media?parent=136328"}],"wp:term":[{"taxonomy":"category","embeddable":true,"href":"https:\/\/www.eldiario.net\/portal\/wp-json\/wp\/v2\/categories?post=136328"},{"taxonomy":"post_tag","embeddable":true,"href":"https:\/\/www.eldiario.net\/portal\/wp-json\/wp\/v2\/tags?post=136328"}],"curies":[{"name":"wp","href":"https:\/\/api.w.org\/{rel}","templated":true}]}}