{"id":136325,"date":"2023-02-06T17:03:47","date_gmt":"2023-02-06T21:03:47","guid":{"rendered":"https:\/\/www.eldiario.net\/portal\/?p=136325"},"modified":"2023-02-06T17:03:47","modified_gmt":"2023-02-06T21:03:47","slug":"avicultores-pierden-bs-5-millones-por-gripe-aviar-en-cochabamba","status":"publish","type":"post","link":"https:\/\/www.eldiario.net\/portal\/2023\/02\/06\/avicultores-pierden-bs-5-millones-por-gripe-aviar-en-cochabamba\/","title":{"rendered":"Avicultores pierden Bs 5 millones  por gripe aviar en Cochabamba"},"content":{"rendered":"<p class=\"v1MsoNormal\">La p\u00e9rdida econ\u00f3mica por la gripe aviar en Cochabamba supera los Bs 5 millones, asegur\u00f3 el vicepresidente de la Asociaci\u00f3n Departamental de Avicultores (ADA), Iv\u00e1n Carre\u00f3n, quien manifest\u00f3 que algunas granjas afectadas corren el riesgo de no recuperarse, tomando en cuenta que el costo de inversi\u00f3n por ave es de Bs 35 hasta la \u00e9poca en que pone huevos.<\/p>\n<p class=\"v1MsoNormal\">\u00abSon dos granjas confirmadas y una en observaci\u00f3n (&#8230;) las dem\u00e1s (aves contagiadas) son aves de traspatio o de corral que generalmente la gente del campo tiene unas cuantas\u00bb,\u00a0precis\u00f3.<\/p>\n<p class=\"v1MsoNormal\">Seg\u00fan Fides, en el marco de los trabajos de prevenci\u00f3n de la enfermedad en otras regiones del pa\u00eds, el Servicio Nacional de Sanidad Agropecuaria e Inocuidad Alimentaria (Senasag) inform\u00f3 que se ejecuta un Plan de Contingencia por la Emergencia Zoonosanitaria con el cual se espera controlar y erradicar la gripe.<\/p>\n<p class=\"v1MsoNormal\">Al respecto, el director nacional de Senasag, Javier Su\u00e1rez, confirm\u00f3 que cuatro ya son municipios en los que la influenza o gripe aviar H5N1 est\u00e1 presente. Se trata de Sacaba, Quillacollo, Tiquipaya y Cliza.<\/p>\n<p class=\"v1MsoNormal\">Su\u00e1rez sostuvo que los dos nuevos municipios afectados por el virus generaron un aumento de los focos de contagio, a tiempo de detallar que hasta el fin de semana hab\u00eda dos focos (entre Sacaba y Quillacollo), pero esa cifra aument\u00f3 a siete. Ya que se detect\u00f3 nuevamente en Quillacollo dos granjas infectadas, al igual que en Tiquipaya, y en Cliza uno.<\/p>\n<p class=\"v1MsoNormal\">\u00abHemos desplegado 24 brigadas con 105 t\u00e9cnicos que estaban trabajando todos los d\u00edas. Se han hecho 85 rastrillajes a la fecha y se han sacrificado y programado para sacrificio 160.395 aves\u00bb, precis\u00f3 el director del Senasag.<\/p>\n","protected":false},"excerpt":{"rendered":"<p>La p\u00e9rdida econ\u00f3mica por la gripe aviar en Cochabamba supera los Bs 5 millones, asegur\u00f3 el vicepresidente de la Asociaci\u00f3n Departamental de Avicultores (ADA), Iv\u00e1n Carre\u00f3n, quien manifest\u00f3 que algunas granjas afectadas corren el riesgo de no recuperarse, tomando en cuenta que el costo de inversi\u00f3n por ave es de Bs 35 hasta la \u00e9poca [&hellip;]<\/p>\n","protected":false},"author":1,"featured_media":136326,"comment_status":"closed","ping_status":"closed","sticky":false,"template":"","format":"standard","meta":{"_acf_changed":false,"footnotes":""},"categories":[7],"tags":[],"class_list":["post-136325","post","type-post","status-publish","format-standard","has-post-thumbnail","category-economia"],"acf":{"antetitulo":""},"yoast_head":"<!-- This site is optimized with the Yoast SEO plugin v28.4 - https:\/\/yoast.com\/product\/yoast-seo-wordpress\/ -->\n<title>Avicultores pierden Bs 5 millones por gripe aviar en Cochabamba - El Diario - Bolivia<\/title>\n<meta name=\"robots\" content=\"index, follow, max-snippet:-1, max-image-preview:large, max-video-preview:-1\" \/>\n<link rel=\"canonical\" href=\"https:\/\/www.eldiario.net\/portal\/2023\/02\/06\/avicultores-pierden-bs-5-millones-por-gripe-aviar-en-cochabamba\/\" \/>\n<meta property=\"og:locale\" content=\"es_ES\" \/>\n<meta property=\"og:type\" content=\"article\" \/>\n<meta property=\"og:title\" content=\"Avicultores pierden Bs 5 millones por gripe aviar en Cochabamba - El Diario - Bolivia\" \/>\n<meta property=\"og:description\" content=\"La p\u00e9rdida econ\u00f3mica por la gripe aviar en Cochabamba supera los Bs 5 millones, asegur\u00f3 el vicepresidente de la Asociaci\u00f3n Departamental de Avicultores (ADA), Iv\u00e1n Carre\u00f3n, quien manifest\u00f3 que algunas granjas afectadas corren el riesgo de no recuperarse, tomando en cuenta que el costo de inversi\u00f3n por ave es de Bs 35 hasta la \u00e9poca [&hellip;]\" \/>\n<meta property=\"og:url\" content=\"https:\/\/www.eldiario.net\/portal\/2023\/02\/06\/avicultores-pierden-bs-5-millones-por-gripe-aviar-en-cochabamba\/\" \/>\n<meta property=\"og:site_name\" content=\"El Diario - Bolivia\" \/>\n<meta property=\"article:publisher\" content=\"https:\/\/www.facebook.com\/eldiario.bolivia\/\" \/>\n<meta property=\"article:published_time\" content=\"2023-02-06T21:03:47+00:00\" \/>\n<meta name=\"author\" content=\"Jeanette\" \/>\n<meta name=\"twitter:card\" content=\"summary_large_image\" \/>\n<meta name=\"twitter:creator\" content=\"@eldiario_net\" \/>\n<meta name=\"twitter:site\" content=\"@eldiario_net\" \/>\n<meta name=\"twitter:label1\" content=\"Escrito por\" \/>\n\t<meta name=\"twitter:data1\" content=\"Jeanette\" \/>\n\t<meta name=\"twitter:label2\" content=\"Tiempo de lectura\" \/>\n\t<meta name=\"twitter:data2\" content=\"2 minutos\" \/>\n<script type=\"application\/ld+json\" class=\"yoast-schema-graph\">{\"@context\":\"https:\\\/\\\/schema.org\",\"@graph\":[{\"@type\":\"Article\",\"@id\":\"https:\\\/\\\/www.eldiario.net\\\/portal\\\/2023\\\/02\\\/06\\\/avicultores-pierden-bs-5-millones-por-gripe-aviar-en-cochabamba\\\/#article\",\"isPartOf\":{\"@id\":\"https:\\\/\\\/www.eldiario.net\\\/portal\\\/2023\\\/02\\\/06\\\/avicultores-pierden-bs-5-millones-por-gripe-aviar-en-cochabamba\\\/\"},\"author\":{\"name\":\"Jeanette\",\"@id\":\"https:\\\/\\\/www.eldiario.net\\\/portal\\\/#\\\/schema\\\/person\\\/2c57cf2b7a7ae032e449e4c9b1019eac\"},\"headline\":\"Avicultores pierden Bs 5 millones por gripe aviar en Cochabamba\",\"datePublished\":\"2023-02-06T21:03:47+00:00\",\"mainEntityOfPage\":{\"@id\":\"https:\\\/\\\/www.eldiario.net\\\/portal\\\/2023\\\/02\\\/06\\\/avicultores-pierden-bs-5-millones-por-gripe-aviar-en-cochabamba\\\/\"},\"wordCount\":289,\"publisher\":{\"@id\":\"https:\\\/\\\/www.eldiario.net\\\/portal\\\/#organization\"},\"image\":{\"@id\":\"https:\\\/\\\/www.eldiario.net\\\/portal\\\/2023\\\/02\\\/06\\\/avicultores-pierden-bs-5-millones-por-gripe-aviar-en-cochabamba\\\/#primaryimage\"},\"thumbnailUrl\":\"\",\"articleSection\":[\"Econom\u00eda\"],\"inLanguage\":\"es\"},{\"@type\":\"WebPage\",\"@id\":\"https:\\\/\\\/www.eldiario.net\\\/portal\\\/2023\\\/02\\\/06\\\/avicultores-pierden-bs-5-millones-por-gripe-aviar-en-cochabamba\\\/\",\"url\":\"https:\\\/\\\/www.eldiario.net\\\/portal\\\/2023\\\/02\\\/06\\\/avicultores-pierden-bs-5-millones-por-gripe-aviar-en-cochabamba\\\/\",\"name\":\"Avicultores pierden Bs 5 millones por gripe aviar en Cochabamba - El Diario - Bolivia\",\"isPartOf\":{\"@id\":\"https:\\\/\\\/www.eldiario.net\\\/portal\\\/#website\"},\"primaryImageOfPage\":{\"@id\":\"https:\\\/\\\/www.eldiario.net\\\/portal\\\/2023\\\/02\\\/06\\\/avicultores-pierden-bs-5-millones-por-gripe-aviar-en-cochabamba\\\/#primaryimage\"},\"image\":{\"@id\":\"https:\\\/\\\/www.eldiario.net\\\/portal\\\/2023\\\/02\\\/06\\\/avicultores-pierden-bs-5-millones-por-gripe-aviar-en-cochabamba\\\/#primaryimage\"},\"thumbnailUrl\":\"\",\"datePublished\":\"2023-02-06T21:03:47+00:00\",\"breadcrumb\":{\"@id\":\"https:\\\/\\\/www.eldiario.net\\\/portal\\\/2023\\\/02\\\/06\\\/avicultores-pierden-bs-5-millones-por-gripe-aviar-en-cochabamba\\\/#breadcrumb\"},\"inLanguage\":\"es\",\"potentialAction\":[{\"@type\":\"ReadAction\",\"target\":[\"https:\\\/\\\/www.eldiario.net\\\/portal\\\/2023\\\/02\\\/06\\\/avicultores-pierden-bs-5-millones-por-gripe-aviar-en-cochabamba\\\/\"]}]},{\"@type\":\"ImageObject\",\"inLanguage\":\"es\",\"@id\":\"https:\\\/\\\/www.eldiario.net\\\/portal\\\/2023\\\/02\\\/06\\\/avicultores-pierden-bs-5-millones-por-gripe-aviar-en-cochabamba\\\/#primaryimage\",\"url\":\"\",\"contentUrl\":\"\"},{\"@type\":\"BreadcrumbList\",\"@id\":\"https:\\\/\\\/www.eldiario.net\\\/portal\\\/2023\\\/02\\\/06\\\/avicultores-pierden-bs-5-millones-por-gripe-aviar-en-cochabamba\\\/#breadcrumb\",\"itemListElement\":[{\"@type\":\"ListItem\",\"position\":1,\"name\":\"Portada\",\"item\":\"https:\\\/\\\/www.eldiario.net\\\/portal\\\/\"},{\"@type\":\"ListItem\",\"position\":2,\"name\":\"Avicultores pierden Bs 5 millones por gripe aviar en Cochabamba\"}]},{\"@type\":\"WebSite\",\"@id\":\"https:\\\/\\\/www.eldiario.net\\\/portal\\\/#website\",\"url\":\"https:\\\/\\\/www.eldiario.net\\\/portal\\\/\",\"name\":\"El Diario - Decano de la prensa nacional\",\"description\":\"El Diario - Decano de la prensa nacional\",\"publisher\":{\"@id\":\"https:\\\/\\\/www.eldiario.net\\\/portal\\\/#organization\"},\"potentialAction\":[{\"@type\":\"SearchAction\",\"target\":{\"@type\":\"EntryPoint\",\"urlTemplate\":\"https:\\\/\\\/www.eldiario.net\\\/portal\\\/?s={search_term_string}\"},\"query-input\":{\"@type\":\"PropertyValueSpecification\",\"valueRequired\":true,\"valueName\":\"search_term_string\"}}],\"inLanguage\":\"es\"},{\"@type\":\"Organization\",\"@id\":\"https:\\\/\\\/www.eldiario.net\\\/portal\\\/#organization\",\"name\":\"El Diario - Decano de la prensa nacional\",\"url\":\"https:\\\/\\\/www.eldiario.net\\\/portal\\\/\",\"logo\":{\"@type\":\"ImageObject\",\"inLanguage\":\"es\",\"@id\":\"https:\\\/\\\/www.eldiario.net\\\/portal\\\/#\\\/schema\\\/logo\\\/image\\\/\",\"url\":\"https:\\\/\\\/www.eldiario.net\\\/portal\\\/wp-content\\\/uploads\\\/2023\\\/07\\\/logo_ED.jpg\",\"contentUrl\":\"https:\\\/\\\/www.eldiario.net\\\/portal\\\/wp-content\\\/uploads\\\/2023\\\/07\\\/logo_ED.jpg\",\"width\":272,\"height\":52,\"caption\":\"El Diario - Decano de la prensa nacional\"},\"image\":{\"@id\":\"https:\\\/\\\/www.eldiario.net\\\/portal\\\/#\\\/schema\\\/logo\\\/image\\\/\"},\"sameAs\":[\"https:\\\/\\\/www.facebook.com\\\/eldiario.bolivia\\\/\",\"https:\\\/\\\/x.com\\\/eldiario_net\"]},{\"@type\":\"Person\",\"@id\":\"https:\\\/\\\/www.eldiario.net\\\/portal\\\/#\\\/schema\\\/person\\\/2c57cf2b7a7ae032e449e4c9b1019eac\",\"name\":\"Jeanette\",\"image\":{\"@type\":\"ImageObject\",\"inLanguage\":\"es\",\"@id\":\"https:\\\/\\\/secure.gravatar.com\\\/avatar\\\/3ea2118a5f7dad2b7138b1187a6b7ee55f160b9968b66013c3a3ef39dd7e5798?s=96&d=mm&r=g\",\"url\":\"https:\\\/\\\/secure.gravatar.com\\\/avatar\\\/3ea2118a5f7dad2b7138b1187a6b7ee55f160b9968b66013c3a3ef39dd7e5798?s=96&d=mm&r=g\",\"contentUrl\":\"https:\\\/\\\/secure.gravatar.com\\\/avatar\\\/3ea2118a5f7dad2b7138b1187a6b7ee55f160b9968b66013c3a3ef39dd7e5798?s=96&d=mm&r=g\",\"caption\":\"Jeanette\"},\"sameAs\":[\"https:\\\/\\\/www.eldiario.net\\\/portal\"],\"url\":\"https:\\\/\\\/www.eldiario.net\\\/portal\\\/author\\\/jeanette\\\/\"}]}<\/script>\n<!-- \/ Yoast SEO plugin. -->","yoast_head_json":{"title":"Avicultores pierden Bs 5 millones por gripe aviar en Cochabamba - El Diario - Bolivia","robots":{"index":"index","follow":"follow","max-snippet":"max-snippet:-1","max-image-preview":"max-image-preview:large","max-video-preview":"max-video-preview:-1"},"canonical":"https:\/\/www.eldiario.net\/portal\/2023\/02\/06\/avicultores-pierden-bs-5-millones-por-gripe-aviar-en-cochabamba\/","og_locale":"es_ES","og_type":"article","og_title":"Avicultores pierden Bs 5 millones por gripe aviar en Cochabamba - El Diario - Bolivia","og_description":"La p\u00e9rdida econ\u00f3mica por la gripe aviar en Cochabamba supera los Bs 5 millones, asegur\u00f3 el vicepresidente de la Asociaci\u00f3n Departamental de Avicultores (ADA), Iv\u00e1n Carre\u00f3n, quien manifest\u00f3 que algunas granjas afectadas corren el riesgo de no recuperarse, tomando en cuenta que el costo de inversi\u00f3n por ave es de Bs 35 hasta la \u00e9poca [&hellip;]","og_url":"https:\/\/www.eldiario.net\/portal\/2023\/02\/06\/avicultores-pierden-bs-5-millones-por-gripe-aviar-en-cochabamba\/","og_site_name":"El Diario - Bolivia","article_publisher":"https:\/\/www.facebook.com\/eldiario.bolivia\/","article_published_time":"2023-02-06T21:03:47+00:00","author":"Jeanette","twitter_card":"summary_large_image","twitter_creator":"@eldiario_net","twitter_site":"@eldiario_net","twitter_misc":{"Escrito por":"Jeanette","Tiempo de lectura":"2 minutos"},"schema":{"@context":"https:\/\/schema.org","@graph":[{"@type":"Article","@id":"https:\/\/www.eldiario.net\/portal\/2023\/02\/06\/avicultores-pierden-bs-5-millones-por-gripe-aviar-en-cochabamba\/#article","isPartOf":{"@id":"https:\/\/www.eldiario.net\/portal\/2023\/02\/06\/avicultores-pierden-bs-5-millones-por-gripe-aviar-en-cochabamba\/"},"author":{"name":"Jeanette","@id":"https:\/\/www.eldiario.net\/portal\/#\/schema\/person\/2c57cf2b7a7ae032e449e4c9b1019eac"},"headline":"Avicultores pierden Bs 5 millones por gripe aviar en Cochabamba","datePublished":"2023-02-06T21:03:47+00:00","mainEntityOfPage":{"@id":"https:\/\/www.eldiario.net\/portal\/2023\/02\/06\/avicultores-pierden-bs-5-millones-por-gripe-aviar-en-cochabamba\/"},"wordCount":289,"publisher":{"@id":"https:\/\/www.eldiario.net\/portal\/#organization"},"image":{"@id":"https:\/\/www.eldiario.net\/portal\/2023\/02\/06\/avicultores-pierden-bs-5-millones-por-gripe-aviar-en-cochabamba\/#primaryimage"},"thumbnailUrl":"","articleSection":["Econom\u00eda"],"inLanguage":"es"},{"@type":"WebPage","@id":"https:\/\/www.eldiario.net\/portal\/2023\/02\/06\/avicultores-pierden-bs-5-millones-por-gripe-aviar-en-cochabamba\/","url":"https:\/\/www.eldiario.net\/portal\/2023\/02\/06\/avicultores-pierden-bs-5-millones-por-gripe-aviar-en-cochabamba\/","name":"Avicultores pierden Bs 5 millones por gripe aviar en Cochabamba - El Diario - Bolivia","isPartOf":{"@id":"https:\/\/www.eldiario.net\/portal\/#website"},"primaryImageOfPage":{"@id":"https:\/\/www.eldiario.net\/portal\/2023\/02\/06\/avicultores-pierden-bs-5-millones-por-gripe-aviar-en-cochabamba\/#primaryimage"},"image":{"@id":"https:\/\/www.eldiario.net\/portal\/2023\/02\/06\/avicultores-pierden-bs-5-millones-por-gripe-aviar-en-cochabamba\/#primaryimage"},"thumbnailUrl":"","datePublished":"2023-02-06T21:03:47+00:00","breadcrumb":{"@id":"https:\/\/www.eldiario.net\/portal\/2023\/02\/06\/avicultores-pierden-bs-5-millones-por-gripe-aviar-en-cochabamba\/#breadcrumb"},"inLanguage":"es","potentialAction":[{"@type":"ReadAction","target":["https:\/\/www.eldiario.net\/portal\/2023\/02\/06\/avicultores-pierden-bs-5-millones-por-gripe-aviar-en-cochabamba\/"]}]},{"@type":"ImageObject","inLanguage":"es","@id":"https:\/\/www.eldiario.net\/portal\/2023\/02\/06\/avicultores-pierden-bs-5-millones-por-gripe-aviar-en-cochabamba\/#primaryimage","url":"","contentUrl":""},{"@type":"BreadcrumbList","@id":"https:\/\/www.eldiario.net\/portal\/2023\/02\/06\/avicultores-pierden-bs-5-millones-por-gripe-aviar-en-cochabamba\/#breadcrumb","itemListElement":[{"@type":"ListItem","position":1,"name":"Portada","item":"https:\/\/www.eldiario.net\/portal\/"},{"@type":"ListItem","position":2,"name":"Avicultores pierden Bs 5 millones por gripe aviar en Cochabamba"}]},{"@type":"WebSite","@id":"https:\/\/www.eldiario.net\/portal\/#website","url":"https:\/\/www.eldiario.net\/portal\/","name":"El Diario - Decano de la prensa nacional","description":"El Diario - Decano de la prensa nacional","publisher":{"@id":"https:\/\/www.eldiario.net\/portal\/#organization"},"potentialAction":[{"@type":"SearchAction","target":{"@type":"EntryPoint","urlTemplate":"https:\/\/www.eldiario.net\/portal\/?s={search_term_string}"},"query-input":{"@type":"PropertyValueSpecification","valueRequired":true,"valueName":"search_term_string"}}],"inLanguage":"es"},{"@type":"Organization","@id":"https:\/\/www.eldiario.net\/portal\/#organization","name":"El Diario - Decano de la prensa nacional","url":"https:\/\/www.eldiario.net\/portal\/","logo":{"@type":"ImageObject","inLanguage":"es","@id":"https:\/\/www.eldiario.net\/portal\/#\/schema\/logo\/image\/","url":"https:\/\/www.eldiario.net\/portal\/wp-content\/uploads\/2023\/07\/logo_ED.jpg","contentUrl":"https:\/\/www.eldiario.net\/portal\/wp-content\/uploads\/2023\/07\/logo_ED.jpg","width":272,"height":52,"caption":"El Diario - Decano de la prensa nacional"},"image":{"@id":"https:\/\/www.eldiario.net\/portal\/#\/schema\/logo\/image\/"},"sameAs":["https:\/\/www.facebook.com\/eldiario.bolivia\/","https:\/\/x.com\/eldiario_net"]},{"@type":"Person","@id":"https:\/\/www.eldiario.net\/portal\/#\/schema\/person\/2c57cf2b7a7ae032e449e4c9b1019eac","name":"Jeanette","image":{"@type":"ImageObject","inLanguage":"es","@id":"https:\/\/secure.gravatar.com\/avatar\/3ea2118a5f7dad2b7138b1187a6b7ee55f160b9968b66013c3a3ef39dd7e5798?s=96&d=mm&r=g","url":"https:\/\/secure.gravatar.com\/avatar\/3ea2118a5f7dad2b7138b1187a6b7ee55f160b9968b66013c3a3ef39dd7e5798?s=96&d=mm&r=g","contentUrl":"https:\/\/secure.gravatar.com\/avatar\/3ea2118a5f7dad2b7138b1187a6b7ee55f160b9968b66013c3a3ef39dd7e5798?s=96&d=mm&r=g","caption":"Jeanette"},"sameAs":["https:\/\/www.eldiario.net\/portal"],"url":"https:\/\/www.eldiario.net\/portal\/author\/jeanette\/"}]}},"_links":{"self":[{"href":"https:\/\/www.eldiario.net\/portal\/wp-json\/wp\/v2\/posts\/136325","targetHints":{"allow":["GET"]}}],"collection":[{"href":"https:\/\/www.eldiario.net\/portal\/wp-json\/wp\/v2\/posts"}],"about":[{"href":"https:\/\/www.eldiario.net\/portal\/wp-json\/wp\/v2\/types\/post"}],"author":[{"embeddable":true,"href":"https:\/\/www.eldiario.net\/portal\/wp-json\/wp\/v2\/users\/1"}],"replies":[{"embeddable":true,"href":"https:\/\/www.eldiario.net\/portal\/wp-json\/wp\/v2\/comments?post=136325"}],"version-history":[{"count":0,"href":"https:\/\/www.eldiario.net\/portal\/wp-json\/wp\/v2\/posts\/136325\/revisions"}],"wp:attachment":[{"href":"https:\/\/www.eldiario.net\/portal\/wp-json\/wp\/v2\/media?parent=136325"}],"wp:term":[{"taxonomy":"category","embeddable":true,"href":"https:\/\/www.eldiario.net\/portal\/wp-json\/wp\/v2\/categories?post=136325"},{"taxonomy":"post_tag","embeddable":true,"href":"https:\/\/www.eldiario.net\/portal\/wp-json\/wp\/v2\/tags?post=136325"}],"curies":[{"name":"wp","href":"https:\/\/api.w.org\/{rel}","templated":true}]}}