{"id":136061,"date":"2023-02-01T06:25:17","date_gmt":"2023-02-01T10:25:17","guid":{"rendered":"https:\/\/www.eldiario.net\/portal\/?p=136061"},"modified":"2023-02-01T06:25:17","modified_gmt":"2023-02-01T10:25:17","slug":"la-libobasquet-retorna-con-la-vuelta-de-can-nacional-y-carl-a-z","status":"publish","type":"post","link":"https:\/\/www.eldiario.net\/portal\/2023\/02\/01\/la-libobasquet-retorna-con-la-vuelta-de-can-nacional-y-carl-a-z\/","title":{"rendered":"La Libobasquet retorna con la vuelta de CAN, Nacional y Carl A-Z"},"content":{"rendered":"<p>Los planteles orure\u00f1os de Carl A-Z y Club Atl\u00e9tico Nacional (CAN) y Nacional Potos\u00ed, representante de la Villa Imperial, volver\u00e1n a jugar la Liga Boliviana de B\u00e1squetbol (Libob\u00e1squet), rama masculina, despu\u00e9s de que la sanci\u00f3n que pesaba sobre estos clubes fue retirada por la Federaci\u00f3n Boliviana de B\u00e1squetbol (FBB).<br \/>\nEstos tres equipos estuvieron ausentes de la edici\u00f3n 2022 de la Libob\u00e1squet, debido a que tomaron el camino de la Liga Nacional de B\u00e1squetbol, una instituci\u00f3n formada por clubes disidentes a la Federaci\u00f3n.<br \/>\nEl presidente de la FBB, Luis Coronado, confirm\u00f3 el retorno de estos tres clubes, tras analizar las varias solicitudes que llegaron, tomando como criterios de aceptaci\u00f3n la antig\u00fcedad y \u201cel nivel de conformaci\u00f3n a nivel de divisiones menores y la actitud que mostraron, comprometi\u00e9ndose a respetar sus normas y reglamentos, y no participar en ligas irregulares\u201d, dijo el dirigente tarije\u00f1o. Coronado aclar\u00f3 que las sanciones a estos tres clubes han sido retiradas, pero los dirigentes de estos elencos siguen castigados con dos a\u00f1os de suspensi\u00f3n, una medida que les impide tener una vida deportiva y dirigencial por este tiempo dentro de la FBB.<br \/>\nCoronado, quien confirm\u00f3 que la inauguraci\u00f3n de la Libob\u00e1squet ser\u00e1 el 28 de febrero, torneo todos contra todos.<\/p>\n","protected":false},"excerpt":{"rendered":"<p>Los planteles orure\u00f1os de Carl A-Z y Club Atl\u00e9tico Nacional (CAN) y Nacional Potos\u00ed, representante de la Villa Imperial, volver\u00e1n a jugar la Liga Boliviana de B\u00e1squetbol (Libob\u00e1squet), rama masculina, despu\u00e9s de que la sanci\u00f3n que pesaba sobre estos clubes fue retirada por la Federaci\u00f3n Boliviana de B\u00e1squetbol (FBB). Estos tres equipos estuvieron ausentes de [&hellip;]<\/p>\n","protected":false},"author":1,"featured_media":136062,"comment_status":"closed","ping_status":"closed","sticky":false,"template":"","format":"standard","meta":{"_acf_changed":false,"footnotes":""},"categories":[6],"tags":[],"class_list":["post-136061","post","type-post","status-publish","format-standard","has-post-thumbnail","category-deportes"],"acf":{"antetitulo":""},"yoast_head":"<!-- This site is optimized with the Yoast SEO plugin v28.4 - https:\/\/yoast.com\/product\/yoast-seo-wordpress\/ -->\n<title>La Libobasquet retorna con la vuelta de CAN, Nacional y Carl A-Z - El Diario - Bolivia<\/title>\n<meta name=\"robots\" content=\"index, follow, max-snippet:-1, max-image-preview:large, max-video-preview:-1\" \/>\n<link rel=\"canonical\" href=\"https:\/\/www.eldiario.net\/portal\/2023\/02\/01\/la-libobasquet-retorna-con-la-vuelta-de-can-nacional-y-carl-a-z\/\" \/>\n<meta property=\"og:locale\" content=\"es_ES\" \/>\n<meta property=\"og:type\" content=\"article\" \/>\n<meta property=\"og:title\" content=\"La Libobasquet retorna con la vuelta de CAN, Nacional y Carl A-Z - El Diario - Bolivia\" \/>\n<meta property=\"og:description\" content=\"Los planteles orure\u00f1os de Carl A-Z y Club Atl\u00e9tico Nacional (CAN) y Nacional Potos\u00ed, representante de la Villa Imperial, volver\u00e1n a jugar la Liga Boliviana de B\u00e1squetbol (Libob\u00e1squet), rama masculina, despu\u00e9s de que la sanci\u00f3n que pesaba sobre estos clubes fue retirada por la Federaci\u00f3n Boliviana de B\u00e1squetbol (FBB). Estos tres equipos estuvieron ausentes de [&hellip;]\" \/>\n<meta property=\"og:url\" content=\"https:\/\/www.eldiario.net\/portal\/2023\/02\/01\/la-libobasquet-retorna-con-la-vuelta-de-can-nacional-y-carl-a-z\/\" \/>\n<meta property=\"og:site_name\" content=\"El Diario - Bolivia\" \/>\n<meta property=\"article:publisher\" content=\"https:\/\/www.facebook.com\/eldiario.bolivia\/\" \/>\n<meta property=\"article:published_time\" content=\"2023-02-01T10:25:17+00:00\" \/>\n<meta name=\"author\" content=\"Jeanette\" \/>\n<meta name=\"twitter:card\" content=\"summary_large_image\" \/>\n<meta name=\"twitter:creator\" content=\"@eldiario_net\" \/>\n<meta name=\"twitter:site\" content=\"@eldiario_net\" \/>\n<meta name=\"twitter:label1\" content=\"Escrito por\" \/>\n\t<meta name=\"twitter:data1\" content=\"Jeanette\" \/>\n\t<meta name=\"twitter:label2\" content=\"Tiempo de lectura\" \/>\n\t<meta name=\"twitter:data2\" content=\"1 minuto\" \/>\n<script type=\"application\/ld+json\" class=\"yoast-schema-graph\">{\"@context\":\"https:\\\/\\\/schema.org\",\"@graph\":[{\"@type\":\"Article\",\"@id\":\"https:\\\/\\\/www.eldiario.net\\\/portal\\\/2023\\\/02\\\/01\\\/la-libobasquet-retorna-con-la-vuelta-de-can-nacional-y-carl-a-z\\\/#article\",\"isPartOf\":{\"@id\":\"https:\\\/\\\/www.eldiario.net\\\/portal\\\/2023\\\/02\\\/01\\\/la-libobasquet-retorna-con-la-vuelta-de-can-nacional-y-carl-a-z\\\/\"},\"author\":{\"name\":\"Jeanette\",\"@id\":\"https:\\\/\\\/www.eldiario.net\\\/portal\\\/#\\\/schema\\\/person\\\/2c57cf2b7a7ae032e449e4c9b1019eac\"},\"headline\":\"La Libobasquet retorna con la vuelta de CAN, Nacional y Carl A-Z\",\"datePublished\":\"2023-02-01T10:25:17+00:00\",\"mainEntityOfPage\":{\"@id\":\"https:\\\/\\\/www.eldiario.net\\\/portal\\\/2023\\\/02\\\/01\\\/la-libobasquet-retorna-con-la-vuelta-de-can-nacional-y-carl-a-z\\\/\"},\"wordCount\":236,\"publisher\":{\"@id\":\"https:\\\/\\\/www.eldiario.net\\\/portal\\\/#organization\"},\"image\":{\"@id\":\"https:\\\/\\\/www.eldiario.net\\\/portal\\\/2023\\\/02\\\/01\\\/la-libobasquet-retorna-con-la-vuelta-de-can-nacional-y-carl-a-z\\\/#primaryimage\"},\"thumbnailUrl\":\"\",\"articleSection\":[\"Deportes\"],\"inLanguage\":\"es\"},{\"@type\":\"WebPage\",\"@id\":\"https:\\\/\\\/www.eldiario.net\\\/portal\\\/2023\\\/02\\\/01\\\/la-libobasquet-retorna-con-la-vuelta-de-can-nacional-y-carl-a-z\\\/\",\"url\":\"https:\\\/\\\/www.eldiario.net\\\/portal\\\/2023\\\/02\\\/01\\\/la-libobasquet-retorna-con-la-vuelta-de-can-nacional-y-carl-a-z\\\/\",\"name\":\"La Libobasquet retorna con la vuelta de CAN, Nacional y Carl A-Z - El Diario - Bolivia\",\"isPartOf\":{\"@id\":\"https:\\\/\\\/www.eldiario.net\\\/portal\\\/#website\"},\"primaryImageOfPage\":{\"@id\":\"https:\\\/\\\/www.eldiario.net\\\/portal\\\/2023\\\/02\\\/01\\\/la-libobasquet-retorna-con-la-vuelta-de-can-nacional-y-carl-a-z\\\/#primaryimage\"},\"image\":{\"@id\":\"https:\\\/\\\/www.eldiario.net\\\/portal\\\/2023\\\/02\\\/01\\\/la-libobasquet-retorna-con-la-vuelta-de-can-nacional-y-carl-a-z\\\/#primaryimage\"},\"thumbnailUrl\":\"\",\"datePublished\":\"2023-02-01T10:25:17+00:00\",\"breadcrumb\":{\"@id\":\"https:\\\/\\\/www.eldiario.net\\\/portal\\\/2023\\\/02\\\/01\\\/la-libobasquet-retorna-con-la-vuelta-de-can-nacional-y-carl-a-z\\\/#breadcrumb\"},\"inLanguage\":\"es\",\"potentialAction\":[{\"@type\":\"ReadAction\",\"target\":[\"https:\\\/\\\/www.eldiario.net\\\/portal\\\/2023\\\/02\\\/01\\\/la-libobasquet-retorna-con-la-vuelta-de-can-nacional-y-carl-a-z\\\/\"]}]},{\"@type\":\"ImageObject\",\"inLanguage\":\"es\",\"@id\":\"https:\\\/\\\/www.eldiario.net\\\/portal\\\/2023\\\/02\\\/01\\\/la-libobasquet-retorna-con-la-vuelta-de-can-nacional-y-carl-a-z\\\/#primaryimage\",\"url\":\"\",\"contentUrl\":\"\"},{\"@type\":\"BreadcrumbList\",\"@id\":\"https:\\\/\\\/www.eldiario.net\\\/portal\\\/2023\\\/02\\\/01\\\/la-libobasquet-retorna-con-la-vuelta-de-can-nacional-y-carl-a-z\\\/#breadcrumb\",\"itemListElement\":[{\"@type\":\"ListItem\",\"position\":1,\"name\":\"Portada\",\"item\":\"https:\\\/\\\/www.eldiario.net\\\/portal\\\/\"},{\"@type\":\"ListItem\",\"position\":2,\"name\":\"La Libobasquet retorna con la vuelta de CAN, Nacional y Carl A-Z\"}]},{\"@type\":\"WebSite\",\"@id\":\"https:\\\/\\\/www.eldiario.net\\\/portal\\\/#website\",\"url\":\"https:\\\/\\\/www.eldiario.net\\\/portal\\\/\",\"name\":\"El Diario - Decano de la prensa nacional\",\"description\":\"El Diario - Decano de la prensa nacional\",\"publisher\":{\"@id\":\"https:\\\/\\\/www.eldiario.net\\\/portal\\\/#organization\"},\"potentialAction\":[{\"@type\":\"SearchAction\",\"target\":{\"@type\":\"EntryPoint\",\"urlTemplate\":\"https:\\\/\\\/www.eldiario.net\\\/portal\\\/?s={search_term_string}\"},\"query-input\":{\"@type\":\"PropertyValueSpecification\",\"valueRequired\":true,\"valueName\":\"search_term_string\"}}],\"inLanguage\":\"es\"},{\"@type\":\"Organization\",\"@id\":\"https:\\\/\\\/www.eldiario.net\\\/portal\\\/#organization\",\"name\":\"El Diario - Decano de la prensa nacional\",\"url\":\"https:\\\/\\\/www.eldiario.net\\\/portal\\\/\",\"logo\":{\"@type\":\"ImageObject\",\"inLanguage\":\"es\",\"@id\":\"https:\\\/\\\/www.eldiario.net\\\/portal\\\/#\\\/schema\\\/logo\\\/image\\\/\",\"url\":\"https:\\\/\\\/www.eldiario.net\\\/portal\\\/wp-content\\\/uploads\\\/2023\\\/07\\\/logo_ED.jpg\",\"contentUrl\":\"https:\\\/\\\/www.eldiario.net\\\/portal\\\/wp-content\\\/uploads\\\/2023\\\/07\\\/logo_ED.jpg\",\"width\":272,\"height\":52,\"caption\":\"El Diario - Decano de la prensa nacional\"},\"image\":{\"@id\":\"https:\\\/\\\/www.eldiario.net\\\/portal\\\/#\\\/schema\\\/logo\\\/image\\\/\"},\"sameAs\":[\"https:\\\/\\\/www.facebook.com\\\/eldiario.bolivia\\\/\",\"https:\\\/\\\/x.com\\\/eldiario_net\"]},{\"@type\":\"Person\",\"@id\":\"https:\\\/\\\/www.eldiario.net\\\/portal\\\/#\\\/schema\\\/person\\\/2c57cf2b7a7ae032e449e4c9b1019eac\",\"name\":\"Jeanette\",\"image\":{\"@type\":\"ImageObject\",\"inLanguage\":\"es\",\"@id\":\"https:\\\/\\\/secure.gravatar.com\\\/avatar\\\/3ea2118a5f7dad2b7138b1187a6b7ee55f160b9968b66013c3a3ef39dd7e5798?s=96&d=mm&r=g\",\"url\":\"https:\\\/\\\/secure.gravatar.com\\\/avatar\\\/3ea2118a5f7dad2b7138b1187a6b7ee55f160b9968b66013c3a3ef39dd7e5798?s=96&d=mm&r=g\",\"contentUrl\":\"https:\\\/\\\/secure.gravatar.com\\\/avatar\\\/3ea2118a5f7dad2b7138b1187a6b7ee55f160b9968b66013c3a3ef39dd7e5798?s=96&d=mm&r=g\",\"caption\":\"Jeanette\"},\"sameAs\":[\"https:\\\/\\\/www.eldiario.net\\\/portal\"],\"url\":\"https:\\\/\\\/www.eldiario.net\\\/portal\\\/author\\\/jeanette\\\/\"}]}<\/script>\n<!-- \/ Yoast SEO plugin. -->","yoast_head_json":{"title":"La Libobasquet retorna con la vuelta de CAN, Nacional y Carl A-Z - El Diario - Bolivia","robots":{"index":"index","follow":"follow","max-snippet":"max-snippet:-1","max-image-preview":"max-image-preview:large","max-video-preview":"max-video-preview:-1"},"canonical":"https:\/\/www.eldiario.net\/portal\/2023\/02\/01\/la-libobasquet-retorna-con-la-vuelta-de-can-nacional-y-carl-a-z\/","og_locale":"es_ES","og_type":"article","og_title":"La Libobasquet retorna con la vuelta de CAN, Nacional y Carl A-Z - El Diario - Bolivia","og_description":"Los planteles orure\u00f1os de Carl A-Z y Club Atl\u00e9tico Nacional (CAN) y Nacional Potos\u00ed, representante de la Villa Imperial, volver\u00e1n a jugar la Liga Boliviana de B\u00e1squetbol (Libob\u00e1squet), rama masculina, despu\u00e9s de que la sanci\u00f3n que pesaba sobre estos clubes fue retirada por la Federaci\u00f3n Boliviana de B\u00e1squetbol (FBB). Estos tres equipos estuvieron ausentes de [&hellip;]","og_url":"https:\/\/www.eldiario.net\/portal\/2023\/02\/01\/la-libobasquet-retorna-con-la-vuelta-de-can-nacional-y-carl-a-z\/","og_site_name":"El Diario - Bolivia","article_publisher":"https:\/\/www.facebook.com\/eldiario.bolivia\/","article_published_time":"2023-02-01T10:25:17+00:00","author":"Jeanette","twitter_card":"summary_large_image","twitter_creator":"@eldiario_net","twitter_site":"@eldiario_net","twitter_misc":{"Escrito por":"Jeanette","Tiempo de lectura":"1 minuto"},"schema":{"@context":"https:\/\/schema.org","@graph":[{"@type":"Article","@id":"https:\/\/www.eldiario.net\/portal\/2023\/02\/01\/la-libobasquet-retorna-con-la-vuelta-de-can-nacional-y-carl-a-z\/#article","isPartOf":{"@id":"https:\/\/www.eldiario.net\/portal\/2023\/02\/01\/la-libobasquet-retorna-con-la-vuelta-de-can-nacional-y-carl-a-z\/"},"author":{"name":"Jeanette","@id":"https:\/\/www.eldiario.net\/portal\/#\/schema\/person\/2c57cf2b7a7ae032e449e4c9b1019eac"},"headline":"La Libobasquet retorna con la vuelta de CAN, Nacional y Carl A-Z","datePublished":"2023-02-01T10:25:17+00:00","mainEntityOfPage":{"@id":"https:\/\/www.eldiario.net\/portal\/2023\/02\/01\/la-libobasquet-retorna-con-la-vuelta-de-can-nacional-y-carl-a-z\/"},"wordCount":236,"publisher":{"@id":"https:\/\/www.eldiario.net\/portal\/#organization"},"image":{"@id":"https:\/\/www.eldiario.net\/portal\/2023\/02\/01\/la-libobasquet-retorna-con-la-vuelta-de-can-nacional-y-carl-a-z\/#primaryimage"},"thumbnailUrl":"","articleSection":["Deportes"],"inLanguage":"es"},{"@type":"WebPage","@id":"https:\/\/www.eldiario.net\/portal\/2023\/02\/01\/la-libobasquet-retorna-con-la-vuelta-de-can-nacional-y-carl-a-z\/","url":"https:\/\/www.eldiario.net\/portal\/2023\/02\/01\/la-libobasquet-retorna-con-la-vuelta-de-can-nacional-y-carl-a-z\/","name":"La Libobasquet retorna con la vuelta de CAN, Nacional y Carl A-Z - El Diario - Bolivia","isPartOf":{"@id":"https:\/\/www.eldiario.net\/portal\/#website"},"primaryImageOfPage":{"@id":"https:\/\/www.eldiario.net\/portal\/2023\/02\/01\/la-libobasquet-retorna-con-la-vuelta-de-can-nacional-y-carl-a-z\/#primaryimage"},"image":{"@id":"https:\/\/www.eldiario.net\/portal\/2023\/02\/01\/la-libobasquet-retorna-con-la-vuelta-de-can-nacional-y-carl-a-z\/#primaryimage"},"thumbnailUrl":"","datePublished":"2023-02-01T10:25:17+00:00","breadcrumb":{"@id":"https:\/\/www.eldiario.net\/portal\/2023\/02\/01\/la-libobasquet-retorna-con-la-vuelta-de-can-nacional-y-carl-a-z\/#breadcrumb"},"inLanguage":"es","potentialAction":[{"@type":"ReadAction","target":["https:\/\/www.eldiario.net\/portal\/2023\/02\/01\/la-libobasquet-retorna-con-la-vuelta-de-can-nacional-y-carl-a-z\/"]}]},{"@type":"ImageObject","inLanguage":"es","@id":"https:\/\/www.eldiario.net\/portal\/2023\/02\/01\/la-libobasquet-retorna-con-la-vuelta-de-can-nacional-y-carl-a-z\/#primaryimage","url":"","contentUrl":""},{"@type":"BreadcrumbList","@id":"https:\/\/www.eldiario.net\/portal\/2023\/02\/01\/la-libobasquet-retorna-con-la-vuelta-de-can-nacional-y-carl-a-z\/#breadcrumb","itemListElement":[{"@type":"ListItem","position":1,"name":"Portada","item":"https:\/\/www.eldiario.net\/portal\/"},{"@type":"ListItem","position":2,"name":"La Libobasquet retorna con la vuelta de CAN, Nacional y Carl A-Z"}]},{"@type":"WebSite","@id":"https:\/\/www.eldiario.net\/portal\/#website","url":"https:\/\/www.eldiario.net\/portal\/","name":"El Diario - Decano de la prensa nacional","description":"El Diario - Decano de la prensa nacional","publisher":{"@id":"https:\/\/www.eldiario.net\/portal\/#organization"},"potentialAction":[{"@type":"SearchAction","target":{"@type":"EntryPoint","urlTemplate":"https:\/\/www.eldiario.net\/portal\/?s={search_term_string}"},"query-input":{"@type":"PropertyValueSpecification","valueRequired":true,"valueName":"search_term_string"}}],"inLanguage":"es"},{"@type":"Organization","@id":"https:\/\/www.eldiario.net\/portal\/#organization","name":"El Diario - Decano de la prensa nacional","url":"https:\/\/www.eldiario.net\/portal\/","logo":{"@type":"ImageObject","inLanguage":"es","@id":"https:\/\/www.eldiario.net\/portal\/#\/schema\/logo\/image\/","url":"https:\/\/www.eldiario.net\/portal\/wp-content\/uploads\/2023\/07\/logo_ED.jpg","contentUrl":"https:\/\/www.eldiario.net\/portal\/wp-content\/uploads\/2023\/07\/logo_ED.jpg","width":272,"height":52,"caption":"El Diario - Decano de la prensa nacional"},"image":{"@id":"https:\/\/www.eldiario.net\/portal\/#\/schema\/logo\/image\/"},"sameAs":["https:\/\/www.facebook.com\/eldiario.bolivia\/","https:\/\/x.com\/eldiario_net"]},{"@type":"Person","@id":"https:\/\/www.eldiario.net\/portal\/#\/schema\/person\/2c57cf2b7a7ae032e449e4c9b1019eac","name":"Jeanette","image":{"@type":"ImageObject","inLanguage":"es","@id":"https:\/\/secure.gravatar.com\/avatar\/3ea2118a5f7dad2b7138b1187a6b7ee55f160b9968b66013c3a3ef39dd7e5798?s=96&d=mm&r=g","url":"https:\/\/secure.gravatar.com\/avatar\/3ea2118a5f7dad2b7138b1187a6b7ee55f160b9968b66013c3a3ef39dd7e5798?s=96&d=mm&r=g","contentUrl":"https:\/\/secure.gravatar.com\/avatar\/3ea2118a5f7dad2b7138b1187a6b7ee55f160b9968b66013c3a3ef39dd7e5798?s=96&d=mm&r=g","caption":"Jeanette"},"sameAs":["https:\/\/www.eldiario.net\/portal"],"url":"https:\/\/www.eldiario.net\/portal\/author\/jeanette\/"}]}},"_links":{"self":[{"href":"https:\/\/www.eldiario.net\/portal\/wp-json\/wp\/v2\/posts\/136061","targetHints":{"allow":["GET"]}}],"collection":[{"href":"https:\/\/www.eldiario.net\/portal\/wp-json\/wp\/v2\/posts"}],"about":[{"href":"https:\/\/www.eldiario.net\/portal\/wp-json\/wp\/v2\/types\/post"}],"author":[{"embeddable":true,"href":"https:\/\/www.eldiario.net\/portal\/wp-json\/wp\/v2\/users\/1"}],"replies":[{"embeddable":true,"href":"https:\/\/www.eldiario.net\/portal\/wp-json\/wp\/v2\/comments?post=136061"}],"version-history":[{"count":0,"href":"https:\/\/www.eldiario.net\/portal\/wp-json\/wp\/v2\/posts\/136061\/revisions"}],"wp:attachment":[{"href":"https:\/\/www.eldiario.net\/portal\/wp-json\/wp\/v2\/media?parent=136061"}],"wp:term":[{"taxonomy":"category","embeddable":true,"href":"https:\/\/www.eldiario.net\/portal\/wp-json\/wp\/v2\/categories?post=136061"},{"taxonomy":"post_tag","embeddable":true,"href":"https:\/\/www.eldiario.net\/portal\/wp-json\/wp\/v2\/tags?post=136061"}],"curies":[{"name":"wp","href":"https:\/\/api.w.org\/{rel}","templated":true}]}}