{"id":136058,"date":"2023-02-01T06:24:40","date_gmt":"2023-02-01T10:24:40","guid":{"rendered":"https:\/\/www.eldiario.net\/portal\/?p=136058"},"modified":"2023-02-01T06:24:40","modified_gmt":"2023-02-01T10:24:40","slug":"bolivia-lista-para-enfrentar-a-georgia-en-la-copa-davis","status":"publish","type":"post","link":"https:\/\/www.eldiario.net\/portal\/2023\/02\/01\/bolivia-lista-para-enfrentar-a-georgia-en-la-copa-davis\/","title":{"rendered":"Bolivia lista para enfrentar a Georgia en la Copa Davis"},"content":{"rendered":"<p>La joven selecci\u00f3n boliviana de tenis que se enfrentar\u00e1 a Georgia ma\u00f1ana y viernes en Polonia por la primera ronda de los Play-Offs del Grupo Mundial II de la Copa Davis se siente lista y conf\u00eda en poder ganar una serie que es anticipada como \u201cequilibrada\u201d.<br \/>\nLos cruce\u00f1os Juan Carlos Prado (de 17 a\u00f1os), Agust\u00edn Cu\u00e9llar (19), Santiago Navarro (19) y Ra\u00fal Garc\u00eda (20) fueron convocados por el capit\u00e1n (entrenador) Mauricio Sol\u00eds para afrontar el certamen internacional de selecciones.<br \/>\nTodos debutar\u00e1n en la Davis. Prado, a pesar de ser el m\u00e1s joven, ya fue nominado en tres anteriores oportunidades, pero no jug\u00f3 ning\u00fan partido ante Per\u00fa, B\u00e9lgica y Tailandia.<br \/>\nLos cuatro tenistas y el capit\u00e1n se encuentran desde hace unos d\u00edas en la sede del evento preparando los partidos que se disputar\u00e1n en el Leszno Tennis Club, que es indoor (bajo techo).<br \/>\n\u201cMuy feliz de estar en el equipo, agradecer al profesor (Sol\u00eds) por la confianza. Es verdad que siento un poco de responsabilidad, pero es algo que venimos preparando con el equipo, creo que estamos muy bien preparados para sacar adelante esta serie\u201d, dijo Prado.<br \/>\n\u201cCuando el capit\u00e1n me llam\u00f3 la verdad que me puso muy feliz, me motiv\u00f3 para seguir entrenando y mejorando para estar muy enfocado en esta serie; estoy muy contento de estar aqu\u00ed, estamos preparados para eso. Somos j\u00f3venes y si bien no nos quita responsabilidad, nos deja jugar sueltos y nuestro mejor tenis aparecer\u00e1 con eso, sin ninguna presi\u00f3n\u201d, apunt\u00f3 Garc\u00eda. Navarro se\u00f1al\u00f3 que est\u00e1 \u201cmuy feliz y agradecer al capit\u00e1n por la confianza.<br \/>\nEs la primera vez para muchos y creo que estamos entrenando muy bien, jugando a un nivel muy alto y muy preparados para enfrentar a Georgia\u201d.<br \/>\nDe los cuatro solo Prado sigue siendo jugador Junior (menor de 18 a\u00f1os, es decimotercero a nivel mundial), mientras, los otros tres compiten en Estados Unidos.<\/p>\n<p><strong>ERWIN QUISPE PERCA<\/strong><\/p>\n","protected":false},"excerpt":{"rendered":"<p>La joven selecci\u00f3n boliviana de tenis que se enfrentar\u00e1 a Georgia ma\u00f1ana y viernes en Polonia por la primera ronda de los Play-Offs del Grupo Mundial II de la Copa Davis se siente lista y conf\u00eda en poder ganar una serie que es anticipada como \u201cequilibrada\u201d. Los cruce\u00f1os Juan Carlos Prado (de 17 a\u00f1os), Agust\u00edn [&hellip;]<\/p>\n","protected":false},"author":1,"featured_media":136059,"comment_status":"closed","ping_status":"closed","sticky":false,"template":"","format":"standard","meta":{"_acf_changed":false,"footnotes":""},"categories":[6],"tags":[],"class_list":["post-136058","post","type-post","status-publish","format-standard","has-post-thumbnail","category-deportes"],"acf":{"antetitulo":""},"yoast_head":"<!-- This site is optimized with the Yoast SEO plugin v28.4 - https:\/\/yoast.com\/product\/yoast-seo-wordpress\/ -->\n<title>Bolivia lista para enfrentar a Georgia en la Copa Davis - El Diario - Bolivia<\/title>\n<meta name=\"robots\" content=\"index, follow, max-snippet:-1, max-image-preview:large, max-video-preview:-1\" \/>\n<link rel=\"canonical\" href=\"https:\/\/www.eldiario.net\/portal\/2023\/02\/01\/bolivia-lista-para-enfrentar-a-georgia-en-la-copa-davis\/\" \/>\n<meta property=\"og:locale\" content=\"es_ES\" \/>\n<meta property=\"og:type\" content=\"article\" \/>\n<meta property=\"og:title\" content=\"Bolivia lista para enfrentar a Georgia en la Copa Davis - El Diario - Bolivia\" \/>\n<meta property=\"og:description\" content=\"La joven selecci\u00f3n boliviana de tenis que se enfrentar\u00e1 a Georgia ma\u00f1ana y viernes en Polonia por la primera ronda de los Play-Offs del Grupo Mundial II de la Copa Davis se siente lista y conf\u00eda en poder ganar una serie que es anticipada como \u201cequilibrada\u201d. Los cruce\u00f1os Juan Carlos Prado (de 17 a\u00f1os), Agust\u00edn [&hellip;]\" \/>\n<meta property=\"og:url\" content=\"https:\/\/www.eldiario.net\/portal\/2023\/02\/01\/bolivia-lista-para-enfrentar-a-georgia-en-la-copa-davis\/\" \/>\n<meta property=\"og:site_name\" content=\"El Diario - Bolivia\" \/>\n<meta property=\"article:publisher\" content=\"https:\/\/www.facebook.com\/eldiario.bolivia\/\" \/>\n<meta property=\"article:published_time\" content=\"2023-02-01T10:24:40+00:00\" \/>\n<meta name=\"author\" content=\"Jeanette\" \/>\n<meta name=\"twitter:card\" content=\"summary_large_image\" \/>\n<meta name=\"twitter:creator\" content=\"@eldiario_net\" \/>\n<meta name=\"twitter:site\" content=\"@eldiario_net\" \/>\n<meta name=\"twitter:label1\" content=\"Escrito por\" \/>\n\t<meta name=\"twitter:data1\" content=\"Jeanette\" \/>\n\t<meta name=\"twitter:label2\" content=\"Tiempo de lectura\" \/>\n\t<meta name=\"twitter:data2\" content=\"2 minutos\" \/>\n<script type=\"application\/ld+json\" class=\"yoast-schema-graph\">{\"@context\":\"https:\\\/\\\/schema.org\",\"@graph\":[{\"@type\":\"Article\",\"@id\":\"https:\\\/\\\/www.eldiario.net\\\/portal\\\/2023\\\/02\\\/01\\\/bolivia-lista-para-enfrentar-a-georgia-en-la-copa-davis\\\/#article\",\"isPartOf\":{\"@id\":\"https:\\\/\\\/www.eldiario.net\\\/portal\\\/2023\\\/02\\\/01\\\/bolivia-lista-para-enfrentar-a-georgia-en-la-copa-davis\\\/\"},\"author\":{\"name\":\"Jeanette\",\"@id\":\"https:\\\/\\\/www.eldiario.net\\\/portal\\\/#\\\/schema\\\/person\\\/2c57cf2b7a7ae032e449e4c9b1019eac\"},\"headline\":\"Bolivia lista para enfrentar a Georgia en la Copa Davis\",\"datePublished\":\"2023-02-01T10:24:40+00:00\",\"mainEntityOfPage\":{\"@id\":\"https:\\\/\\\/www.eldiario.net\\\/portal\\\/2023\\\/02\\\/01\\\/bolivia-lista-para-enfrentar-a-georgia-en-la-copa-davis\\\/\"},\"wordCount\":346,\"publisher\":{\"@id\":\"https:\\\/\\\/www.eldiario.net\\\/portal\\\/#organization\"},\"image\":{\"@id\":\"https:\\\/\\\/www.eldiario.net\\\/portal\\\/2023\\\/02\\\/01\\\/bolivia-lista-para-enfrentar-a-georgia-en-la-copa-davis\\\/#primaryimage\"},\"thumbnailUrl\":\"\",\"articleSection\":[\"Deportes\"],\"inLanguage\":\"es\"},{\"@type\":\"WebPage\",\"@id\":\"https:\\\/\\\/www.eldiario.net\\\/portal\\\/2023\\\/02\\\/01\\\/bolivia-lista-para-enfrentar-a-georgia-en-la-copa-davis\\\/\",\"url\":\"https:\\\/\\\/www.eldiario.net\\\/portal\\\/2023\\\/02\\\/01\\\/bolivia-lista-para-enfrentar-a-georgia-en-la-copa-davis\\\/\",\"name\":\"Bolivia lista para enfrentar a Georgia en la Copa Davis - El Diario - Bolivia\",\"isPartOf\":{\"@id\":\"https:\\\/\\\/www.eldiario.net\\\/portal\\\/#website\"},\"primaryImageOfPage\":{\"@id\":\"https:\\\/\\\/www.eldiario.net\\\/portal\\\/2023\\\/02\\\/01\\\/bolivia-lista-para-enfrentar-a-georgia-en-la-copa-davis\\\/#primaryimage\"},\"image\":{\"@id\":\"https:\\\/\\\/www.eldiario.net\\\/portal\\\/2023\\\/02\\\/01\\\/bolivia-lista-para-enfrentar-a-georgia-en-la-copa-davis\\\/#primaryimage\"},\"thumbnailUrl\":\"\",\"datePublished\":\"2023-02-01T10:24:40+00:00\",\"breadcrumb\":{\"@id\":\"https:\\\/\\\/www.eldiario.net\\\/portal\\\/2023\\\/02\\\/01\\\/bolivia-lista-para-enfrentar-a-georgia-en-la-copa-davis\\\/#breadcrumb\"},\"inLanguage\":\"es\",\"potentialAction\":[{\"@type\":\"ReadAction\",\"target\":[\"https:\\\/\\\/www.eldiario.net\\\/portal\\\/2023\\\/02\\\/01\\\/bolivia-lista-para-enfrentar-a-georgia-en-la-copa-davis\\\/\"]}]},{\"@type\":\"ImageObject\",\"inLanguage\":\"es\",\"@id\":\"https:\\\/\\\/www.eldiario.net\\\/portal\\\/2023\\\/02\\\/01\\\/bolivia-lista-para-enfrentar-a-georgia-en-la-copa-davis\\\/#primaryimage\",\"url\":\"\",\"contentUrl\":\"\"},{\"@type\":\"BreadcrumbList\",\"@id\":\"https:\\\/\\\/www.eldiario.net\\\/portal\\\/2023\\\/02\\\/01\\\/bolivia-lista-para-enfrentar-a-georgia-en-la-copa-davis\\\/#breadcrumb\",\"itemListElement\":[{\"@type\":\"ListItem\",\"position\":1,\"name\":\"Portada\",\"item\":\"https:\\\/\\\/www.eldiario.net\\\/portal\\\/\"},{\"@type\":\"ListItem\",\"position\":2,\"name\":\"Bolivia lista para enfrentar a Georgia en la Copa Davis\"}]},{\"@type\":\"WebSite\",\"@id\":\"https:\\\/\\\/www.eldiario.net\\\/portal\\\/#website\",\"url\":\"https:\\\/\\\/www.eldiario.net\\\/portal\\\/\",\"name\":\"El Diario - Decano de la prensa nacional\",\"description\":\"El Diario - Decano de la prensa nacional\",\"publisher\":{\"@id\":\"https:\\\/\\\/www.eldiario.net\\\/portal\\\/#organization\"},\"potentialAction\":[{\"@type\":\"SearchAction\",\"target\":{\"@type\":\"EntryPoint\",\"urlTemplate\":\"https:\\\/\\\/www.eldiario.net\\\/portal\\\/?s={search_term_string}\"},\"query-input\":{\"@type\":\"PropertyValueSpecification\",\"valueRequired\":true,\"valueName\":\"search_term_string\"}}],\"inLanguage\":\"es\"},{\"@type\":\"Organization\",\"@id\":\"https:\\\/\\\/www.eldiario.net\\\/portal\\\/#organization\",\"name\":\"El Diario - Decano de la prensa nacional\",\"url\":\"https:\\\/\\\/www.eldiario.net\\\/portal\\\/\",\"logo\":{\"@type\":\"ImageObject\",\"inLanguage\":\"es\",\"@id\":\"https:\\\/\\\/www.eldiario.net\\\/portal\\\/#\\\/schema\\\/logo\\\/image\\\/\",\"url\":\"https:\\\/\\\/www.eldiario.net\\\/portal\\\/wp-content\\\/uploads\\\/2023\\\/07\\\/logo_ED.jpg\",\"contentUrl\":\"https:\\\/\\\/www.eldiario.net\\\/portal\\\/wp-content\\\/uploads\\\/2023\\\/07\\\/logo_ED.jpg\",\"width\":272,\"height\":52,\"caption\":\"El Diario - Decano de la prensa nacional\"},\"image\":{\"@id\":\"https:\\\/\\\/www.eldiario.net\\\/portal\\\/#\\\/schema\\\/logo\\\/image\\\/\"},\"sameAs\":[\"https:\\\/\\\/www.facebook.com\\\/eldiario.bolivia\\\/\",\"https:\\\/\\\/x.com\\\/eldiario_net\"]},{\"@type\":\"Person\",\"@id\":\"https:\\\/\\\/www.eldiario.net\\\/portal\\\/#\\\/schema\\\/person\\\/2c57cf2b7a7ae032e449e4c9b1019eac\",\"name\":\"Jeanette\",\"image\":{\"@type\":\"ImageObject\",\"inLanguage\":\"es\",\"@id\":\"https:\\\/\\\/secure.gravatar.com\\\/avatar\\\/3ea2118a5f7dad2b7138b1187a6b7ee55f160b9968b66013c3a3ef39dd7e5798?s=96&d=mm&r=g\",\"url\":\"https:\\\/\\\/secure.gravatar.com\\\/avatar\\\/3ea2118a5f7dad2b7138b1187a6b7ee55f160b9968b66013c3a3ef39dd7e5798?s=96&d=mm&r=g\",\"contentUrl\":\"https:\\\/\\\/secure.gravatar.com\\\/avatar\\\/3ea2118a5f7dad2b7138b1187a6b7ee55f160b9968b66013c3a3ef39dd7e5798?s=96&d=mm&r=g\",\"caption\":\"Jeanette\"},\"sameAs\":[\"https:\\\/\\\/www.eldiario.net\\\/portal\"],\"url\":\"https:\\\/\\\/www.eldiario.net\\\/portal\\\/author\\\/jeanette\\\/\"}]}<\/script>\n<!-- \/ Yoast SEO plugin. -->","yoast_head_json":{"title":"Bolivia lista para enfrentar a Georgia en la Copa Davis - El Diario - Bolivia","robots":{"index":"index","follow":"follow","max-snippet":"max-snippet:-1","max-image-preview":"max-image-preview:large","max-video-preview":"max-video-preview:-1"},"canonical":"https:\/\/www.eldiario.net\/portal\/2023\/02\/01\/bolivia-lista-para-enfrentar-a-georgia-en-la-copa-davis\/","og_locale":"es_ES","og_type":"article","og_title":"Bolivia lista para enfrentar a Georgia en la Copa Davis - El Diario - Bolivia","og_description":"La joven selecci\u00f3n boliviana de tenis que se enfrentar\u00e1 a Georgia ma\u00f1ana y viernes en Polonia por la primera ronda de los Play-Offs del Grupo Mundial II de la Copa Davis se siente lista y conf\u00eda en poder ganar una serie que es anticipada como \u201cequilibrada\u201d. Los cruce\u00f1os Juan Carlos Prado (de 17 a\u00f1os), Agust\u00edn [&hellip;]","og_url":"https:\/\/www.eldiario.net\/portal\/2023\/02\/01\/bolivia-lista-para-enfrentar-a-georgia-en-la-copa-davis\/","og_site_name":"El Diario - Bolivia","article_publisher":"https:\/\/www.facebook.com\/eldiario.bolivia\/","article_published_time":"2023-02-01T10:24:40+00:00","author":"Jeanette","twitter_card":"summary_large_image","twitter_creator":"@eldiario_net","twitter_site":"@eldiario_net","twitter_misc":{"Escrito por":"Jeanette","Tiempo de lectura":"2 minutos"},"schema":{"@context":"https:\/\/schema.org","@graph":[{"@type":"Article","@id":"https:\/\/www.eldiario.net\/portal\/2023\/02\/01\/bolivia-lista-para-enfrentar-a-georgia-en-la-copa-davis\/#article","isPartOf":{"@id":"https:\/\/www.eldiario.net\/portal\/2023\/02\/01\/bolivia-lista-para-enfrentar-a-georgia-en-la-copa-davis\/"},"author":{"name":"Jeanette","@id":"https:\/\/www.eldiario.net\/portal\/#\/schema\/person\/2c57cf2b7a7ae032e449e4c9b1019eac"},"headline":"Bolivia lista para enfrentar a Georgia en la Copa Davis","datePublished":"2023-02-01T10:24:40+00:00","mainEntityOfPage":{"@id":"https:\/\/www.eldiario.net\/portal\/2023\/02\/01\/bolivia-lista-para-enfrentar-a-georgia-en-la-copa-davis\/"},"wordCount":346,"publisher":{"@id":"https:\/\/www.eldiario.net\/portal\/#organization"},"image":{"@id":"https:\/\/www.eldiario.net\/portal\/2023\/02\/01\/bolivia-lista-para-enfrentar-a-georgia-en-la-copa-davis\/#primaryimage"},"thumbnailUrl":"","articleSection":["Deportes"],"inLanguage":"es"},{"@type":"WebPage","@id":"https:\/\/www.eldiario.net\/portal\/2023\/02\/01\/bolivia-lista-para-enfrentar-a-georgia-en-la-copa-davis\/","url":"https:\/\/www.eldiario.net\/portal\/2023\/02\/01\/bolivia-lista-para-enfrentar-a-georgia-en-la-copa-davis\/","name":"Bolivia lista para enfrentar a Georgia en la Copa Davis - El Diario - Bolivia","isPartOf":{"@id":"https:\/\/www.eldiario.net\/portal\/#website"},"primaryImageOfPage":{"@id":"https:\/\/www.eldiario.net\/portal\/2023\/02\/01\/bolivia-lista-para-enfrentar-a-georgia-en-la-copa-davis\/#primaryimage"},"image":{"@id":"https:\/\/www.eldiario.net\/portal\/2023\/02\/01\/bolivia-lista-para-enfrentar-a-georgia-en-la-copa-davis\/#primaryimage"},"thumbnailUrl":"","datePublished":"2023-02-01T10:24:40+00:00","breadcrumb":{"@id":"https:\/\/www.eldiario.net\/portal\/2023\/02\/01\/bolivia-lista-para-enfrentar-a-georgia-en-la-copa-davis\/#breadcrumb"},"inLanguage":"es","potentialAction":[{"@type":"ReadAction","target":["https:\/\/www.eldiario.net\/portal\/2023\/02\/01\/bolivia-lista-para-enfrentar-a-georgia-en-la-copa-davis\/"]}]},{"@type":"ImageObject","inLanguage":"es","@id":"https:\/\/www.eldiario.net\/portal\/2023\/02\/01\/bolivia-lista-para-enfrentar-a-georgia-en-la-copa-davis\/#primaryimage","url":"","contentUrl":""},{"@type":"BreadcrumbList","@id":"https:\/\/www.eldiario.net\/portal\/2023\/02\/01\/bolivia-lista-para-enfrentar-a-georgia-en-la-copa-davis\/#breadcrumb","itemListElement":[{"@type":"ListItem","position":1,"name":"Portada","item":"https:\/\/www.eldiario.net\/portal\/"},{"@type":"ListItem","position":2,"name":"Bolivia lista para enfrentar a Georgia en la Copa Davis"}]},{"@type":"WebSite","@id":"https:\/\/www.eldiario.net\/portal\/#website","url":"https:\/\/www.eldiario.net\/portal\/","name":"El Diario - Decano de la prensa nacional","description":"El Diario - Decano de la prensa nacional","publisher":{"@id":"https:\/\/www.eldiario.net\/portal\/#organization"},"potentialAction":[{"@type":"SearchAction","target":{"@type":"EntryPoint","urlTemplate":"https:\/\/www.eldiario.net\/portal\/?s={search_term_string}"},"query-input":{"@type":"PropertyValueSpecification","valueRequired":true,"valueName":"search_term_string"}}],"inLanguage":"es"},{"@type":"Organization","@id":"https:\/\/www.eldiario.net\/portal\/#organization","name":"El Diario - Decano de la prensa nacional","url":"https:\/\/www.eldiario.net\/portal\/","logo":{"@type":"ImageObject","inLanguage":"es","@id":"https:\/\/www.eldiario.net\/portal\/#\/schema\/logo\/image\/","url":"https:\/\/www.eldiario.net\/portal\/wp-content\/uploads\/2023\/07\/logo_ED.jpg","contentUrl":"https:\/\/www.eldiario.net\/portal\/wp-content\/uploads\/2023\/07\/logo_ED.jpg","width":272,"height":52,"caption":"El Diario - Decano de la prensa nacional"},"image":{"@id":"https:\/\/www.eldiario.net\/portal\/#\/schema\/logo\/image\/"},"sameAs":["https:\/\/www.facebook.com\/eldiario.bolivia\/","https:\/\/x.com\/eldiario_net"]},{"@type":"Person","@id":"https:\/\/www.eldiario.net\/portal\/#\/schema\/person\/2c57cf2b7a7ae032e449e4c9b1019eac","name":"Jeanette","image":{"@type":"ImageObject","inLanguage":"es","@id":"https:\/\/secure.gravatar.com\/avatar\/3ea2118a5f7dad2b7138b1187a6b7ee55f160b9968b66013c3a3ef39dd7e5798?s=96&d=mm&r=g","url":"https:\/\/secure.gravatar.com\/avatar\/3ea2118a5f7dad2b7138b1187a6b7ee55f160b9968b66013c3a3ef39dd7e5798?s=96&d=mm&r=g","contentUrl":"https:\/\/secure.gravatar.com\/avatar\/3ea2118a5f7dad2b7138b1187a6b7ee55f160b9968b66013c3a3ef39dd7e5798?s=96&d=mm&r=g","caption":"Jeanette"},"sameAs":["https:\/\/www.eldiario.net\/portal"],"url":"https:\/\/www.eldiario.net\/portal\/author\/jeanette\/"}]}},"_links":{"self":[{"href":"https:\/\/www.eldiario.net\/portal\/wp-json\/wp\/v2\/posts\/136058","targetHints":{"allow":["GET"]}}],"collection":[{"href":"https:\/\/www.eldiario.net\/portal\/wp-json\/wp\/v2\/posts"}],"about":[{"href":"https:\/\/www.eldiario.net\/portal\/wp-json\/wp\/v2\/types\/post"}],"author":[{"embeddable":true,"href":"https:\/\/www.eldiario.net\/portal\/wp-json\/wp\/v2\/users\/1"}],"replies":[{"embeddable":true,"href":"https:\/\/www.eldiario.net\/portal\/wp-json\/wp\/v2\/comments?post=136058"}],"version-history":[{"count":0,"href":"https:\/\/www.eldiario.net\/portal\/wp-json\/wp\/v2\/posts\/136058\/revisions"}],"wp:attachment":[{"href":"https:\/\/www.eldiario.net\/portal\/wp-json\/wp\/v2\/media?parent=136058"}],"wp:term":[{"taxonomy":"category","embeddable":true,"href":"https:\/\/www.eldiario.net\/portal\/wp-json\/wp\/v2\/categories?post=136058"},{"taxonomy":"post_tag","embeddable":true,"href":"https:\/\/www.eldiario.net\/portal\/wp-json\/wp\/v2\/tags?post=136058"}],"curies":[{"name":"wp","href":"https:\/\/api.w.org\/{rel}","templated":true}]}}