{"id":136050,"date":"2023-02-01T06:18:45","date_gmt":"2023-02-01T10:18:45","guid":{"rendered":"https:\/\/www.eldiario.net\/portal\/?p=136050"},"modified":"2023-02-01T06:18:45","modified_gmt":"2023-02-01T10:18:45","slug":"recapturan-a-reo-brasileno-que-mato-a-policia-al-fugar","status":"publish","type":"post","link":"https:\/\/www.eldiario.net\/portal\/2023\/02\/01\/recapturan-a-reo-brasileno-que-mato-a-policia-al-fugar\/","title":{"rendered":"Recapturan a reo brasile\u00f1o que mat\u00f3 a polic\u00eda al fugar"},"content":{"rendered":"<p>El brasile\u00f1o Felipe Evaldo Meneses Iglesias fue recapturado anoche, luego que en la ma\u00f1ana fugara en medio de una balacera que acab\u00f3 con la vida de un polic\u00eda que lo custodiaba en el Hospital de Cl\u00ednicas. Asimismo, tres de sus c\u00f3mplices, brasile\u00f1os, fueron capturados, al igual que la m\u00e9dico que firm\u00f3 el informe para su atenci\u00f3n m\u00e9dica.<br \/>\nEl ministro de Gobierno, Eduardo del Castillo, inform\u00f3 de la recaptura del brasile\u00f1o que inicialmente fue identificado como Andr\u00e9s Luis Xavier Da Rocha, aunque posteriormente, como resultado del cruce de informaci\u00f3n con Brasil, se estableci\u00f3 que su verdadera identidad es Felipe Meneses Iglesias, un malhechor con amplio prontuario delictivo.<br \/>\n\u201cFelipe Edvaldo Meneses Iglesias nunca m\u00e1s va a ser beneficiado por chicaner\u00edas o elementos de la justicia boliviana o razones administrativas; nos vamos a encargar que cumpla todas y cada una de sus condenas dentro del territorio nacional y posteriormente cumpla sus condenas en la Rep\u00fablica Federativa de Brasil, donde tiene m\u00faltiples antecedentes\u201d, asegur\u00f3 la autoridad.<br \/>\nTambi\u00e9n fue detenido el brasile\u00f1o Selix Max Silva de Sousa, que estaba en Bolivia con el nombre falso de Jos\u00e9 Antonio Ferreira, con el secuestro de su motocicleta, dieron pistas para continuar con la investigaci\u00f3n y dar con otros dos c\u00f3mplices en una casa en el municipio de Viacha, contiguo a El Alto.<br \/>\nLa fuga de un reo brasile\u00f1o en el hospital de Cl\u00ednicas de La Paz, que dej\u00f3 el saldo de un sargento fallecido y otro herido, devel\u00f3 la precariedad e improvisaci\u00f3n de la Polic\u00eda que puso en riesgo la vida de familias y pacientes de ese nosocomio, dijo a EL DIARIO el coronel en servicio pasivo del Ej\u00e9rcito y abogado, Jorge Santistevan.<\/p>\n\n","protected":false},"excerpt":{"rendered":"<p>El brasile\u00f1o Felipe Evaldo Meneses Iglesias fue recapturado anoche, luego que en la ma\u00f1ana fugara en medio de una balacera que acab\u00f3 con la vida de un polic\u00eda que lo custodiaba en el Hospital de Cl\u00ednicas. Asimismo, tres de sus c\u00f3mplices, brasile\u00f1os, fueron capturados, al igual que la m\u00e9dico que firm\u00f3 el informe para su [&hellip;]<\/p>\n","protected":false},"author":1,"featured_media":136051,"comment_status":"closed","ping_status":"closed","sticky":false,"template":"","format":"standard","meta":{"_acf_changed":false,"footnotes":""},"categories":[17],"tags":[],"class_list":["post-136050","post","type-post","status-publish","format-standard","has-post-thumbnail","category-principal"],"acf":{"antetitulo":""},"yoast_head":"<!-- This site is optimized with the Yoast SEO plugin v28.4 - https:\/\/yoast.com\/product\/yoast-seo-wordpress\/ -->\n<title>Recapturan a reo brasile\u00f1o que mat\u00f3 a polic\u00eda al fugar - El Diario - Bolivia<\/title>\n<meta name=\"robots\" content=\"index, follow, max-snippet:-1, max-image-preview:large, max-video-preview:-1\" \/>\n<link rel=\"canonical\" href=\"https:\/\/www.eldiario.net\/portal\/2023\/02\/01\/recapturan-a-reo-brasileno-que-mato-a-policia-al-fugar\/\" \/>\n<meta property=\"og:locale\" content=\"es_ES\" \/>\n<meta property=\"og:type\" content=\"article\" \/>\n<meta property=\"og:title\" content=\"Recapturan a reo brasile\u00f1o que mat\u00f3 a polic\u00eda al fugar - El Diario - Bolivia\" \/>\n<meta property=\"og:description\" content=\"El brasile\u00f1o Felipe Evaldo Meneses Iglesias fue recapturado anoche, luego que en la ma\u00f1ana fugara en medio de una balacera que acab\u00f3 con la vida de un polic\u00eda que lo custodiaba en el Hospital de Cl\u00ednicas. Asimismo, tres de sus c\u00f3mplices, brasile\u00f1os, fueron capturados, al igual que la m\u00e9dico que firm\u00f3 el informe para su [&hellip;]\" \/>\n<meta property=\"og:url\" content=\"https:\/\/www.eldiario.net\/portal\/2023\/02\/01\/recapturan-a-reo-brasileno-que-mato-a-policia-al-fugar\/\" \/>\n<meta property=\"og:site_name\" content=\"El Diario - Bolivia\" \/>\n<meta property=\"article:publisher\" content=\"https:\/\/www.facebook.com\/eldiario.bolivia\/\" \/>\n<meta property=\"article:published_time\" content=\"2023-02-01T10:18:45+00:00\" \/>\n<meta name=\"author\" content=\"Jeanette\" \/>\n<meta name=\"twitter:card\" content=\"summary_large_image\" \/>\n<meta name=\"twitter:creator\" content=\"@eldiario_net\" \/>\n<meta name=\"twitter:site\" content=\"@eldiario_net\" \/>\n<meta name=\"twitter:label1\" content=\"Escrito por\" \/>\n\t<meta name=\"twitter:data1\" content=\"Jeanette\" \/>\n\t<meta name=\"twitter:label2\" content=\"Tiempo de lectura\" \/>\n\t<meta name=\"twitter:data2\" content=\"2 minutos\" \/>\n<script type=\"application\/ld+json\" class=\"yoast-schema-graph\">{\"@context\":\"https:\\\/\\\/schema.org\",\"@graph\":[{\"@type\":\"Article\",\"@id\":\"https:\\\/\\\/www.eldiario.net\\\/portal\\\/2023\\\/02\\\/01\\\/recapturan-a-reo-brasileno-que-mato-a-policia-al-fugar\\\/#article\",\"isPartOf\":{\"@id\":\"https:\\\/\\\/www.eldiario.net\\\/portal\\\/2023\\\/02\\\/01\\\/recapturan-a-reo-brasileno-que-mato-a-policia-al-fugar\\\/\"},\"author\":{\"name\":\"Jeanette\",\"@id\":\"https:\\\/\\\/www.eldiario.net\\\/portal\\\/#\\\/schema\\\/person\\\/2c57cf2b7a7ae032e449e4c9b1019eac\"},\"headline\":\"Recapturan a reo brasile\u00f1o que mat\u00f3 a polic\u00eda al fugar\",\"datePublished\":\"2023-02-01T10:18:45+00:00\",\"mainEntityOfPage\":{\"@id\":\"https:\\\/\\\/www.eldiario.net\\\/portal\\\/2023\\\/02\\\/01\\\/recapturan-a-reo-brasileno-que-mato-a-policia-al-fugar\\\/\"},\"wordCount\":317,\"publisher\":{\"@id\":\"https:\\\/\\\/www.eldiario.net\\\/portal\\\/#organization\"},\"image\":{\"@id\":\"https:\\\/\\\/www.eldiario.net\\\/portal\\\/2023\\\/02\\\/01\\\/recapturan-a-reo-brasileno-que-mato-a-policia-al-fugar\\\/#primaryimage\"},\"thumbnailUrl\":\"\",\"articleSection\":[\"Principal\"],\"inLanguage\":\"es\"},{\"@type\":\"WebPage\",\"@id\":\"https:\\\/\\\/www.eldiario.net\\\/portal\\\/2023\\\/02\\\/01\\\/recapturan-a-reo-brasileno-que-mato-a-policia-al-fugar\\\/\",\"url\":\"https:\\\/\\\/www.eldiario.net\\\/portal\\\/2023\\\/02\\\/01\\\/recapturan-a-reo-brasileno-que-mato-a-policia-al-fugar\\\/\",\"name\":\"Recapturan a reo brasile\u00f1o que mat\u00f3 a polic\u00eda al fugar - El Diario - Bolivia\",\"isPartOf\":{\"@id\":\"https:\\\/\\\/www.eldiario.net\\\/portal\\\/#website\"},\"primaryImageOfPage\":{\"@id\":\"https:\\\/\\\/www.eldiario.net\\\/portal\\\/2023\\\/02\\\/01\\\/recapturan-a-reo-brasileno-que-mato-a-policia-al-fugar\\\/#primaryimage\"},\"image\":{\"@id\":\"https:\\\/\\\/www.eldiario.net\\\/portal\\\/2023\\\/02\\\/01\\\/recapturan-a-reo-brasileno-que-mato-a-policia-al-fugar\\\/#primaryimage\"},\"thumbnailUrl\":\"\",\"datePublished\":\"2023-02-01T10:18:45+00:00\",\"breadcrumb\":{\"@id\":\"https:\\\/\\\/www.eldiario.net\\\/portal\\\/2023\\\/02\\\/01\\\/recapturan-a-reo-brasileno-que-mato-a-policia-al-fugar\\\/#breadcrumb\"},\"inLanguage\":\"es\",\"potentialAction\":[{\"@type\":\"ReadAction\",\"target\":[\"https:\\\/\\\/www.eldiario.net\\\/portal\\\/2023\\\/02\\\/01\\\/recapturan-a-reo-brasileno-que-mato-a-policia-al-fugar\\\/\"]}]},{\"@type\":\"ImageObject\",\"inLanguage\":\"es\",\"@id\":\"https:\\\/\\\/www.eldiario.net\\\/portal\\\/2023\\\/02\\\/01\\\/recapturan-a-reo-brasileno-que-mato-a-policia-al-fugar\\\/#primaryimage\",\"url\":\"\",\"contentUrl\":\"\"},{\"@type\":\"BreadcrumbList\",\"@id\":\"https:\\\/\\\/www.eldiario.net\\\/portal\\\/2023\\\/02\\\/01\\\/recapturan-a-reo-brasileno-que-mato-a-policia-al-fugar\\\/#breadcrumb\",\"itemListElement\":[{\"@type\":\"ListItem\",\"position\":1,\"name\":\"Portada\",\"item\":\"https:\\\/\\\/www.eldiario.net\\\/portal\\\/\"},{\"@type\":\"ListItem\",\"position\":2,\"name\":\"Recapturan a reo brasile\u00f1o que mat\u00f3 a polic\u00eda al fugar\"}]},{\"@type\":\"WebSite\",\"@id\":\"https:\\\/\\\/www.eldiario.net\\\/portal\\\/#website\",\"url\":\"https:\\\/\\\/www.eldiario.net\\\/portal\\\/\",\"name\":\"El Diario - Decano de la prensa nacional\",\"description\":\"El Diario - Decano de la prensa nacional\",\"publisher\":{\"@id\":\"https:\\\/\\\/www.eldiario.net\\\/portal\\\/#organization\"},\"potentialAction\":[{\"@type\":\"SearchAction\",\"target\":{\"@type\":\"EntryPoint\",\"urlTemplate\":\"https:\\\/\\\/www.eldiario.net\\\/portal\\\/?s={search_term_string}\"},\"query-input\":{\"@type\":\"PropertyValueSpecification\",\"valueRequired\":true,\"valueName\":\"search_term_string\"}}],\"inLanguage\":\"es\"},{\"@type\":\"Organization\",\"@id\":\"https:\\\/\\\/www.eldiario.net\\\/portal\\\/#organization\",\"name\":\"El Diario - Decano de la prensa nacional\",\"url\":\"https:\\\/\\\/www.eldiario.net\\\/portal\\\/\",\"logo\":{\"@type\":\"ImageObject\",\"inLanguage\":\"es\",\"@id\":\"https:\\\/\\\/www.eldiario.net\\\/portal\\\/#\\\/schema\\\/logo\\\/image\\\/\",\"url\":\"https:\\\/\\\/www.eldiario.net\\\/portal\\\/wp-content\\\/uploads\\\/2023\\\/07\\\/logo_ED.jpg\",\"contentUrl\":\"https:\\\/\\\/www.eldiario.net\\\/portal\\\/wp-content\\\/uploads\\\/2023\\\/07\\\/logo_ED.jpg\",\"width\":272,\"height\":52,\"caption\":\"El Diario - Decano de la prensa nacional\"},\"image\":{\"@id\":\"https:\\\/\\\/www.eldiario.net\\\/portal\\\/#\\\/schema\\\/logo\\\/image\\\/\"},\"sameAs\":[\"https:\\\/\\\/www.facebook.com\\\/eldiario.bolivia\\\/\",\"https:\\\/\\\/x.com\\\/eldiario_net\"]},{\"@type\":\"Person\",\"@id\":\"https:\\\/\\\/www.eldiario.net\\\/portal\\\/#\\\/schema\\\/person\\\/2c57cf2b7a7ae032e449e4c9b1019eac\",\"name\":\"Jeanette\",\"image\":{\"@type\":\"ImageObject\",\"inLanguage\":\"es\",\"@id\":\"https:\\\/\\\/secure.gravatar.com\\\/avatar\\\/3ea2118a5f7dad2b7138b1187a6b7ee55f160b9968b66013c3a3ef39dd7e5798?s=96&d=mm&r=g\",\"url\":\"https:\\\/\\\/secure.gravatar.com\\\/avatar\\\/3ea2118a5f7dad2b7138b1187a6b7ee55f160b9968b66013c3a3ef39dd7e5798?s=96&d=mm&r=g\",\"contentUrl\":\"https:\\\/\\\/secure.gravatar.com\\\/avatar\\\/3ea2118a5f7dad2b7138b1187a6b7ee55f160b9968b66013c3a3ef39dd7e5798?s=96&d=mm&r=g\",\"caption\":\"Jeanette\"},\"sameAs\":[\"https:\\\/\\\/www.eldiario.net\\\/portal\"],\"url\":\"https:\\\/\\\/www.eldiario.net\\\/portal\\\/author\\\/jeanette\\\/\"}]}<\/script>\n<!-- \/ Yoast SEO plugin. -->","yoast_head_json":{"title":"Recapturan a reo brasile\u00f1o que mat\u00f3 a polic\u00eda al fugar - El Diario - Bolivia","robots":{"index":"index","follow":"follow","max-snippet":"max-snippet:-1","max-image-preview":"max-image-preview:large","max-video-preview":"max-video-preview:-1"},"canonical":"https:\/\/www.eldiario.net\/portal\/2023\/02\/01\/recapturan-a-reo-brasileno-que-mato-a-policia-al-fugar\/","og_locale":"es_ES","og_type":"article","og_title":"Recapturan a reo brasile\u00f1o que mat\u00f3 a polic\u00eda al fugar - El Diario - Bolivia","og_description":"El brasile\u00f1o Felipe Evaldo Meneses Iglesias fue recapturado anoche, luego que en la ma\u00f1ana fugara en medio de una balacera que acab\u00f3 con la vida de un polic\u00eda que lo custodiaba en el Hospital de Cl\u00ednicas. Asimismo, tres de sus c\u00f3mplices, brasile\u00f1os, fueron capturados, al igual que la m\u00e9dico que firm\u00f3 el informe para su [&hellip;]","og_url":"https:\/\/www.eldiario.net\/portal\/2023\/02\/01\/recapturan-a-reo-brasileno-que-mato-a-policia-al-fugar\/","og_site_name":"El Diario - Bolivia","article_publisher":"https:\/\/www.facebook.com\/eldiario.bolivia\/","article_published_time":"2023-02-01T10:18:45+00:00","author":"Jeanette","twitter_card":"summary_large_image","twitter_creator":"@eldiario_net","twitter_site":"@eldiario_net","twitter_misc":{"Escrito por":"Jeanette","Tiempo de lectura":"2 minutos"},"schema":{"@context":"https:\/\/schema.org","@graph":[{"@type":"Article","@id":"https:\/\/www.eldiario.net\/portal\/2023\/02\/01\/recapturan-a-reo-brasileno-que-mato-a-policia-al-fugar\/#article","isPartOf":{"@id":"https:\/\/www.eldiario.net\/portal\/2023\/02\/01\/recapturan-a-reo-brasileno-que-mato-a-policia-al-fugar\/"},"author":{"name":"Jeanette","@id":"https:\/\/www.eldiario.net\/portal\/#\/schema\/person\/2c57cf2b7a7ae032e449e4c9b1019eac"},"headline":"Recapturan a reo brasile\u00f1o que mat\u00f3 a polic\u00eda al fugar","datePublished":"2023-02-01T10:18:45+00:00","mainEntityOfPage":{"@id":"https:\/\/www.eldiario.net\/portal\/2023\/02\/01\/recapturan-a-reo-brasileno-que-mato-a-policia-al-fugar\/"},"wordCount":317,"publisher":{"@id":"https:\/\/www.eldiario.net\/portal\/#organization"},"image":{"@id":"https:\/\/www.eldiario.net\/portal\/2023\/02\/01\/recapturan-a-reo-brasileno-que-mato-a-policia-al-fugar\/#primaryimage"},"thumbnailUrl":"","articleSection":["Principal"],"inLanguage":"es"},{"@type":"WebPage","@id":"https:\/\/www.eldiario.net\/portal\/2023\/02\/01\/recapturan-a-reo-brasileno-que-mato-a-policia-al-fugar\/","url":"https:\/\/www.eldiario.net\/portal\/2023\/02\/01\/recapturan-a-reo-brasileno-que-mato-a-policia-al-fugar\/","name":"Recapturan a reo brasile\u00f1o que mat\u00f3 a polic\u00eda al fugar - El Diario - Bolivia","isPartOf":{"@id":"https:\/\/www.eldiario.net\/portal\/#website"},"primaryImageOfPage":{"@id":"https:\/\/www.eldiario.net\/portal\/2023\/02\/01\/recapturan-a-reo-brasileno-que-mato-a-policia-al-fugar\/#primaryimage"},"image":{"@id":"https:\/\/www.eldiario.net\/portal\/2023\/02\/01\/recapturan-a-reo-brasileno-que-mato-a-policia-al-fugar\/#primaryimage"},"thumbnailUrl":"","datePublished":"2023-02-01T10:18:45+00:00","breadcrumb":{"@id":"https:\/\/www.eldiario.net\/portal\/2023\/02\/01\/recapturan-a-reo-brasileno-que-mato-a-policia-al-fugar\/#breadcrumb"},"inLanguage":"es","potentialAction":[{"@type":"ReadAction","target":["https:\/\/www.eldiario.net\/portal\/2023\/02\/01\/recapturan-a-reo-brasileno-que-mato-a-policia-al-fugar\/"]}]},{"@type":"ImageObject","inLanguage":"es","@id":"https:\/\/www.eldiario.net\/portal\/2023\/02\/01\/recapturan-a-reo-brasileno-que-mato-a-policia-al-fugar\/#primaryimage","url":"","contentUrl":""},{"@type":"BreadcrumbList","@id":"https:\/\/www.eldiario.net\/portal\/2023\/02\/01\/recapturan-a-reo-brasileno-que-mato-a-policia-al-fugar\/#breadcrumb","itemListElement":[{"@type":"ListItem","position":1,"name":"Portada","item":"https:\/\/www.eldiario.net\/portal\/"},{"@type":"ListItem","position":2,"name":"Recapturan a reo brasile\u00f1o que mat\u00f3 a polic\u00eda al fugar"}]},{"@type":"WebSite","@id":"https:\/\/www.eldiario.net\/portal\/#website","url":"https:\/\/www.eldiario.net\/portal\/","name":"El Diario - Decano de la prensa nacional","description":"El Diario - Decano de la prensa nacional","publisher":{"@id":"https:\/\/www.eldiario.net\/portal\/#organization"},"potentialAction":[{"@type":"SearchAction","target":{"@type":"EntryPoint","urlTemplate":"https:\/\/www.eldiario.net\/portal\/?s={search_term_string}"},"query-input":{"@type":"PropertyValueSpecification","valueRequired":true,"valueName":"search_term_string"}}],"inLanguage":"es"},{"@type":"Organization","@id":"https:\/\/www.eldiario.net\/portal\/#organization","name":"El Diario - Decano de la prensa nacional","url":"https:\/\/www.eldiario.net\/portal\/","logo":{"@type":"ImageObject","inLanguage":"es","@id":"https:\/\/www.eldiario.net\/portal\/#\/schema\/logo\/image\/","url":"https:\/\/www.eldiario.net\/portal\/wp-content\/uploads\/2023\/07\/logo_ED.jpg","contentUrl":"https:\/\/www.eldiario.net\/portal\/wp-content\/uploads\/2023\/07\/logo_ED.jpg","width":272,"height":52,"caption":"El Diario - Decano de la prensa nacional"},"image":{"@id":"https:\/\/www.eldiario.net\/portal\/#\/schema\/logo\/image\/"},"sameAs":["https:\/\/www.facebook.com\/eldiario.bolivia\/","https:\/\/x.com\/eldiario_net"]},{"@type":"Person","@id":"https:\/\/www.eldiario.net\/portal\/#\/schema\/person\/2c57cf2b7a7ae032e449e4c9b1019eac","name":"Jeanette","image":{"@type":"ImageObject","inLanguage":"es","@id":"https:\/\/secure.gravatar.com\/avatar\/3ea2118a5f7dad2b7138b1187a6b7ee55f160b9968b66013c3a3ef39dd7e5798?s=96&d=mm&r=g","url":"https:\/\/secure.gravatar.com\/avatar\/3ea2118a5f7dad2b7138b1187a6b7ee55f160b9968b66013c3a3ef39dd7e5798?s=96&d=mm&r=g","contentUrl":"https:\/\/secure.gravatar.com\/avatar\/3ea2118a5f7dad2b7138b1187a6b7ee55f160b9968b66013c3a3ef39dd7e5798?s=96&d=mm&r=g","caption":"Jeanette"},"sameAs":["https:\/\/www.eldiario.net\/portal"],"url":"https:\/\/www.eldiario.net\/portal\/author\/jeanette\/"}]}},"_links":{"self":[{"href":"https:\/\/www.eldiario.net\/portal\/wp-json\/wp\/v2\/posts\/136050","targetHints":{"allow":["GET"]}}],"collection":[{"href":"https:\/\/www.eldiario.net\/portal\/wp-json\/wp\/v2\/posts"}],"about":[{"href":"https:\/\/www.eldiario.net\/portal\/wp-json\/wp\/v2\/types\/post"}],"author":[{"embeddable":true,"href":"https:\/\/www.eldiario.net\/portal\/wp-json\/wp\/v2\/users\/1"}],"replies":[{"embeddable":true,"href":"https:\/\/www.eldiario.net\/portal\/wp-json\/wp\/v2\/comments?post=136050"}],"version-history":[{"count":0,"href":"https:\/\/www.eldiario.net\/portal\/wp-json\/wp\/v2\/posts\/136050\/revisions"}],"wp:attachment":[{"href":"https:\/\/www.eldiario.net\/portal\/wp-json\/wp\/v2\/media?parent=136050"}],"wp:term":[{"taxonomy":"category","embeddable":true,"href":"https:\/\/www.eldiario.net\/portal\/wp-json\/wp\/v2\/categories?post=136050"},{"taxonomy":"post_tag","embeddable":true,"href":"https:\/\/www.eldiario.net\/portal\/wp-json\/wp\/v2\/tags?post=136050"}],"curies":[{"name":"wp","href":"https:\/\/api.w.org\/{rel}","templated":true}]}}