{"id":135941,"date":"2023-02-01T05:43:18","date_gmt":"2023-02-01T09:43:18","guid":{"rendered":"https:\/\/www.eldiario.net\/portal\/?p=135941"},"modified":"2023-02-01T05:43:18","modified_gmt":"2023-02-01T09:43:18","slug":"productores-avicolas-garantizan-abastecimiento-de-pollo-y-huevos","status":"publish","type":"post","link":"https:\/\/www.eldiario.net\/portal\/2023\/02\/01\/productores-avicolas-garantizan-abastecimiento-de-pollo-y-huevos\/","title":{"rendered":"Productores av\u00edcolas  garantizan  abastecimiento de pollo y huevos"},"content":{"rendered":"<p>La Asociaci\u00f3n de Productores Av\u00edcolas de Santa Cruz (ADA) garantiza abastecimiento de pollo y huevo al mercado nacional, con todas las medidas de seguridad, en un contexto del brote de gripe aviar en Cochabamba. A trav\u00e9s de un comunicado aseguran que tomaron las medidas correspondientes para la adecuada producci\u00f3n de alimentos.<br \/>\nADA ratifica su \u00abcompromiso de continuar produciendo carne de pollo, huevos y subproductos av\u00edcolas nutritivos, de alta calidad y seguros para la poblaci\u00f3n, por lo que garantizamos el abastecimiento de estos alimentos considerados de primera necesidad en los hogares de las familias de Bolivia\u00bb.<br \/>\nAdem\u00e1s sostiene que ante la confirmaci\u00f3n del Servicio Nacional de Sanidad Agropecuaria e Inocuidad Alimentaria (Senasag) de un brote de influenza aviar en Cochabamba, la Asociaci\u00f3n de Avicultores de Santa Cruz (ADA) informa que la gripe aviar es una enfermedad infecciosa que afecta a las aves, se transmite por contacto directo entre ellas o por objetos contaminados con sus heces o secreciones.<br \/>\n\u00abCabe mencionar que, en diciembre de 2022, cuando el Senasag declar\u00f3 alerta sanitaria en el territorio nacional por la presencia de la influenza aviar en pa\u00edses vecinos, los productores av\u00edcolas incrementamos y reforzamos las medidas de bioseguridad en las granjas del departamento cruce\u00f1o, con el objetivo de prevenir el contagio de nuestras aves\u00bb, resalta el comunicado.<br \/>\nPor esas medidas asumidas por las granjas av\u00edcolas, ADA sostiene que \u00abhasta la fecha Santa Cruz se mantiene libre de influenza aviar, es por ello que los productores estamos extremando esfuerzos para mantener este estatus sanitario, pues somos conscientes que esta enfermedad ocasiona grandes p\u00e9rdidas econ\u00f3micas al sector\u00bb.<br \/>\nAsegura que la entidad gremial est\u00e1 en permanente coordinaci\u00f3n y trabajo con el Senasag y la Gobernaci\u00f3n de Santa Cruz para ejecutar todas las acciones de monitoreo y prevenci\u00f3n en en el departamento.<br \/>\nAsimismo, se\u00f1alan que la influenza aviar no representa riesgos para el consumo de carne de pollo, huevos u otros productos av\u00edcolas por parte de la poblaci\u00f3n.<\/p>\n<p>Oficial<br \/>\nPor su parte, el ministro de Desarrollo Rural y Tierras, Remmy Gonzales, inform\u00f3 ayer que a trav\u00e9s del Senasag se garantiza a las familias bolivianas la inocuidad en el huevo y carne de pollo, ante el brote de gripe aviar en Cochabamba.<br \/>\n\u00abQueremos dar la certeza de que todo el pollo que se est\u00e1 comercializando actualmente, y a futuro, va a estar totalmente controlado y verificado por el Senasag (Servicio Nacional de Sanidad Agropecuaria e Inocuidad Alimentaria) y vamos a seguir garantizando la inocuidad de los alimentos que consumimos\u00bb, indic\u00f3 en conferencia de prensa.<br \/>\nEl s\u00e1bado se confirm\u00f3 la presencia de influenza aviar en el departamento de Cochabamba, por lo que se activ\u00f3 un plan de emergencia sanitaria para contener la enfermedad de manera inmediata.<br \/>\nAl respecto, el ministro Gonzales indic\u00f3 que el brote de esa enfermedad est\u00e1 bajo control y tanto el huevo como la carne de pollo, que se comercializan en el mercado, est\u00e1 garantizado por el Senasag.<\/p>\n","protected":false},"excerpt":{"rendered":"<p>La Asociaci\u00f3n de Productores Av\u00edcolas de Santa Cruz (ADA) garantiza abastecimiento de pollo y huevo al mercado nacional, con todas las medidas de seguridad, en un contexto del brote de gripe aviar en Cochabamba. A trav\u00e9s de un comunicado aseguran que tomaron las medidas correspondientes para la adecuada producci\u00f3n de alimentos. ADA ratifica su \u00abcompromiso [&hellip;]<\/p>\n","protected":false},"author":1,"featured_media":135942,"comment_status":"closed","ping_status":"closed","sticky":false,"template":"","format":"standard","meta":{"_acf_changed":false,"footnotes":""},"categories":[7],"tags":[],"class_list":["post-135941","post","type-post","status-publish","format-standard","has-post-thumbnail","category-economia"],"acf":{"antetitulo":""},"yoast_head":"<!-- This site is optimized with the Yoast SEO plugin v28.4 - https:\/\/yoast.com\/product\/yoast-seo-wordpress\/ -->\n<title>Productores av\u00edcolas garantizan abastecimiento de pollo y huevos - El Diario - Bolivia<\/title>\n<meta name=\"robots\" content=\"index, follow, max-snippet:-1, max-image-preview:large, max-video-preview:-1\" \/>\n<link rel=\"canonical\" href=\"https:\/\/www.eldiario.net\/portal\/2023\/02\/01\/productores-avicolas-garantizan-abastecimiento-de-pollo-y-huevos\/\" \/>\n<meta property=\"og:locale\" content=\"es_ES\" \/>\n<meta property=\"og:type\" content=\"article\" \/>\n<meta property=\"og:title\" content=\"Productores av\u00edcolas garantizan abastecimiento de pollo y huevos - El Diario - Bolivia\" \/>\n<meta property=\"og:description\" content=\"La Asociaci\u00f3n de Productores Av\u00edcolas de Santa Cruz (ADA) garantiza abastecimiento de pollo y huevo al mercado nacional, con todas las medidas de seguridad, en un contexto del brote de gripe aviar en Cochabamba. A trav\u00e9s de un comunicado aseguran que tomaron las medidas correspondientes para la adecuada producci\u00f3n de alimentos. ADA ratifica su \u00abcompromiso [&hellip;]\" \/>\n<meta property=\"og:url\" content=\"https:\/\/www.eldiario.net\/portal\/2023\/02\/01\/productores-avicolas-garantizan-abastecimiento-de-pollo-y-huevos\/\" \/>\n<meta property=\"og:site_name\" content=\"El Diario - Bolivia\" \/>\n<meta property=\"article:publisher\" content=\"https:\/\/www.facebook.com\/eldiario.bolivia\/\" \/>\n<meta property=\"article:published_time\" content=\"2023-02-01T09:43:18+00:00\" \/>\n<meta name=\"author\" content=\"Jeanette\" \/>\n<meta name=\"twitter:card\" content=\"summary_large_image\" \/>\n<meta name=\"twitter:creator\" content=\"@eldiario_net\" \/>\n<meta name=\"twitter:site\" content=\"@eldiario_net\" \/>\n<meta name=\"twitter:label1\" content=\"Escrito por\" \/>\n\t<meta name=\"twitter:data1\" content=\"Jeanette\" \/>\n\t<meta name=\"twitter:label2\" content=\"Tiempo de lectura\" \/>\n\t<meta name=\"twitter:data2\" content=\"3 minutos\" \/>\n<script type=\"application\/ld+json\" class=\"yoast-schema-graph\">{\"@context\":\"https:\\\/\\\/schema.org\",\"@graph\":[{\"@type\":\"Article\",\"@id\":\"https:\\\/\\\/www.eldiario.net\\\/portal\\\/2023\\\/02\\\/01\\\/productores-avicolas-garantizan-abastecimiento-de-pollo-y-huevos\\\/#article\",\"isPartOf\":{\"@id\":\"https:\\\/\\\/www.eldiario.net\\\/portal\\\/2023\\\/02\\\/01\\\/productores-avicolas-garantizan-abastecimiento-de-pollo-y-huevos\\\/\"},\"author\":{\"name\":\"Jeanette\",\"@id\":\"https:\\\/\\\/www.eldiario.net\\\/portal\\\/#\\\/schema\\\/person\\\/2c57cf2b7a7ae032e449e4c9b1019eac\"},\"headline\":\"Productores av\u00edcolas garantizan abastecimiento de pollo y huevos\",\"datePublished\":\"2023-02-01T09:43:18+00:00\",\"mainEntityOfPage\":{\"@id\":\"https:\\\/\\\/www.eldiario.net\\\/portal\\\/2023\\\/02\\\/01\\\/productores-avicolas-garantizan-abastecimiento-de-pollo-y-huevos\\\/\"},\"wordCount\":512,\"publisher\":{\"@id\":\"https:\\\/\\\/www.eldiario.net\\\/portal\\\/#organization\"},\"image\":{\"@id\":\"https:\\\/\\\/www.eldiario.net\\\/portal\\\/2023\\\/02\\\/01\\\/productores-avicolas-garantizan-abastecimiento-de-pollo-y-huevos\\\/#primaryimage\"},\"thumbnailUrl\":\"\",\"articleSection\":[\"Econom\u00eda\"],\"inLanguage\":\"es\"},{\"@type\":\"WebPage\",\"@id\":\"https:\\\/\\\/www.eldiario.net\\\/portal\\\/2023\\\/02\\\/01\\\/productores-avicolas-garantizan-abastecimiento-de-pollo-y-huevos\\\/\",\"url\":\"https:\\\/\\\/www.eldiario.net\\\/portal\\\/2023\\\/02\\\/01\\\/productores-avicolas-garantizan-abastecimiento-de-pollo-y-huevos\\\/\",\"name\":\"Productores av\u00edcolas garantizan abastecimiento de pollo y huevos - El Diario - Bolivia\",\"isPartOf\":{\"@id\":\"https:\\\/\\\/www.eldiario.net\\\/portal\\\/#website\"},\"primaryImageOfPage\":{\"@id\":\"https:\\\/\\\/www.eldiario.net\\\/portal\\\/2023\\\/02\\\/01\\\/productores-avicolas-garantizan-abastecimiento-de-pollo-y-huevos\\\/#primaryimage\"},\"image\":{\"@id\":\"https:\\\/\\\/www.eldiario.net\\\/portal\\\/2023\\\/02\\\/01\\\/productores-avicolas-garantizan-abastecimiento-de-pollo-y-huevos\\\/#primaryimage\"},\"thumbnailUrl\":\"\",\"datePublished\":\"2023-02-01T09:43:18+00:00\",\"breadcrumb\":{\"@id\":\"https:\\\/\\\/www.eldiario.net\\\/portal\\\/2023\\\/02\\\/01\\\/productores-avicolas-garantizan-abastecimiento-de-pollo-y-huevos\\\/#breadcrumb\"},\"inLanguage\":\"es\",\"potentialAction\":[{\"@type\":\"ReadAction\",\"target\":[\"https:\\\/\\\/www.eldiario.net\\\/portal\\\/2023\\\/02\\\/01\\\/productores-avicolas-garantizan-abastecimiento-de-pollo-y-huevos\\\/\"]}]},{\"@type\":\"ImageObject\",\"inLanguage\":\"es\",\"@id\":\"https:\\\/\\\/www.eldiario.net\\\/portal\\\/2023\\\/02\\\/01\\\/productores-avicolas-garantizan-abastecimiento-de-pollo-y-huevos\\\/#primaryimage\",\"url\":\"\",\"contentUrl\":\"\"},{\"@type\":\"BreadcrumbList\",\"@id\":\"https:\\\/\\\/www.eldiario.net\\\/portal\\\/2023\\\/02\\\/01\\\/productores-avicolas-garantizan-abastecimiento-de-pollo-y-huevos\\\/#breadcrumb\",\"itemListElement\":[{\"@type\":\"ListItem\",\"position\":1,\"name\":\"Portada\",\"item\":\"https:\\\/\\\/www.eldiario.net\\\/portal\\\/\"},{\"@type\":\"ListItem\",\"position\":2,\"name\":\"Productores av\u00edcolas garantizan abastecimiento de pollo y huevos\"}]},{\"@type\":\"WebSite\",\"@id\":\"https:\\\/\\\/www.eldiario.net\\\/portal\\\/#website\",\"url\":\"https:\\\/\\\/www.eldiario.net\\\/portal\\\/\",\"name\":\"El Diario - Decano de la prensa nacional\",\"description\":\"El Diario - Decano de la prensa nacional\",\"publisher\":{\"@id\":\"https:\\\/\\\/www.eldiario.net\\\/portal\\\/#organization\"},\"potentialAction\":[{\"@type\":\"SearchAction\",\"target\":{\"@type\":\"EntryPoint\",\"urlTemplate\":\"https:\\\/\\\/www.eldiario.net\\\/portal\\\/?s={search_term_string}\"},\"query-input\":{\"@type\":\"PropertyValueSpecification\",\"valueRequired\":true,\"valueName\":\"search_term_string\"}}],\"inLanguage\":\"es\"},{\"@type\":\"Organization\",\"@id\":\"https:\\\/\\\/www.eldiario.net\\\/portal\\\/#organization\",\"name\":\"El Diario - Decano de la prensa nacional\",\"url\":\"https:\\\/\\\/www.eldiario.net\\\/portal\\\/\",\"logo\":{\"@type\":\"ImageObject\",\"inLanguage\":\"es\",\"@id\":\"https:\\\/\\\/www.eldiario.net\\\/portal\\\/#\\\/schema\\\/logo\\\/image\\\/\",\"url\":\"https:\\\/\\\/www.eldiario.net\\\/portal\\\/wp-content\\\/uploads\\\/2023\\\/07\\\/logo_ED.jpg\",\"contentUrl\":\"https:\\\/\\\/www.eldiario.net\\\/portal\\\/wp-content\\\/uploads\\\/2023\\\/07\\\/logo_ED.jpg\",\"width\":272,\"height\":52,\"caption\":\"El Diario - Decano de la prensa nacional\"},\"image\":{\"@id\":\"https:\\\/\\\/www.eldiario.net\\\/portal\\\/#\\\/schema\\\/logo\\\/image\\\/\"},\"sameAs\":[\"https:\\\/\\\/www.facebook.com\\\/eldiario.bolivia\\\/\",\"https:\\\/\\\/x.com\\\/eldiario_net\"]},{\"@type\":\"Person\",\"@id\":\"https:\\\/\\\/www.eldiario.net\\\/portal\\\/#\\\/schema\\\/person\\\/2c57cf2b7a7ae032e449e4c9b1019eac\",\"name\":\"Jeanette\",\"image\":{\"@type\":\"ImageObject\",\"inLanguage\":\"es\",\"@id\":\"https:\\\/\\\/secure.gravatar.com\\\/avatar\\\/3ea2118a5f7dad2b7138b1187a6b7ee55f160b9968b66013c3a3ef39dd7e5798?s=96&d=mm&r=g\",\"url\":\"https:\\\/\\\/secure.gravatar.com\\\/avatar\\\/3ea2118a5f7dad2b7138b1187a6b7ee55f160b9968b66013c3a3ef39dd7e5798?s=96&d=mm&r=g\",\"contentUrl\":\"https:\\\/\\\/secure.gravatar.com\\\/avatar\\\/3ea2118a5f7dad2b7138b1187a6b7ee55f160b9968b66013c3a3ef39dd7e5798?s=96&d=mm&r=g\",\"caption\":\"Jeanette\"},\"sameAs\":[\"https:\\\/\\\/www.eldiario.net\\\/portal\"],\"url\":\"https:\\\/\\\/www.eldiario.net\\\/portal\\\/author\\\/jeanette\\\/\"}]}<\/script>\n<!-- \/ Yoast SEO plugin. -->","yoast_head_json":{"title":"Productores av\u00edcolas garantizan abastecimiento de pollo y huevos - El Diario - Bolivia","robots":{"index":"index","follow":"follow","max-snippet":"max-snippet:-1","max-image-preview":"max-image-preview:large","max-video-preview":"max-video-preview:-1"},"canonical":"https:\/\/www.eldiario.net\/portal\/2023\/02\/01\/productores-avicolas-garantizan-abastecimiento-de-pollo-y-huevos\/","og_locale":"es_ES","og_type":"article","og_title":"Productores av\u00edcolas garantizan abastecimiento de pollo y huevos - El Diario - Bolivia","og_description":"La Asociaci\u00f3n de Productores Av\u00edcolas de Santa Cruz (ADA) garantiza abastecimiento de pollo y huevo al mercado nacional, con todas las medidas de seguridad, en un contexto del brote de gripe aviar en Cochabamba. A trav\u00e9s de un comunicado aseguran que tomaron las medidas correspondientes para la adecuada producci\u00f3n de alimentos. ADA ratifica su \u00abcompromiso [&hellip;]","og_url":"https:\/\/www.eldiario.net\/portal\/2023\/02\/01\/productores-avicolas-garantizan-abastecimiento-de-pollo-y-huevos\/","og_site_name":"El Diario - Bolivia","article_publisher":"https:\/\/www.facebook.com\/eldiario.bolivia\/","article_published_time":"2023-02-01T09:43:18+00:00","author":"Jeanette","twitter_card":"summary_large_image","twitter_creator":"@eldiario_net","twitter_site":"@eldiario_net","twitter_misc":{"Escrito por":"Jeanette","Tiempo de lectura":"3 minutos"},"schema":{"@context":"https:\/\/schema.org","@graph":[{"@type":"Article","@id":"https:\/\/www.eldiario.net\/portal\/2023\/02\/01\/productores-avicolas-garantizan-abastecimiento-de-pollo-y-huevos\/#article","isPartOf":{"@id":"https:\/\/www.eldiario.net\/portal\/2023\/02\/01\/productores-avicolas-garantizan-abastecimiento-de-pollo-y-huevos\/"},"author":{"name":"Jeanette","@id":"https:\/\/www.eldiario.net\/portal\/#\/schema\/person\/2c57cf2b7a7ae032e449e4c9b1019eac"},"headline":"Productores av\u00edcolas garantizan abastecimiento de pollo y huevos","datePublished":"2023-02-01T09:43:18+00:00","mainEntityOfPage":{"@id":"https:\/\/www.eldiario.net\/portal\/2023\/02\/01\/productores-avicolas-garantizan-abastecimiento-de-pollo-y-huevos\/"},"wordCount":512,"publisher":{"@id":"https:\/\/www.eldiario.net\/portal\/#organization"},"image":{"@id":"https:\/\/www.eldiario.net\/portal\/2023\/02\/01\/productores-avicolas-garantizan-abastecimiento-de-pollo-y-huevos\/#primaryimage"},"thumbnailUrl":"","articleSection":["Econom\u00eda"],"inLanguage":"es"},{"@type":"WebPage","@id":"https:\/\/www.eldiario.net\/portal\/2023\/02\/01\/productores-avicolas-garantizan-abastecimiento-de-pollo-y-huevos\/","url":"https:\/\/www.eldiario.net\/portal\/2023\/02\/01\/productores-avicolas-garantizan-abastecimiento-de-pollo-y-huevos\/","name":"Productores av\u00edcolas garantizan abastecimiento de pollo y huevos - El Diario - Bolivia","isPartOf":{"@id":"https:\/\/www.eldiario.net\/portal\/#website"},"primaryImageOfPage":{"@id":"https:\/\/www.eldiario.net\/portal\/2023\/02\/01\/productores-avicolas-garantizan-abastecimiento-de-pollo-y-huevos\/#primaryimage"},"image":{"@id":"https:\/\/www.eldiario.net\/portal\/2023\/02\/01\/productores-avicolas-garantizan-abastecimiento-de-pollo-y-huevos\/#primaryimage"},"thumbnailUrl":"","datePublished":"2023-02-01T09:43:18+00:00","breadcrumb":{"@id":"https:\/\/www.eldiario.net\/portal\/2023\/02\/01\/productores-avicolas-garantizan-abastecimiento-de-pollo-y-huevos\/#breadcrumb"},"inLanguage":"es","potentialAction":[{"@type":"ReadAction","target":["https:\/\/www.eldiario.net\/portal\/2023\/02\/01\/productores-avicolas-garantizan-abastecimiento-de-pollo-y-huevos\/"]}]},{"@type":"ImageObject","inLanguage":"es","@id":"https:\/\/www.eldiario.net\/portal\/2023\/02\/01\/productores-avicolas-garantizan-abastecimiento-de-pollo-y-huevos\/#primaryimage","url":"","contentUrl":""},{"@type":"BreadcrumbList","@id":"https:\/\/www.eldiario.net\/portal\/2023\/02\/01\/productores-avicolas-garantizan-abastecimiento-de-pollo-y-huevos\/#breadcrumb","itemListElement":[{"@type":"ListItem","position":1,"name":"Portada","item":"https:\/\/www.eldiario.net\/portal\/"},{"@type":"ListItem","position":2,"name":"Productores av\u00edcolas garantizan abastecimiento de pollo y huevos"}]},{"@type":"WebSite","@id":"https:\/\/www.eldiario.net\/portal\/#website","url":"https:\/\/www.eldiario.net\/portal\/","name":"El Diario - Decano de la prensa nacional","description":"El Diario - Decano de la prensa nacional","publisher":{"@id":"https:\/\/www.eldiario.net\/portal\/#organization"},"potentialAction":[{"@type":"SearchAction","target":{"@type":"EntryPoint","urlTemplate":"https:\/\/www.eldiario.net\/portal\/?s={search_term_string}"},"query-input":{"@type":"PropertyValueSpecification","valueRequired":true,"valueName":"search_term_string"}}],"inLanguage":"es"},{"@type":"Organization","@id":"https:\/\/www.eldiario.net\/portal\/#organization","name":"El Diario - Decano de la prensa nacional","url":"https:\/\/www.eldiario.net\/portal\/","logo":{"@type":"ImageObject","inLanguage":"es","@id":"https:\/\/www.eldiario.net\/portal\/#\/schema\/logo\/image\/","url":"https:\/\/www.eldiario.net\/portal\/wp-content\/uploads\/2023\/07\/logo_ED.jpg","contentUrl":"https:\/\/www.eldiario.net\/portal\/wp-content\/uploads\/2023\/07\/logo_ED.jpg","width":272,"height":52,"caption":"El Diario - Decano de la prensa nacional"},"image":{"@id":"https:\/\/www.eldiario.net\/portal\/#\/schema\/logo\/image\/"},"sameAs":["https:\/\/www.facebook.com\/eldiario.bolivia\/","https:\/\/x.com\/eldiario_net"]},{"@type":"Person","@id":"https:\/\/www.eldiario.net\/portal\/#\/schema\/person\/2c57cf2b7a7ae032e449e4c9b1019eac","name":"Jeanette","image":{"@type":"ImageObject","inLanguage":"es","@id":"https:\/\/secure.gravatar.com\/avatar\/3ea2118a5f7dad2b7138b1187a6b7ee55f160b9968b66013c3a3ef39dd7e5798?s=96&d=mm&r=g","url":"https:\/\/secure.gravatar.com\/avatar\/3ea2118a5f7dad2b7138b1187a6b7ee55f160b9968b66013c3a3ef39dd7e5798?s=96&d=mm&r=g","contentUrl":"https:\/\/secure.gravatar.com\/avatar\/3ea2118a5f7dad2b7138b1187a6b7ee55f160b9968b66013c3a3ef39dd7e5798?s=96&d=mm&r=g","caption":"Jeanette"},"sameAs":["https:\/\/www.eldiario.net\/portal"],"url":"https:\/\/www.eldiario.net\/portal\/author\/jeanette\/"}]}},"_links":{"self":[{"href":"https:\/\/www.eldiario.net\/portal\/wp-json\/wp\/v2\/posts\/135941","targetHints":{"allow":["GET"]}}],"collection":[{"href":"https:\/\/www.eldiario.net\/portal\/wp-json\/wp\/v2\/posts"}],"about":[{"href":"https:\/\/www.eldiario.net\/portal\/wp-json\/wp\/v2\/types\/post"}],"author":[{"embeddable":true,"href":"https:\/\/www.eldiario.net\/portal\/wp-json\/wp\/v2\/users\/1"}],"replies":[{"embeddable":true,"href":"https:\/\/www.eldiario.net\/portal\/wp-json\/wp\/v2\/comments?post=135941"}],"version-history":[{"count":0,"href":"https:\/\/www.eldiario.net\/portal\/wp-json\/wp\/v2\/posts\/135941\/revisions"}],"wp:attachment":[{"href":"https:\/\/www.eldiario.net\/portal\/wp-json\/wp\/v2\/media?parent=135941"}],"wp:term":[{"taxonomy":"category","embeddable":true,"href":"https:\/\/www.eldiario.net\/portal\/wp-json\/wp\/v2\/categories?post=135941"},{"taxonomy":"post_tag","embeddable":true,"href":"https:\/\/www.eldiario.net\/portal\/wp-json\/wp\/v2\/tags?post=135941"}],"curies":[{"name":"wp","href":"https:\/\/api.w.org\/{rel}","templated":true}]}}