{"id":135683,"date":"2023-01-30T06:41:16","date_gmt":"2023-01-30T10:41:16","guid":{"rendered":"https:\/\/www.eldiario.net\/portal\/?p=135683"},"modified":"2023-01-30T06:41:16","modified_gmt":"2023-01-30T10:41:16","slug":"que-paso-con-las-obras-de-arte-creadas-con-nft","status":"publish","type":"post","link":"https:\/\/www.eldiario.net\/portal\/2023\/01\/30\/que-paso-con-las-obras-de-arte-creadas-con-nft\/","title":{"rendered":"\u00bfQu\u00e9 pas\u00f3 con las obras de arte creadas con NFT?"},"content":{"rendered":"<p>La presencia de los NFT en los medios de comunicaci\u00f3n vivi\u00f3 su momento \u00e1lgido a finales de 2021. Especialistas en la esfera cripto, j\u00f3venes inversores, especuladores y algunos famosos se subieron al carro para conseguir esas piezas de colecci\u00f3n digitales (cromos, dibujos, GIF, etc.), pero hoy apenas se habla de los NFT.<br \/>\nDe acuerdo a la plataforma especializada en Web3 y NFT DappRadar, el mercado de los NFT gener\u00f3 un movimiento de cerca de 23.000 millones de d\u00f3lares en 2022. No obstante, el volumen de operaciones fue decayendo en la segunda mitad del a\u00f1o y el valor de estos activos digitales cay\u00f3 notablemente, a medida que la inflaci\u00f3n y las altas tasas de inter\u00e9s empezaron a enfriar la econom\u00eda mundial.<br \/>\nEl mejor ejemplo de la situaci\u00f3n actual de los NFT lo encarna la colecci\u00f3n Bored Ape Yacht Club. Esta serie de dibujos de monos generada por un algoritmo se convirti\u00f3 en la colecci\u00f3n de NFT m\u00e1s deseada, y figuras p\u00fablicas como Justin Bieber, Paris Hilton o Neymar se convirtieron en due\u00f1os de estos avatares. En el caso de Bieber lleg\u00f3 a pagar m\u00e1s de un mill\u00f3n de euros por una imagen que costaba cinco veces menos.<br \/>\nUn a\u00f1o despu\u00e9s de aquella compra, el volumen de ventas de estos simios ha ca\u00eddo notablemente. La devaluaci\u00f3n del 46% del Ethereum en 2022, la criptomoneda en la que se adquieren estos NFT, y la salida de una gran cantidad de compradores que s\u00f3lo entraron al mercado con fines especulativos ha hecho que el nivel de actividad decaiga notablemente-<br \/>\nLa estimaci\u00f3n que manejan las principales webs especializadas en la esfera cripto y los NFT es que la ca\u00edda de este mercado ronda el 90%. Muchos de los inversores que se lanzaron a adquirir NFT en sus momentos de auge no lo hac\u00eda por la utilidad intr\u00ednseca de estos activos ni por el apoyo a un artista, sino por conseguir un beneficio econ\u00f3mico alto e inmediato.<br \/>\nLa devaluaci\u00f3n generalizada de las criptomonedas (el bitcoin tambi\u00e9n cay\u00f3 un 46% el \u00faltimo a\u00f1o) ha ayudado a que estos especuladores abandonen el barco de los NFT, dando paso a un mercado m\u00e1s maduro, seg\u00fan la consultora Activate. El perfil de los inversores en NFT actual no busca tanto el r\u00e9dito econ\u00f3mico, sino utilizarlos como una herramienta para construir comunidades. Aunque el mercado de los NFT no tenga las cotas de actividad del pasado, esto no implica que su desaparici\u00f3n est\u00e9 cerca. Cada vez son m\u00e1s las empresas que buscan otorgar a estos activos digitales exclusivos una utilidad real, como Starbucks, que ha creado su colecci\u00f3n Starbucks Odyssey, una serie de cromos digitales que conceden a sus due\u00f1os acceso a experiencias personalizadas y recompensas en de sus cafeter\u00edas. Otra vertiente en la que los NFT pueden tener un futuro mucho m\u00e1s estable y \u00fatil para la sociedad son los certificados: t\u00edtulos acad\u00e9micos, patentes, etc.<\/p>\n","protected":false},"excerpt":{"rendered":"<p>La presencia de los NFT en los medios de comunicaci\u00f3n vivi\u00f3 su momento \u00e1lgido a finales de 2021. Especialistas en la esfera cripto, j\u00f3venes inversores, especuladores y algunos famosos se subieron al carro para conseguir esas piezas de colecci\u00f3n digitales (cromos, dibujos, GIF, etc.), pero hoy apenas se habla de los NFT. De acuerdo a [&hellip;]<\/p>\n","protected":false},"author":1,"featured_media":135684,"comment_status":"closed","ping_status":"closed","sticky":false,"template":"","format":"standard","meta":{"_acf_changed":false,"footnotes":""},"categories":[46],"tags":[],"class_list":["post-135683","post","type-post","status-publish","format-standard","has-post-thumbnail","category-ciencia-computacion"],"acf":{"antetitulo":""},"yoast_head":"<!-- This site is optimized with the Yoast SEO plugin v28.3 - https:\/\/yoast.com\/product\/yoast-seo-wordpress\/ -->\n<title>\u00bfQu\u00e9 pas\u00f3 con las obras de arte creadas con NFT? - El Diario - Bolivia<\/title>\n<meta name=\"robots\" content=\"index, follow, max-snippet:-1, max-image-preview:large, max-video-preview:-1\" \/>\n<link rel=\"canonical\" href=\"https:\/\/www.eldiario.net\/portal\/2023\/01\/30\/que-paso-con-las-obras-de-arte-creadas-con-nft\/\" \/>\n<meta property=\"og:locale\" content=\"es_ES\" \/>\n<meta property=\"og:type\" content=\"article\" \/>\n<meta property=\"og:title\" content=\"\u00bfQu\u00e9 pas\u00f3 con las obras de arte creadas con NFT? - El Diario - Bolivia\" \/>\n<meta property=\"og:description\" content=\"La presencia de los NFT en los medios de comunicaci\u00f3n vivi\u00f3 su momento \u00e1lgido a finales de 2021. Especialistas en la esfera cripto, j\u00f3venes inversores, especuladores y algunos famosos se subieron al carro para conseguir esas piezas de colecci\u00f3n digitales (cromos, dibujos, GIF, etc.), pero hoy apenas se habla de los NFT. De acuerdo a [&hellip;]\" \/>\n<meta property=\"og:url\" content=\"https:\/\/www.eldiario.net\/portal\/2023\/01\/30\/que-paso-con-las-obras-de-arte-creadas-con-nft\/\" \/>\n<meta property=\"og:site_name\" content=\"El Diario - Bolivia\" \/>\n<meta property=\"article:publisher\" content=\"https:\/\/www.facebook.com\/eldiario.bolivia\/\" \/>\n<meta property=\"article:published_time\" content=\"2023-01-30T10:41:16+00:00\" \/>\n<meta name=\"author\" content=\"Jeanette\" \/>\n<meta name=\"twitter:card\" content=\"summary_large_image\" \/>\n<meta name=\"twitter:creator\" content=\"@eldiario_net\" \/>\n<meta name=\"twitter:site\" content=\"@eldiario_net\" \/>\n<meta name=\"twitter:label1\" content=\"Escrito por\" \/>\n\t<meta name=\"twitter:data1\" content=\"Jeanette\" \/>\n\t<meta name=\"twitter:label2\" content=\"Tiempo de lectura\" \/>\n\t<meta name=\"twitter:data2\" content=\"3 minutos\" \/>\n<script type=\"application\/ld+json\" class=\"yoast-schema-graph\">{\"@context\":\"https:\\\/\\\/schema.org\",\"@graph\":[{\"@type\":\"Article\",\"@id\":\"https:\\\/\\\/www.eldiario.net\\\/portal\\\/2023\\\/01\\\/30\\\/que-paso-con-las-obras-de-arte-creadas-con-nft\\\/#article\",\"isPartOf\":{\"@id\":\"https:\\\/\\\/www.eldiario.net\\\/portal\\\/2023\\\/01\\\/30\\\/que-paso-con-las-obras-de-arte-creadas-con-nft\\\/\"},\"author\":{\"name\":\"Jeanette\",\"@id\":\"https:\\\/\\\/www.eldiario.net\\\/portal\\\/#\\\/schema\\\/person\\\/f46445640444750d7d753ccd04ae01b7\"},\"headline\":\"\u00bfQu\u00e9 pas\u00f3 con las obras de arte creadas con NFT?\",\"datePublished\":\"2023-01-30T10:41:16+00:00\",\"mainEntityOfPage\":{\"@id\":\"https:\\\/\\\/www.eldiario.net\\\/portal\\\/2023\\\/01\\\/30\\\/que-paso-con-las-obras-de-arte-creadas-con-nft\\\/\"},\"wordCount\":519,\"publisher\":{\"@id\":\"https:\\\/\\\/www.eldiario.net\\\/portal\\\/#organization\"},\"image\":{\"@id\":\"https:\\\/\\\/www.eldiario.net\\\/portal\\\/2023\\\/01\\\/30\\\/que-paso-con-las-obras-de-arte-creadas-con-nft\\\/#primaryimage\"},\"thumbnailUrl\":\"\",\"articleSection\":[\"Ciencia y Computaci\u00f3n\"],\"inLanguage\":\"es\"},{\"@type\":\"WebPage\",\"@id\":\"https:\\\/\\\/www.eldiario.net\\\/portal\\\/2023\\\/01\\\/30\\\/que-paso-con-las-obras-de-arte-creadas-con-nft\\\/\",\"url\":\"https:\\\/\\\/www.eldiario.net\\\/portal\\\/2023\\\/01\\\/30\\\/que-paso-con-las-obras-de-arte-creadas-con-nft\\\/\",\"name\":\"\u00bfQu\u00e9 pas\u00f3 con las obras de arte creadas con NFT? - El Diario - Bolivia\",\"isPartOf\":{\"@id\":\"https:\\\/\\\/www.eldiario.net\\\/portal\\\/#website\"},\"primaryImageOfPage\":{\"@id\":\"https:\\\/\\\/www.eldiario.net\\\/portal\\\/2023\\\/01\\\/30\\\/que-paso-con-las-obras-de-arte-creadas-con-nft\\\/#primaryimage\"},\"image\":{\"@id\":\"https:\\\/\\\/www.eldiario.net\\\/portal\\\/2023\\\/01\\\/30\\\/que-paso-con-las-obras-de-arte-creadas-con-nft\\\/#primaryimage\"},\"thumbnailUrl\":\"\",\"datePublished\":\"2023-01-30T10:41:16+00:00\",\"breadcrumb\":{\"@id\":\"https:\\\/\\\/www.eldiario.net\\\/portal\\\/2023\\\/01\\\/30\\\/que-paso-con-las-obras-de-arte-creadas-con-nft\\\/#breadcrumb\"},\"inLanguage\":\"es\",\"potentialAction\":[{\"@type\":\"ReadAction\",\"target\":[\"https:\\\/\\\/www.eldiario.net\\\/portal\\\/2023\\\/01\\\/30\\\/que-paso-con-las-obras-de-arte-creadas-con-nft\\\/\"]}]},{\"@type\":\"ImageObject\",\"inLanguage\":\"es\",\"@id\":\"https:\\\/\\\/www.eldiario.net\\\/portal\\\/2023\\\/01\\\/30\\\/que-paso-con-las-obras-de-arte-creadas-con-nft\\\/#primaryimage\",\"url\":\"\",\"contentUrl\":\"\"},{\"@type\":\"BreadcrumbList\",\"@id\":\"https:\\\/\\\/www.eldiario.net\\\/portal\\\/2023\\\/01\\\/30\\\/que-paso-con-las-obras-de-arte-creadas-con-nft\\\/#breadcrumb\",\"itemListElement\":[{\"@type\":\"ListItem\",\"position\":1,\"name\":\"Portada\",\"item\":\"https:\\\/\\\/www.eldiario.net\\\/portal\\\/\"},{\"@type\":\"ListItem\",\"position\":2,\"name\":\"\u00bfQu\u00e9 pas\u00f3 con las obras de arte creadas con NFT?\"}]},{\"@type\":\"WebSite\",\"@id\":\"https:\\\/\\\/www.eldiario.net\\\/portal\\\/#website\",\"url\":\"https:\\\/\\\/www.eldiario.net\\\/portal\\\/\",\"name\":\"El Diario - Decano de la prensa nacional\",\"description\":\"El Diario - Decano de la prensa nacional\",\"publisher\":{\"@id\":\"https:\\\/\\\/www.eldiario.net\\\/portal\\\/#organization\"},\"potentialAction\":[{\"@type\":\"SearchAction\",\"target\":{\"@type\":\"EntryPoint\",\"urlTemplate\":\"https:\\\/\\\/www.eldiario.net\\\/portal\\\/?s={search_term_string}\"},\"query-input\":{\"@type\":\"PropertyValueSpecification\",\"valueRequired\":true,\"valueName\":\"search_term_string\"}}],\"inLanguage\":\"es\"},{\"@type\":\"Organization\",\"@id\":\"https:\\\/\\\/www.eldiario.net\\\/portal\\\/#organization\",\"name\":\"El Diario - Decano de la prensa nacional\",\"url\":\"https:\\\/\\\/www.eldiario.net\\\/portal\\\/\",\"logo\":{\"@type\":\"ImageObject\",\"inLanguage\":\"es\",\"@id\":\"https:\\\/\\\/www.eldiario.net\\\/portal\\\/#\\\/schema\\\/logo\\\/image\\\/\",\"url\":\"https:\\\/\\\/www.eldiario.net\\\/portal\\\/wp-content\\\/uploads\\\/2023\\\/07\\\/logo_ED.jpg\",\"contentUrl\":\"https:\\\/\\\/www.eldiario.net\\\/portal\\\/wp-content\\\/uploads\\\/2023\\\/07\\\/logo_ED.jpg\",\"width\":272,\"height\":52,\"caption\":\"El Diario - Decano de la prensa nacional\"},\"image\":{\"@id\":\"https:\\\/\\\/www.eldiario.net\\\/portal\\\/#\\\/schema\\\/logo\\\/image\\\/\"},\"sameAs\":[\"https:\\\/\\\/www.facebook.com\\\/eldiario.bolivia\\\/\",\"https:\\\/\\\/x.com\\\/eldiario_net\"]},{\"@type\":\"Person\",\"@id\":\"https:\\\/\\\/www.eldiario.net\\\/portal\\\/#\\\/schema\\\/person\\\/f46445640444750d7d753ccd04ae01b7\",\"name\":\"Jeanette\",\"image\":{\"@type\":\"ImageObject\",\"inLanguage\":\"es\",\"@id\":\"https:\\\/\\\/secure.gravatar.com\\\/avatar\\\/3ea2118a5f7dad2b7138b1187a6b7ee55f160b9968b66013c3a3ef39dd7e5798?s=96&d=mm&r=g\",\"url\":\"https:\\\/\\\/secure.gravatar.com\\\/avatar\\\/3ea2118a5f7dad2b7138b1187a6b7ee55f160b9968b66013c3a3ef39dd7e5798?s=96&d=mm&r=g\",\"contentUrl\":\"https:\\\/\\\/secure.gravatar.com\\\/avatar\\\/3ea2118a5f7dad2b7138b1187a6b7ee55f160b9968b66013c3a3ef39dd7e5798?s=96&d=mm&r=g\",\"caption\":\"Jeanette\"},\"sameAs\":[\"https:\\\/\\\/www.eldiario.net\\\/portal\"],\"url\":\"https:\\\/\\\/www.eldiario.net\\\/portal\\\/author\\\/jeanette\\\/\"}]}<\/script>\n<!-- \/ Yoast SEO plugin. -->","yoast_head_json":{"title":"\u00bfQu\u00e9 pas\u00f3 con las obras de arte creadas con NFT? - El Diario - Bolivia","robots":{"index":"index","follow":"follow","max-snippet":"max-snippet:-1","max-image-preview":"max-image-preview:large","max-video-preview":"max-video-preview:-1"},"canonical":"https:\/\/www.eldiario.net\/portal\/2023\/01\/30\/que-paso-con-las-obras-de-arte-creadas-con-nft\/","og_locale":"es_ES","og_type":"article","og_title":"\u00bfQu\u00e9 pas\u00f3 con las obras de arte creadas con NFT? - El Diario - Bolivia","og_description":"La presencia de los NFT en los medios de comunicaci\u00f3n vivi\u00f3 su momento \u00e1lgido a finales de 2021. Especialistas en la esfera cripto, j\u00f3venes inversores, especuladores y algunos famosos se subieron al carro para conseguir esas piezas de colecci\u00f3n digitales (cromos, dibujos, GIF, etc.), pero hoy apenas se habla de los NFT. De acuerdo a [&hellip;]","og_url":"https:\/\/www.eldiario.net\/portal\/2023\/01\/30\/que-paso-con-las-obras-de-arte-creadas-con-nft\/","og_site_name":"El Diario - Bolivia","article_publisher":"https:\/\/www.facebook.com\/eldiario.bolivia\/","article_published_time":"2023-01-30T10:41:16+00:00","author":"Jeanette","twitter_card":"summary_large_image","twitter_creator":"@eldiario_net","twitter_site":"@eldiario_net","twitter_misc":{"Escrito por":"Jeanette","Tiempo de lectura":"3 minutos"},"schema":{"@context":"https:\/\/schema.org","@graph":[{"@type":"Article","@id":"https:\/\/www.eldiario.net\/portal\/2023\/01\/30\/que-paso-con-las-obras-de-arte-creadas-con-nft\/#article","isPartOf":{"@id":"https:\/\/www.eldiario.net\/portal\/2023\/01\/30\/que-paso-con-las-obras-de-arte-creadas-con-nft\/"},"author":{"name":"Jeanette","@id":"https:\/\/www.eldiario.net\/portal\/#\/schema\/person\/f46445640444750d7d753ccd04ae01b7"},"headline":"\u00bfQu\u00e9 pas\u00f3 con las obras de arte creadas con NFT?","datePublished":"2023-01-30T10:41:16+00:00","mainEntityOfPage":{"@id":"https:\/\/www.eldiario.net\/portal\/2023\/01\/30\/que-paso-con-las-obras-de-arte-creadas-con-nft\/"},"wordCount":519,"publisher":{"@id":"https:\/\/www.eldiario.net\/portal\/#organization"},"image":{"@id":"https:\/\/www.eldiario.net\/portal\/2023\/01\/30\/que-paso-con-las-obras-de-arte-creadas-con-nft\/#primaryimage"},"thumbnailUrl":"","articleSection":["Ciencia y Computaci\u00f3n"],"inLanguage":"es"},{"@type":"WebPage","@id":"https:\/\/www.eldiario.net\/portal\/2023\/01\/30\/que-paso-con-las-obras-de-arte-creadas-con-nft\/","url":"https:\/\/www.eldiario.net\/portal\/2023\/01\/30\/que-paso-con-las-obras-de-arte-creadas-con-nft\/","name":"\u00bfQu\u00e9 pas\u00f3 con las obras de arte creadas con NFT? - El Diario - Bolivia","isPartOf":{"@id":"https:\/\/www.eldiario.net\/portal\/#website"},"primaryImageOfPage":{"@id":"https:\/\/www.eldiario.net\/portal\/2023\/01\/30\/que-paso-con-las-obras-de-arte-creadas-con-nft\/#primaryimage"},"image":{"@id":"https:\/\/www.eldiario.net\/portal\/2023\/01\/30\/que-paso-con-las-obras-de-arte-creadas-con-nft\/#primaryimage"},"thumbnailUrl":"","datePublished":"2023-01-30T10:41:16+00:00","breadcrumb":{"@id":"https:\/\/www.eldiario.net\/portal\/2023\/01\/30\/que-paso-con-las-obras-de-arte-creadas-con-nft\/#breadcrumb"},"inLanguage":"es","potentialAction":[{"@type":"ReadAction","target":["https:\/\/www.eldiario.net\/portal\/2023\/01\/30\/que-paso-con-las-obras-de-arte-creadas-con-nft\/"]}]},{"@type":"ImageObject","inLanguage":"es","@id":"https:\/\/www.eldiario.net\/portal\/2023\/01\/30\/que-paso-con-las-obras-de-arte-creadas-con-nft\/#primaryimage","url":"","contentUrl":""},{"@type":"BreadcrumbList","@id":"https:\/\/www.eldiario.net\/portal\/2023\/01\/30\/que-paso-con-las-obras-de-arte-creadas-con-nft\/#breadcrumb","itemListElement":[{"@type":"ListItem","position":1,"name":"Portada","item":"https:\/\/www.eldiario.net\/portal\/"},{"@type":"ListItem","position":2,"name":"\u00bfQu\u00e9 pas\u00f3 con las obras de arte creadas con NFT?"}]},{"@type":"WebSite","@id":"https:\/\/www.eldiario.net\/portal\/#website","url":"https:\/\/www.eldiario.net\/portal\/","name":"El Diario - Decano de la prensa nacional","description":"El Diario - Decano de la prensa nacional","publisher":{"@id":"https:\/\/www.eldiario.net\/portal\/#organization"},"potentialAction":[{"@type":"SearchAction","target":{"@type":"EntryPoint","urlTemplate":"https:\/\/www.eldiario.net\/portal\/?s={search_term_string}"},"query-input":{"@type":"PropertyValueSpecification","valueRequired":true,"valueName":"search_term_string"}}],"inLanguage":"es"},{"@type":"Organization","@id":"https:\/\/www.eldiario.net\/portal\/#organization","name":"El Diario - Decano de la prensa nacional","url":"https:\/\/www.eldiario.net\/portal\/","logo":{"@type":"ImageObject","inLanguage":"es","@id":"https:\/\/www.eldiario.net\/portal\/#\/schema\/logo\/image\/","url":"https:\/\/www.eldiario.net\/portal\/wp-content\/uploads\/2023\/07\/logo_ED.jpg","contentUrl":"https:\/\/www.eldiario.net\/portal\/wp-content\/uploads\/2023\/07\/logo_ED.jpg","width":272,"height":52,"caption":"El Diario - Decano de la prensa nacional"},"image":{"@id":"https:\/\/www.eldiario.net\/portal\/#\/schema\/logo\/image\/"},"sameAs":["https:\/\/www.facebook.com\/eldiario.bolivia\/","https:\/\/x.com\/eldiario_net"]},{"@type":"Person","@id":"https:\/\/www.eldiario.net\/portal\/#\/schema\/person\/f46445640444750d7d753ccd04ae01b7","name":"Jeanette","image":{"@type":"ImageObject","inLanguage":"es","@id":"https:\/\/secure.gravatar.com\/avatar\/3ea2118a5f7dad2b7138b1187a6b7ee55f160b9968b66013c3a3ef39dd7e5798?s=96&d=mm&r=g","url":"https:\/\/secure.gravatar.com\/avatar\/3ea2118a5f7dad2b7138b1187a6b7ee55f160b9968b66013c3a3ef39dd7e5798?s=96&d=mm&r=g","contentUrl":"https:\/\/secure.gravatar.com\/avatar\/3ea2118a5f7dad2b7138b1187a6b7ee55f160b9968b66013c3a3ef39dd7e5798?s=96&d=mm&r=g","caption":"Jeanette"},"sameAs":["https:\/\/www.eldiario.net\/portal"],"url":"https:\/\/www.eldiario.net\/portal\/author\/jeanette\/"}]}},"_links":{"self":[{"href":"https:\/\/www.eldiario.net\/portal\/wp-json\/wp\/v2\/posts\/135683","targetHints":{"allow":["GET"]}}],"collection":[{"href":"https:\/\/www.eldiario.net\/portal\/wp-json\/wp\/v2\/posts"}],"about":[{"href":"https:\/\/www.eldiario.net\/portal\/wp-json\/wp\/v2\/types\/post"}],"author":[{"embeddable":true,"href":"https:\/\/www.eldiario.net\/portal\/wp-json\/wp\/v2\/users\/1"}],"replies":[{"embeddable":true,"href":"https:\/\/www.eldiario.net\/portal\/wp-json\/wp\/v2\/comments?post=135683"}],"version-history":[{"count":0,"href":"https:\/\/www.eldiario.net\/portal\/wp-json\/wp\/v2\/posts\/135683\/revisions"}],"wp:attachment":[{"href":"https:\/\/www.eldiario.net\/portal\/wp-json\/wp\/v2\/media?parent=135683"}],"wp:term":[{"taxonomy":"category","embeddable":true,"href":"https:\/\/www.eldiario.net\/portal\/wp-json\/wp\/v2\/categories?post=135683"},{"taxonomy":"post_tag","embeddable":true,"href":"https:\/\/www.eldiario.net\/portal\/wp-json\/wp\/v2\/tags?post=135683"}],"curies":[{"name":"wp","href":"https:\/\/api.w.org\/{rel}","templated":true}]}}