{"id":135670,"date":"2023-01-30T06:38:43","date_gmt":"2023-01-30T10:38:43","guid":{"rendered":"https:\/\/www.eldiario.net\/portal\/?p=135670"},"modified":"2023-01-30T06:38:43","modified_gmt":"2023-01-30T10:38:43","slug":"los-grandes-pacenos-mostraron-sus-cartas","status":"publish","type":"post","link":"https:\/\/www.eldiario.net\/portal\/2023\/01\/30\/los-grandes-pacenos-mostraron-sus-cartas\/","title":{"rendered":"Los grandes pace\u00f1os mostraron sus cartas"},"content":{"rendered":"<p>Ayer, los dos grandes del f\u00fatbol pace\u00f1o, presentaron ante la afici\u00f3n a sus equipos para el 2023.<br \/>\nEn una suerte de qui\u00e9n organizaba mejor la fiesta, por un lado, The Strongest hizo un despliegue musical y de fuegos artificiales antes de la exhibici\u00f3n de su primer plantel en Achumani.<br \/>\nHubo estreno de canci\u00f3n en la voz de Wally Zeballos, quien interpret\u00f3 \u00abSaca la Garra\u00bb, una composici\u00f3n dedicada al \u00abaurinegro\u00bb de este 2023.<br \/>\nEn la oportunidad tambi\u00e9n se mostraron las camisetas oficiales y alternas que lucir\u00e1 el \u00abTigre\u00bb en el campeonato de la Divisi\u00f3n Profesional que est\u00e1 a una semana de iniciar.<br \/>\nNo falt\u00f3 espacio para el equipo femenino que pos\u00f3 para las fotograf\u00edas, tambi\u00e9n con las nuevas camisetas. El primer equipo, fue recibido con un banderazo y ovaci\u00f3n de su parcialidad. La fiesta se complet\u00f3 con una victoria en el amistoso ante Nacional Potos\u00ed.<br \/>\nPor otro lado, Bol\u00edvar no qued\u00f3 chico con la presentaci\u00f3n de sus jugadores para este a\u00f1o. M\u00e1s de 8.000 espectadores coparon las tribunas del estadio \u00abHernando Siles\u00bb para vivir una \u201cTarde Celeste\u201d. El nuevo plantel tuvo una recepci\u00f3n espectacular desde las calles adyacentes al campo de juego. Luego, los jugadores fueron anunciados uno a uno a su hinchada, que ovacion\u00f3 con banderas, bullicio, c\u00e1nticos y fuegos artificiales.<br \/>\nEl momento m\u00e1s emocionante fue cuando los futbolistas junto a su t\u00e9cnico, pasearon por el pasillo de trofeos. Un espacio construido sobre el gramado y demarcado por 30 trofeos que hacen a la historia de los celestes.<br \/>\nDespu\u00e9s llegaron hasta el centro de la cancha para tomarse la fotograf\u00eda oficial y dar inicio al partido amistoso frente a Moragas de Venezuela, cuyo resultado fue una contundente goleada de la \u201cAcademia\u201d.<br \/>\nEn la primera fecha del torneo de la Divisi\u00f3n Profesional del F\u00fatbol Boliviano, The Strongest recibir\u00e1 en La Paz a la \u201cU\u201d de Vinto, mientras que Bol\u00edvar visitar\u00e1 a Guabir\u00e1 en Montero (Santa Cruz). El primer cl\u00e1sico del 2023 ser\u00e1 disputado el viernes 17 de febrero.<\/p>\n<p><strong>Ghilka Sanabria<\/strong><\/p>\n","protected":false},"excerpt":{"rendered":"<p>Ayer, los dos grandes del f\u00fatbol pace\u00f1o, presentaron ante la afici\u00f3n a sus equipos para el 2023. En una suerte de qui\u00e9n organizaba mejor la fiesta, por un lado, The Strongest hizo un despliegue musical y de fuegos artificiales antes de la exhibici\u00f3n de su primer plantel en Achumani. Hubo estreno de canci\u00f3n en la [&hellip;]<\/p>\n","protected":false},"author":1,"featured_media":135671,"comment_status":"closed","ping_status":"closed","sticky":false,"template":"","format":"standard","meta":{"_acf_changed":false,"footnotes":""},"categories":[6],"tags":[],"class_list":["post-135670","post","type-post","status-publish","format-standard","has-post-thumbnail","category-deportes"],"acf":{"antetitulo":""},"yoast_head":"<!-- This site is optimized with the Yoast SEO plugin v28.3 - https:\/\/yoast.com\/product\/yoast-seo-wordpress\/ -->\n<title>Los grandes pace\u00f1os mostraron sus cartas - El Diario - Bolivia<\/title>\n<meta name=\"robots\" content=\"index, follow, max-snippet:-1, max-image-preview:large, max-video-preview:-1\" \/>\n<link rel=\"canonical\" href=\"https:\/\/www.eldiario.net\/portal\/2023\/01\/30\/los-grandes-pacenos-mostraron-sus-cartas\/\" \/>\n<meta property=\"og:locale\" content=\"es_ES\" \/>\n<meta property=\"og:type\" content=\"article\" \/>\n<meta property=\"og:title\" content=\"Los grandes pace\u00f1os mostraron sus cartas - El Diario - Bolivia\" \/>\n<meta property=\"og:description\" content=\"Ayer, los dos grandes del f\u00fatbol pace\u00f1o, presentaron ante la afici\u00f3n a sus equipos para el 2023. En una suerte de qui\u00e9n organizaba mejor la fiesta, por un lado, The Strongest hizo un despliegue musical y de fuegos artificiales antes de la exhibici\u00f3n de su primer plantel en Achumani. Hubo estreno de canci\u00f3n en la [&hellip;]\" \/>\n<meta property=\"og:url\" content=\"https:\/\/www.eldiario.net\/portal\/2023\/01\/30\/los-grandes-pacenos-mostraron-sus-cartas\/\" \/>\n<meta property=\"og:site_name\" content=\"El Diario - Bolivia\" \/>\n<meta property=\"article:publisher\" content=\"https:\/\/www.facebook.com\/eldiario.bolivia\/\" \/>\n<meta property=\"article:published_time\" content=\"2023-01-30T10:38:43+00:00\" \/>\n<meta name=\"author\" content=\"Jeanette\" \/>\n<meta name=\"twitter:card\" content=\"summary_large_image\" \/>\n<meta name=\"twitter:creator\" content=\"@eldiario_net\" \/>\n<meta name=\"twitter:site\" content=\"@eldiario_net\" \/>\n<meta name=\"twitter:label1\" content=\"Escrito por\" \/>\n\t<meta name=\"twitter:data1\" content=\"Jeanette\" \/>\n\t<meta name=\"twitter:label2\" content=\"Tiempo de lectura\" \/>\n\t<meta name=\"twitter:data2\" content=\"2 minutos\" \/>\n<script type=\"application\/ld+json\" class=\"yoast-schema-graph\">{\"@context\":\"https:\\\/\\\/schema.org\",\"@graph\":[{\"@type\":\"Article\",\"@id\":\"https:\\\/\\\/www.eldiario.net\\\/portal\\\/2023\\\/01\\\/30\\\/los-grandes-pacenos-mostraron-sus-cartas\\\/#article\",\"isPartOf\":{\"@id\":\"https:\\\/\\\/www.eldiario.net\\\/portal\\\/2023\\\/01\\\/30\\\/los-grandes-pacenos-mostraron-sus-cartas\\\/\"},\"author\":{\"name\":\"Jeanette\",\"@id\":\"https:\\\/\\\/www.eldiario.net\\\/portal\\\/#\\\/schema\\\/person\\\/f46445640444750d7d753ccd04ae01b7\"},\"headline\":\"Los grandes pace\u00f1os mostraron sus cartas\",\"datePublished\":\"2023-01-30T10:38:43+00:00\",\"mainEntityOfPage\":{\"@id\":\"https:\\\/\\\/www.eldiario.net\\\/portal\\\/2023\\\/01\\\/30\\\/los-grandes-pacenos-mostraron-sus-cartas\\\/\"},\"wordCount\":356,\"publisher\":{\"@id\":\"https:\\\/\\\/www.eldiario.net\\\/portal\\\/#organization\"},\"image\":{\"@id\":\"https:\\\/\\\/www.eldiario.net\\\/portal\\\/2023\\\/01\\\/30\\\/los-grandes-pacenos-mostraron-sus-cartas\\\/#primaryimage\"},\"thumbnailUrl\":\"\",\"articleSection\":[\"Deportes\"],\"inLanguage\":\"es\"},{\"@type\":\"WebPage\",\"@id\":\"https:\\\/\\\/www.eldiario.net\\\/portal\\\/2023\\\/01\\\/30\\\/los-grandes-pacenos-mostraron-sus-cartas\\\/\",\"url\":\"https:\\\/\\\/www.eldiario.net\\\/portal\\\/2023\\\/01\\\/30\\\/los-grandes-pacenos-mostraron-sus-cartas\\\/\",\"name\":\"Los grandes pace\u00f1os mostraron sus cartas - El Diario - Bolivia\",\"isPartOf\":{\"@id\":\"https:\\\/\\\/www.eldiario.net\\\/portal\\\/#website\"},\"primaryImageOfPage\":{\"@id\":\"https:\\\/\\\/www.eldiario.net\\\/portal\\\/2023\\\/01\\\/30\\\/los-grandes-pacenos-mostraron-sus-cartas\\\/#primaryimage\"},\"image\":{\"@id\":\"https:\\\/\\\/www.eldiario.net\\\/portal\\\/2023\\\/01\\\/30\\\/los-grandes-pacenos-mostraron-sus-cartas\\\/#primaryimage\"},\"thumbnailUrl\":\"\",\"datePublished\":\"2023-01-30T10:38:43+00:00\",\"breadcrumb\":{\"@id\":\"https:\\\/\\\/www.eldiario.net\\\/portal\\\/2023\\\/01\\\/30\\\/los-grandes-pacenos-mostraron-sus-cartas\\\/#breadcrumb\"},\"inLanguage\":\"es\",\"potentialAction\":[{\"@type\":\"ReadAction\",\"target\":[\"https:\\\/\\\/www.eldiario.net\\\/portal\\\/2023\\\/01\\\/30\\\/los-grandes-pacenos-mostraron-sus-cartas\\\/\"]}]},{\"@type\":\"ImageObject\",\"inLanguage\":\"es\",\"@id\":\"https:\\\/\\\/www.eldiario.net\\\/portal\\\/2023\\\/01\\\/30\\\/los-grandes-pacenos-mostraron-sus-cartas\\\/#primaryimage\",\"url\":\"\",\"contentUrl\":\"\"},{\"@type\":\"BreadcrumbList\",\"@id\":\"https:\\\/\\\/www.eldiario.net\\\/portal\\\/2023\\\/01\\\/30\\\/los-grandes-pacenos-mostraron-sus-cartas\\\/#breadcrumb\",\"itemListElement\":[{\"@type\":\"ListItem\",\"position\":1,\"name\":\"Portada\",\"item\":\"https:\\\/\\\/www.eldiario.net\\\/portal\\\/\"},{\"@type\":\"ListItem\",\"position\":2,\"name\":\"Los grandes pace\u00f1os mostraron sus cartas\"}]},{\"@type\":\"WebSite\",\"@id\":\"https:\\\/\\\/www.eldiario.net\\\/portal\\\/#website\",\"url\":\"https:\\\/\\\/www.eldiario.net\\\/portal\\\/\",\"name\":\"El Diario - Decano de la prensa nacional\",\"description\":\"El Diario - Decano de la prensa nacional\",\"publisher\":{\"@id\":\"https:\\\/\\\/www.eldiario.net\\\/portal\\\/#organization\"},\"potentialAction\":[{\"@type\":\"SearchAction\",\"target\":{\"@type\":\"EntryPoint\",\"urlTemplate\":\"https:\\\/\\\/www.eldiario.net\\\/portal\\\/?s={search_term_string}\"},\"query-input\":{\"@type\":\"PropertyValueSpecification\",\"valueRequired\":true,\"valueName\":\"search_term_string\"}}],\"inLanguage\":\"es\"},{\"@type\":\"Organization\",\"@id\":\"https:\\\/\\\/www.eldiario.net\\\/portal\\\/#organization\",\"name\":\"El Diario - Decano de la prensa nacional\",\"url\":\"https:\\\/\\\/www.eldiario.net\\\/portal\\\/\",\"logo\":{\"@type\":\"ImageObject\",\"inLanguage\":\"es\",\"@id\":\"https:\\\/\\\/www.eldiario.net\\\/portal\\\/#\\\/schema\\\/logo\\\/image\\\/\",\"url\":\"https:\\\/\\\/www.eldiario.net\\\/portal\\\/wp-content\\\/uploads\\\/2023\\\/07\\\/logo_ED.jpg\",\"contentUrl\":\"https:\\\/\\\/www.eldiario.net\\\/portal\\\/wp-content\\\/uploads\\\/2023\\\/07\\\/logo_ED.jpg\",\"width\":272,\"height\":52,\"caption\":\"El Diario - Decano de la prensa nacional\"},\"image\":{\"@id\":\"https:\\\/\\\/www.eldiario.net\\\/portal\\\/#\\\/schema\\\/logo\\\/image\\\/\"},\"sameAs\":[\"https:\\\/\\\/www.facebook.com\\\/eldiario.bolivia\\\/\",\"https:\\\/\\\/x.com\\\/eldiario_net\"]},{\"@type\":\"Person\",\"@id\":\"https:\\\/\\\/www.eldiario.net\\\/portal\\\/#\\\/schema\\\/person\\\/f46445640444750d7d753ccd04ae01b7\",\"name\":\"Jeanette\",\"image\":{\"@type\":\"ImageObject\",\"inLanguage\":\"es\",\"@id\":\"https:\\\/\\\/secure.gravatar.com\\\/avatar\\\/3ea2118a5f7dad2b7138b1187a6b7ee55f160b9968b66013c3a3ef39dd7e5798?s=96&d=mm&r=g\",\"url\":\"https:\\\/\\\/secure.gravatar.com\\\/avatar\\\/3ea2118a5f7dad2b7138b1187a6b7ee55f160b9968b66013c3a3ef39dd7e5798?s=96&d=mm&r=g\",\"contentUrl\":\"https:\\\/\\\/secure.gravatar.com\\\/avatar\\\/3ea2118a5f7dad2b7138b1187a6b7ee55f160b9968b66013c3a3ef39dd7e5798?s=96&d=mm&r=g\",\"caption\":\"Jeanette\"},\"sameAs\":[\"https:\\\/\\\/www.eldiario.net\\\/portal\"],\"url\":\"https:\\\/\\\/www.eldiario.net\\\/portal\\\/author\\\/jeanette\\\/\"}]}<\/script>\n<!-- \/ Yoast SEO plugin. -->","yoast_head_json":{"title":"Los grandes pace\u00f1os mostraron sus cartas - El Diario - Bolivia","robots":{"index":"index","follow":"follow","max-snippet":"max-snippet:-1","max-image-preview":"max-image-preview:large","max-video-preview":"max-video-preview:-1"},"canonical":"https:\/\/www.eldiario.net\/portal\/2023\/01\/30\/los-grandes-pacenos-mostraron-sus-cartas\/","og_locale":"es_ES","og_type":"article","og_title":"Los grandes pace\u00f1os mostraron sus cartas - El Diario - Bolivia","og_description":"Ayer, los dos grandes del f\u00fatbol pace\u00f1o, presentaron ante la afici\u00f3n a sus equipos para el 2023. En una suerte de qui\u00e9n organizaba mejor la fiesta, por un lado, The Strongest hizo un despliegue musical y de fuegos artificiales antes de la exhibici\u00f3n de su primer plantel en Achumani. Hubo estreno de canci\u00f3n en la [&hellip;]","og_url":"https:\/\/www.eldiario.net\/portal\/2023\/01\/30\/los-grandes-pacenos-mostraron-sus-cartas\/","og_site_name":"El Diario - Bolivia","article_publisher":"https:\/\/www.facebook.com\/eldiario.bolivia\/","article_published_time":"2023-01-30T10:38:43+00:00","author":"Jeanette","twitter_card":"summary_large_image","twitter_creator":"@eldiario_net","twitter_site":"@eldiario_net","twitter_misc":{"Escrito por":"Jeanette","Tiempo de lectura":"2 minutos"},"schema":{"@context":"https:\/\/schema.org","@graph":[{"@type":"Article","@id":"https:\/\/www.eldiario.net\/portal\/2023\/01\/30\/los-grandes-pacenos-mostraron-sus-cartas\/#article","isPartOf":{"@id":"https:\/\/www.eldiario.net\/portal\/2023\/01\/30\/los-grandes-pacenos-mostraron-sus-cartas\/"},"author":{"name":"Jeanette","@id":"https:\/\/www.eldiario.net\/portal\/#\/schema\/person\/f46445640444750d7d753ccd04ae01b7"},"headline":"Los grandes pace\u00f1os mostraron sus cartas","datePublished":"2023-01-30T10:38:43+00:00","mainEntityOfPage":{"@id":"https:\/\/www.eldiario.net\/portal\/2023\/01\/30\/los-grandes-pacenos-mostraron-sus-cartas\/"},"wordCount":356,"publisher":{"@id":"https:\/\/www.eldiario.net\/portal\/#organization"},"image":{"@id":"https:\/\/www.eldiario.net\/portal\/2023\/01\/30\/los-grandes-pacenos-mostraron-sus-cartas\/#primaryimage"},"thumbnailUrl":"","articleSection":["Deportes"],"inLanguage":"es"},{"@type":"WebPage","@id":"https:\/\/www.eldiario.net\/portal\/2023\/01\/30\/los-grandes-pacenos-mostraron-sus-cartas\/","url":"https:\/\/www.eldiario.net\/portal\/2023\/01\/30\/los-grandes-pacenos-mostraron-sus-cartas\/","name":"Los grandes pace\u00f1os mostraron sus cartas - El Diario - Bolivia","isPartOf":{"@id":"https:\/\/www.eldiario.net\/portal\/#website"},"primaryImageOfPage":{"@id":"https:\/\/www.eldiario.net\/portal\/2023\/01\/30\/los-grandes-pacenos-mostraron-sus-cartas\/#primaryimage"},"image":{"@id":"https:\/\/www.eldiario.net\/portal\/2023\/01\/30\/los-grandes-pacenos-mostraron-sus-cartas\/#primaryimage"},"thumbnailUrl":"","datePublished":"2023-01-30T10:38:43+00:00","breadcrumb":{"@id":"https:\/\/www.eldiario.net\/portal\/2023\/01\/30\/los-grandes-pacenos-mostraron-sus-cartas\/#breadcrumb"},"inLanguage":"es","potentialAction":[{"@type":"ReadAction","target":["https:\/\/www.eldiario.net\/portal\/2023\/01\/30\/los-grandes-pacenos-mostraron-sus-cartas\/"]}]},{"@type":"ImageObject","inLanguage":"es","@id":"https:\/\/www.eldiario.net\/portal\/2023\/01\/30\/los-grandes-pacenos-mostraron-sus-cartas\/#primaryimage","url":"","contentUrl":""},{"@type":"BreadcrumbList","@id":"https:\/\/www.eldiario.net\/portal\/2023\/01\/30\/los-grandes-pacenos-mostraron-sus-cartas\/#breadcrumb","itemListElement":[{"@type":"ListItem","position":1,"name":"Portada","item":"https:\/\/www.eldiario.net\/portal\/"},{"@type":"ListItem","position":2,"name":"Los grandes pace\u00f1os mostraron sus cartas"}]},{"@type":"WebSite","@id":"https:\/\/www.eldiario.net\/portal\/#website","url":"https:\/\/www.eldiario.net\/portal\/","name":"El Diario - Decano de la prensa nacional","description":"El Diario - Decano de la prensa nacional","publisher":{"@id":"https:\/\/www.eldiario.net\/portal\/#organization"},"potentialAction":[{"@type":"SearchAction","target":{"@type":"EntryPoint","urlTemplate":"https:\/\/www.eldiario.net\/portal\/?s={search_term_string}"},"query-input":{"@type":"PropertyValueSpecification","valueRequired":true,"valueName":"search_term_string"}}],"inLanguage":"es"},{"@type":"Organization","@id":"https:\/\/www.eldiario.net\/portal\/#organization","name":"El Diario - Decano de la prensa nacional","url":"https:\/\/www.eldiario.net\/portal\/","logo":{"@type":"ImageObject","inLanguage":"es","@id":"https:\/\/www.eldiario.net\/portal\/#\/schema\/logo\/image\/","url":"https:\/\/www.eldiario.net\/portal\/wp-content\/uploads\/2023\/07\/logo_ED.jpg","contentUrl":"https:\/\/www.eldiario.net\/portal\/wp-content\/uploads\/2023\/07\/logo_ED.jpg","width":272,"height":52,"caption":"El Diario - Decano de la prensa nacional"},"image":{"@id":"https:\/\/www.eldiario.net\/portal\/#\/schema\/logo\/image\/"},"sameAs":["https:\/\/www.facebook.com\/eldiario.bolivia\/","https:\/\/x.com\/eldiario_net"]},{"@type":"Person","@id":"https:\/\/www.eldiario.net\/portal\/#\/schema\/person\/f46445640444750d7d753ccd04ae01b7","name":"Jeanette","image":{"@type":"ImageObject","inLanguage":"es","@id":"https:\/\/secure.gravatar.com\/avatar\/3ea2118a5f7dad2b7138b1187a6b7ee55f160b9968b66013c3a3ef39dd7e5798?s=96&d=mm&r=g","url":"https:\/\/secure.gravatar.com\/avatar\/3ea2118a5f7dad2b7138b1187a6b7ee55f160b9968b66013c3a3ef39dd7e5798?s=96&d=mm&r=g","contentUrl":"https:\/\/secure.gravatar.com\/avatar\/3ea2118a5f7dad2b7138b1187a6b7ee55f160b9968b66013c3a3ef39dd7e5798?s=96&d=mm&r=g","caption":"Jeanette"},"sameAs":["https:\/\/www.eldiario.net\/portal"],"url":"https:\/\/www.eldiario.net\/portal\/author\/jeanette\/"}]}},"_links":{"self":[{"href":"https:\/\/www.eldiario.net\/portal\/wp-json\/wp\/v2\/posts\/135670","targetHints":{"allow":["GET"]}}],"collection":[{"href":"https:\/\/www.eldiario.net\/portal\/wp-json\/wp\/v2\/posts"}],"about":[{"href":"https:\/\/www.eldiario.net\/portal\/wp-json\/wp\/v2\/types\/post"}],"author":[{"embeddable":true,"href":"https:\/\/www.eldiario.net\/portal\/wp-json\/wp\/v2\/users\/1"}],"replies":[{"embeddable":true,"href":"https:\/\/www.eldiario.net\/portal\/wp-json\/wp\/v2\/comments?post=135670"}],"version-history":[{"count":0,"href":"https:\/\/www.eldiario.net\/portal\/wp-json\/wp\/v2\/posts\/135670\/revisions"}],"wp:attachment":[{"href":"https:\/\/www.eldiario.net\/portal\/wp-json\/wp\/v2\/media?parent=135670"}],"wp:term":[{"taxonomy":"category","embeddable":true,"href":"https:\/\/www.eldiario.net\/portal\/wp-json\/wp\/v2\/categories?post=135670"},{"taxonomy":"post_tag","embeddable":true,"href":"https:\/\/www.eldiario.net\/portal\/wp-json\/wp\/v2\/tags?post=135670"}],"curies":[{"name":"wp","href":"https:\/\/api.w.org\/{rel}","templated":true}]}}