{"id":135023,"date":"2023-01-27T05:58:40","date_gmt":"2023-01-27T09:58:40","guid":{"rendered":"https:\/\/www.eldiario.net\/portal\/?p=135023"},"modified":"2023-01-27T05:58:40","modified_gmt":"2023-01-27T09:58:40","slug":"bolivia-rostro-de-la-economia-informal","status":"publish","type":"post","link":"https:\/\/www.eldiario.net\/portal\/2023\/01\/27\/bolivia-rostro-de-la-economia-informal\/","title":{"rendered":"Bolivia: rostro de la econom\u00eda informal"},"content":{"rendered":"<p>Desde la colonizaci\u00f3n espa\u00f1ola se ha desvirtuado el normal proceso productivo en todas las esferas de las sociedades de entonces, como consecuencia de la mezcla de visiones de la vida.<br \/>\nEn el incario, por ejemplo, viv\u00edan ordenadamente; el Inca en ejercicio de su trono planificaba qui\u00e9nes y d\u00f3nde trabajar\u00edan (en la parte agr\u00edcola) en todas las estaciones del a\u00f1o. La puna, la sierra, la costa de los oc\u00e9anos y las tierras de la selva estaban milim\u00e9tricamente determinadas para en qu\u00e9 momento cultivar.<br \/>\nNo estoy justificando la vuelta al pasado, ni creo en eso, pero, parece que a partir de las injerencias se ha producido una suerte de caos productivo en el pa\u00eds. Ni siquiera con la independencia (que valoramos) de 1825 se ha superado este fen\u00f3meno, tomando en cuenta que los gobernantes hasta 1952, lejos de recuperar la cultura de trabajo incaica, m\u00e1s bien han emulado las pr\u00e1cticas coloniales, tal es el caso de Mariano Melgarejo, que volvi\u00f3 a la ex vinculaci\u00f3n, entregando tierras buenas a los potentados econ\u00f3micos, en desmedro de las masas ind\u00edgenas.<br \/>\nLa revoluci\u00f3n de 1952, continuaci\u00f3n de la rep\u00fablica, si bien ha aportado importantes hechos hist\u00f3ricos, como el voto universal, la Reforma Agraria, el C\u00f3digo Educativo 55, la Nacionalizaci\u00f3n de las Minas, entre otros, ha dejado en el camino muchas cosas inconclusas.<br \/>\nLa recuperaci\u00f3n de la democracia en 1982, de manos de las dictaduras militares, despu\u00e9s de 18 a\u00f1os, ha sido muy saludable, pero la partidocracia y sus l\u00edderes de entonces no han logrado entender muy bien la realidad del pa\u00eds, dejando a los bolivianos en un pasillo oscuro.<br \/>\nEl Estado Plurinacional que en sus inicios parec\u00eda la esperanza definitiva de Bolivia, en el camino se est\u00e1 haciendo pedazos, casi sin resolver nada de la herencia colonial. La agricultura est\u00e1 por los suelos (tal vez exceptuando Santa Cruz), no s\u00f3lo que no ha recuperado productos originarios, como las semillas (hablando de ma\u00edz) de wilkaparu, kupuro, uchuquilla, kulli, chuspillu que, pr\u00e1cticamente en el valle central y bajo (de Cochabamba), se han perdido, sino que los productores se han ido a centros urbanos, al tr\u00f3pico de Cochabamba y fuera del pa\u00eds.<br \/>\nEn los centros urbanos, antes productores agr\u00edcolas, los hombres est\u00e1n como carretilleros, trasladando bultos de un lugar a otro, y las mujeres vendiendo en las aceras productos netamente extranjeros, tanto en su versi\u00f3n agr\u00edcola como industrial y manufacturera (peruanas, chilenas, argentinas, chinas, colombianas). En el caso cochabambino, aceras, calles e incluso avenidas est\u00e1n secuestradas, sin que autoridad alguna haga algo.<br \/>\nLos que se fueron al tr\u00f3pico de Cochabamba, \u00bfqu\u00e9 est\u00e1n haciendo?, \u00bfest\u00e1n cultivando papa, arroz, yuca o criando animales?, \u00a1no!, la mayor\u00eda est\u00e1 detr\u00e1s de la hoja de coca, aunque por el mercado legal de Sacaba s\u00f3lo pasa el 10% de la producci\u00f3n, el resto se \u201cesfuma en el Chapare\u201d, lo que da lugar a pensar que est\u00e1n tambi\u00e9n en actividades il\u00edcitas. Y el resto est\u00e1 tambi\u00e9n con venta de productos extranjeros agr\u00edcolas, manufactureras, industriales e incluso algunos vendiendo hoja de coca de los yungas de La Paz, en sus versiones de hoja \u00edntegra y machucada, reitero, en pleno Chapare, zona productora de coca.<br \/>\nTodo esto apesta (sin hablar ya de la corrupci\u00f3n, entre otros males), ya que no hemos avanzado en ser pa\u00eds, nosotros mismos, es decir, con los presidentes que han pasado, y los que estamos viendo hoy, no han logrado resolver problemas candentes de producci\u00f3n y productividad. Los que han pasado y los que est\u00e1n pasando en el manejo del Estado no tienen visi\u00f3n ni capacidad para siquiera hacer un SHAMPU BOLIVIANO competitivo, y teniendo tanta materia bruta y prima, como son las ulalas, achumas, vilunchus, a lo largo y ancho de nuestros cerros de los valles y zonas meso t\u00e9rmicas, donde ahora los avasalladores de tierras est\u00e1n tumbando sin misericordia.<br \/>\nEn el momento se siente que somos un pa\u00eds sin autoridad, sin rumbo; miles, tal vez millones de bolivianos, est\u00e1n vendiendo, (reitero) como siervos medievales, productos agr\u00edcolas, manufacturas extranjeras en los mercados, aceras, calles y avenidas bolivianas, en el marco de una econom\u00eda informal. Mientras que las autoridades actuales, sobre todo centrales, est\u00e1n lejos de industrializar, hacer f\u00e1bricas, elevar el nivel de la educaci\u00f3n, hacer mega proyectos de riego para ind\u00edgenas, entre otros, S\u00f3lo marean al pueblo como en el circo pasado de Roma, ya no con juegos de 6 meses ni regalando pan, sino con discursos prometedores, pero sesgados que nos llegan en 16 a\u00f1os.<\/p>\n","protected":false},"excerpt":{"rendered":"<p>Desde la colonizaci\u00f3n espa\u00f1ola se ha desvirtuado el normal proceso productivo en todas las esferas de las sociedades de entonces, como consecuencia de la mezcla de visiones de la vida. En el incario, por ejemplo, viv\u00edan ordenadamente; el Inca en ejercicio de su trono planificaba qui\u00e9nes y d\u00f3nde trabajar\u00edan (en la parte agr\u00edcola) en todas [&hellip;]<\/p>\n","protected":false},"author":1,"featured_media":0,"comment_status":"closed","ping_status":"closed","sticky":false,"template":"","format":"standard","meta":{"_acf_changed":false,"footnotes":""},"categories":[9],"tags":[],"class_list":["post-135023","post","type-post","status-publish","format-standard","category-opinion"],"acf":{"antetitulo":""},"yoast_head":"<!-- This site is optimized with the Yoast SEO plugin v28.4 - https:\/\/yoast.com\/product\/yoast-seo-wordpress\/ -->\n<title>Bolivia: rostro de la econom\u00eda informal - El Diario - Bolivia<\/title>\n<meta name=\"robots\" content=\"index, follow, max-snippet:-1, max-image-preview:large, max-video-preview:-1\" \/>\n<link rel=\"canonical\" href=\"https:\/\/www.eldiario.net\/portal\/2023\/01\/27\/bolivia-rostro-de-la-economia-informal\/\" \/>\n<meta property=\"og:locale\" content=\"es_ES\" \/>\n<meta property=\"og:type\" content=\"article\" \/>\n<meta property=\"og:title\" content=\"Bolivia: rostro de la econom\u00eda informal - El Diario - Bolivia\" \/>\n<meta property=\"og:description\" content=\"Desde la colonizaci\u00f3n espa\u00f1ola se ha desvirtuado el normal proceso productivo en todas las esferas de las sociedades de entonces, como consecuencia de la mezcla de visiones de la vida. En el incario, por ejemplo, viv\u00edan ordenadamente; el Inca en ejercicio de su trono planificaba qui\u00e9nes y d\u00f3nde trabajar\u00edan (en la parte agr\u00edcola) en todas [&hellip;]\" \/>\n<meta property=\"og:url\" content=\"https:\/\/www.eldiario.net\/portal\/2023\/01\/27\/bolivia-rostro-de-la-economia-informal\/\" \/>\n<meta property=\"og:site_name\" content=\"El Diario - Bolivia\" \/>\n<meta property=\"article:publisher\" content=\"https:\/\/www.facebook.com\/eldiario.bolivia\/\" \/>\n<meta property=\"article:published_time\" content=\"2023-01-27T09:58:40+00:00\" \/>\n<meta name=\"author\" content=\"Jeanette\" \/>\n<meta name=\"twitter:card\" content=\"summary_large_image\" \/>\n<meta name=\"twitter:creator\" content=\"@eldiario_net\" \/>\n<meta name=\"twitter:site\" content=\"@eldiario_net\" \/>\n<meta name=\"twitter:label1\" content=\"Escrito por\" \/>\n\t<meta name=\"twitter:data1\" content=\"Jeanette\" \/>\n\t<meta name=\"twitter:label2\" content=\"Tiempo de lectura\" \/>\n\t<meta name=\"twitter:data2\" content=\"4 minutos\" \/>\n<script type=\"application\/ld+json\" class=\"yoast-schema-graph\">{\"@context\":\"https:\\\/\\\/schema.org\",\"@graph\":[{\"@type\":\"Article\",\"@id\":\"https:\\\/\\\/www.eldiario.net\\\/portal\\\/2023\\\/01\\\/27\\\/bolivia-rostro-de-la-economia-informal\\\/#article\",\"isPartOf\":{\"@id\":\"https:\\\/\\\/www.eldiario.net\\\/portal\\\/2023\\\/01\\\/27\\\/bolivia-rostro-de-la-economia-informal\\\/\"},\"author\":{\"name\":\"Jeanette\",\"@id\":\"https:\\\/\\\/www.eldiario.net\\\/portal\\\/#\\\/schema\\\/person\\\/2c57cf2b7a7ae032e449e4c9b1019eac\"},\"headline\":\"Bolivia: rostro de la econom\u00eda informal\",\"datePublished\":\"2023-01-27T09:58:40+00:00\",\"mainEntityOfPage\":{\"@id\":\"https:\\\/\\\/www.eldiario.net\\\/portal\\\/2023\\\/01\\\/27\\\/bolivia-rostro-de-la-economia-informal\\\/\"},\"wordCount\":799,\"publisher\":{\"@id\":\"https:\\\/\\\/www.eldiario.net\\\/portal\\\/#organization\"},\"articleSection\":[\"Opini\u00f3n\"],\"inLanguage\":\"es\"},{\"@type\":\"WebPage\",\"@id\":\"https:\\\/\\\/www.eldiario.net\\\/portal\\\/2023\\\/01\\\/27\\\/bolivia-rostro-de-la-economia-informal\\\/\",\"url\":\"https:\\\/\\\/www.eldiario.net\\\/portal\\\/2023\\\/01\\\/27\\\/bolivia-rostro-de-la-economia-informal\\\/\",\"name\":\"Bolivia: rostro de la econom\u00eda informal - El Diario - Bolivia\",\"isPartOf\":{\"@id\":\"https:\\\/\\\/www.eldiario.net\\\/portal\\\/#website\"},\"datePublished\":\"2023-01-27T09:58:40+00:00\",\"breadcrumb\":{\"@id\":\"https:\\\/\\\/www.eldiario.net\\\/portal\\\/2023\\\/01\\\/27\\\/bolivia-rostro-de-la-economia-informal\\\/#breadcrumb\"},\"inLanguage\":\"es\",\"potentialAction\":[{\"@type\":\"ReadAction\",\"target\":[\"https:\\\/\\\/www.eldiario.net\\\/portal\\\/2023\\\/01\\\/27\\\/bolivia-rostro-de-la-economia-informal\\\/\"]}]},{\"@type\":\"BreadcrumbList\",\"@id\":\"https:\\\/\\\/www.eldiario.net\\\/portal\\\/2023\\\/01\\\/27\\\/bolivia-rostro-de-la-economia-informal\\\/#breadcrumb\",\"itemListElement\":[{\"@type\":\"ListItem\",\"position\":1,\"name\":\"Portada\",\"item\":\"https:\\\/\\\/www.eldiario.net\\\/portal\\\/\"},{\"@type\":\"ListItem\",\"position\":2,\"name\":\"Bolivia: rostro de la econom\u00eda informal\"}]},{\"@type\":\"WebSite\",\"@id\":\"https:\\\/\\\/www.eldiario.net\\\/portal\\\/#website\",\"url\":\"https:\\\/\\\/www.eldiario.net\\\/portal\\\/\",\"name\":\"El Diario - Decano de la prensa nacional\",\"description\":\"El Diario - Decano de la prensa nacional\",\"publisher\":{\"@id\":\"https:\\\/\\\/www.eldiario.net\\\/portal\\\/#organization\"},\"potentialAction\":[{\"@type\":\"SearchAction\",\"target\":{\"@type\":\"EntryPoint\",\"urlTemplate\":\"https:\\\/\\\/www.eldiario.net\\\/portal\\\/?s={search_term_string}\"},\"query-input\":{\"@type\":\"PropertyValueSpecification\",\"valueRequired\":true,\"valueName\":\"search_term_string\"}}],\"inLanguage\":\"es\"},{\"@type\":\"Organization\",\"@id\":\"https:\\\/\\\/www.eldiario.net\\\/portal\\\/#organization\",\"name\":\"El Diario - Decano de la prensa nacional\",\"url\":\"https:\\\/\\\/www.eldiario.net\\\/portal\\\/\",\"logo\":{\"@type\":\"ImageObject\",\"inLanguage\":\"es\",\"@id\":\"https:\\\/\\\/www.eldiario.net\\\/portal\\\/#\\\/schema\\\/logo\\\/image\\\/\",\"url\":\"https:\\\/\\\/www.eldiario.net\\\/portal\\\/wp-content\\\/uploads\\\/2023\\\/07\\\/logo_ED.jpg\",\"contentUrl\":\"https:\\\/\\\/www.eldiario.net\\\/portal\\\/wp-content\\\/uploads\\\/2023\\\/07\\\/logo_ED.jpg\",\"width\":272,\"height\":52,\"caption\":\"El Diario - Decano de la prensa nacional\"},\"image\":{\"@id\":\"https:\\\/\\\/www.eldiario.net\\\/portal\\\/#\\\/schema\\\/logo\\\/image\\\/\"},\"sameAs\":[\"https:\\\/\\\/www.facebook.com\\\/eldiario.bolivia\\\/\",\"https:\\\/\\\/x.com\\\/eldiario_net\"]},{\"@type\":\"Person\",\"@id\":\"https:\\\/\\\/www.eldiario.net\\\/portal\\\/#\\\/schema\\\/person\\\/2c57cf2b7a7ae032e449e4c9b1019eac\",\"name\":\"Jeanette\",\"image\":{\"@type\":\"ImageObject\",\"inLanguage\":\"es\",\"@id\":\"https:\\\/\\\/secure.gravatar.com\\\/avatar\\\/3ea2118a5f7dad2b7138b1187a6b7ee55f160b9968b66013c3a3ef39dd7e5798?s=96&d=mm&r=g\",\"url\":\"https:\\\/\\\/secure.gravatar.com\\\/avatar\\\/3ea2118a5f7dad2b7138b1187a6b7ee55f160b9968b66013c3a3ef39dd7e5798?s=96&d=mm&r=g\",\"contentUrl\":\"https:\\\/\\\/secure.gravatar.com\\\/avatar\\\/3ea2118a5f7dad2b7138b1187a6b7ee55f160b9968b66013c3a3ef39dd7e5798?s=96&d=mm&r=g\",\"caption\":\"Jeanette\"},\"sameAs\":[\"https:\\\/\\\/www.eldiario.net\\\/portal\"],\"url\":\"https:\\\/\\\/www.eldiario.net\\\/portal\\\/author\\\/jeanette\\\/\"}]}<\/script>\n<!-- \/ Yoast SEO plugin. -->","yoast_head_json":{"title":"Bolivia: rostro de la econom\u00eda informal - El Diario - Bolivia","robots":{"index":"index","follow":"follow","max-snippet":"max-snippet:-1","max-image-preview":"max-image-preview:large","max-video-preview":"max-video-preview:-1"},"canonical":"https:\/\/www.eldiario.net\/portal\/2023\/01\/27\/bolivia-rostro-de-la-economia-informal\/","og_locale":"es_ES","og_type":"article","og_title":"Bolivia: rostro de la econom\u00eda informal - El Diario - Bolivia","og_description":"Desde la colonizaci\u00f3n espa\u00f1ola se ha desvirtuado el normal proceso productivo en todas las esferas de las sociedades de entonces, como consecuencia de la mezcla de visiones de la vida. En el incario, por ejemplo, viv\u00edan ordenadamente; el Inca en ejercicio de su trono planificaba qui\u00e9nes y d\u00f3nde trabajar\u00edan (en la parte agr\u00edcola) en todas [&hellip;]","og_url":"https:\/\/www.eldiario.net\/portal\/2023\/01\/27\/bolivia-rostro-de-la-economia-informal\/","og_site_name":"El Diario - Bolivia","article_publisher":"https:\/\/www.facebook.com\/eldiario.bolivia\/","article_published_time":"2023-01-27T09:58:40+00:00","author":"Jeanette","twitter_card":"summary_large_image","twitter_creator":"@eldiario_net","twitter_site":"@eldiario_net","twitter_misc":{"Escrito por":"Jeanette","Tiempo de lectura":"4 minutos"},"schema":{"@context":"https:\/\/schema.org","@graph":[{"@type":"Article","@id":"https:\/\/www.eldiario.net\/portal\/2023\/01\/27\/bolivia-rostro-de-la-economia-informal\/#article","isPartOf":{"@id":"https:\/\/www.eldiario.net\/portal\/2023\/01\/27\/bolivia-rostro-de-la-economia-informal\/"},"author":{"name":"Jeanette","@id":"https:\/\/www.eldiario.net\/portal\/#\/schema\/person\/2c57cf2b7a7ae032e449e4c9b1019eac"},"headline":"Bolivia: rostro de la econom\u00eda informal","datePublished":"2023-01-27T09:58:40+00:00","mainEntityOfPage":{"@id":"https:\/\/www.eldiario.net\/portal\/2023\/01\/27\/bolivia-rostro-de-la-economia-informal\/"},"wordCount":799,"publisher":{"@id":"https:\/\/www.eldiario.net\/portal\/#organization"},"articleSection":["Opini\u00f3n"],"inLanguage":"es"},{"@type":"WebPage","@id":"https:\/\/www.eldiario.net\/portal\/2023\/01\/27\/bolivia-rostro-de-la-economia-informal\/","url":"https:\/\/www.eldiario.net\/portal\/2023\/01\/27\/bolivia-rostro-de-la-economia-informal\/","name":"Bolivia: rostro de la econom\u00eda informal - El Diario - Bolivia","isPartOf":{"@id":"https:\/\/www.eldiario.net\/portal\/#website"},"datePublished":"2023-01-27T09:58:40+00:00","breadcrumb":{"@id":"https:\/\/www.eldiario.net\/portal\/2023\/01\/27\/bolivia-rostro-de-la-economia-informal\/#breadcrumb"},"inLanguage":"es","potentialAction":[{"@type":"ReadAction","target":["https:\/\/www.eldiario.net\/portal\/2023\/01\/27\/bolivia-rostro-de-la-economia-informal\/"]}]},{"@type":"BreadcrumbList","@id":"https:\/\/www.eldiario.net\/portal\/2023\/01\/27\/bolivia-rostro-de-la-economia-informal\/#breadcrumb","itemListElement":[{"@type":"ListItem","position":1,"name":"Portada","item":"https:\/\/www.eldiario.net\/portal\/"},{"@type":"ListItem","position":2,"name":"Bolivia: rostro de la econom\u00eda informal"}]},{"@type":"WebSite","@id":"https:\/\/www.eldiario.net\/portal\/#website","url":"https:\/\/www.eldiario.net\/portal\/","name":"El Diario - Decano de la prensa nacional","description":"El Diario - Decano de la prensa nacional","publisher":{"@id":"https:\/\/www.eldiario.net\/portal\/#organization"},"potentialAction":[{"@type":"SearchAction","target":{"@type":"EntryPoint","urlTemplate":"https:\/\/www.eldiario.net\/portal\/?s={search_term_string}"},"query-input":{"@type":"PropertyValueSpecification","valueRequired":true,"valueName":"search_term_string"}}],"inLanguage":"es"},{"@type":"Organization","@id":"https:\/\/www.eldiario.net\/portal\/#organization","name":"El Diario - Decano de la prensa nacional","url":"https:\/\/www.eldiario.net\/portal\/","logo":{"@type":"ImageObject","inLanguage":"es","@id":"https:\/\/www.eldiario.net\/portal\/#\/schema\/logo\/image\/","url":"https:\/\/www.eldiario.net\/portal\/wp-content\/uploads\/2023\/07\/logo_ED.jpg","contentUrl":"https:\/\/www.eldiario.net\/portal\/wp-content\/uploads\/2023\/07\/logo_ED.jpg","width":272,"height":52,"caption":"El Diario - Decano de la prensa nacional"},"image":{"@id":"https:\/\/www.eldiario.net\/portal\/#\/schema\/logo\/image\/"},"sameAs":["https:\/\/www.facebook.com\/eldiario.bolivia\/","https:\/\/x.com\/eldiario_net"]},{"@type":"Person","@id":"https:\/\/www.eldiario.net\/portal\/#\/schema\/person\/2c57cf2b7a7ae032e449e4c9b1019eac","name":"Jeanette","image":{"@type":"ImageObject","inLanguage":"es","@id":"https:\/\/secure.gravatar.com\/avatar\/3ea2118a5f7dad2b7138b1187a6b7ee55f160b9968b66013c3a3ef39dd7e5798?s=96&d=mm&r=g","url":"https:\/\/secure.gravatar.com\/avatar\/3ea2118a5f7dad2b7138b1187a6b7ee55f160b9968b66013c3a3ef39dd7e5798?s=96&d=mm&r=g","contentUrl":"https:\/\/secure.gravatar.com\/avatar\/3ea2118a5f7dad2b7138b1187a6b7ee55f160b9968b66013c3a3ef39dd7e5798?s=96&d=mm&r=g","caption":"Jeanette"},"sameAs":["https:\/\/www.eldiario.net\/portal"],"url":"https:\/\/www.eldiario.net\/portal\/author\/jeanette\/"}]}},"_links":{"self":[{"href":"https:\/\/www.eldiario.net\/portal\/wp-json\/wp\/v2\/posts\/135023","targetHints":{"allow":["GET"]}}],"collection":[{"href":"https:\/\/www.eldiario.net\/portal\/wp-json\/wp\/v2\/posts"}],"about":[{"href":"https:\/\/www.eldiario.net\/portal\/wp-json\/wp\/v2\/types\/post"}],"author":[{"embeddable":true,"href":"https:\/\/www.eldiario.net\/portal\/wp-json\/wp\/v2\/users\/1"}],"replies":[{"embeddable":true,"href":"https:\/\/www.eldiario.net\/portal\/wp-json\/wp\/v2\/comments?post=135023"}],"version-history":[{"count":0,"href":"https:\/\/www.eldiario.net\/portal\/wp-json\/wp\/v2\/posts\/135023\/revisions"}],"wp:attachment":[{"href":"https:\/\/www.eldiario.net\/portal\/wp-json\/wp\/v2\/media?parent=135023"}],"wp:term":[{"taxonomy":"category","embeddable":true,"href":"https:\/\/www.eldiario.net\/portal\/wp-json\/wp\/v2\/categories?post=135023"},{"taxonomy":"post_tag","embeddable":true,"href":"https:\/\/www.eldiario.net\/portal\/wp-json\/wp\/v2\/tags?post=135023"}],"curies":[{"name":"wp","href":"https:\/\/api.w.org\/{rel}","templated":true}]}}