{"id":135019,"date":"2023-01-27T05:57:38","date_gmt":"2023-01-27T09:57:38","guid":{"rendered":"https:\/\/www.eldiario.net\/portal\/?p=135019"},"modified":"2023-01-27T05:57:38","modified_gmt":"2023-01-27T09:57:38","slug":"festejos-cuando-hay-mas-odio-y-desunion-en-el-pais","status":"publish","type":"post","link":"https:\/\/www.eldiario.net\/portal\/2023\/01\/27\/festejos-cuando-hay-mas-odio-y-desunion-en-el-pais\/","title":{"rendered":"\u00bfFestejos cuando hay m\u00e1s odio y desuni\u00f3n en el pa\u00eds?"},"content":{"rendered":"<p><em><span class=\"dropcap \" style=\"background-color: #ffffff; color: #000000; border-color: #ffffff;\">L<\/span>as autoridades han recordado a la poblaci\u00f3n que el 22 de enero se recuerda un ascenso al poder por el partido Movimiento al Socialismo y que por ello se ha dispuesto que sea \u201cferiado nacional\u201d; es decir, \u201cd\u00eda festivo\u201d. Para la poblaci\u00f3n no puede haber d\u00edas festivos cuando se recuerda d\u00edas en que se dispuso la implantaci\u00f3n de m\u00e1s divisi\u00f3n, cuando por decisi\u00f3n del jefe masista se implant\u00f3 rencores y m\u00e1s odio en la poblaci\u00f3n, cuando pr\u00e1cticamente parec\u00edan quedar en el olvido acercamientos en la familia boliviana, que necesita comprensi\u00f3n entre sus integrantes y actuar unidos en aras de mejores d\u00edas para la naci\u00f3n. En consecuencia, \u00bfde qu\u00e9 festejos se puede hablar cuando hubo d\u00edas en que el luto y el dolor se hicieron parte de la vida de la poblaci\u00f3n? Adem\u00e1s, el temor a las autoridades tiende a acentuarse por las pol\u00edticas implantadas por el MAS, que no sabe otra cosa que avivar el odio entre clases, por sus posiciones antag\u00f3nicas. <\/em><br \/>\n<em>Amenazas, resentimientos, odios, diferencias de clases y posiciones cada vez m\u00e1s divididas son observados en la situaci\u00f3n actual. De qu\u00e9 unidad puede hablar el Presidente de la Rep\u00fablica, que parece estar empe\u00f1ado en que solo tenga vigencia su partido. \u00bfDe qu\u00e9 unidad nacional se puede hacer ostentaci\u00f3n cuando hay miedos diseminados en todo el pa\u00eds? \u00bfDe qu\u00e9 factores de unidad y producci\u00f3n en las \u00e1reas rurales se habla cuando hay muchas personas que se quejan por las actitudes de unas contra otras? Cuando muchos viven postergados y son contrarios porque los poderes gubernamentales est\u00e1n muy lejos de cumplir deberes para producir en el campo y garantizar el trabajo en las ciudades.<\/em><br \/>\n<em>En comparaci\u00f3n con situaciones de hace cuarenta o cincuenta a\u00f1os, cuando hab\u00eda temor o susceptibilidad por posibles golpes de Estado, ahora hay una relativa tranquilidad porque la poblaci\u00f3n tiene conciencia de que amenazas de golpe y otros extremos han desaparecido. Y es que la poblaci\u00f3n es contraria a extremismos de izquierdas o derechas recalcitrantes que tanto da\u00f1o han causado en el pa\u00eds. <\/em><br \/>\n<em>Se necesita paz y concordia, comprensi\u00f3n entre todos, trabajo cohesionado y productivo, solidaridad. Sin embargo, se nota que no van en ese sentido las conductas de las autoridades, ya que al parecer prefieren la imposici\u00f3n. El presidente Arce se muestra poco conciliador y parece estar a la defensiva, aunque no se vislumbra peligros que vayan a surgir en alg\u00fan sector de la poblaci\u00f3n. Es, pues, el Primer Mandatario quien debe asumir papeles conciliadores y no mostrarse r\u00edspido y temeroso ante golpes imaginarios. \u00c9l tendr\u00eda que sentirse seguro y conciliador; adem\u00e1s, cuando se refiera a golpe de Estado o tiene seguridad de complot debe demostrarlo con pruebas y desestimar los comentarios que le \u201ccalientan la cabeza\u201d, sin dejarlo trabajar.<\/em><\/p>\n","protected":false},"excerpt":{"rendered":"<p>Las autoridades han recordado a la poblaci\u00f3n que el 22 de enero se recuerda un ascenso al poder por el partido Movimiento al Socialismo y que por ello se ha dispuesto que sea \u201cferiado nacional\u201d; es decir, \u201cd\u00eda festivo\u201d. Para la poblaci\u00f3n no puede haber d\u00edas festivos cuando se recuerda d\u00edas en que se dispuso [&hellip;]<\/p>\n","protected":false},"author":1,"featured_media":0,"comment_status":"closed","ping_status":"closed","sticky":false,"template":"","format":"standard","meta":{"_acf_changed":false,"footnotes":""},"categories":[4],"tags":[],"class_list":["post-135019","post","type-post","status-publish","format-standard","category-editorial"],"acf":{"antetitulo":""},"yoast_head":"<!-- This site is optimized with the Yoast SEO plugin v28.4 - https:\/\/yoast.com\/product\/yoast-seo-wordpress\/ -->\n<title>\u00bfFestejos cuando hay m\u00e1s odio y desuni\u00f3n en el pa\u00eds? - El Diario - Bolivia<\/title>\n<meta name=\"robots\" content=\"index, follow, max-snippet:-1, max-image-preview:large, max-video-preview:-1\" \/>\n<link rel=\"canonical\" href=\"https:\/\/www.eldiario.net\/portal\/2023\/01\/27\/festejos-cuando-hay-mas-odio-y-desunion-en-el-pais\/\" \/>\n<meta property=\"og:locale\" content=\"es_ES\" \/>\n<meta property=\"og:type\" content=\"article\" \/>\n<meta property=\"og:title\" content=\"\u00bfFestejos cuando hay m\u00e1s odio y desuni\u00f3n en el pa\u00eds? - El Diario - Bolivia\" \/>\n<meta property=\"og:description\" content=\"Las autoridades han recordado a la poblaci\u00f3n que el 22 de enero se recuerda un ascenso al poder por el partido Movimiento al Socialismo y que por ello se ha dispuesto que sea \u201cferiado nacional\u201d; es decir, \u201cd\u00eda festivo\u201d. Para la poblaci\u00f3n no puede haber d\u00edas festivos cuando se recuerda d\u00edas en que se dispuso [&hellip;]\" \/>\n<meta property=\"og:url\" content=\"https:\/\/www.eldiario.net\/portal\/2023\/01\/27\/festejos-cuando-hay-mas-odio-y-desunion-en-el-pais\/\" \/>\n<meta property=\"og:site_name\" content=\"El Diario - Bolivia\" \/>\n<meta property=\"article:publisher\" content=\"https:\/\/www.facebook.com\/eldiario.bolivia\/\" \/>\n<meta property=\"article:published_time\" content=\"2023-01-27T09:57:38+00:00\" \/>\n<meta name=\"author\" content=\"Jeanette\" \/>\n<meta name=\"twitter:card\" content=\"summary_large_image\" \/>\n<meta name=\"twitter:creator\" content=\"@eldiario_net\" \/>\n<meta name=\"twitter:site\" content=\"@eldiario_net\" \/>\n<meta name=\"twitter:label1\" content=\"Escrito por\" \/>\n\t<meta name=\"twitter:data1\" content=\"Jeanette\" \/>\n\t<meta name=\"twitter:label2\" content=\"Tiempo de lectura\" \/>\n\t<meta name=\"twitter:data2\" content=\"3 minutos\" \/>\n<script type=\"application\/ld+json\" class=\"yoast-schema-graph\">{\"@context\":\"https:\\\/\\\/schema.org\",\"@graph\":[{\"@type\":\"Article\",\"@id\":\"https:\\\/\\\/www.eldiario.net\\\/portal\\\/2023\\\/01\\\/27\\\/festejos-cuando-hay-mas-odio-y-desunion-en-el-pais\\\/#article\",\"isPartOf\":{\"@id\":\"https:\\\/\\\/www.eldiario.net\\\/portal\\\/2023\\\/01\\\/27\\\/festejos-cuando-hay-mas-odio-y-desunion-en-el-pais\\\/\"},\"author\":{\"name\":\"Jeanette\",\"@id\":\"https:\\\/\\\/www.eldiario.net\\\/portal\\\/#\\\/schema\\\/person\\\/f46445640444750d7d753ccd04ae01b7\"},\"headline\":\"\u00bfFestejos cuando hay m\u00e1s odio y desuni\u00f3n en el pa\u00eds?\",\"datePublished\":\"2023-01-27T09:57:38+00:00\",\"mainEntityOfPage\":{\"@id\":\"https:\\\/\\\/www.eldiario.net\\\/portal\\\/2023\\\/01\\\/27\\\/festejos-cuando-hay-mas-odio-y-desunion-en-el-pais\\\/\"},\"wordCount\":508,\"publisher\":{\"@id\":\"https:\\\/\\\/www.eldiario.net\\\/portal\\\/#organization\"},\"articleSection\":[\"Editorial\"],\"inLanguage\":\"es\"},{\"@type\":\"WebPage\",\"@id\":\"https:\\\/\\\/www.eldiario.net\\\/portal\\\/2023\\\/01\\\/27\\\/festejos-cuando-hay-mas-odio-y-desunion-en-el-pais\\\/\",\"url\":\"https:\\\/\\\/www.eldiario.net\\\/portal\\\/2023\\\/01\\\/27\\\/festejos-cuando-hay-mas-odio-y-desunion-en-el-pais\\\/\",\"name\":\"\u00bfFestejos cuando hay m\u00e1s odio y desuni\u00f3n en el pa\u00eds? - El Diario - Bolivia\",\"isPartOf\":{\"@id\":\"https:\\\/\\\/www.eldiario.net\\\/portal\\\/#website\"},\"datePublished\":\"2023-01-27T09:57:38+00:00\",\"breadcrumb\":{\"@id\":\"https:\\\/\\\/www.eldiario.net\\\/portal\\\/2023\\\/01\\\/27\\\/festejos-cuando-hay-mas-odio-y-desunion-en-el-pais\\\/#breadcrumb\"},\"inLanguage\":\"es\",\"potentialAction\":[{\"@type\":\"ReadAction\",\"target\":[\"https:\\\/\\\/www.eldiario.net\\\/portal\\\/2023\\\/01\\\/27\\\/festejos-cuando-hay-mas-odio-y-desunion-en-el-pais\\\/\"]}]},{\"@type\":\"BreadcrumbList\",\"@id\":\"https:\\\/\\\/www.eldiario.net\\\/portal\\\/2023\\\/01\\\/27\\\/festejos-cuando-hay-mas-odio-y-desunion-en-el-pais\\\/#breadcrumb\",\"itemListElement\":[{\"@type\":\"ListItem\",\"position\":1,\"name\":\"Portada\",\"item\":\"https:\\\/\\\/www.eldiario.net\\\/portal\\\/\"},{\"@type\":\"ListItem\",\"position\":2,\"name\":\"\u00bfFestejos cuando hay m\u00e1s odio y desuni\u00f3n en el pa\u00eds?\"}]},{\"@type\":\"WebSite\",\"@id\":\"https:\\\/\\\/www.eldiario.net\\\/portal\\\/#website\",\"url\":\"https:\\\/\\\/www.eldiario.net\\\/portal\\\/\",\"name\":\"El Diario - Decano de la prensa nacional\",\"description\":\"El Diario - Decano de la prensa nacional\",\"publisher\":{\"@id\":\"https:\\\/\\\/www.eldiario.net\\\/portal\\\/#organization\"},\"potentialAction\":[{\"@type\":\"SearchAction\",\"target\":{\"@type\":\"EntryPoint\",\"urlTemplate\":\"https:\\\/\\\/www.eldiario.net\\\/portal\\\/?s={search_term_string}\"},\"query-input\":{\"@type\":\"PropertyValueSpecification\",\"valueRequired\":true,\"valueName\":\"search_term_string\"}}],\"inLanguage\":\"es\"},{\"@type\":\"Organization\",\"@id\":\"https:\\\/\\\/www.eldiario.net\\\/portal\\\/#organization\",\"name\":\"El Diario - Decano de la prensa nacional\",\"url\":\"https:\\\/\\\/www.eldiario.net\\\/portal\\\/\",\"logo\":{\"@type\":\"ImageObject\",\"inLanguage\":\"es\",\"@id\":\"https:\\\/\\\/www.eldiario.net\\\/portal\\\/#\\\/schema\\\/logo\\\/image\\\/\",\"url\":\"https:\\\/\\\/www.eldiario.net\\\/portal\\\/wp-content\\\/uploads\\\/2023\\\/07\\\/logo_ED.jpg\",\"contentUrl\":\"https:\\\/\\\/www.eldiario.net\\\/portal\\\/wp-content\\\/uploads\\\/2023\\\/07\\\/logo_ED.jpg\",\"width\":272,\"height\":52,\"caption\":\"El Diario - Decano de la prensa nacional\"},\"image\":{\"@id\":\"https:\\\/\\\/www.eldiario.net\\\/portal\\\/#\\\/schema\\\/logo\\\/image\\\/\"},\"sameAs\":[\"https:\\\/\\\/www.facebook.com\\\/eldiario.bolivia\\\/\",\"https:\\\/\\\/x.com\\\/eldiario_net\"]},{\"@type\":\"Person\",\"@id\":\"https:\\\/\\\/www.eldiario.net\\\/portal\\\/#\\\/schema\\\/person\\\/f46445640444750d7d753ccd04ae01b7\",\"name\":\"Jeanette\",\"image\":{\"@type\":\"ImageObject\",\"inLanguage\":\"es\",\"@id\":\"https:\\\/\\\/secure.gravatar.com\\\/avatar\\\/3ea2118a5f7dad2b7138b1187a6b7ee55f160b9968b66013c3a3ef39dd7e5798?s=96&d=mm&r=g\",\"url\":\"https:\\\/\\\/secure.gravatar.com\\\/avatar\\\/3ea2118a5f7dad2b7138b1187a6b7ee55f160b9968b66013c3a3ef39dd7e5798?s=96&d=mm&r=g\",\"contentUrl\":\"https:\\\/\\\/secure.gravatar.com\\\/avatar\\\/3ea2118a5f7dad2b7138b1187a6b7ee55f160b9968b66013c3a3ef39dd7e5798?s=96&d=mm&r=g\",\"caption\":\"Jeanette\"},\"sameAs\":[\"https:\\\/\\\/www.eldiario.net\\\/portal\"],\"url\":\"https:\\\/\\\/www.eldiario.net\\\/portal\\\/author\\\/jeanette\\\/\"}]}<\/script>\n<!-- \/ Yoast SEO plugin. -->","yoast_head_json":{"title":"\u00bfFestejos cuando hay m\u00e1s odio y desuni\u00f3n en el pa\u00eds? - El Diario - Bolivia","robots":{"index":"index","follow":"follow","max-snippet":"max-snippet:-1","max-image-preview":"max-image-preview:large","max-video-preview":"max-video-preview:-1"},"canonical":"https:\/\/www.eldiario.net\/portal\/2023\/01\/27\/festejos-cuando-hay-mas-odio-y-desunion-en-el-pais\/","og_locale":"es_ES","og_type":"article","og_title":"\u00bfFestejos cuando hay m\u00e1s odio y desuni\u00f3n en el pa\u00eds? - El Diario - Bolivia","og_description":"Las autoridades han recordado a la poblaci\u00f3n que el 22 de enero se recuerda un ascenso al poder por el partido Movimiento al Socialismo y que por ello se ha dispuesto que sea \u201cferiado nacional\u201d; es decir, \u201cd\u00eda festivo\u201d. Para la poblaci\u00f3n no puede haber d\u00edas festivos cuando se recuerda d\u00edas en que se dispuso [&hellip;]","og_url":"https:\/\/www.eldiario.net\/portal\/2023\/01\/27\/festejos-cuando-hay-mas-odio-y-desunion-en-el-pais\/","og_site_name":"El Diario - Bolivia","article_publisher":"https:\/\/www.facebook.com\/eldiario.bolivia\/","article_published_time":"2023-01-27T09:57:38+00:00","author":"Jeanette","twitter_card":"summary_large_image","twitter_creator":"@eldiario_net","twitter_site":"@eldiario_net","twitter_misc":{"Escrito por":"Jeanette","Tiempo de lectura":"3 minutos"},"schema":{"@context":"https:\/\/schema.org","@graph":[{"@type":"Article","@id":"https:\/\/www.eldiario.net\/portal\/2023\/01\/27\/festejos-cuando-hay-mas-odio-y-desunion-en-el-pais\/#article","isPartOf":{"@id":"https:\/\/www.eldiario.net\/portal\/2023\/01\/27\/festejos-cuando-hay-mas-odio-y-desunion-en-el-pais\/"},"author":{"name":"Jeanette","@id":"https:\/\/www.eldiario.net\/portal\/#\/schema\/person\/f46445640444750d7d753ccd04ae01b7"},"headline":"\u00bfFestejos cuando hay m\u00e1s odio y desuni\u00f3n en el pa\u00eds?","datePublished":"2023-01-27T09:57:38+00:00","mainEntityOfPage":{"@id":"https:\/\/www.eldiario.net\/portal\/2023\/01\/27\/festejos-cuando-hay-mas-odio-y-desunion-en-el-pais\/"},"wordCount":508,"publisher":{"@id":"https:\/\/www.eldiario.net\/portal\/#organization"},"articleSection":["Editorial"],"inLanguage":"es"},{"@type":"WebPage","@id":"https:\/\/www.eldiario.net\/portal\/2023\/01\/27\/festejos-cuando-hay-mas-odio-y-desunion-en-el-pais\/","url":"https:\/\/www.eldiario.net\/portal\/2023\/01\/27\/festejos-cuando-hay-mas-odio-y-desunion-en-el-pais\/","name":"\u00bfFestejos cuando hay m\u00e1s odio y desuni\u00f3n en el pa\u00eds? - El Diario - Bolivia","isPartOf":{"@id":"https:\/\/www.eldiario.net\/portal\/#website"},"datePublished":"2023-01-27T09:57:38+00:00","breadcrumb":{"@id":"https:\/\/www.eldiario.net\/portal\/2023\/01\/27\/festejos-cuando-hay-mas-odio-y-desunion-en-el-pais\/#breadcrumb"},"inLanguage":"es","potentialAction":[{"@type":"ReadAction","target":["https:\/\/www.eldiario.net\/portal\/2023\/01\/27\/festejos-cuando-hay-mas-odio-y-desunion-en-el-pais\/"]}]},{"@type":"BreadcrumbList","@id":"https:\/\/www.eldiario.net\/portal\/2023\/01\/27\/festejos-cuando-hay-mas-odio-y-desunion-en-el-pais\/#breadcrumb","itemListElement":[{"@type":"ListItem","position":1,"name":"Portada","item":"https:\/\/www.eldiario.net\/portal\/"},{"@type":"ListItem","position":2,"name":"\u00bfFestejos cuando hay m\u00e1s odio y desuni\u00f3n en el pa\u00eds?"}]},{"@type":"WebSite","@id":"https:\/\/www.eldiario.net\/portal\/#website","url":"https:\/\/www.eldiario.net\/portal\/","name":"El Diario - Decano de la prensa nacional","description":"El Diario - Decano de la prensa nacional","publisher":{"@id":"https:\/\/www.eldiario.net\/portal\/#organization"},"potentialAction":[{"@type":"SearchAction","target":{"@type":"EntryPoint","urlTemplate":"https:\/\/www.eldiario.net\/portal\/?s={search_term_string}"},"query-input":{"@type":"PropertyValueSpecification","valueRequired":true,"valueName":"search_term_string"}}],"inLanguage":"es"},{"@type":"Organization","@id":"https:\/\/www.eldiario.net\/portal\/#organization","name":"El Diario - Decano de la prensa nacional","url":"https:\/\/www.eldiario.net\/portal\/","logo":{"@type":"ImageObject","inLanguage":"es","@id":"https:\/\/www.eldiario.net\/portal\/#\/schema\/logo\/image\/","url":"https:\/\/www.eldiario.net\/portal\/wp-content\/uploads\/2023\/07\/logo_ED.jpg","contentUrl":"https:\/\/www.eldiario.net\/portal\/wp-content\/uploads\/2023\/07\/logo_ED.jpg","width":272,"height":52,"caption":"El Diario - Decano de la prensa nacional"},"image":{"@id":"https:\/\/www.eldiario.net\/portal\/#\/schema\/logo\/image\/"},"sameAs":["https:\/\/www.facebook.com\/eldiario.bolivia\/","https:\/\/x.com\/eldiario_net"]},{"@type":"Person","@id":"https:\/\/www.eldiario.net\/portal\/#\/schema\/person\/f46445640444750d7d753ccd04ae01b7","name":"Jeanette","image":{"@type":"ImageObject","inLanguage":"es","@id":"https:\/\/secure.gravatar.com\/avatar\/3ea2118a5f7dad2b7138b1187a6b7ee55f160b9968b66013c3a3ef39dd7e5798?s=96&d=mm&r=g","url":"https:\/\/secure.gravatar.com\/avatar\/3ea2118a5f7dad2b7138b1187a6b7ee55f160b9968b66013c3a3ef39dd7e5798?s=96&d=mm&r=g","contentUrl":"https:\/\/secure.gravatar.com\/avatar\/3ea2118a5f7dad2b7138b1187a6b7ee55f160b9968b66013c3a3ef39dd7e5798?s=96&d=mm&r=g","caption":"Jeanette"},"sameAs":["https:\/\/www.eldiario.net\/portal"],"url":"https:\/\/www.eldiario.net\/portal\/author\/jeanette\/"}]}},"_links":{"self":[{"href":"https:\/\/www.eldiario.net\/portal\/wp-json\/wp\/v2\/posts\/135019","targetHints":{"allow":["GET"]}}],"collection":[{"href":"https:\/\/www.eldiario.net\/portal\/wp-json\/wp\/v2\/posts"}],"about":[{"href":"https:\/\/www.eldiario.net\/portal\/wp-json\/wp\/v2\/types\/post"}],"author":[{"embeddable":true,"href":"https:\/\/www.eldiario.net\/portal\/wp-json\/wp\/v2\/users\/1"}],"replies":[{"embeddable":true,"href":"https:\/\/www.eldiario.net\/portal\/wp-json\/wp\/v2\/comments?post=135019"}],"version-history":[{"count":0,"href":"https:\/\/www.eldiario.net\/portal\/wp-json\/wp\/v2\/posts\/135019\/revisions"}],"wp:attachment":[{"href":"https:\/\/www.eldiario.net\/portal\/wp-json\/wp\/v2\/media?parent=135019"}],"wp:term":[{"taxonomy":"category","embeddable":true,"href":"https:\/\/www.eldiario.net\/portal\/wp-json\/wp\/v2\/categories?post=135019"},{"taxonomy":"post_tag","embeddable":true,"href":"https:\/\/www.eldiario.net\/portal\/wp-json\/wp\/v2\/tags?post=135019"}],"curies":[{"name":"wp","href":"https:\/\/api.w.org\/{rel}","templated":true}]}}