{"id":135014,"date":"2023-01-27T05:57:12","date_gmt":"2023-01-27T09:57:12","guid":{"rendered":"https:\/\/www.eldiario.net\/portal\/?p=135014"},"modified":"2023-01-27T05:57:12","modified_gmt":"2023-01-27T09:57:12","slug":"las-semillas-sonoras-de-simeon-roncal","status":"publish","type":"post","link":"https:\/\/www.eldiario.net\/portal\/2023\/01\/27\/las-semillas-sonoras-de-simeon-roncal\/","title":{"rendered":"Las Semillas Sonoras  de Sime\u00f3n Roncal"},"content":{"rendered":"<p>Los invitados del d\u00eda en Cvltvral son los integrantes de este d\u00fao conformado por V\u00edctor Hugo Aliaga y Selva Marilena Cordero, dos m\u00fasicos pace\u00f1os, cuya afinidad musical los ha llevado a conformar este ensamble donde versionan, a su estilo, diferentes temas del amplio universo musical de nuestro pa\u00eds, incluyendo cuecas del gran Sime\u00f3n Roncal, s\u00f3lo por mencionar algo. En esta exclusiva nos cuentan un poco sobre su proyecto y planes a futuro que incluyen un segundo disco\u2026 sean todos bienvenidos al show.<\/p>\n<p><strong>\u00bfC\u00f3mo nace este ensamble?<\/strong><br \/>\nEl ensamble nace en realidad como una idea para tocar cuecas bolivianas y tomamos a Sime\u00f3n Roncal como un referente de la Cueca Boliviana ya que el llev\u00f3 nuestra cueca a un nivel acad\u00e9mico bastante interesante. Ya despu\u00e9s de tocar varias cuecas nos dimos cuenta de la buena qu\u00edmica musical del d\u00fao y con esto empezamos a tocar otras m\u00fasicas.<\/p>\n<p><strong>\u00bfA qu\u00e9 hace referencia el nombre?<\/strong><br \/>\n\u201cSemillas Sonoras\u201d somos un ensamble bastante joven, con muchas ideas para crecer musicalmente, ahora nos sentimos bastante peque\u00f1os \u201ccomo unas semillas\u201c que, van a seguir el camino de m\u00fasicos que admiramos como Sime\u00f3n para as\u00ed crecer mucho, adem\u00e1s cuidando la m\u00fasica que nuestros artistas m\u00e1s importantes nos van dejando. Hacemos referencia al arrebato del Lakajahuira por una cueca llamada \u201cLack&#8217;ajawira\u201d de un gran m\u00fasico boliviano como es \u00c1lvaro Montenegro, al que admiramos un mont\u00f3n y con quien grabamos nuestro primer EP llamado \u201cSiembra\u201d, adem\u00e1s de abrirnos las puertas de su estudio, nos da esta bella cueca para que la toquemos y nosotros nos la adue\u00f1amos. El tener a Sime\u00f3n Roncal y de alguna forma a \u00c1lvaro Montenegro en nuestro nombre, nos hace el puente perfecto para rescatar m\u00fasica boliviana tradicional y tambi\u00e9n moderna, y con esta darle un enfoque a la sonoridad de nuestro d\u00fao.<\/p>\n<p><strong>\u00bfQui\u00e9nes conforman este d\u00fao?<\/strong><br \/>\nSelva Cordero que es guitarrista estudiante del Conservatorio Plurinacional de M\u00fasica<br \/>\nV\u00edctor Aliaga, saxofonista egresado del Conservatorio Plurinacional de M\u00fasica.<\/p>\n<p>\u00bfCu\u00e1l ha sido el mayor reto de reversionar temas de uno de los m\u00e1s grandes pianistas de nuestra historia?<br \/>\nPlasmar las ideas musicales de Sime\u00f3n Roncal en instrumentos muy diferentes, pues adecuar la m\u00fasica a los recursos de nuestros instrumentos nos est\u00e1 permitiendo explorar muchas opciones de interpretaci\u00f3n y esto nos pasa con todos los m\u00fasicos a los que hemos decidido incluir en nuestro repertorio, ya que en Bolivia un d\u00fao de saxof\u00f3n y guitarra tocando m\u00fasica boliviana no ha sido un ensamble muy recurrente.<\/p>\n<p><strong>\u00bfEn qu\u00e9 momento descubren afinidad y amor por la m\u00fasica?<\/strong><br \/>\nNuestra afinidad musical es a toda la m\u00fasica boliviana y con especial inter\u00e9s en m\u00fasica de compositores bolivianos que han estado por diferentes causas fuera de radar. Amamos la m\u00fasica boliviana binaria de subdivisi\u00f3n ternaria.<\/p>\n<p><strong>\u00bfCu\u00e1l es el aporte de cada uno al sonido final?<\/strong><br \/>\nEl trabajo es bastante org\u00e1nico, ambos llegamos a nuestros ensayos estudiados y dispuestos a dar ideas. Podemos afirmar que el aporte arm\u00f3nico y mel\u00f3dico parte de los dos y pasa mucho en nuestros ensayos que nos quedamos con algunas piezas mucho tiempo, decidiendo la sonoridad de peque\u00f1os fragmentos.<\/p>\n<p><strong>\u00bfCu\u00e1ndo se estren\u00f3 su EP como d\u00fao?<\/strong><br \/>\nEl EP se estren\u00f3 en noviembre del a\u00f1o pasado en la ciudad de La Paz y en El Alto el 20 de enero; ambos conciertos fueron bastante bonitos, con Ibra Murillo y Lezly Mart\u00ednez de invitados.<\/p>\n<p><strong>\u00bfQu\u00e9 canciones contiene este trabajo de estudio?<\/strong><br \/>\nEste Ep tiene 5 piezas que son:<br \/>\n&#8211; Lack&#8217;ajawira de \u00c1lvaro Montenegro<br \/>\n&#8211; Duendes del Jechu Duran<br \/>\n&#8211; Marujita de Manuel El\u00edas Coronel<br \/>\n&#8211; No puedo llorar m\u00e1s de Ferm\u00edn Barrionuevo<br \/>\n&#8211; Zamba por vos ( nuestra \u00fanica pieza no boliviana) de Alfredo Zitarrosa<\/p>\n<p><strong>\u00bfEstar\u00e1n dando conciertos promocionales en las venideras semanas?<\/strong><br \/>\nTratamos de tener por lo menos dos conciertos mensuales y siempre los anunciamos en Facebook e Instagram. En Facebook estamos como \u201cLas Semillas Sonoras de Sime\u00f3n Roncal y el Arrebato del Lakajahuira\u201d y en Instagram como \u201cEl arrebato del Lakajahuira\u201d. Adem\u00e1s todas las semanas ensayamos en la Plaza Abaroa en un banquito con sombra, ah\u00ed tambi\u00e9n pueden escucharnos.<\/p>\n<p><strong>\u00bfSe podr\u00eda pensar en un segundo disco para este a\u00f1o o es todav\u00eda prematuro hablar del tema?<\/strong><br \/>\nEstamos trabajando en el segundo trabajo discogr\u00e1fico donde ya presentaremos nuestras composiciones y algunas sorpresitas m\u00e1s.<\/p>\n\n","protected":false},"excerpt":{"rendered":"<p>Los invitados del d\u00eda en Cvltvral son los integrantes de este d\u00fao conformado por V\u00edctor Hugo Aliaga y Selva Marilena Cordero, dos m\u00fasicos pace\u00f1os, cuya afinidad musical los ha llevado a conformar este ensamble donde versionan, a su estilo, diferentes temas del amplio universo musical de nuestro pa\u00eds, incluyendo cuecas del gran Sime\u00f3n Roncal, s\u00f3lo [&hellip;]<\/p>\n","protected":false},"author":1,"featured_media":135017,"comment_status":"closed","ping_status":"closed","sticky":false,"template":"","format":"standard","meta":{"_acf_changed":false,"footnotes":""},"categories":[8],"tags":[],"class_list":["post-135014","post","type-post","status-publish","format-standard","has-post-thumbnail","category-cultural"],"acf":{"antetitulo":""},"yoast_head":"<!-- This site is optimized with the Yoast SEO plugin v28.4 - https:\/\/yoast.com\/product\/yoast-seo-wordpress\/ -->\n<title>Las Semillas Sonoras de Sime\u00f3n Roncal - El Diario - Bolivia<\/title>\n<meta name=\"robots\" content=\"index, follow, max-snippet:-1, max-image-preview:large, max-video-preview:-1\" \/>\n<link rel=\"canonical\" href=\"https:\/\/www.eldiario.net\/portal\/2023\/01\/27\/las-semillas-sonoras-de-simeon-roncal\/\" \/>\n<meta property=\"og:locale\" content=\"es_ES\" \/>\n<meta property=\"og:type\" content=\"article\" \/>\n<meta property=\"og:title\" content=\"Las Semillas Sonoras de Sime\u00f3n Roncal - El Diario - Bolivia\" \/>\n<meta property=\"og:description\" content=\"Los invitados del d\u00eda en Cvltvral son los integrantes de este d\u00fao conformado por V\u00edctor Hugo Aliaga y Selva Marilena Cordero, dos m\u00fasicos pace\u00f1os, cuya afinidad musical los ha llevado a conformar este ensamble donde versionan, a su estilo, diferentes temas del amplio universo musical de nuestro pa\u00eds, incluyendo cuecas del gran Sime\u00f3n Roncal, s\u00f3lo [&hellip;]\" \/>\n<meta property=\"og:url\" content=\"https:\/\/www.eldiario.net\/portal\/2023\/01\/27\/las-semillas-sonoras-de-simeon-roncal\/\" \/>\n<meta property=\"og:site_name\" content=\"El Diario - Bolivia\" \/>\n<meta property=\"article:publisher\" content=\"https:\/\/www.facebook.com\/eldiario.bolivia\/\" \/>\n<meta property=\"article:published_time\" content=\"2023-01-27T09:57:12+00:00\" \/>\n<meta name=\"author\" content=\"Jeanette\" \/>\n<meta name=\"twitter:card\" content=\"summary_large_image\" \/>\n<meta name=\"twitter:creator\" content=\"@eldiario_net\" \/>\n<meta name=\"twitter:site\" content=\"@eldiario_net\" \/>\n<meta name=\"twitter:label1\" content=\"Escrito por\" \/>\n\t<meta name=\"twitter:data1\" content=\"Jeanette\" \/>\n\t<meta name=\"twitter:label2\" content=\"Tiempo de lectura\" \/>\n\t<meta name=\"twitter:data2\" content=\"4 minutos\" \/>\n<script type=\"application\/ld+json\" class=\"yoast-schema-graph\">{\"@context\":\"https:\\\/\\\/schema.org\",\"@graph\":[{\"@type\":\"Article\",\"@id\":\"https:\\\/\\\/www.eldiario.net\\\/portal\\\/2023\\\/01\\\/27\\\/las-semillas-sonoras-de-simeon-roncal\\\/#article\",\"isPartOf\":{\"@id\":\"https:\\\/\\\/www.eldiario.net\\\/portal\\\/2023\\\/01\\\/27\\\/las-semillas-sonoras-de-simeon-roncal\\\/\"},\"author\":{\"name\":\"Jeanette\",\"@id\":\"https:\\\/\\\/www.eldiario.net\\\/portal\\\/#\\\/schema\\\/person\\\/2c57cf2b7a7ae032e449e4c9b1019eac\"},\"headline\":\"Las Semillas Sonoras de Sime\u00f3n Roncal\",\"datePublished\":\"2023-01-27T09:57:12+00:00\",\"mainEntityOfPage\":{\"@id\":\"https:\\\/\\\/www.eldiario.net\\\/portal\\\/2023\\\/01\\\/27\\\/las-semillas-sonoras-de-simeon-roncal\\\/\"},\"wordCount\":782,\"publisher\":{\"@id\":\"https:\\\/\\\/www.eldiario.net\\\/portal\\\/#organization\"},\"image\":{\"@id\":\"https:\\\/\\\/www.eldiario.net\\\/portal\\\/2023\\\/01\\\/27\\\/las-semillas-sonoras-de-simeon-roncal\\\/#primaryimage\"},\"thumbnailUrl\":\"\",\"articleSection\":[\"Cultural\"],\"inLanguage\":\"es\"},{\"@type\":\"WebPage\",\"@id\":\"https:\\\/\\\/www.eldiario.net\\\/portal\\\/2023\\\/01\\\/27\\\/las-semillas-sonoras-de-simeon-roncal\\\/\",\"url\":\"https:\\\/\\\/www.eldiario.net\\\/portal\\\/2023\\\/01\\\/27\\\/las-semillas-sonoras-de-simeon-roncal\\\/\",\"name\":\"Las Semillas Sonoras de Sime\u00f3n Roncal - El Diario - Bolivia\",\"isPartOf\":{\"@id\":\"https:\\\/\\\/www.eldiario.net\\\/portal\\\/#website\"},\"primaryImageOfPage\":{\"@id\":\"https:\\\/\\\/www.eldiario.net\\\/portal\\\/2023\\\/01\\\/27\\\/las-semillas-sonoras-de-simeon-roncal\\\/#primaryimage\"},\"image\":{\"@id\":\"https:\\\/\\\/www.eldiario.net\\\/portal\\\/2023\\\/01\\\/27\\\/las-semillas-sonoras-de-simeon-roncal\\\/#primaryimage\"},\"thumbnailUrl\":\"\",\"datePublished\":\"2023-01-27T09:57:12+00:00\",\"breadcrumb\":{\"@id\":\"https:\\\/\\\/www.eldiario.net\\\/portal\\\/2023\\\/01\\\/27\\\/las-semillas-sonoras-de-simeon-roncal\\\/#breadcrumb\"},\"inLanguage\":\"es\",\"potentialAction\":[{\"@type\":\"ReadAction\",\"target\":[\"https:\\\/\\\/www.eldiario.net\\\/portal\\\/2023\\\/01\\\/27\\\/las-semillas-sonoras-de-simeon-roncal\\\/\"]}]},{\"@type\":\"ImageObject\",\"inLanguage\":\"es\",\"@id\":\"https:\\\/\\\/www.eldiario.net\\\/portal\\\/2023\\\/01\\\/27\\\/las-semillas-sonoras-de-simeon-roncal\\\/#primaryimage\",\"url\":\"\",\"contentUrl\":\"\"},{\"@type\":\"BreadcrumbList\",\"@id\":\"https:\\\/\\\/www.eldiario.net\\\/portal\\\/2023\\\/01\\\/27\\\/las-semillas-sonoras-de-simeon-roncal\\\/#breadcrumb\",\"itemListElement\":[{\"@type\":\"ListItem\",\"position\":1,\"name\":\"Portada\",\"item\":\"https:\\\/\\\/www.eldiario.net\\\/portal\\\/\"},{\"@type\":\"ListItem\",\"position\":2,\"name\":\"Las Semillas Sonoras de Sime\u00f3n Roncal\"}]},{\"@type\":\"WebSite\",\"@id\":\"https:\\\/\\\/www.eldiario.net\\\/portal\\\/#website\",\"url\":\"https:\\\/\\\/www.eldiario.net\\\/portal\\\/\",\"name\":\"El Diario - Decano de la prensa nacional\",\"description\":\"El Diario - Decano de la prensa nacional\",\"publisher\":{\"@id\":\"https:\\\/\\\/www.eldiario.net\\\/portal\\\/#organization\"},\"potentialAction\":[{\"@type\":\"SearchAction\",\"target\":{\"@type\":\"EntryPoint\",\"urlTemplate\":\"https:\\\/\\\/www.eldiario.net\\\/portal\\\/?s={search_term_string}\"},\"query-input\":{\"@type\":\"PropertyValueSpecification\",\"valueRequired\":true,\"valueName\":\"search_term_string\"}}],\"inLanguage\":\"es\"},{\"@type\":\"Organization\",\"@id\":\"https:\\\/\\\/www.eldiario.net\\\/portal\\\/#organization\",\"name\":\"El Diario - Decano de la prensa nacional\",\"url\":\"https:\\\/\\\/www.eldiario.net\\\/portal\\\/\",\"logo\":{\"@type\":\"ImageObject\",\"inLanguage\":\"es\",\"@id\":\"https:\\\/\\\/www.eldiario.net\\\/portal\\\/#\\\/schema\\\/logo\\\/image\\\/\",\"url\":\"https:\\\/\\\/www.eldiario.net\\\/portal\\\/wp-content\\\/uploads\\\/2023\\\/07\\\/logo_ED.jpg\",\"contentUrl\":\"https:\\\/\\\/www.eldiario.net\\\/portal\\\/wp-content\\\/uploads\\\/2023\\\/07\\\/logo_ED.jpg\",\"width\":272,\"height\":52,\"caption\":\"El Diario - Decano de la prensa nacional\"},\"image\":{\"@id\":\"https:\\\/\\\/www.eldiario.net\\\/portal\\\/#\\\/schema\\\/logo\\\/image\\\/\"},\"sameAs\":[\"https:\\\/\\\/www.facebook.com\\\/eldiario.bolivia\\\/\",\"https:\\\/\\\/x.com\\\/eldiario_net\"]},{\"@type\":\"Person\",\"@id\":\"https:\\\/\\\/www.eldiario.net\\\/portal\\\/#\\\/schema\\\/person\\\/2c57cf2b7a7ae032e449e4c9b1019eac\",\"name\":\"Jeanette\",\"image\":{\"@type\":\"ImageObject\",\"inLanguage\":\"es\",\"@id\":\"https:\\\/\\\/secure.gravatar.com\\\/avatar\\\/3ea2118a5f7dad2b7138b1187a6b7ee55f160b9968b66013c3a3ef39dd7e5798?s=96&d=mm&r=g\",\"url\":\"https:\\\/\\\/secure.gravatar.com\\\/avatar\\\/3ea2118a5f7dad2b7138b1187a6b7ee55f160b9968b66013c3a3ef39dd7e5798?s=96&d=mm&r=g\",\"contentUrl\":\"https:\\\/\\\/secure.gravatar.com\\\/avatar\\\/3ea2118a5f7dad2b7138b1187a6b7ee55f160b9968b66013c3a3ef39dd7e5798?s=96&d=mm&r=g\",\"caption\":\"Jeanette\"},\"sameAs\":[\"https:\\\/\\\/www.eldiario.net\\\/portal\"],\"url\":\"https:\\\/\\\/www.eldiario.net\\\/portal\\\/author\\\/jeanette\\\/\"}]}<\/script>\n<!-- \/ Yoast SEO plugin. -->","yoast_head_json":{"title":"Las Semillas Sonoras de Sime\u00f3n Roncal - El Diario - Bolivia","robots":{"index":"index","follow":"follow","max-snippet":"max-snippet:-1","max-image-preview":"max-image-preview:large","max-video-preview":"max-video-preview:-1"},"canonical":"https:\/\/www.eldiario.net\/portal\/2023\/01\/27\/las-semillas-sonoras-de-simeon-roncal\/","og_locale":"es_ES","og_type":"article","og_title":"Las Semillas Sonoras de Sime\u00f3n Roncal - El Diario - Bolivia","og_description":"Los invitados del d\u00eda en Cvltvral son los integrantes de este d\u00fao conformado por V\u00edctor Hugo Aliaga y Selva Marilena Cordero, dos m\u00fasicos pace\u00f1os, cuya afinidad musical los ha llevado a conformar este ensamble donde versionan, a su estilo, diferentes temas del amplio universo musical de nuestro pa\u00eds, incluyendo cuecas del gran Sime\u00f3n Roncal, s\u00f3lo [&hellip;]","og_url":"https:\/\/www.eldiario.net\/portal\/2023\/01\/27\/las-semillas-sonoras-de-simeon-roncal\/","og_site_name":"El Diario - Bolivia","article_publisher":"https:\/\/www.facebook.com\/eldiario.bolivia\/","article_published_time":"2023-01-27T09:57:12+00:00","author":"Jeanette","twitter_card":"summary_large_image","twitter_creator":"@eldiario_net","twitter_site":"@eldiario_net","twitter_misc":{"Escrito por":"Jeanette","Tiempo de lectura":"4 minutos"},"schema":{"@context":"https:\/\/schema.org","@graph":[{"@type":"Article","@id":"https:\/\/www.eldiario.net\/portal\/2023\/01\/27\/las-semillas-sonoras-de-simeon-roncal\/#article","isPartOf":{"@id":"https:\/\/www.eldiario.net\/portal\/2023\/01\/27\/las-semillas-sonoras-de-simeon-roncal\/"},"author":{"name":"Jeanette","@id":"https:\/\/www.eldiario.net\/portal\/#\/schema\/person\/2c57cf2b7a7ae032e449e4c9b1019eac"},"headline":"Las Semillas Sonoras de Sime\u00f3n Roncal","datePublished":"2023-01-27T09:57:12+00:00","mainEntityOfPage":{"@id":"https:\/\/www.eldiario.net\/portal\/2023\/01\/27\/las-semillas-sonoras-de-simeon-roncal\/"},"wordCount":782,"publisher":{"@id":"https:\/\/www.eldiario.net\/portal\/#organization"},"image":{"@id":"https:\/\/www.eldiario.net\/portal\/2023\/01\/27\/las-semillas-sonoras-de-simeon-roncal\/#primaryimage"},"thumbnailUrl":"","articleSection":["Cultural"],"inLanguage":"es"},{"@type":"WebPage","@id":"https:\/\/www.eldiario.net\/portal\/2023\/01\/27\/las-semillas-sonoras-de-simeon-roncal\/","url":"https:\/\/www.eldiario.net\/portal\/2023\/01\/27\/las-semillas-sonoras-de-simeon-roncal\/","name":"Las Semillas Sonoras de Sime\u00f3n Roncal - El Diario - Bolivia","isPartOf":{"@id":"https:\/\/www.eldiario.net\/portal\/#website"},"primaryImageOfPage":{"@id":"https:\/\/www.eldiario.net\/portal\/2023\/01\/27\/las-semillas-sonoras-de-simeon-roncal\/#primaryimage"},"image":{"@id":"https:\/\/www.eldiario.net\/portal\/2023\/01\/27\/las-semillas-sonoras-de-simeon-roncal\/#primaryimage"},"thumbnailUrl":"","datePublished":"2023-01-27T09:57:12+00:00","breadcrumb":{"@id":"https:\/\/www.eldiario.net\/portal\/2023\/01\/27\/las-semillas-sonoras-de-simeon-roncal\/#breadcrumb"},"inLanguage":"es","potentialAction":[{"@type":"ReadAction","target":["https:\/\/www.eldiario.net\/portal\/2023\/01\/27\/las-semillas-sonoras-de-simeon-roncal\/"]}]},{"@type":"ImageObject","inLanguage":"es","@id":"https:\/\/www.eldiario.net\/portal\/2023\/01\/27\/las-semillas-sonoras-de-simeon-roncal\/#primaryimage","url":"","contentUrl":""},{"@type":"BreadcrumbList","@id":"https:\/\/www.eldiario.net\/portal\/2023\/01\/27\/las-semillas-sonoras-de-simeon-roncal\/#breadcrumb","itemListElement":[{"@type":"ListItem","position":1,"name":"Portada","item":"https:\/\/www.eldiario.net\/portal\/"},{"@type":"ListItem","position":2,"name":"Las Semillas Sonoras de Sime\u00f3n Roncal"}]},{"@type":"WebSite","@id":"https:\/\/www.eldiario.net\/portal\/#website","url":"https:\/\/www.eldiario.net\/portal\/","name":"El Diario - Decano de la prensa nacional","description":"El Diario - Decano de la prensa nacional","publisher":{"@id":"https:\/\/www.eldiario.net\/portal\/#organization"},"potentialAction":[{"@type":"SearchAction","target":{"@type":"EntryPoint","urlTemplate":"https:\/\/www.eldiario.net\/portal\/?s={search_term_string}"},"query-input":{"@type":"PropertyValueSpecification","valueRequired":true,"valueName":"search_term_string"}}],"inLanguage":"es"},{"@type":"Organization","@id":"https:\/\/www.eldiario.net\/portal\/#organization","name":"El Diario - Decano de la prensa nacional","url":"https:\/\/www.eldiario.net\/portal\/","logo":{"@type":"ImageObject","inLanguage":"es","@id":"https:\/\/www.eldiario.net\/portal\/#\/schema\/logo\/image\/","url":"https:\/\/www.eldiario.net\/portal\/wp-content\/uploads\/2023\/07\/logo_ED.jpg","contentUrl":"https:\/\/www.eldiario.net\/portal\/wp-content\/uploads\/2023\/07\/logo_ED.jpg","width":272,"height":52,"caption":"El Diario - Decano de la prensa nacional"},"image":{"@id":"https:\/\/www.eldiario.net\/portal\/#\/schema\/logo\/image\/"},"sameAs":["https:\/\/www.facebook.com\/eldiario.bolivia\/","https:\/\/x.com\/eldiario_net"]},{"@type":"Person","@id":"https:\/\/www.eldiario.net\/portal\/#\/schema\/person\/2c57cf2b7a7ae032e449e4c9b1019eac","name":"Jeanette","image":{"@type":"ImageObject","inLanguage":"es","@id":"https:\/\/secure.gravatar.com\/avatar\/3ea2118a5f7dad2b7138b1187a6b7ee55f160b9968b66013c3a3ef39dd7e5798?s=96&d=mm&r=g","url":"https:\/\/secure.gravatar.com\/avatar\/3ea2118a5f7dad2b7138b1187a6b7ee55f160b9968b66013c3a3ef39dd7e5798?s=96&d=mm&r=g","contentUrl":"https:\/\/secure.gravatar.com\/avatar\/3ea2118a5f7dad2b7138b1187a6b7ee55f160b9968b66013c3a3ef39dd7e5798?s=96&d=mm&r=g","caption":"Jeanette"},"sameAs":["https:\/\/www.eldiario.net\/portal"],"url":"https:\/\/www.eldiario.net\/portal\/author\/jeanette\/"}]}},"_links":{"self":[{"href":"https:\/\/www.eldiario.net\/portal\/wp-json\/wp\/v2\/posts\/135014","targetHints":{"allow":["GET"]}}],"collection":[{"href":"https:\/\/www.eldiario.net\/portal\/wp-json\/wp\/v2\/posts"}],"about":[{"href":"https:\/\/www.eldiario.net\/portal\/wp-json\/wp\/v2\/types\/post"}],"author":[{"embeddable":true,"href":"https:\/\/www.eldiario.net\/portal\/wp-json\/wp\/v2\/users\/1"}],"replies":[{"embeddable":true,"href":"https:\/\/www.eldiario.net\/portal\/wp-json\/wp\/v2\/comments?post=135014"}],"version-history":[{"count":0,"href":"https:\/\/www.eldiario.net\/portal\/wp-json\/wp\/v2\/posts\/135014\/revisions"}],"wp:attachment":[{"href":"https:\/\/www.eldiario.net\/portal\/wp-json\/wp\/v2\/media?parent=135014"}],"wp:term":[{"taxonomy":"category","embeddable":true,"href":"https:\/\/www.eldiario.net\/portal\/wp-json\/wp\/v2\/categories?post=135014"},{"taxonomy":"post_tag","embeddable":true,"href":"https:\/\/www.eldiario.net\/portal\/wp-json\/wp\/v2\/tags?post=135014"}],"curies":[{"name":"wp","href":"https:\/\/api.w.org\/{rel}","templated":true}]}}