{"id":135011,"date":"2023-01-27T05:54:49","date_gmt":"2023-01-27T09:54:49","guid":{"rendered":"https:\/\/www.eldiario.net\/portal\/?p=135011"},"modified":"2023-01-27T05:54:49","modified_gmt":"2023-01-27T09:54:49","slug":"los-fabelman-con-7-nominaciones-a-los-oscar-ya-esta-en-la-pantalla-grande","status":"publish","type":"post","link":"https:\/\/www.eldiario.net\/portal\/2023\/01\/27\/los-fabelman-con-7-nominaciones-a-los-oscar-ya-esta-en-la-pantalla-grande\/","title":{"rendered":"\u201cLos Fabelman\u201d,  con 7 nominaciones a los \u00d3scar, ya est\u00e1 en la pantalla grande"},"content":{"rendered":"<p>Los Fabelman, pel\u00edcula dirigida por Steven Spielberg, es un retrato profundamente personal de su infancia en el siglo XX; un recuerdo cinematogr\u00e1fico de los poderes y la familia que dieron forma a la vida y la carrera del cineasta. Una historia universal sobre los a\u00f1os previos a la mayor\u00eda de edad y sobre la b\u00fasqueda de los sue\u00f1os de un joven aislado, esta cinta es una exploraci\u00f3n del amor, la ambici\u00f3n art\u00edstica, el sacrificio y los momentos de descubrimiento que nos permiten mirar la verdad acerca de nosotros mismos y nuestros padres con claridad y compasi\u00f3n.<br \/>\nSinopsis<br \/>\nSammy Fabelman (Gabriel Labelle) se dedica a hacer cine, un inter\u00e9s que celebra y defiende su madre artista, Mitzi (Michelle Williams, actriz cuatro veces nominada al \u00d3scar). El exitoso padre cient\u00edfico de Sammy, Burt (Paul Dano), apoya el trabajo de Sammy, pero lo ve como un pasatiempo poco serio.<br \/>\nCon el correr de los a\u00f1os, Sammy se convierte en el documentalista de facto de las aventuras de su familia, as\u00ed como en el director de sus cada vez m\u00e1s elaboradas producciones cinematogr\u00e1ficas amateurs, protagonizadas por sus hermanas y amigos. A los 16 a\u00f1os, Sammy es tanto el principal observador como el compilador de su historia familiar, pero cuando su familia se muda al oeste del pa\u00eds, Sammy descubre una verdad desgarradora sobre su madre que redefinir\u00e1 su relaci\u00f3n y alterar\u00e1 su futuro y el de toda su familia.<br \/>\nLos Fabelman es dirigida por Steven Spielberg y fue escrita por Spielberg y el dramaturgo ganador del Premio Pulitzer Tony Kushner, quien ha recibido nominaciones al \u00d3scar por sus guiones para las pel\u00edculas de Spielberg, Lincoln y Munich.<br \/>\n\u201cReconocido por filmes como Tibur\u00f3n (1975), E.T., el extraterrestre (1982), La lista de Schindler (1993), Rescatando al soldado Ryan (1998), La Terminal (2004) y la saga Jurassic Park, por solo citar algunos de sus inolvidables largometrajes, Spielberg, a sus 76 a\u00f1os, nos presenta una ficci\u00f3n autobiogr\u00e1fica, donde reflexiona sobre su juventud, su familia y revela c\u00f3mo se enamor\u00f3 perdidamente del cine\u201d, se\u00f1ala Sandra Cortez, gerente de marketing de Andes Films, a\u00f1adiendo que el imperdible drama de dos horas y media, llega a los cines bolivianos para demostrar por qu\u00e9 est\u00e1 nominada a siete premios de la Academia de Hollywood: Mejor Pel\u00edcula, Mejor Director, Mejor Guion Original, Mejor Banda Sonora, Mejor Dise\u00f1o de Producci\u00f3n, Mejor Actor y Mejor Actriz de Reparto.<\/p>\n","protected":false},"excerpt":{"rendered":"<p>Los Fabelman, pel\u00edcula dirigida por Steven Spielberg, es un retrato profundamente personal de su infancia en el siglo XX; un recuerdo cinematogr\u00e1fico de los poderes y la familia que dieron forma a la vida y la carrera del cineasta. Una historia universal sobre los a\u00f1os previos a la mayor\u00eda de edad y sobre la b\u00fasqueda [&hellip;]<\/p>\n","protected":false},"author":1,"featured_media":135012,"comment_status":"closed","ping_status":"closed","sticky":false,"template":"","format":"standard","meta":{"_acf_changed":false,"footnotes":""},"categories":[8],"tags":[],"class_list":["post-135011","post","type-post","status-publish","format-standard","has-post-thumbnail","category-cultural"],"acf":{"antetitulo":""},"yoast_head":"<!-- This site is optimized with the Yoast SEO plugin v28.4 - https:\/\/yoast.com\/product\/yoast-seo-wordpress\/ -->\n<title>\u201cLos Fabelman\u201d, con 7 nominaciones a los \u00d3scar, ya est\u00e1 en la pantalla grande - El Diario - Bolivia<\/title>\n<meta name=\"robots\" content=\"index, follow, max-snippet:-1, max-image-preview:large, max-video-preview:-1\" \/>\n<link rel=\"canonical\" href=\"https:\/\/www.eldiario.net\/portal\/2023\/01\/27\/los-fabelman-con-7-nominaciones-a-los-oscar-ya-esta-en-la-pantalla-grande\/\" \/>\n<meta property=\"og:locale\" content=\"es_ES\" \/>\n<meta property=\"og:type\" content=\"article\" \/>\n<meta property=\"og:title\" content=\"\u201cLos Fabelman\u201d, con 7 nominaciones a los \u00d3scar, ya est\u00e1 en la pantalla grande - El Diario - Bolivia\" \/>\n<meta property=\"og:description\" content=\"Los Fabelman, pel\u00edcula dirigida por Steven Spielberg, es un retrato profundamente personal de su infancia en el siglo XX; un recuerdo cinematogr\u00e1fico de los poderes y la familia que dieron forma a la vida y la carrera del cineasta. Una historia universal sobre los a\u00f1os previos a la mayor\u00eda de edad y sobre la b\u00fasqueda [&hellip;]\" \/>\n<meta property=\"og:url\" content=\"https:\/\/www.eldiario.net\/portal\/2023\/01\/27\/los-fabelman-con-7-nominaciones-a-los-oscar-ya-esta-en-la-pantalla-grande\/\" \/>\n<meta property=\"og:site_name\" content=\"El Diario - Bolivia\" \/>\n<meta property=\"article:publisher\" content=\"https:\/\/www.facebook.com\/eldiario.bolivia\/\" \/>\n<meta property=\"article:published_time\" content=\"2023-01-27T09:54:49+00:00\" \/>\n<meta name=\"author\" content=\"Jeanette\" \/>\n<meta name=\"twitter:card\" content=\"summary_large_image\" \/>\n<meta name=\"twitter:creator\" content=\"@eldiario_net\" \/>\n<meta name=\"twitter:site\" content=\"@eldiario_net\" \/>\n<meta name=\"twitter:label1\" content=\"Escrito por\" \/>\n\t<meta name=\"twitter:data1\" content=\"Jeanette\" \/>\n\t<meta name=\"twitter:label2\" content=\"Tiempo de lectura\" \/>\n\t<meta name=\"twitter:data2\" content=\"2 minutos\" \/>\n<script type=\"application\/ld+json\" class=\"yoast-schema-graph\">{\"@context\":\"https:\\\/\\\/schema.org\",\"@graph\":[{\"@type\":\"Article\",\"@id\":\"https:\\\/\\\/www.eldiario.net\\\/portal\\\/2023\\\/01\\\/27\\\/los-fabelman-con-7-nominaciones-a-los-oscar-ya-esta-en-la-pantalla-grande\\\/#article\",\"isPartOf\":{\"@id\":\"https:\\\/\\\/www.eldiario.net\\\/portal\\\/2023\\\/01\\\/27\\\/los-fabelman-con-7-nominaciones-a-los-oscar-ya-esta-en-la-pantalla-grande\\\/\"},\"author\":{\"name\":\"Jeanette\",\"@id\":\"https:\\\/\\\/www.eldiario.net\\\/portal\\\/#\\\/schema\\\/person\\\/2c57cf2b7a7ae032e449e4c9b1019eac\"},\"headline\":\"\u201cLos Fabelman\u201d, con 7 nominaciones a los \u00d3scar, ya est\u00e1 en la pantalla grande\",\"datePublished\":\"2023-01-27T09:54:49+00:00\",\"mainEntityOfPage\":{\"@id\":\"https:\\\/\\\/www.eldiario.net\\\/portal\\\/2023\\\/01\\\/27\\\/los-fabelman-con-7-nominaciones-a-los-oscar-ya-esta-en-la-pantalla-grande\\\/\"},\"wordCount\":429,\"publisher\":{\"@id\":\"https:\\\/\\\/www.eldiario.net\\\/portal\\\/#organization\"},\"image\":{\"@id\":\"https:\\\/\\\/www.eldiario.net\\\/portal\\\/2023\\\/01\\\/27\\\/los-fabelman-con-7-nominaciones-a-los-oscar-ya-esta-en-la-pantalla-grande\\\/#primaryimage\"},\"thumbnailUrl\":\"\",\"articleSection\":[\"Cultural\"],\"inLanguage\":\"es\"},{\"@type\":\"WebPage\",\"@id\":\"https:\\\/\\\/www.eldiario.net\\\/portal\\\/2023\\\/01\\\/27\\\/los-fabelman-con-7-nominaciones-a-los-oscar-ya-esta-en-la-pantalla-grande\\\/\",\"url\":\"https:\\\/\\\/www.eldiario.net\\\/portal\\\/2023\\\/01\\\/27\\\/los-fabelman-con-7-nominaciones-a-los-oscar-ya-esta-en-la-pantalla-grande\\\/\",\"name\":\"\u201cLos Fabelman\u201d, con 7 nominaciones a los \u00d3scar, ya est\u00e1 en la pantalla grande - El Diario - Bolivia\",\"isPartOf\":{\"@id\":\"https:\\\/\\\/www.eldiario.net\\\/portal\\\/#website\"},\"primaryImageOfPage\":{\"@id\":\"https:\\\/\\\/www.eldiario.net\\\/portal\\\/2023\\\/01\\\/27\\\/los-fabelman-con-7-nominaciones-a-los-oscar-ya-esta-en-la-pantalla-grande\\\/#primaryimage\"},\"image\":{\"@id\":\"https:\\\/\\\/www.eldiario.net\\\/portal\\\/2023\\\/01\\\/27\\\/los-fabelman-con-7-nominaciones-a-los-oscar-ya-esta-en-la-pantalla-grande\\\/#primaryimage\"},\"thumbnailUrl\":\"\",\"datePublished\":\"2023-01-27T09:54:49+00:00\",\"breadcrumb\":{\"@id\":\"https:\\\/\\\/www.eldiario.net\\\/portal\\\/2023\\\/01\\\/27\\\/los-fabelman-con-7-nominaciones-a-los-oscar-ya-esta-en-la-pantalla-grande\\\/#breadcrumb\"},\"inLanguage\":\"es\",\"potentialAction\":[{\"@type\":\"ReadAction\",\"target\":[\"https:\\\/\\\/www.eldiario.net\\\/portal\\\/2023\\\/01\\\/27\\\/los-fabelman-con-7-nominaciones-a-los-oscar-ya-esta-en-la-pantalla-grande\\\/\"]}]},{\"@type\":\"ImageObject\",\"inLanguage\":\"es\",\"@id\":\"https:\\\/\\\/www.eldiario.net\\\/portal\\\/2023\\\/01\\\/27\\\/los-fabelman-con-7-nominaciones-a-los-oscar-ya-esta-en-la-pantalla-grande\\\/#primaryimage\",\"url\":\"\",\"contentUrl\":\"\"},{\"@type\":\"BreadcrumbList\",\"@id\":\"https:\\\/\\\/www.eldiario.net\\\/portal\\\/2023\\\/01\\\/27\\\/los-fabelman-con-7-nominaciones-a-los-oscar-ya-esta-en-la-pantalla-grande\\\/#breadcrumb\",\"itemListElement\":[{\"@type\":\"ListItem\",\"position\":1,\"name\":\"Portada\",\"item\":\"https:\\\/\\\/www.eldiario.net\\\/portal\\\/\"},{\"@type\":\"ListItem\",\"position\":2,\"name\":\"\u201cLos Fabelman\u201d, con 7 nominaciones a los \u00d3scar, ya est\u00e1 en la pantalla grande\"}]},{\"@type\":\"WebSite\",\"@id\":\"https:\\\/\\\/www.eldiario.net\\\/portal\\\/#website\",\"url\":\"https:\\\/\\\/www.eldiario.net\\\/portal\\\/\",\"name\":\"El Diario - Decano de la prensa nacional\",\"description\":\"El Diario - Decano de la prensa nacional\",\"publisher\":{\"@id\":\"https:\\\/\\\/www.eldiario.net\\\/portal\\\/#organization\"},\"potentialAction\":[{\"@type\":\"SearchAction\",\"target\":{\"@type\":\"EntryPoint\",\"urlTemplate\":\"https:\\\/\\\/www.eldiario.net\\\/portal\\\/?s={search_term_string}\"},\"query-input\":{\"@type\":\"PropertyValueSpecification\",\"valueRequired\":true,\"valueName\":\"search_term_string\"}}],\"inLanguage\":\"es\"},{\"@type\":\"Organization\",\"@id\":\"https:\\\/\\\/www.eldiario.net\\\/portal\\\/#organization\",\"name\":\"El Diario - Decano de la prensa nacional\",\"url\":\"https:\\\/\\\/www.eldiario.net\\\/portal\\\/\",\"logo\":{\"@type\":\"ImageObject\",\"inLanguage\":\"es\",\"@id\":\"https:\\\/\\\/www.eldiario.net\\\/portal\\\/#\\\/schema\\\/logo\\\/image\\\/\",\"url\":\"https:\\\/\\\/www.eldiario.net\\\/portal\\\/wp-content\\\/uploads\\\/2023\\\/07\\\/logo_ED.jpg\",\"contentUrl\":\"https:\\\/\\\/www.eldiario.net\\\/portal\\\/wp-content\\\/uploads\\\/2023\\\/07\\\/logo_ED.jpg\",\"width\":272,\"height\":52,\"caption\":\"El Diario - Decano de la prensa nacional\"},\"image\":{\"@id\":\"https:\\\/\\\/www.eldiario.net\\\/portal\\\/#\\\/schema\\\/logo\\\/image\\\/\"},\"sameAs\":[\"https:\\\/\\\/www.facebook.com\\\/eldiario.bolivia\\\/\",\"https:\\\/\\\/x.com\\\/eldiario_net\"]},{\"@type\":\"Person\",\"@id\":\"https:\\\/\\\/www.eldiario.net\\\/portal\\\/#\\\/schema\\\/person\\\/2c57cf2b7a7ae032e449e4c9b1019eac\",\"name\":\"Jeanette\",\"image\":{\"@type\":\"ImageObject\",\"inLanguage\":\"es\",\"@id\":\"https:\\\/\\\/secure.gravatar.com\\\/avatar\\\/3ea2118a5f7dad2b7138b1187a6b7ee55f160b9968b66013c3a3ef39dd7e5798?s=96&d=mm&r=g\",\"url\":\"https:\\\/\\\/secure.gravatar.com\\\/avatar\\\/3ea2118a5f7dad2b7138b1187a6b7ee55f160b9968b66013c3a3ef39dd7e5798?s=96&d=mm&r=g\",\"contentUrl\":\"https:\\\/\\\/secure.gravatar.com\\\/avatar\\\/3ea2118a5f7dad2b7138b1187a6b7ee55f160b9968b66013c3a3ef39dd7e5798?s=96&d=mm&r=g\",\"caption\":\"Jeanette\"},\"sameAs\":[\"https:\\\/\\\/www.eldiario.net\\\/portal\"],\"url\":\"https:\\\/\\\/www.eldiario.net\\\/portal\\\/author\\\/jeanette\\\/\"}]}<\/script>\n<!-- \/ Yoast SEO plugin. -->","yoast_head_json":{"title":"\u201cLos Fabelman\u201d, con 7 nominaciones a los \u00d3scar, ya est\u00e1 en la pantalla grande - El Diario - Bolivia","robots":{"index":"index","follow":"follow","max-snippet":"max-snippet:-1","max-image-preview":"max-image-preview:large","max-video-preview":"max-video-preview:-1"},"canonical":"https:\/\/www.eldiario.net\/portal\/2023\/01\/27\/los-fabelman-con-7-nominaciones-a-los-oscar-ya-esta-en-la-pantalla-grande\/","og_locale":"es_ES","og_type":"article","og_title":"\u201cLos Fabelman\u201d, con 7 nominaciones a los \u00d3scar, ya est\u00e1 en la pantalla grande - El Diario - Bolivia","og_description":"Los Fabelman, pel\u00edcula dirigida por Steven Spielberg, es un retrato profundamente personal de su infancia en el siglo XX; un recuerdo cinematogr\u00e1fico de los poderes y la familia que dieron forma a la vida y la carrera del cineasta. Una historia universal sobre los a\u00f1os previos a la mayor\u00eda de edad y sobre la b\u00fasqueda [&hellip;]","og_url":"https:\/\/www.eldiario.net\/portal\/2023\/01\/27\/los-fabelman-con-7-nominaciones-a-los-oscar-ya-esta-en-la-pantalla-grande\/","og_site_name":"El Diario - Bolivia","article_publisher":"https:\/\/www.facebook.com\/eldiario.bolivia\/","article_published_time":"2023-01-27T09:54:49+00:00","author":"Jeanette","twitter_card":"summary_large_image","twitter_creator":"@eldiario_net","twitter_site":"@eldiario_net","twitter_misc":{"Escrito por":"Jeanette","Tiempo de lectura":"2 minutos"},"schema":{"@context":"https:\/\/schema.org","@graph":[{"@type":"Article","@id":"https:\/\/www.eldiario.net\/portal\/2023\/01\/27\/los-fabelman-con-7-nominaciones-a-los-oscar-ya-esta-en-la-pantalla-grande\/#article","isPartOf":{"@id":"https:\/\/www.eldiario.net\/portal\/2023\/01\/27\/los-fabelman-con-7-nominaciones-a-los-oscar-ya-esta-en-la-pantalla-grande\/"},"author":{"name":"Jeanette","@id":"https:\/\/www.eldiario.net\/portal\/#\/schema\/person\/2c57cf2b7a7ae032e449e4c9b1019eac"},"headline":"\u201cLos Fabelman\u201d, con 7 nominaciones a los \u00d3scar, ya est\u00e1 en la pantalla grande","datePublished":"2023-01-27T09:54:49+00:00","mainEntityOfPage":{"@id":"https:\/\/www.eldiario.net\/portal\/2023\/01\/27\/los-fabelman-con-7-nominaciones-a-los-oscar-ya-esta-en-la-pantalla-grande\/"},"wordCount":429,"publisher":{"@id":"https:\/\/www.eldiario.net\/portal\/#organization"},"image":{"@id":"https:\/\/www.eldiario.net\/portal\/2023\/01\/27\/los-fabelman-con-7-nominaciones-a-los-oscar-ya-esta-en-la-pantalla-grande\/#primaryimage"},"thumbnailUrl":"","articleSection":["Cultural"],"inLanguage":"es"},{"@type":"WebPage","@id":"https:\/\/www.eldiario.net\/portal\/2023\/01\/27\/los-fabelman-con-7-nominaciones-a-los-oscar-ya-esta-en-la-pantalla-grande\/","url":"https:\/\/www.eldiario.net\/portal\/2023\/01\/27\/los-fabelman-con-7-nominaciones-a-los-oscar-ya-esta-en-la-pantalla-grande\/","name":"\u201cLos Fabelman\u201d, con 7 nominaciones a los \u00d3scar, ya est\u00e1 en la pantalla grande - El Diario - Bolivia","isPartOf":{"@id":"https:\/\/www.eldiario.net\/portal\/#website"},"primaryImageOfPage":{"@id":"https:\/\/www.eldiario.net\/portal\/2023\/01\/27\/los-fabelman-con-7-nominaciones-a-los-oscar-ya-esta-en-la-pantalla-grande\/#primaryimage"},"image":{"@id":"https:\/\/www.eldiario.net\/portal\/2023\/01\/27\/los-fabelman-con-7-nominaciones-a-los-oscar-ya-esta-en-la-pantalla-grande\/#primaryimage"},"thumbnailUrl":"","datePublished":"2023-01-27T09:54:49+00:00","breadcrumb":{"@id":"https:\/\/www.eldiario.net\/portal\/2023\/01\/27\/los-fabelman-con-7-nominaciones-a-los-oscar-ya-esta-en-la-pantalla-grande\/#breadcrumb"},"inLanguage":"es","potentialAction":[{"@type":"ReadAction","target":["https:\/\/www.eldiario.net\/portal\/2023\/01\/27\/los-fabelman-con-7-nominaciones-a-los-oscar-ya-esta-en-la-pantalla-grande\/"]}]},{"@type":"ImageObject","inLanguage":"es","@id":"https:\/\/www.eldiario.net\/portal\/2023\/01\/27\/los-fabelman-con-7-nominaciones-a-los-oscar-ya-esta-en-la-pantalla-grande\/#primaryimage","url":"","contentUrl":""},{"@type":"BreadcrumbList","@id":"https:\/\/www.eldiario.net\/portal\/2023\/01\/27\/los-fabelman-con-7-nominaciones-a-los-oscar-ya-esta-en-la-pantalla-grande\/#breadcrumb","itemListElement":[{"@type":"ListItem","position":1,"name":"Portada","item":"https:\/\/www.eldiario.net\/portal\/"},{"@type":"ListItem","position":2,"name":"\u201cLos Fabelman\u201d, con 7 nominaciones a los \u00d3scar, ya est\u00e1 en la pantalla grande"}]},{"@type":"WebSite","@id":"https:\/\/www.eldiario.net\/portal\/#website","url":"https:\/\/www.eldiario.net\/portal\/","name":"El Diario - Decano de la prensa nacional","description":"El Diario - Decano de la prensa nacional","publisher":{"@id":"https:\/\/www.eldiario.net\/portal\/#organization"},"potentialAction":[{"@type":"SearchAction","target":{"@type":"EntryPoint","urlTemplate":"https:\/\/www.eldiario.net\/portal\/?s={search_term_string}"},"query-input":{"@type":"PropertyValueSpecification","valueRequired":true,"valueName":"search_term_string"}}],"inLanguage":"es"},{"@type":"Organization","@id":"https:\/\/www.eldiario.net\/portal\/#organization","name":"El Diario - Decano de la prensa nacional","url":"https:\/\/www.eldiario.net\/portal\/","logo":{"@type":"ImageObject","inLanguage":"es","@id":"https:\/\/www.eldiario.net\/portal\/#\/schema\/logo\/image\/","url":"https:\/\/www.eldiario.net\/portal\/wp-content\/uploads\/2023\/07\/logo_ED.jpg","contentUrl":"https:\/\/www.eldiario.net\/portal\/wp-content\/uploads\/2023\/07\/logo_ED.jpg","width":272,"height":52,"caption":"El Diario - Decano de la prensa nacional"},"image":{"@id":"https:\/\/www.eldiario.net\/portal\/#\/schema\/logo\/image\/"},"sameAs":["https:\/\/www.facebook.com\/eldiario.bolivia\/","https:\/\/x.com\/eldiario_net"]},{"@type":"Person","@id":"https:\/\/www.eldiario.net\/portal\/#\/schema\/person\/2c57cf2b7a7ae032e449e4c9b1019eac","name":"Jeanette","image":{"@type":"ImageObject","inLanguage":"es","@id":"https:\/\/secure.gravatar.com\/avatar\/3ea2118a5f7dad2b7138b1187a6b7ee55f160b9968b66013c3a3ef39dd7e5798?s=96&d=mm&r=g","url":"https:\/\/secure.gravatar.com\/avatar\/3ea2118a5f7dad2b7138b1187a6b7ee55f160b9968b66013c3a3ef39dd7e5798?s=96&d=mm&r=g","contentUrl":"https:\/\/secure.gravatar.com\/avatar\/3ea2118a5f7dad2b7138b1187a6b7ee55f160b9968b66013c3a3ef39dd7e5798?s=96&d=mm&r=g","caption":"Jeanette"},"sameAs":["https:\/\/www.eldiario.net\/portal"],"url":"https:\/\/www.eldiario.net\/portal\/author\/jeanette\/"}]}},"_links":{"self":[{"href":"https:\/\/www.eldiario.net\/portal\/wp-json\/wp\/v2\/posts\/135011","targetHints":{"allow":["GET"]}}],"collection":[{"href":"https:\/\/www.eldiario.net\/portal\/wp-json\/wp\/v2\/posts"}],"about":[{"href":"https:\/\/www.eldiario.net\/portal\/wp-json\/wp\/v2\/types\/post"}],"author":[{"embeddable":true,"href":"https:\/\/www.eldiario.net\/portal\/wp-json\/wp\/v2\/users\/1"}],"replies":[{"embeddable":true,"href":"https:\/\/www.eldiario.net\/portal\/wp-json\/wp\/v2\/comments?post=135011"}],"version-history":[{"count":0,"href":"https:\/\/www.eldiario.net\/portal\/wp-json\/wp\/v2\/posts\/135011\/revisions"}],"wp:attachment":[{"href":"https:\/\/www.eldiario.net\/portal\/wp-json\/wp\/v2\/media?parent=135011"}],"wp:term":[{"taxonomy":"category","embeddable":true,"href":"https:\/\/www.eldiario.net\/portal\/wp-json\/wp\/v2\/categories?post=135011"},{"taxonomy":"post_tag","embeddable":true,"href":"https:\/\/www.eldiario.net\/portal\/wp-json\/wp\/v2\/tags?post=135011"}],"curies":[{"name":"wp","href":"https:\/\/api.w.org\/{rel}","templated":true}]}}