{"id":135003,"date":"2023-01-27T05:51:27","date_gmt":"2023-01-27T09:51:27","guid":{"rendered":"https:\/\/www.eldiario.net\/portal\/?p=135003"},"modified":"2023-01-27T05:51:27","modified_gmt":"2023-01-27T09:51:27","slug":"dos-tercios-de-la-poblacion-necesita-ayuda-humanitaria","status":"publish","type":"post","link":"https:\/\/www.eldiario.net\/portal\/2023\/01\/27\/dos-tercios-de-la-poblacion-necesita-ayuda-humanitaria\/","title":{"rendered":"Dos tercios de la poblaci\u00f3n  necesita ayuda humanitaria"},"content":{"rendered":"<p>Naciones Unidas advirti\u00f3 que 21,6 millones de yemen\u00edes, cifra que equivale a dos tercios de la poblaci\u00f3n del pa\u00eds, necesitar\u00e1n en 2023 ayuda humanitaria y protecci\u00f3n, por lo que solicit\u00f3 4.300 millones de d\u00f3lares (cerca de 3.945 millones de euros) para dar apoyo a 17,3 millones de personas que se encuentran en situaci\u00f3n de mayor vulnerabilidad.<br \/>\nLa Oficina de Naciones Unidas para la Coordinaci\u00f3n de Asuntos Humanitarios (OCHA) indic\u00f3 que la cifra supone un ligero descenso respecto a los 23,4 millones de personas en esta situaci\u00f3n en 2022, si bien especific\u00f3 que los cambios se deben principalmente a modificaciones t\u00e9cnicas que no reflejan una mejora en la perspectiva humanitaria.<br \/>\nLos avances logrados en 2022 siguen siendo extremadamente fr\u00e1giles\u201d, se\u00f1al\u00f3, a tiempo de explicar que la respuesta humanitaria en Yemen apoyar\u00e1 a personas que hacen frente a m\u00faltiples vulnerabilidades, incluidos desplazados internos y los que intentan regresar, personas con discapacidad, migrantes y refugiados.<br \/>\nAsimismo, dijo que la respuesta estar\u00e1 organizada en torno a tres objetivos estrat\u00e9gicos centrados en actividades para salvar vidas, contribuir a la resiliencia para obtener soluciones duraderas y poner la protecci\u00f3n en el centro (de las actividades), antes de destacar la importancia de trabajar de cerca con socios de desarrollo para evitar un colapso general de los servicios b\u00e1sicos y las condiciones econ\u00f3micas.<br \/>\nEl organismo resalt\u00f3 que en estos momentos, Yemen no est\u00e1 sumido en una guerra de ofensivas militares a gran escala ni se beneficia de una paz formal y record\u00f3 que durante la tregua que estuvo en pie entre el 2 de abril y el 2 de octubre el desplazamiento causado por el conflicto descendi\u00f3 en un 76 por ciento. \u201cAl mismo tiempo, las v\u00edctimas de minas y restos explosivos, aumentaron un 160 por ciento\u201d, lament\u00f3.<br \/>\n\u201cLos servicios esenciales y la econom\u00eda continuaron deterior\u00e1ndose. El coste de los gastos en la canasta b\u00e1sica, se incrementaron un 50 por ciento durante el \u00faltimo a\u00f1o\u201d, recalc\u00f3 a tiempo de se\u00f1alarque \u201cante la ausencia de un acuerdo pol\u00edtico exhaustivo, el desplazamiento continuo, la situaci\u00f3n econ\u00f3mica y la falta de capacidad por parte de las instituciones estatales seguir\u00e1n probablemente siendo la principal causa de las necesidades\u201d.<br \/>\nPor \u00faltimo, la OCHA record\u00f3 que cerca del catorce por ciento de la poblaci\u00f3n se encuentra desplazada dentro del pa\u00eds, mientras que el 25 por ciento de la poblaci\u00f3n en situaci\u00f3n de necesidad en Yemen est\u00e1 afectada por limitaciones al acceso a los servicios b\u00e1sicos y la ayuda, especialmente en el noroeste de Yemen, zona controlada por los huthis.<br \/>\nLa guerra en Yemen enfrenta al Gobierno reconocido internacionalmente, ahora representado por el Consejo Presidencial de Liderazgo y apoyado por la coalici\u00f3n internacional encabezada por Arabia Saud\u00ed, y a los huthis, respaldados por Ir\u00e1n. Los huthis controlan la capital, San\u00e1, y zonas del norte y el oeste del pa\u00eds.<br \/>\nEl enviado especial de Naciones Unidas para Yemen, Hans Grundberg, intenta acercar posturas entre las partes para relanzar el proceso de paz, luego de que en octubre expirara la tregua acordada en abril de 2022 con motivo del inicio del mes de Ramad\u00e1n y prorrogada posteriormente en varias ocasiones. (Europa Press).<\/p>\n","protected":false},"excerpt":{"rendered":"<p>Naciones Unidas advirti\u00f3 que 21,6 millones de yemen\u00edes, cifra que equivale a dos tercios de la poblaci\u00f3n del pa\u00eds, necesitar\u00e1n en 2023 ayuda humanitaria y protecci\u00f3n, por lo que solicit\u00f3 4.300 millones de d\u00f3lares (cerca de 3.945 millones de euros) para dar apoyo a 17,3 millones de personas que se encuentran en situaci\u00f3n de mayor [&hellip;]<\/p>\n","protected":false},"author":1,"featured_media":135004,"comment_status":"closed","ping_status":"closed","sticky":false,"template":"","format":"standard","meta":{"_acf_changed":false,"footnotes":""},"categories":[3],"tags":[],"class_list":["post-135003","post","type-post","status-publish","format-standard","has-post-thumbnail","category-internacional"],"acf":{"antetitulo":""},"yoast_head":"<!-- This site is optimized with the Yoast SEO plugin v28.4 - https:\/\/yoast.com\/product\/yoast-seo-wordpress\/ -->\n<title>Dos tercios de la poblaci\u00f3n necesita ayuda humanitaria - El Diario - Bolivia<\/title>\n<meta name=\"robots\" content=\"index, follow, max-snippet:-1, max-image-preview:large, max-video-preview:-1\" \/>\n<link rel=\"canonical\" href=\"https:\/\/www.eldiario.net\/portal\/2023\/01\/27\/dos-tercios-de-la-poblacion-necesita-ayuda-humanitaria\/\" \/>\n<meta property=\"og:locale\" content=\"es_ES\" \/>\n<meta property=\"og:type\" content=\"article\" \/>\n<meta property=\"og:title\" content=\"Dos tercios de la poblaci\u00f3n necesita ayuda humanitaria - El Diario - Bolivia\" \/>\n<meta property=\"og:description\" content=\"Naciones Unidas advirti\u00f3 que 21,6 millones de yemen\u00edes, cifra que equivale a dos tercios de la poblaci\u00f3n del pa\u00eds, necesitar\u00e1n en 2023 ayuda humanitaria y protecci\u00f3n, por lo que solicit\u00f3 4.300 millones de d\u00f3lares (cerca de 3.945 millones de euros) para dar apoyo a 17,3 millones de personas que se encuentran en situaci\u00f3n de mayor [&hellip;]\" \/>\n<meta property=\"og:url\" content=\"https:\/\/www.eldiario.net\/portal\/2023\/01\/27\/dos-tercios-de-la-poblacion-necesita-ayuda-humanitaria\/\" \/>\n<meta property=\"og:site_name\" content=\"El Diario - Bolivia\" \/>\n<meta property=\"article:publisher\" content=\"https:\/\/www.facebook.com\/eldiario.bolivia\/\" \/>\n<meta property=\"article:published_time\" content=\"2023-01-27T09:51:27+00:00\" \/>\n<meta name=\"author\" content=\"Jeanette\" \/>\n<meta name=\"twitter:card\" content=\"summary_large_image\" \/>\n<meta name=\"twitter:creator\" content=\"@eldiario_net\" \/>\n<meta name=\"twitter:site\" content=\"@eldiario_net\" \/>\n<meta name=\"twitter:label1\" content=\"Escrito por\" \/>\n\t<meta name=\"twitter:data1\" content=\"Jeanette\" \/>\n\t<meta name=\"twitter:label2\" content=\"Tiempo de lectura\" \/>\n\t<meta name=\"twitter:data2\" content=\"3 minutos\" \/>\n<script type=\"application\/ld+json\" class=\"yoast-schema-graph\">{\"@context\":\"https:\\\/\\\/schema.org\",\"@graph\":[{\"@type\":\"Article\",\"@id\":\"https:\\\/\\\/www.eldiario.net\\\/portal\\\/2023\\\/01\\\/27\\\/dos-tercios-de-la-poblacion-necesita-ayuda-humanitaria\\\/#article\",\"isPartOf\":{\"@id\":\"https:\\\/\\\/www.eldiario.net\\\/portal\\\/2023\\\/01\\\/27\\\/dos-tercios-de-la-poblacion-necesita-ayuda-humanitaria\\\/\"},\"author\":{\"name\":\"Jeanette\",\"@id\":\"https:\\\/\\\/www.eldiario.net\\\/portal\\\/#\\\/schema\\\/person\\\/2c57cf2b7a7ae032e449e4c9b1019eac\"},\"headline\":\"Dos tercios de la poblaci\u00f3n necesita ayuda humanitaria\",\"datePublished\":\"2023-01-27T09:51:27+00:00\",\"mainEntityOfPage\":{\"@id\":\"https:\\\/\\\/www.eldiario.net\\\/portal\\\/2023\\\/01\\\/27\\\/dos-tercios-de-la-poblacion-necesita-ayuda-humanitaria\\\/\"},\"wordCount\":545,\"publisher\":{\"@id\":\"https:\\\/\\\/www.eldiario.net\\\/portal\\\/#organization\"},\"image\":{\"@id\":\"https:\\\/\\\/www.eldiario.net\\\/portal\\\/2023\\\/01\\\/27\\\/dos-tercios-de-la-poblacion-necesita-ayuda-humanitaria\\\/#primaryimage\"},\"thumbnailUrl\":\"\",\"articleSection\":[\"Internacional\"],\"inLanguage\":\"es\"},{\"@type\":\"WebPage\",\"@id\":\"https:\\\/\\\/www.eldiario.net\\\/portal\\\/2023\\\/01\\\/27\\\/dos-tercios-de-la-poblacion-necesita-ayuda-humanitaria\\\/\",\"url\":\"https:\\\/\\\/www.eldiario.net\\\/portal\\\/2023\\\/01\\\/27\\\/dos-tercios-de-la-poblacion-necesita-ayuda-humanitaria\\\/\",\"name\":\"Dos tercios de la poblaci\u00f3n necesita ayuda humanitaria - El Diario - Bolivia\",\"isPartOf\":{\"@id\":\"https:\\\/\\\/www.eldiario.net\\\/portal\\\/#website\"},\"primaryImageOfPage\":{\"@id\":\"https:\\\/\\\/www.eldiario.net\\\/portal\\\/2023\\\/01\\\/27\\\/dos-tercios-de-la-poblacion-necesita-ayuda-humanitaria\\\/#primaryimage\"},\"image\":{\"@id\":\"https:\\\/\\\/www.eldiario.net\\\/portal\\\/2023\\\/01\\\/27\\\/dos-tercios-de-la-poblacion-necesita-ayuda-humanitaria\\\/#primaryimage\"},\"thumbnailUrl\":\"\",\"datePublished\":\"2023-01-27T09:51:27+00:00\",\"breadcrumb\":{\"@id\":\"https:\\\/\\\/www.eldiario.net\\\/portal\\\/2023\\\/01\\\/27\\\/dos-tercios-de-la-poblacion-necesita-ayuda-humanitaria\\\/#breadcrumb\"},\"inLanguage\":\"es\",\"potentialAction\":[{\"@type\":\"ReadAction\",\"target\":[\"https:\\\/\\\/www.eldiario.net\\\/portal\\\/2023\\\/01\\\/27\\\/dos-tercios-de-la-poblacion-necesita-ayuda-humanitaria\\\/\"]}]},{\"@type\":\"ImageObject\",\"inLanguage\":\"es\",\"@id\":\"https:\\\/\\\/www.eldiario.net\\\/portal\\\/2023\\\/01\\\/27\\\/dos-tercios-de-la-poblacion-necesita-ayuda-humanitaria\\\/#primaryimage\",\"url\":\"\",\"contentUrl\":\"\"},{\"@type\":\"BreadcrumbList\",\"@id\":\"https:\\\/\\\/www.eldiario.net\\\/portal\\\/2023\\\/01\\\/27\\\/dos-tercios-de-la-poblacion-necesita-ayuda-humanitaria\\\/#breadcrumb\",\"itemListElement\":[{\"@type\":\"ListItem\",\"position\":1,\"name\":\"Portada\",\"item\":\"https:\\\/\\\/www.eldiario.net\\\/portal\\\/\"},{\"@type\":\"ListItem\",\"position\":2,\"name\":\"Dos tercios de la poblaci\u00f3n necesita ayuda humanitaria\"}]},{\"@type\":\"WebSite\",\"@id\":\"https:\\\/\\\/www.eldiario.net\\\/portal\\\/#website\",\"url\":\"https:\\\/\\\/www.eldiario.net\\\/portal\\\/\",\"name\":\"El Diario - Decano de la prensa nacional\",\"description\":\"El Diario - Decano de la prensa nacional\",\"publisher\":{\"@id\":\"https:\\\/\\\/www.eldiario.net\\\/portal\\\/#organization\"},\"potentialAction\":[{\"@type\":\"SearchAction\",\"target\":{\"@type\":\"EntryPoint\",\"urlTemplate\":\"https:\\\/\\\/www.eldiario.net\\\/portal\\\/?s={search_term_string}\"},\"query-input\":{\"@type\":\"PropertyValueSpecification\",\"valueRequired\":true,\"valueName\":\"search_term_string\"}}],\"inLanguage\":\"es\"},{\"@type\":\"Organization\",\"@id\":\"https:\\\/\\\/www.eldiario.net\\\/portal\\\/#organization\",\"name\":\"El Diario - Decano de la prensa nacional\",\"url\":\"https:\\\/\\\/www.eldiario.net\\\/portal\\\/\",\"logo\":{\"@type\":\"ImageObject\",\"inLanguage\":\"es\",\"@id\":\"https:\\\/\\\/www.eldiario.net\\\/portal\\\/#\\\/schema\\\/logo\\\/image\\\/\",\"url\":\"https:\\\/\\\/www.eldiario.net\\\/portal\\\/wp-content\\\/uploads\\\/2023\\\/07\\\/logo_ED.jpg\",\"contentUrl\":\"https:\\\/\\\/www.eldiario.net\\\/portal\\\/wp-content\\\/uploads\\\/2023\\\/07\\\/logo_ED.jpg\",\"width\":272,\"height\":52,\"caption\":\"El Diario - Decano de la prensa nacional\"},\"image\":{\"@id\":\"https:\\\/\\\/www.eldiario.net\\\/portal\\\/#\\\/schema\\\/logo\\\/image\\\/\"},\"sameAs\":[\"https:\\\/\\\/www.facebook.com\\\/eldiario.bolivia\\\/\",\"https:\\\/\\\/x.com\\\/eldiario_net\"]},{\"@type\":\"Person\",\"@id\":\"https:\\\/\\\/www.eldiario.net\\\/portal\\\/#\\\/schema\\\/person\\\/2c57cf2b7a7ae032e449e4c9b1019eac\",\"name\":\"Jeanette\",\"image\":{\"@type\":\"ImageObject\",\"inLanguage\":\"es\",\"@id\":\"https:\\\/\\\/secure.gravatar.com\\\/avatar\\\/3ea2118a5f7dad2b7138b1187a6b7ee55f160b9968b66013c3a3ef39dd7e5798?s=96&d=mm&r=g\",\"url\":\"https:\\\/\\\/secure.gravatar.com\\\/avatar\\\/3ea2118a5f7dad2b7138b1187a6b7ee55f160b9968b66013c3a3ef39dd7e5798?s=96&d=mm&r=g\",\"contentUrl\":\"https:\\\/\\\/secure.gravatar.com\\\/avatar\\\/3ea2118a5f7dad2b7138b1187a6b7ee55f160b9968b66013c3a3ef39dd7e5798?s=96&d=mm&r=g\",\"caption\":\"Jeanette\"},\"sameAs\":[\"https:\\\/\\\/www.eldiario.net\\\/portal\"],\"url\":\"https:\\\/\\\/www.eldiario.net\\\/portal\\\/author\\\/jeanette\\\/\"}]}<\/script>\n<!-- \/ Yoast SEO plugin. -->","yoast_head_json":{"title":"Dos tercios de la poblaci\u00f3n necesita ayuda humanitaria - El Diario - Bolivia","robots":{"index":"index","follow":"follow","max-snippet":"max-snippet:-1","max-image-preview":"max-image-preview:large","max-video-preview":"max-video-preview:-1"},"canonical":"https:\/\/www.eldiario.net\/portal\/2023\/01\/27\/dos-tercios-de-la-poblacion-necesita-ayuda-humanitaria\/","og_locale":"es_ES","og_type":"article","og_title":"Dos tercios de la poblaci\u00f3n necesita ayuda humanitaria - El Diario - Bolivia","og_description":"Naciones Unidas advirti\u00f3 que 21,6 millones de yemen\u00edes, cifra que equivale a dos tercios de la poblaci\u00f3n del pa\u00eds, necesitar\u00e1n en 2023 ayuda humanitaria y protecci\u00f3n, por lo que solicit\u00f3 4.300 millones de d\u00f3lares (cerca de 3.945 millones de euros) para dar apoyo a 17,3 millones de personas que se encuentran en situaci\u00f3n de mayor [&hellip;]","og_url":"https:\/\/www.eldiario.net\/portal\/2023\/01\/27\/dos-tercios-de-la-poblacion-necesita-ayuda-humanitaria\/","og_site_name":"El Diario - Bolivia","article_publisher":"https:\/\/www.facebook.com\/eldiario.bolivia\/","article_published_time":"2023-01-27T09:51:27+00:00","author":"Jeanette","twitter_card":"summary_large_image","twitter_creator":"@eldiario_net","twitter_site":"@eldiario_net","twitter_misc":{"Escrito por":"Jeanette","Tiempo de lectura":"3 minutos"},"schema":{"@context":"https:\/\/schema.org","@graph":[{"@type":"Article","@id":"https:\/\/www.eldiario.net\/portal\/2023\/01\/27\/dos-tercios-de-la-poblacion-necesita-ayuda-humanitaria\/#article","isPartOf":{"@id":"https:\/\/www.eldiario.net\/portal\/2023\/01\/27\/dos-tercios-de-la-poblacion-necesita-ayuda-humanitaria\/"},"author":{"name":"Jeanette","@id":"https:\/\/www.eldiario.net\/portal\/#\/schema\/person\/2c57cf2b7a7ae032e449e4c9b1019eac"},"headline":"Dos tercios de la poblaci\u00f3n necesita ayuda humanitaria","datePublished":"2023-01-27T09:51:27+00:00","mainEntityOfPage":{"@id":"https:\/\/www.eldiario.net\/portal\/2023\/01\/27\/dos-tercios-de-la-poblacion-necesita-ayuda-humanitaria\/"},"wordCount":545,"publisher":{"@id":"https:\/\/www.eldiario.net\/portal\/#organization"},"image":{"@id":"https:\/\/www.eldiario.net\/portal\/2023\/01\/27\/dos-tercios-de-la-poblacion-necesita-ayuda-humanitaria\/#primaryimage"},"thumbnailUrl":"","articleSection":["Internacional"],"inLanguage":"es"},{"@type":"WebPage","@id":"https:\/\/www.eldiario.net\/portal\/2023\/01\/27\/dos-tercios-de-la-poblacion-necesita-ayuda-humanitaria\/","url":"https:\/\/www.eldiario.net\/portal\/2023\/01\/27\/dos-tercios-de-la-poblacion-necesita-ayuda-humanitaria\/","name":"Dos tercios de la poblaci\u00f3n necesita ayuda humanitaria - El Diario - Bolivia","isPartOf":{"@id":"https:\/\/www.eldiario.net\/portal\/#website"},"primaryImageOfPage":{"@id":"https:\/\/www.eldiario.net\/portal\/2023\/01\/27\/dos-tercios-de-la-poblacion-necesita-ayuda-humanitaria\/#primaryimage"},"image":{"@id":"https:\/\/www.eldiario.net\/portal\/2023\/01\/27\/dos-tercios-de-la-poblacion-necesita-ayuda-humanitaria\/#primaryimage"},"thumbnailUrl":"","datePublished":"2023-01-27T09:51:27+00:00","breadcrumb":{"@id":"https:\/\/www.eldiario.net\/portal\/2023\/01\/27\/dos-tercios-de-la-poblacion-necesita-ayuda-humanitaria\/#breadcrumb"},"inLanguage":"es","potentialAction":[{"@type":"ReadAction","target":["https:\/\/www.eldiario.net\/portal\/2023\/01\/27\/dos-tercios-de-la-poblacion-necesita-ayuda-humanitaria\/"]}]},{"@type":"ImageObject","inLanguage":"es","@id":"https:\/\/www.eldiario.net\/portal\/2023\/01\/27\/dos-tercios-de-la-poblacion-necesita-ayuda-humanitaria\/#primaryimage","url":"","contentUrl":""},{"@type":"BreadcrumbList","@id":"https:\/\/www.eldiario.net\/portal\/2023\/01\/27\/dos-tercios-de-la-poblacion-necesita-ayuda-humanitaria\/#breadcrumb","itemListElement":[{"@type":"ListItem","position":1,"name":"Portada","item":"https:\/\/www.eldiario.net\/portal\/"},{"@type":"ListItem","position":2,"name":"Dos tercios de la poblaci\u00f3n necesita ayuda humanitaria"}]},{"@type":"WebSite","@id":"https:\/\/www.eldiario.net\/portal\/#website","url":"https:\/\/www.eldiario.net\/portal\/","name":"El Diario - Decano de la prensa nacional","description":"El Diario - Decano de la prensa nacional","publisher":{"@id":"https:\/\/www.eldiario.net\/portal\/#organization"},"potentialAction":[{"@type":"SearchAction","target":{"@type":"EntryPoint","urlTemplate":"https:\/\/www.eldiario.net\/portal\/?s={search_term_string}"},"query-input":{"@type":"PropertyValueSpecification","valueRequired":true,"valueName":"search_term_string"}}],"inLanguage":"es"},{"@type":"Organization","@id":"https:\/\/www.eldiario.net\/portal\/#organization","name":"El Diario - Decano de la prensa nacional","url":"https:\/\/www.eldiario.net\/portal\/","logo":{"@type":"ImageObject","inLanguage":"es","@id":"https:\/\/www.eldiario.net\/portal\/#\/schema\/logo\/image\/","url":"https:\/\/www.eldiario.net\/portal\/wp-content\/uploads\/2023\/07\/logo_ED.jpg","contentUrl":"https:\/\/www.eldiario.net\/portal\/wp-content\/uploads\/2023\/07\/logo_ED.jpg","width":272,"height":52,"caption":"El Diario - Decano de la prensa nacional"},"image":{"@id":"https:\/\/www.eldiario.net\/portal\/#\/schema\/logo\/image\/"},"sameAs":["https:\/\/www.facebook.com\/eldiario.bolivia\/","https:\/\/x.com\/eldiario_net"]},{"@type":"Person","@id":"https:\/\/www.eldiario.net\/portal\/#\/schema\/person\/2c57cf2b7a7ae032e449e4c9b1019eac","name":"Jeanette","image":{"@type":"ImageObject","inLanguage":"es","@id":"https:\/\/secure.gravatar.com\/avatar\/3ea2118a5f7dad2b7138b1187a6b7ee55f160b9968b66013c3a3ef39dd7e5798?s=96&d=mm&r=g","url":"https:\/\/secure.gravatar.com\/avatar\/3ea2118a5f7dad2b7138b1187a6b7ee55f160b9968b66013c3a3ef39dd7e5798?s=96&d=mm&r=g","contentUrl":"https:\/\/secure.gravatar.com\/avatar\/3ea2118a5f7dad2b7138b1187a6b7ee55f160b9968b66013c3a3ef39dd7e5798?s=96&d=mm&r=g","caption":"Jeanette"},"sameAs":["https:\/\/www.eldiario.net\/portal"],"url":"https:\/\/www.eldiario.net\/portal\/author\/jeanette\/"}]}},"_links":{"self":[{"href":"https:\/\/www.eldiario.net\/portal\/wp-json\/wp\/v2\/posts\/135003","targetHints":{"allow":["GET"]}}],"collection":[{"href":"https:\/\/www.eldiario.net\/portal\/wp-json\/wp\/v2\/posts"}],"about":[{"href":"https:\/\/www.eldiario.net\/portal\/wp-json\/wp\/v2\/types\/post"}],"author":[{"embeddable":true,"href":"https:\/\/www.eldiario.net\/portal\/wp-json\/wp\/v2\/users\/1"}],"replies":[{"embeddable":true,"href":"https:\/\/www.eldiario.net\/portal\/wp-json\/wp\/v2\/comments?post=135003"}],"version-history":[{"count":0,"href":"https:\/\/www.eldiario.net\/portal\/wp-json\/wp\/v2\/posts\/135003\/revisions"}],"wp:attachment":[{"href":"https:\/\/www.eldiario.net\/portal\/wp-json\/wp\/v2\/media?parent=135003"}],"wp:term":[{"taxonomy":"category","embeddable":true,"href":"https:\/\/www.eldiario.net\/portal\/wp-json\/wp\/v2\/categories?post=135003"},{"taxonomy":"post_tag","embeddable":true,"href":"https:\/\/www.eldiario.net\/portal\/wp-json\/wp\/v2\/tags?post=135003"}],"curies":[{"name":"wp","href":"https:\/\/api.w.org\/{rel}","templated":true}]}}