{"id":135001,"date":"2023-01-27T05:50:17","date_gmt":"2023-01-27T09:50:17","guid":{"rendered":"https:\/\/www.eldiario.net\/portal\/?p=135001"},"modified":"2023-01-27T05:50:17","modified_gmt":"2023-01-27T09:50:17","slug":"un-iceberg-del-tamano-de-la-ciudad-de-londres-se-desprendio-en-la-antartida","status":"publish","type":"post","link":"https:\/\/www.eldiario.net\/portal\/2023\/01\/27\/un-iceberg-del-tamano-de-la-ciudad-de-londres-se-desprendio-en-la-antartida\/","title":{"rendered":"Un iceberg del tama\u00f1o de la ciudad de  Londres se desprendi\u00f3 en la Ant\u00e1rtida"},"content":{"rendered":"<p>Un iceberg del tama\u00f1o de la ciudad de Londres se desprendi\u00f3 de la plataforma de hielo de Brunt en la Ant\u00e1rtida, seg\u00fan el British Antarctic Survey (BAS).<br \/>\nLos cient\u00edficos descubrieron por primera vez grietas significativas en la plataforma de hielo hace una d\u00e9cada, pero en los \u00faltimos dos a\u00f1os se produjeron dos roturas importantes. La estaci\u00f3n de investigaci\u00f3n BAS Halley se encuentra en la plataforma de hielo Brunt y los expertos en glaciares afirman que la estaci\u00f3n de investigaci\u00f3n est\u00e1 a salvo.<br \/>\nEl iceberg tiene unos 1.550 kil\u00f3metros cuadrados. Los investigadores afirman que este acontecimiento era de esperar y no es consecuencia del cambio clim\u00e1tico.<br \/>\n\u201cEste desprendimiento era de esperar y forma parte del comportamiento natural de la plataforma de hielo Brunt. No est\u00e1 relacionado con el cambio clim\u00e1tico. Nuestros equipos cient\u00edficos y operativos siguen vigilando la plataforma de hielo en tiempo real para garantizar su seguridad y mantener la actividad cient\u00edfica que llevamos a cabo en el Halley\u201d, declar\u00f3 en un comunicado de prensa el profesor Dominic Hodgson, glaci\u00f3logo del BAS.<br \/>\nEl desprendimiento se produce en medio de una extensi\u00f3n de hielo marino r\u00e9cord en la Ant\u00e1rtida, donde es verano.<br \/>\n\u201cAunque la disminuci\u00f3n de la extensi\u00f3n del hielo marino ant\u00e1rtico siempre es pronunciada en esta \u00e9poca del a\u00f1o, este a\u00f1o fue inusualmente r\u00e1pida\u201d, informaron a principios de enero los cient\u00edficos del Centro Nacional de Datos sobre la Nieve y el Hielo, y a finales de diciembre, la extensi\u00f3n del hielo marino ant\u00e1rtico era la m\u00e1s baja de los 45 a\u00f1os de registros satelitales\u201d.<br \/>\nLos investigadores del centro de datos afirman que la escasez de hielo marino se debi\u00f3 en parte a una amplia franja de temperaturas del aire m\u00e1s c\u00e1lidas de lo normal, que subieron hasta 2 \u00b0C por encima de la media<br \/>\nsobre el mar de Ross en noviembre y diciembre. Los fuertes vientos tambi\u00e9n aceler\u00f3 la disminuci\u00f3n del hielo marino, informaron.<br \/>\nLos \u00faltimos datos muestran que el hielo marino no se recuper\u00f3 desde entonces, lo que sugiere que el continente podr\u00eda terminar el verano con un nuevo r\u00e9cord en los libros por segundo a\u00f1o consecutivo.<br \/>\nLa Ant\u00e1rtida experiment\u00f3 una monta\u00f1a rusa de extensi\u00f3n de hielo marino en las dos \u00faltimas d\u00e9cadas, oscilando salvajemente entre m\u00e1ximos y m\u00ednimos hist\u00f3ricos.<br \/>\n\u201cExiste una relaci\u00f3n entre lo que ocurre en la Ant\u00e1rtida y la tendencia general al calentamiento en el resto del mundo, pero es diferente de lo que registramos en los glaciares de monta\u00f1a y en el \u00c1rtico\u201d, declar\u00f3 anteriormente, Ted Scambos, glaci\u00f3logo de la Universidad de Colorado en Boulder y cient\u00edfico jefe del Centro Nacional de Datos sobre la Nieve y el Hielo.<br \/>\nLos datos satelitales que se remontan a 1978 muestran que la regi\u00f3n segu\u00eda produciendo una extensi\u00f3n r\u00e9cord de hielo marino en 2014 y 2015. Luego se desplom\u00f3 repentinamente en 2016 y se mantuvo por debajo de la media desde entonces. (CNN).<\/p>\n","protected":false},"excerpt":{"rendered":"<p>Un iceberg del tama\u00f1o de la ciudad de Londres se desprendi\u00f3 de la plataforma de hielo de Brunt en la Ant\u00e1rtida, seg\u00fan el British Antarctic Survey (BAS). Los cient\u00edficos descubrieron por primera vez grietas significativas en la plataforma de hielo hace una d\u00e9cada, pero en los \u00faltimos dos a\u00f1os se produjeron dos roturas importantes. La [&hellip;]<\/p>\n","protected":false},"author":1,"featured_media":0,"comment_status":"closed","ping_status":"closed","sticky":false,"template":"","format":"standard","meta":{"_acf_changed":false,"footnotes":""},"categories":[3],"tags":[],"class_list":["post-135001","post","type-post","status-publish","format-standard","category-internacional"],"acf":{"antetitulo":""},"yoast_head":"<!-- This site is optimized with the Yoast SEO plugin v28.4 - https:\/\/yoast.com\/product\/yoast-seo-wordpress\/ -->\n<title>Un iceberg del tama\u00f1o de la ciudad de Londres se desprendi\u00f3 en la Ant\u00e1rtida - El Diario - Bolivia<\/title>\n<meta name=\"robots\" content=\"index, follow, max-snippet:-1, max-image-preview:large, max-video-preview:-1\" \/>\n<link rel=\"canonical\" href=\"https:\/\/www.eldiario.net\/portal\/2023\/01\/27\/un-iceberg-del-tamano-de-la-ciudad-de-londres-se-desprendio-en-la-antartida\/\" \/>\n<meta property=\"og:locale\" content=\"es_ES\" \/>\n<meta property=\"og:type\" content=\"article\" \/>\n<meta property=\"og:title\" content=\"Un iceberg del tama\u00f1o de la ciudad de Londres se desprendi\u00f3 en la Ant\u00e1rtida - El Diario - Bolivia\" \/>\n<meta property=\"og:description\" content=\"Un iceberg del tama\u00f1o de la ciudad de Londres se desprendi\u00f3 de la plataforma de hielo de Brunt en la Ant\u00e1rtida, seg\u00fan el British Antarctic Survey (BAS). Los cient\u00edficos descubrieron por primera vez grietas significativas en la plataforma de hielo hace una d\u00e9cada, pero en los \u00faltimos dos a\u00f1os se produjeron dos roturas importantes. La [&hellip;]\" \/>\n<meta property=\"og:url\" content=\"https:\/\/www.eldiario.net\/portal\/2023\/01\/27\/un-iceberg-del-tamano-de-la-ciudad-de-londres-se-desprendio-en-la-antartida\/\" \/>\n<meta property=\"og:site_name\" content=\"El Diario - Bolivia\" \/>\n<meta property=\"article:publisher\" content=\"https:\/\/www.facebook.com\/eldiario.bolivia\/\" \/>\n<meta property=\"article:published_time\" content=\"2023-01-27T09:50:17+00:00\" \/>\n<meta name=\"author\" content=\"Jeanette\" \/>\n<meta name=\"twitter:card\" content=\"summary_large_image\" \/>\n<meta name=\"twitter:creator\" content=\"@eldiario_net\" \/>\n<meta name=\"twitter:site\" content=\"@eldiario_net\" \/>\n<meta name=\"twitter:label1\" content=\"Escrito por\" \/>\n\t<meta name=\"twitter:data1\" content=\"Jeanette\" \/>\n\t<meta name=\"twitter:label2\" content=\"Tiempo de lectura\" \/>\n\t<meta name=\"twitter:data2\" content=\"3 minutos\" \/>\n<script type=\"application\/ld+json\" class=\"yoast-schema-graph\">{\"@context\":\"https:\\\/\\\/schema.org\",\"@graph\":[{\"@type\":\"Article\",\"@id\":\"https:\\\/\\\/www.eldiario.net\\\/portal\\\/2023\\\/01\\\/27\\\/un-iceberg-del-tamano-de-la-ciudad-de-londres-se-desprendio-en-la-antartida\\\/#article\",\"isPartOf\":{\"@id\":\"https:\\\/\\\/www.eldiario.net\\\/portal\\\/2023\\\/01\\\/27\\\/un-iceberg-del-tamano-de-la-ciudad-de-londres-se-desprendio-en-la-antartida\\\/\"},\"author\":{\"name\":\"Jeanette\",\"@id\":\"https:\\\/\\\/www.eldiario.net\\\/portal\\\/#\\\/schema\\\/person\\\/2c57cf2b7a7ae032e449e4c9b1019eac\"},\"headline\":\"Un iceberg del tama\u00f1o de la ciudad de Londres se desprendi\u00f3 en la Ant\u00e1rtida\",\"datePublished\":\"2023-01-27T09:50:17+00:00\",\"mainEntityOfPage\":{\"@id\":\"https:\\\/\\\/www.eldiario.net\\\/portal\\\/2023\\\/01\\\/27\\\/un-iceberg-del-tamano-de-la-ciudad-de-londres-se-desprendio-en-la-antartida\\\/\"},\"wordCount\":537,\"publisher\":{\"@id\":\"https:\\\/\\\/www.eldiario.net\\\/portal\\\/#organization\"},\"articleSection\":[\"Internacional\"],\"inLanguage\":\"es\"},{\"@type\":\"WebPage\",\"@id\":\"https:\\\/\\\/www.eldiario.net\\\/portal\\\/2023\\\/01\\\/27\\\/un-iceberg-del-tamano-de-la-ciudad-de-londres-se-desprendio-en-la-antartida\\\/\",\"url\":\"https:\\\/\\\/www.eldiario.net\\\/portal\\\/2023\\\/01\\\/27\\\/un-iceberg-del-tamano-de-la-ciudad-de-londres-se-desprendio-en-la-antartida\\\/\",\"name\":\"Un iceberg del tama\u00f1o de la ciudad de Londres se desprendi\u00f3 en la Ant\u00e1rtida - El Diario - Bolivia\",\"isPartOf\":{\"@id\":\"https:\\\/\\\/www.eldiario.net\\\/portal\\\/#website\"},\"datePublished\":\"2023-01-27T09:50:17+00:00\",\"breadcrumb\":{\"@id\":\"https:\\\/\\\/www.eldiario.net\\\/portal\\\/2023\\\/01\\\/27\\\/un-iceberg-del-tamano-de-la-ciudad-de-londres-se-desprendio-en-la-antartida\\\/#breadcrumb\"},\"inLanguage\":\"es\",\"potentialAction\":[{\"@type\":\"ReadAction\",\"target\":[\"https:\\\/\\\/www.eldiario.net\\\/portal\\\/2023\\\/01\\\/27\\\/un-iceberg-del-tamano-de-la-ciudad-de-londres-se-desprendio-en-la-antartida\\\/\"]}]},{\"@type\":\"BreadcrumbList\",\"@id\":\"https:\\\/\\\/www.eldiario.net\\\/portal\\\/2023\\\/01\\\/27\\\/un-iceberg-del-tamano-de-la-ciudad-de-londres-se-desprendio-en-la-antartida\\\/#breadcrumb\",\"itemListElement\":[{\"@type\":\"ListItem\",\"position\":1,\"name\":\"Portada\",\"item\":\"https:\\\/\\\/www.eldiario.net\\\/portal\\\/\"},{\"@type\":\"ListItem\",\"position\":2,\"name\":\"Un iceberg del tama\u00f1o de la ciudad de Londres se desprendi\u00f3 en la Ant\u00e1rtida\"}]},{\"@type\":\"WebSite\",\"@id\":\"https:\\\/\\\/www.eldiario.net\\\/portal\\\/#website\",\"url\":\"https:\\\/\\\/www.eldiario.net\\\/portal\\\/\",\"name\":\"El Diario - Decano de la prensa nacional\",\"description\":\"El Diario - Decano de la prensa nacional\",\"publisher\":{\"@id\":\"https:\\\/\\\/www.eldiario.net\\\/portal\\\/#organization\"},\"potentialAction\":[{\"@type\":\"SearchAction\",\"target\":{\"@type\":\"EntryPoint\",\"urlTemplate\":\"https:\\\/\\\/www.eldiario.net\\\/portal\\\/?s={search_term_string}\"},\"query-input\":{\"@type\":\"PropertyValueSpecification\",\"valueRequired\":true,\"valueName\":\"search_term_string\"}}],\"inLanguage\":\"es\"},{\"@type\":\"Organization\",\"@id\":\"https:\\\/\\\/www.eldiario.net\\\/portal\\\/#organization\",\"name\":\"El Diario - Decano de la prensa nacional\",\"url\":\"https:\\\/\\\/www.eldiario.net\\\/portal\\\/\",\"logo\":{\"@type\":\"ImageObject\",\"inLanguage\":\"es\",\"@id\":\"https:\\\/\\\/www.eldiario.net\\\/portal\\\/#\\\/schema\\\/logo\\\/image\\\/\",\"url\":\"https:\\\/\\\/www.eldiario.net\\\/portal\\\/wp-content\\\/uploads\\\/2023\\\/07\\\/logo_ED.jpg\",\"contentUrl\":\"https:\\\/\\\/www.eldiario.net\\\/portal\\\/wp-content\\\/uploads\\\/2023\\\/07\\\/logo_ED.jpg\",\"width\":272,\"height\":52,\"caption\":\"El Diario - Decano de la prensa nacional\"},\"image\":{\"@id\":\"https:\\\/\\\/www.eldiario.net\\\/portal\\\/#\\\/schema\\\/logo\\\/image\\\/\"},\"sameAs\":[\"https:\\\/\\\/www.facebook.com\\\/eldiario.bolivia\\\/\",\"https:\\\/\\\/x.com\\\/eldiario_net\"]},{\"@type\":\"Person\",\"@id\":\"https:\\\/\\\/www.eldiario.net\\\/portal\\\/#\\\/schema\\\/person\\\/2c57cf2b7a7ae032e449e4c9b1019eac\",\"name\":\"Jeanette\",\"image\":{\"@type\":\"ImageObject\",\"inLanguage\":\"es\",\"@id\":\"https:\\\/\\\/secure.gravatar.com\\\/avatar\\\/3ea2118a5f7dad2b7138b1187a6b7ee55f160b9968b66013c3a3ef39dd7e5798?s=96&d=mm&r=g\",\"url\":\"https:\\\/\\\/secure.gravatar.com\\\/avatar\\\/3ea2118a5f7dad2b7138b1187a6b7ee55f160b9968b66013c3a3ef39dd7e5798?s=96&d=mm&r=g\",\"contentUrl\":\"https:\\\/\\\/secure.gravatar.com\\\/avatar\\\/3ea2118a5f7dad2b7138b1187a6b7ee55f160b9968b66013c3a3ef39dd7e5798?s=96&d=mm&r=g\",\"caption\":\"Jeanette\"},\"sameAs\":[\"https:\\\/\\\/www.eldiario.net\\\/portal\"],\"url\":\"https:\\\/\\\/www.eldiario.net\\\/portal\\\/author\\\/jeanette\\\/\"}]}<\/script>\n<!-- \/ Yoast SEO plugin. -->","yoast_head_json":{"title":"Un iceberg del tama\u00f1o de la ciudad de Londres se desprendi\u00f3 en la Ant\u00e1rtida - El Diario - Bolivia","robots":{"index":"index","follow":"follow","max-snippet":"max-snippet:-1","max-image-preview":"max-image-preview:large","max-video-preview":"max-video-preview:-1"},"canonical":"https:\/\/www.eldiario.net\/portal\/2023\/01\/27\/un-iceberg-del-tamano-de-la-ciudad-de-londres-se-desprendio-en-la-antartida\/","og_locale":"es_ES","og_type":"article","og_title":"Un iceberg del tama\u00f1o de la ciudad de Londres se desprendi\u00f3 en la Ant\u00e1rtida - El Diario - Bolivia","og_description":"Un iceberg del tama\u00f1o de la ciudad de Londres se desprendi\u00f3 de la plataforma de hielo de Brunt en la Ant\u00e1rtida, seg\u00fan el British Antarctic Survey (BAS). Los cient\u00edficos descubrieron por primera vez grietas significativas en la plataforma de hielo hace una d\u00e9cada, pero en los \u00faltimos dos a\u00f1os se produjeron dos roturas importantes. La [&hellip;]","og_url":"https:\/\/www.eldiario.net\/portal\/2023\/01\/27\/un-iceberg-del-tamano-de-la-ciudad-de-londres-se-desprendio-en-la-antartida\/","og_site_name":"El Diario - Bolivia","article_publisher":"https:\/\/www.facebook.com\/eldiario.bolivia\/","article_published_time":"2023-01-27T09:50:17+00:00","author":"Jeanette","twitter_card":"summary_large_image","twitter_creator":"@eldiario_net","twitter_site":"@eldiario_net","twitter_misc":{"Escrito por":"Jeanette","Tiempo de lectura":"3 minutos"},"schema":{"@context":"https:\/\/schema.org","@graph":[{"@type":"Article","@id":"https:\/\/www.eldiario.net\/portal\/2023\/01\/27\/un-iceberg-del-tamano-de-la-ciudad-de-londres-se-desprendio-en-la-antartida\/#article","isPartOf":{"@id":"https:\/\/www.eldiario.net\/portal\/2023\/01\/27\/un-iceberg-del-tamano-de-la-ciudad-de-londres-se-desprendio-en-la-antartida\/"},"author":{"name":"Jeanette","@id":"https:\/\/www.eldiario.net\/portal\/#\/schema\/person\/2c57cf2b7a7ae032e449e4c9b1019eac"},"headline":"Un iceberg del tama\u00f1o de la ciudad de Londres se desprendi\u00f3 en la Ant\u00e1rtida","datePublished":"2023-01-27T09:50:17+00:00","mainEntityOfPage":{"@id":"https:\/\/www.eldiario.net\/portal\/2023\/01\/27\/un-iceberg-del-tamano-de-la-ciudad-de-londres-se-desprendio-en-la-antartida\/"},"wordCount":537,"publisher":{"@id":"https:\/\/www.eldiario.net\/portal\/#organization"},"articleSection":["Internacional"],"inLanguage":"es"},{"@type":"WebPage","@id":"https:\/\/www.eldiario.net\/portal\/2023\/01\/27\/un-iceberg-del-tamano-de-la-ciudad-de-londres-se-desprendio-en-la-antartida\/","url":"https:\/\/www.eldiario.net\/portal\/2023\/01\/27\/un-iceberg-del-tamano-de-la-ciudad-de-londres-se-desprendio-en-la-antartida\/","name":"Un iceberg del tama\u00f1o de la ciudad de Londres se desprendi\u00f3 en la Ant\u00e1rtida - El Diario - Bolivia","isPartOf":{"@id":"https:\/\/www.eldiario.net\/portal\/#website"},"datePublished":"2023-01-27T09:50:17+00:00","breadcrumb":{"@id":"https:\/\/www.eldiario.net\/portal\/2023\/01\/27\/un-iceberg-del-tamano-de-la-ciudad-de-londres-se-desprendio-en-la-antartida\/#breadcrumb"},"inLanguage":"es","potentialAction":[{"@type":"ReadAction","target":["https:\/\/www.eldiario.net\/portal\/2023\/01\/27\/un-iceberg-del-tamano-de-la-ciudad-de-londres-se-desprendio-en-la-antartida\/"]}]},{"@type":"BreadcrumbList","@id":"https:\/\/www.eldiario.net\/portal\/2023\/01\/27\/un-iceberg-del-tamano-de-la-ciudad-de-londres-se-desprendio-en-la-antartida\/#breadcrumb","itemListElement":[{"@type":"ListItem","position":1,"name":"Portada","item":"https:\/\/www.eldiario.net\/portal\/"},{"@type":"ListItem","position":2,"name":"Un iceberg del tama\u00f1o de la ciudad de Londres se desprendi\u00f3 en la Ant\u00e1rtida"}]},{"@type":"WebSite","@id":"https:\/\/www.eldiario.net\/portal\/#website","url":"https:\/\/www.eldiario.net\/portal\/","name":"El Diario - Decano de la prensa nacional","description":"El Diario - Decano de la prensa nacional","publisher":{"@id":"https:\/\/www.eldiario.net\/portal\/#organization"},"potentialAction":[{"@type":"SearchAction","target":{"@type":"EntryPoint","urlTemplate":"https:\/\/www.eldiario.net\/portal\/?s={search_term_string}"},"query-input":{"@type":"PropertyValueSpecification","valueRequired":true,"valueName":"search_term_string"}}],"inLanguage":"es"},{"@type":"Organization","@id":"https:\/\/www.eldiario.net\/portal\/#organization","name":"El Diario - Decano de la prensa nacional","url":"https:\/\/www.eldiario.net\/portal\/","logo":{"@type":"ImageObject","inLanguage":"es","@id":"https:\/\/www.eldiario.net\/portal\/#\/schema\/logo\/image\/","url":"https:\/\/www.eldiario.net\/portal\/wp-content\/uploads\/2023\/07\/logo_ED.jpg","contentUrl":"https:\/\/www.eldiario.net\/portal\/wp-content\/uploads\/2023\/07\/logo_ED.jpg","width":272,"height":52,"caption":"El Diario - Decano de la prensa nacional"},"image":{"@id":"https:\/\/www.eldiario.net\/portal\/#\/schema\/logo\/image\/"},"sameAs":["https:\/\/www.facebook.com\/eldiario.bolivia\/","https:\/\/x.com\/eldiario_net"]},{"@type":"Person","@id":"https:\/\/www.eldiario.net\/portal\/#\/schema\/person\/2c57cf2b7a7ae032e449e4c9b1019eac","name":"Jeanette","image":{"@type":"ImageObject","inLanguage":"es","@id":"https:\/\/secure.gravatar.com\/avatar\/3ea2118a5f7dad2b7138b1187a6b7ee55f160b9968b66013c3a3ef39dd7e5798?s=96&d=mm&r=g","url":"https:\/\/secure.gravatar.com\/avatar\/3ea2118a5f7dad2b7138b1187a6b7ee55f160b9968b66013c3a3ef39dd7e5798?s=96&d=mm&r=g","contentUrl":"https:\/\/secure.gravatar.com\/avatar\/3ea2118a5f7dad2b7138b1187a6b7ee55f160b9968b66013c3a3ef39dd7e5798?s=96&d=mm&r=g","caption":"Jeanette"},"sameAs":["https:\/\/www.eldiario.net\/portal"],"url":"https:\/\/www.eldiario.net\/portal\/author\/jeanette\/"}]}},"_links":{"self":[{"href":"https:\/\/www.eldiario.net\/portal\/wp-json\/wp\/v2\/posts\/135001","targetHints":{"allow":["GET"]}}],"collection":[{"href":"https:\/\/www.eldiario.net\/portal\/wp-json\/wp\/v2\/posts"}],"about":[{"href":"https:\/\/www.eldiario.net\/portal\/wp-json\/wp\/v2\/types\/post"}],"author":[{"embeddable":true,"href":"https:\/\/www.eldiario.net\/portal\/wp-json\/wp\/v2\/users\/1"}],"replies":[{"embeddable":true,"href":"https:\/\/www.eldiario.net\/portal\/wp-json\/wp\/v2\/comments?post=135001"}],"version-history":[{"count":0,"href":"https:\/\/www.eldiario.net\/portal\/wp-json\/wp\/v2\/posts\/135001\/revisions"}],"wp:attachment":[{"href":"https:\/\/www.eldiario.net\/portal\/wp-json\/wp\/v2\/media?parent=135001"}],"wp:term":[{"taxonomy":"category","embeddable":true,"href":"https:\/\/www.eldiario.net\/portal\/wp-json\/wp\/v2\/categories?post=135001"},{"taxonomy":"post_tag","embeddable":true,"href":"https:\/\/www.eldiario.net\/portal\/wp-json\/wp\/v2\/tags?post=135001"}],"curies":[{"name":"wp","href":"https:\/\/api.w.org\/{rel}","templated":true}]}}