{"id":134999,"date":"2023-01-27T05:49:54","date_gmt":"2023-01-27T09:49:54","guid":{"rendered":"https:\/\/www.eldiario.net\/portal\/?p=134999"},"modified":"2023-01-27T05:49:54","modified_gmt":"2023-01-27T09:49:54","slug":"unc-advierte-que-despliegue-de-drones-en-frontera-viola-armisticio","status":"publish","type":"post","link":"https:\/\/www.eldiario.net\/portal\/2023\/01\/27\/unc-advierte-que-despliegue-de-drones-en-frontera-viola-armisticio\/","title":{"rendered":"UNC advierte que despliegue de  drones en frontera viola armisticio"},"content":{"rendered":"<p>El Comando de las Naciones Unidas (UNC seg\u00fan sus siglas en ingl\u00e9s)que se encuentra encabezado por Estados Unidos, alert\u00f3 ayer de que el despliegue de drones por parte de Corea del Norte y Corea del Sur al otro lado de la frontera intercoreana supone una violaci\u00f3n del armisticio pactado entre las partes al finalizar la guerra en 1953.<br \/>\nLa fuerza militar, que contribuye a supervisar la Zona Desmilitarizada en la frontera entre las dos Coreas, indic\u00f3 en un comunicado que llev\u00f3 a cabo una investigaci\u00f3n sobre las incursiones a\u00e9reas de ambas partes para determinar si se produjeron violaciones del acuerdo.<br \/>\nEn este sentido, record\u00f3 que cinco drones norcoreanos cruzaron la frontera hacia el sur el pasado 26 de diciembre, lo que llev\u00f3 a Corea del Sur a aumentar el despliegue de cazas y helic\u00f3pteros, as\u00ed como drones para recabar informaci\u00f3n sobre instalaciones militares de Corea del Norte.<br \/>\nDe esta manera el comando incidi\u00f3 en que estas maniobras suponen violaciones continuadas a pesar de que el intento por parte de Corea del Sur de derribar los drones que ya hab\u00edan pasado a un espacio a\u00e9reo no suponen una vulneraci\u00f3n del armisticio.<br \/>\n\u201cEl Comando de Naciones Unidas reafirma la importancia de los t\u00e9rminos del acuerdo, esenciales para mitigar el da\u00f1o de que se produzcan incidentes accidentales mediante medidas de prevenci\u00f3n con el objetivo de preservar el cese de las hostilidades en la pen\u00ednsula de Corea\u201d, recoge el texto.<br \/>\nSin embargo, las autoridades surcoreanas insisten en que el uso de drones por parte de Se\u00fal en la zona es una medida de autodefensa ante las incursiones de drones norcoreanos.<br \/>\nLa tensi\u00f3n entre los dos pa\u00edses sigue aumentando a medida que Corea del Norte contin\u00faa realizando ensayos bal\u00edsticos con lanzamientos de misiles mientras Corea del Sur incrementa sus maniobras militares conjuntas con pa\u00edses como Estados Unidos. (Europa Press).<\/p>\n","protected":false},"excerpt":{"rendered":"<p>El Comando de las Naciones Unidas (UNC seg\u00fan sus siglas en ingl\u00e9s)que se encuentra encabezado por Estados Unidos, alert\u00f3 ayer de que el despliegue de drones por parte de Corea del Norte y Corea del Sur al otro lado de la frontera intercoreana supone una violaci\u00f3n del armisticio pactado entre las partes al finalizar la [&hellip;]<\/p>\n","protected":false},"author":1,"featured_media":0,"comment_status":"closed","ping_status":"closed","sticky":false,"template":"","format":"standard","meta":{"_acf_changed":false,"footnotes":""},"categories":[3],"tags":[],"class_list":["post-134999","post","type-post","status-publish","format-standard","category-internacional"],"acf":{"antetitulo":""},"yoast_head":"<!-- This site is optimized with the Yoast SEO plugin v28.4 - https:\/\/yoast.com\/product\/yoast-seo-wordpress\/ -->\n<title>UNC advierte que despliegue de drones en frontera viola armisticio - El Diario - Bolivia<\/title>\n<meta name=\"robots\" content=\"index, follow, max-snippet:-1, max-image-preview:large, max-video-preview:-1\" \/>\n<link rel=\"canonical\" href=\"https:\/\/www.eldiario.net\/portal\/2023\/01\/27\/unc-advierte-que-despliegue-de-drones-en-frontera-viola-armisticio\/\" \/>\n<meta property=\"og:locale\" content=\"es_ES\" \/>\n<meta property=\"og:type\" content=\"article\" \/>\n<meta property=\"og:title\" content=\"UNC advierte que despliegue de drones en frontera viola armisticio - El Diario - Bolivia\" \/>\n<meta property=\"og:description\" content=\"El Comando de las Naciones Unidas (UNC seg\u00fan sus siglas en ingl\u00e9s)que se encuentra encabezado por Estados Unidos, alert\u00f3 ayer de que el despliegue de drones por parte de Corea del Norte y Corea del Sur al otro lado de la frontera intercoreana supone una violaci\u00f3n del armisticio pactado entre las partes al finalizar la [&hellip;]\" \/>\n<meta property=\"og:url\" content=\"https:\/\/www.eldiario.net\/portal\/2023\/01\/27\/unc-advierte-que-despliegue-de-drones-en-frontera-viola-armisticio\/\" \/>\n<meta property=\"og:site_name\" content=\"El Diario - Bolivia\" \/>\n<meta property=\"article:publisher\" content=\"https:\/\/www.facebook.com\/eldiario.bolivia\/\" \/>\n<meta property=\"article:published_time\" content=\"2023-01-27T09:49:54+00:00\" \/>\n<meta name=\"author\" content=\"Jeanette\" \/>\n<meta name=\"twitter:card\" content=\"summary_large_image\" \/>\n<meta name=\"twitter:creator\" content=\"@eldiario_net\" \/>\n<meta name=\"twitter:site\" content=\"@eldiario_net\" \/>\n<meta name=\"twitter:label1\" content=\"Escrito por\" \/>\n\t<meta name=\"twitter:data1\" content=\"Jeanette\" \/>\n\t<meta name=\"twitter:label2\" content=\"Tiempo de lectura\" \/>\n\t<meta name=\"twitter:data2\" content=\"2 minutos\" \/>\n<script type=\"application\/ld+json\" class=\"yoast-schema-graph\">{\"@context\":\"https:\\\/\\\/schema.org\",\"@graph\":[{\"@type\":\"Article\",\"@id\":\"https:\\\/\\\/www.eldiario.net\\\/portal\\\/2023\\\/01\\\/27\\\/unc-advierte-que-despliegue-de-drones-en-frontera-viola-armisticio\\\/#article\",\"isPartOf\":{\"@id\":\"https:\\\/\\\/www.eldiario.net\\\/portal\\\/2023\\\/01\\\/27\\\/unc-advierte-que-despliegue-de-drones-en-frontera-viola-armisticio\\\/\"},\"author\":{\"name\":\"Jeanette\",\"@id\":\"https:\\\/\\\/www.eldiario.net\\\/portal\\\/#\\\/schema\\\/person\\\/2c57cf2b7a7ae032e449e4c9b1019eac\"},\"headline\":\"UNC advierte que despliegue de drones en frontera viola armisticio\",\"datePublished\":\"2023-01-27T09:49:54+00:00\",\"mainEntityOfPage\":{\"@id\":\"https:\\\/\\\/www.eldiario.net\\\/portal\\\/2023\\\/01\\\/27\\\/unc-advierte-que-despliegue-de-drones-en-frontera-viola-armisticio\\\/\"},\"wordCount\":333,\"publisher\":{\"@id\":\"https:\\\/\\\/www.eldiario.net\\\/portal\\\/#organization\"},\"articleSection\":[\"Internacional\"],\"inLanguage\":\"es\"},{\"@type\":\"WebPage\",\"@id\":\"https:\\\/\\\/www.eldiario.net\\\/portal\\\/2023\\\/01\\\/27\\\/unc-advierte-que-despliegue-de-drones-en-frontera-viola-armisticio\\\/\",\"url\":\"https:\\\/\\\/www.eldiario.net\\\/portal\\\/2023\\\/01\\\/27\\\/unc-advierte-que-despliegue-de-drones-en-frontera-viola-armisticio\\\/\",\"name\":\"UNC advierte que despliegue de drones en frontera viola armisticio - El Diario - Bolivia\",\"isPartOf\":{\"@id\":\"https:\\\/\\\/www.eldiario.net\\\/portal\\\/#website\"},\"datePublished\":\"2023-01-27T09:49:54+00:00\",\"breadcrumb\":{\"@id\":\"https:\\\/\\\/www.eldiario.net\\\/portal\\\/2023\\\/01\\\/27\\\/unc-advierte-que-despliegue-de-drones-en-frontera-viola-armisticio\\\/#breadcrumb\"},\"inLanguage\":\"es\",\"potentialAction\":[{\"@type\":\"ReadAction\",\"target\":[\"https:\\\/\\\/www.eldiario.net\\\/portal\\\/2023\\\/01\\\/27\\\/unc-advierte-que-despliegue-de-drones-en-frontera-viola-armisticio\\\/\"]}]},{\"@type\":\"BreadcrumbList\",\"@id\":\"https:\\\/\\\/www.eldiario.net\\\/portal\\\/2023\\\/01\\\/27\\\/unc-advierte-que-despliegue-de-drones-en-frontera-viola-armisticio\\\/#breadcrumb\",\"itemListElement\":[{\"@type\":\"ListItem\",\"position\":1,\"name\":\"Portada\",\"item\":\"https:\\\/\\\/www.eldiario.net\\\/portal\\\/\"},{\"@type\":\"ListItem\",\"position\":2,\"name\":\"UNC advierte que despliegue de drones en frontera viola armisticio\"}]},{\"@type\":\"WebSite\",\"@id\":\"https:\\\/\\\/www.eldiario.net\\\/portal\\\/#website\",\"url\":\"https:\\\/\\\/www.eldiario.net\\\/portal\\\/\",\"name\":\"El Diario - Decano de la prensa nacional\",\"description\":\"El Diario - Decano de la prensa nacional\",\"publisher\":{\"@id\":\"https:\\\/\\\/www.eldiario.net\\\/portal\\\/#organization\"},\"potentialAction\":[{\"@type\":\"SearchAction\",\"target\":{\"@type\":\"EntryPoint\",\"urlTemplate\":\"https:\\\/\\\/www.eldiario.net\\\/portal\\\/?s={search_term_string}\"},\"query-input\":{\"@type\":\"PropertyValueSpecification\",\"valueRequired\":true,\"valueName\":\"search_term_string\"}}],\"inLanguage\":\"es\"},{\"@type\":\"Organization\",\"@id\":\"https:\\\/\\\/www.eldiario.net\\\/portal\\\/#organization\",\"name\":\"El Diario - Decano de la prensa nacional\",\"url\":\"https:\\\/\\\/www.eldiario.net\\\/portal\\\/\",\"logo\":{\"@type\":\"ImageObject\",\"inLanguage\":\"es\",\"@id\":\"https:\\\/\\\/www.eldiario.net\\\/portal\\\/#\\\/schema\\\/logo\\\/image\\\/\",\"url\":\"https:\\\/\\\/www.eldiario.net\\\/portal\\\/wp-content\\\/uploads\\\/2023\\\/07\\\/logo_ED.jpg\",\"contentUrl\":\"https:\\\/\\\/www.eldiario.net\\\/portal\\\/wp-content\\\/uploads\\\/2023\\\/07\\\/logo_ED.jpg\",\"width\":272,\"height\":52,\"caption\":\"El Diario - Decano de la prensa nacional\"},\"image\":{\"@id\":\"https:\\\/\\\/www.eldiario.net\\\/portal\\\/#\\\/schema\\\/logo\\\/image\\\/\"},\"sameAs\":[\"https:\\\/\\\/www.facebook.com\\\/eldiario.bolivia\\\/\",\"https:\\\/\\\/x.com\\\/eldiario_net\"]},{\"@type\":\"Person\",\"@id\":\"https:\\\/\\\/www.eldiario.net\\\/portal\\\/#\\\/schema\\\/person\\\/2c57cf2b7a7ae032e449e4c9b1019eac\",\"name\":\"Jeanette\",\"image\":{\"@type\":\"ImageObject\",\"inLanguage\":\"es\",\"@id\":\"https:\\\/\\\/secure.gravatar.com\\\/avatar\\\/3ea2118a5f7dad2b7138b1187a6b7ee55f160b9968b66013c3a3ef39dd7e5798?s=96&d=mm&r=g\",\"url\":\"https:\\\/\\\/secure.gravatar.com\\\/avatar\\\/3ea2118a5f7dad2b7138b1187a6b7ee55f160b9968b66013c3a3ef39dd7e5798?s=96&d=mm&r=g\",\"contentUrl\":\"https:\\\/\\\/secure.gravatar.com\\\/avatar\\\/3ea2118a5f7dad2b7138b1187a6b7ee55f160b9968b66013c3a3ef39dd7e5798?s=96&d=mm&r=g\",\"caption\":\"Jeanette\"},\"sameAs\":[\"https:\\\/\\\/www.eldiario.net\\\/portal\"],\"url\":\"https:\\\/\\\/www.eldiario.net\\\/portal\\\/author\\\/jeanette\\\/\"}]}<\/script>\n<!-- \/ Yoast SEO plugin. -->","yoast_head_json":{"title":"UNC advierte que despliegue de drones en frontera viola armisticio - El Diario - Bolivia","robots":{"index":"index","follow":"follow","max-snippet":"max-snippet:-1","max-image-preview":"max-image-preview:large","max-video-preview":"max-video-preview:-1"},"canonical":"https:\/\/www.eldiario.net\/portal\/2023\/01\/27\/unc-advierte-que-despliegue-de-drones-en-frontera-viola-armisticio\/","og_locale":"es_ES","og_type":"article","og_title":"UNC advierte que despliegue de drones en frontera viola armisticio - El Diario - Bolivia","og_description":"El Comando de las Naciones Unidas (UNC seg\u00fan sus siglas en ingl\u00e9s)que se encuentra encabezado por Estados Unidos, alert\u00f3 ayer de que el despliegue de drones por parte de Corea del Norte y Corea del Sur al otro lado de la frontera intercoreana supone una violaci\u00f3n del armisticio pactado entre las partes al finalizar la [&hellip;]","og_url":"https:\/\/www.eldiario.net\/portal\/2023\/01\/27\/unc-advierte-que-despliegue-de-drones-en-frontera-viola-armisticio\/","og_site_name":"El Diario - Bolivia","article_publisher":"https:\/\/www.facebook.com\/eldiario.bolivia\/","article_published_time":"2023-01-27T09:49:54+00:00","author":"Jeanette","twitter_card":"summary_large_image","twitter_creator":"@eldiario_net","twitter_site":"@eldiario_net","twitter_misc":{"Escrito por":"Jeanette","Tiempo de lectura":"2 minutos"},"schema":{"@context":"https:\/\/schema.org","@graph":[{"@type":"Article","@id":"https:\/\/www.eldiario.net\/portal\/2023\/01\/27\/unc-advierte-que-despliegue-de-drones-en-frontera-viola-armisticio\/#article","isPartOf":{"@id":"https:\/\/www.eldiario.net\/portal\/2023\/01\/27\/unc-advierte-que-despliegue-de-drones-en-frontera-viola-armisticio\/"},"author":{"name":"Jeanette","@id":"https:\/\/www.eldiario.net\/portal\/#\/schema\/person\/2c57cf2b7a7ae032e449e4c9b1019eac"},"headline":"UNC advierte que despliegue de drones en frontera viola armisticio","datePublished":"2023-01-27T09:49:54+00:00","mainEntityOfPage":{"@id":"https:\/\/www.eldiario.net\/portal\/2023\/01\/27\/unc-advierte-que-despliegue-de-drones-en-frontera-viola-armisticio\/"},"wordCount":333,"publisher":{"@id":"https:\/\/www.eldiario.net\/portal\/#organization"},"articleSection":["Internacional"],"inLanguage":"es"},{"@type":"WebPage","@id":"https:\/\/www.eldiario.net\/portal\/2023\/01\/27\/unc-advierte-que-despliegue-de-drones-en-frontera-viola-armisticio\/","url":"https:\/\/www.eldiario.net\/portal\/2023\/01\/27\/unc-advierte-que-despliegue-de-drones-en-frontera-viola-armisticio\/","name":"UNC advierte que despliegue de drones en frontera viola armisticio - El Diario - Bolivia","isPartOf":{"@id":"https:\/\/www.eldiario.net\/portal\/#website"},"datePublished":"2023-01-27T09:49:54+00:00","breadcrumb":{"@id":"https:\/\/www.eldiario.net\/portal\/2023\/01\/27\/unc-advierte-que-despliegue-de-drones-en-frontera-viola-armisticio\/#breadcrumb"},"inLanguage":"es","potentialAction":[{"@type":"ReadAction","target":["https:\/\/www.eldiario.net\/portal\/2023\/01\/27\/unc-advierte-que-despliegue-de-drones-en-frontera-viola-armisticio\/"]}]},{"@type":"BreadcrumbList","@id":"https:\/\/www.eldiario.net\/portal\/2023\/01\/27\/unc-advierte-que-despliegue-de-drones-en-frontera-viola-armisticio\/#breadcrumb","itemListElement":[{"@type":"ListItem","position":1,"name":"Portada","item":"https:\/\/www.eldiario.net\/portal\/"},{"@type":"ListItem","position":2,"name":"UNC advierte que despliegue de drones en frontera viola armisticio"}]},{"@type":"WebSite","@id":"https:\/\/www.eldiario.net\/portal\/#website","url":"https:\/\/www.eldiario.net\/portal\/","name":"El Diario - Decano de la prensa nacional","description":"El Diario - Decano de la prensa nacional","publisher":{"@id":"https:\/\/www.eldiario.net\/portal\/#organization"},"potentialAction":[{"@type":"SearchAction","target":{"@type":"EntryPoint","urlTemplate":"https:\/\/www.eldiario.net\/portal\/?s={search_term_string}"},"query-input":{"@type":"PropertyValueSpecification","valueRequired":true,"valueName":"search_term_string"}}],"inLanguage":"es"},{"@type":"Organization","@id":"https:\/\/www.eldiario.net\/portal\/#organization","name":"El Diario - Decano de la prensa nacional","url":"https:\/\/www.eldiario.net\/portal\/","logo":{"@type":"ImageObject","inLanguage":"es","@id":"https:\/\/www.eldiario.net\/portal\/#\/schema\/logo\/image\/","url":"https:\/\/www.eldiario.net\/portal\/wp-content\/uploads\/2023\/07\/logo_ED.jpg","contentUrl":"https:\/\/www.eldiario.net\/portal\/wp-content\/uploads\/2023\/07\/logo_ED.jpg","width":272,"height":52,"caption":"El Diario - Decano de la prensa nacional"},"image":{"@id":"https:\/\/www.eldiario.net\/portal\/#\/schema\/logo\/image\/"},"sameAs":["https:\/\/www.facebook.com\/eldiario.bolivia\/","https:\/\/x.com\/eldiario_net"]},{"@type":"Person","@id":"https:\/\/www.eldiario.net\/portal\/#\/schema\/person\/2c57cf2b7a7ae032e449e4c9b1019eac","name":"Jeanette","image":{"@type":"ImageObject","inLanguage":"es","@id":"https:\/\/secure.gravatar.com\/avatar\/3ea2118a5f7dad2b7138b1187a6b7ee55f160b9968b66013c3a3ef39dd7e5798?s=96&d=mm&r=g","url":"https:\/\/secure.gravatar.com\/avatar\/3ea2118a5f7dad2b7138b1187a6b7ee55f160b9968b66013c3a3ef39dd7e5798?s=96&d=mm&r=g","contentUrl":"https:\/\/secure.gravatar.com\/avatar\/3ea2118a5f7dad2b7138b1187a6b7ee55f160b9968b66013c3a3ef39dd7e5798?s=96&d=mm&r=g","caption":"Jeanette"},"sameAs":["https:\/\/www.eldiario.net\/portal"],"url":"https:\/\/www.eldiario.net\/portal\/author\/jeanette\/"}]}},"_links":{"self":[{"href":"https:\/\/www.eldiario.net\/portal\/wp-json\/wp\/v2\/posts\/134999","targetHints":{"allow":["GET"]}}],"collection":[{"href":"https:\/\/www.eldiario.net\/portal\/wp-json\/wp\/v2\/posts"}],"about":[{"href":"https:\/\/www.eldiario.net\/portal\/wp-json\/wp\/v2\/types\/post"}],"author":[{"embeddable":true,"href":"https:\/\/www.eldiario.net\/portal\/wp-json\/wp\/v2\/users\/1"}],"replies":[{"embeddable":true,"href":"https:\/\/www.eldiario.net\/portal\/wp-json\/wp\/v2\/comments?post=134999"}],"version-history":[{"count":0,"href":"https:\/\/www.eldiario.net\/portal\/wp-json\/wp\/v2\/posts\/134999\/revisions"}],"wp:attachment":[{"href":"https:\/\/www.eldiario.net\/portal\/wp-json\/wp\/v2\/media?parent=134999"}],"wp:term":[{"taxonomy":"category","embeddable":true,"href":"https:\/\/www.eldiario.net\/portal\/wp-json\/wp\/v2\/categories?post=134999"},{"taxonomy":"post_tag","embeddable":true,"href":"https:\/\/www.eldiario.net\/portal\/wp-json\/wp\/v2\/tags?post=134999"}],"curies":[{"name":"wp","href":"https:\/\/api.w.org\/{rel}","templated":true}]}}