{"id":134996,"date":"2023-01-27T05:49:18","date_gmt":"2023-01-27T09:49:18","guid":{"rendered":"https:\/\/www.eldiario.net\/portal\/?p=134996"},"modified":"2023-01-27T05:49:18","modified_gmt":"2023-01-27T09:49:18","slug":"evo-morales-ayma-declarado-persona-non-grata-en-peru","status":"publish","type":"post","link":"https:\/\/www.eldiario.net\/portal\/2023\/01\/27\/evo-morales-ayma-declarado-persona-non-grata-en-peru\/","title":{"rendered":"Evo Morales Ayma declarado  \u00abpersona non grata\u00bb en Per\u00fa"},"content":{"rendered":"<p>El Congreso de la Rep\u00fablica declar\u00f3 como \u00abpersona non grata\u00bb al expresidente boliviano Evo Morales Ayma por sus \u00abdeclaraciones p\u00fablicas\u00bb contra el Per\u00fa. El pleno aprob\u00f3 por mayor\u00eda este estatuto con 74 votos a favor, 40 en contra y 4 abstenciones.<br \/>\n\u00abDeclarar persona non grata al se\u00f1or Evo Morales Ayma en el territorio nacional, por sus constantes incitaciones en la pol\u00edtica nacional, las mismas que buscan desequilibrar el orden interno del pa\u00eds, en especial la zona sur del Per\u00fa\u00bb, se lee en la moci\u00f3n 5225, que fue presentado por la congresista Mar\u00eda del Carmen Alva, presidenta de la Comisi\u00f3n de Relaciones Exteriores.<br \/>\nTambi\u00e9n se exige que se debe exhortar al Ministerio de Relaciones Exteriores y Ministerio del Interior a que eleven la presente Moci\u00f3n de Orden del D\u00eda a la embajada de Bolivia en Per\u00fa para conocimiento y fines pertinentes\u00bb.<br \/>\nDurante la sustentaci\u00f3n del debate, la extitular del Parlamento dijo que \u00ablas manifestaciones (de Evo Morales) son una constante intromisi\u00f3n en asuntos internos de nuestro pa\u00eds, y no existe duda que no es amigo del Per\u00fa\u00bb.<br \/>\nAlva record\u00f3 que el exmandatario de Bolivia hab\u00eda mencionado que lo que est\u00e1 viviendo el Per\u00fa no es una simple reivindicaci\u00f3n del cierre del Congreso o nuevas elecciones. Esa es una insurrecci\u00f3n del pueblo contra el estado colonial, y que por lo tanto, una insurrecci\u00f3n no se resuelve con una reforma a la Constituci\u00f3n, sino con la refundaci\u00f3n del Per\u00fa\u00bb.<br \/>\nLa congresista de Acci\u00f3n Popular dijo que las palabras de Evo Morales constitu\u00edan una vulneraci\u00f3n abierta a los derechos protegidos de libertad de pensamiento y expresi\u00f3n contemplados en la Convenci\u00f3n Americana de Derechos Humanos; que establece la prohibici\u00f3n de toda propaganda en favor de la guerra y toda apolog\u00eda del odio nacional, racial o religioso que constituyan incitaciones a la violencia.<br \/>\nEn esa misma l\u00ednea fue el parlamentario Ernesto Bustamante, quien tild\u00f3 al exjefe de Estado como \u201cped\u00f3filo, narcotraficante y delincuente\u00bb, y a quien acus\u00f3 como un enemigo del Per\u00fa.<br \/>\n\u00abEl jefe de todos los que est\u00e1n detr\u00e1s es Evo Morales desde el MAS (Movimiento al Socialismo), es una forma de invadir el Per\u00fa. Evo Morales es un boliviano y a lo mejor es un buen boliviano haciendo lo que hace, pero es un enemigo del Per\u00fa\u00bb, dijo el legislador fujimorista.<br \/>\nLOS DEFENSORES DE EVO MORALES<br \/>\nAs\u00ed como hubo declaraciones en contra de Evo Morales tambi\u00e9n hubo varias a favor, sobre todo de los legisladores de izquierda como Guido Bellido, Waldemar Cerr\u00f3n y el exministro Roberto S\u00e1nchez.<br \/>\nEl expremier de Pedro Castillo consider\u00f3 que el Congreso estaba perdiendo la br\u00fajula buscando declarar como persona no grata al exmandatario boliviano mientras que pidi\u00f3 que se deber\u00edan abocar a que el Per\u00fa se estabilice.<br \/>\nPor su parte, Cerr\u00f3n dijo que se deber\u00eda declarar como personas no gratas a \u00abaquellos que ordenan matar a nuestros hermanos e intervenir instituciones sociales o quienes pretenden disimular que no pasan nada\u00bb, pues hay \u00abuna protesta que no queremos entender\u00bb.<br \/>\nFinalmente, S\u00e1nchez explic\u00f3 que se estaba iniciando una \u00abcacer\u00eda de brujas para buscar culpable e inventar fantasmas de la crisis\u00bb. Manifest\u00f3 que \u00abera vergonzoso que se est\u00e9 declarando no grato a actores extranjeros que no tienen ninguna incursi\u00f3n en el Per\u00fa\u00bb.<br \/>\nNUEVA DEFENSA DE EVO MORALES<br \/>\nRa\u00fal Noblecilla, el abogado que asumi\u00f3 la defensa del exmandatario Pedro Castillo durante varios d\u00edas despu\u00e9s de ser vacado y detenido por el fallido golpe de Estado, es el nuevo defensor legal de Evo Morales.<br \/>\nEl letrado fue designado por el expresidente boliviano debido a la investigaci\u00f3n fiscal que se le sigue por el supuesto delito contra la seguridad ciudadana y traici\u00f3n a la patria por su participaci\u00f3n en actividades pol\u00edticas en los \u00faltimos meses. En esta denuncia tambi\u00e9n est\u00e1n incluidos el secretario general de Per\u00fa Libre, Vladimir Cerr\u00f3n; y el exgobernador regional de esta regi\u00f3n, Germ\u00e1n Alejo Apaza; y tendr\u00e1 un plazo de 60 d\u00edas.<br \/>\nEvo Morales tiene restringida su entrada al Per\u00fa por Migraciones que dispuso el registro del impedimento del ingreso al pa\u00eds en todos los puestos del control migratorio, as\u00ed como de otros ocho ciudadanos bolivianos. (Infobae).<\/p>\n","protected":false},"excerpt":{"rendered":"<p>El Congreso de la Rep\u00fablica declar\u00f3 como \u00abpersona non grata\u00bb al expresidente boliviano Evo Morales Ayma por sus \u00abdeclaraciones p\u00fablicas\u00bb contra el Per\u00fa. El pleno aprob\u00f3 por mayor\u00eda este estatuto con 74 votos a favor, 40 en contra y 4 abstenciones. \u00abDeclarar persona non grata al se\u00f1or Evo Morales Ayma en el territorio nacional, por [&hellip;]<\/p>\n","protected":false},"author":1,"featured_media":134997,"comment_status":"closed","ping_status":"closed","sticky":false,"template":"","format":"standard","meta":{"_acf_changed":false,"footnotes":""},"categories":[3],"tags":[],"class_list":["post-134996","post","type-post","status-publish","format-standard","has-post-thumbnail","category-internacional"],"acf":{"antetitulo":""},"yoast_head":"<!-- This site is optimized with the Yoast SEO plugin v28.4 - https:\/\/yoast.com\/product\/yoast-seo-wordpress\/ -->\n<title>Evo Morales Ayma declarado &quot;persona non grata&quot; en Per\u00fa - El Diario - Bolivia<\/title>\n<meta name=\"robots\" content=\"index, follow, max-snippet:-1, max-image-preview:large, max-video-preview:-1\" \/>\n<link rel=\"canonical\" href=\"https:\/\/www.eldiario.net\/portal\/2023\/01\/27\/evo-morales-ayma-declarado-persona-non-grata-en-peru\/\" \/>\n<meta property=\"og:locale\" content=\"es_ES\" \/>\n<meta property=\"og:type\" content=\"article\" \/>\n<meta property=\"og:title\" content=\"Evo Morales Ayma declarado &quot;persona non grata&quot; en Per\u00fa - El Diario - Bolivia\" \/>\n<meta property=\"og:description\" content=\"El Congreso de la Rep\u00fablica declar\u00f3 como \u00abpersona non grata\u00bb al expresidente boliviano Evo Morales Ayma por sus \u00abdeclaraciones p\u00fablicas\u00bb contra el Per\u00fa. El pleno aprob\u00f3 por mayor\u00eda este estatuto con 74 votos a favor, 40 en contra y 4 abstenciones. \u00abDeclarar persona non grata al se\u00f1or Evo Morales Ayma en el territorio nacional, por [&hellip;]\" \/>\n<meta property=\"og:url\" content=\"https:\/\/www.eldiario.net\/portal\/2023\/01\/27\/evo-morales-ayma-declarado-persona-non-grata-en-peru\/\" \/>\n<meta property=\"og:site_name\" content=\"El Diario - Bolivia\" \/>\n<meta property=\"article:publisher\" content=\"https:\/\/www.facebook.com\/eldiario.bolivia\/\" \/>\n<meta property=\"article:published_time\" content=\"2023-01-27T09:49:18+00:00\" \/>\n<meta name=\"author\" content=\"Jeanette\" \/>\n<meta name=\"twitter:card\" content=\"summary_large_image\" \/>\n<meta name=\"twitter:creator\" content=\"@eldiario_net\" \/>\n<meta name=\"twitter:site\" content=\"@eldiario_net\" \/>\n<meta name=\"twitter:label1\" content=\"Escrito por\" \/>\n\t<meta name=\"twitter:data1\" content=\"Jeanette\" \/>\n\t<meta name=\"twitter:label2\" content=\"Tiempo de lectura\" \/>\n\t<meta name=\"twitter:data2\" content=\"4 minutos\" \/>\n<script type=\"application\/ld+json\" class=\"yoast-schema-graph\">{\"@context\":\"https:\\\/\\\/schema.org\",\"@graph\":[{\"@type\":\"Article\",\"@id\":\"https:\\\/\\\/www.eldiario.net\\\/portal\\\/2023\\\/01\\\/27\\\/evo-morales-ayma-declarado-persona-non-grata-en-peru\\\/#article\",\"isPartOf\":{\"@id\":\"https:\\\/\\\/www.eldiario.net\\\/portal\\\/2023\\\/01\\\/27\\\/evo-morales-ayma-declarado-persona-non-grata-en-peru\\\/\"},\"author\":{\"name\":\"Jeanette\",\"@id\":\"https:\\\/\\\/www.eldiario.net\\\/portal\\\/#\\\/schema\\\/person\\\/2c57cf2b7a7ae032e449e4c9b1019eac\"},\"headline\":\"Evo Morales Ayma declarado \u00abpersona non grata\u00bb en Per\u00fa\",\"datePublished\":\"2023-01-27T09:49:18+00:00\",\"mainEntityOfPage\":{\"@id\":\"https:\\\/\\\/www.eldiario.net\\\/portal\\\/2023\\\/01\\\/27\\\/evo-morales-ayma-declarado-persona-non-grata-en-peru\\\/\"},\"wordCount\":736,\"publisher\":{\"@id\":\"https:\\\/\\\/www.eldiario.net\\\/portal\\\/#organization\"},\"image\":{\"@id\":\"https:\\\/\\\/www.eldiario.net\\\/portal\\\/2023\\\/01\\\/27\\\/evo-morales-ayma-declarado-persona-non-grata-en-peru\\\/#primaryimage\"},\"thumbnailUrl\":\"\",\"articleSection\":[\"Internacional\"],\"inLanguage\":\"es\"},{\"@type\":\"WebPage\",\"@id\":\"https:\\\/\\\/www.eldiario.net\\\/portal\\\/2023\\\/01\\\/27\\\/evo-morales-ayma-declarado-persona-non-grata-en-peru\\\/\",\"url\":\"https:\\\/\\\/www.eldiario.net\\\/portal\\\/2023\\\/01\\\/27\\\/evo-morales-ayma-declarado-persona-non-grata-en-peru\\\/\",\"name\":\"Evo Morales Ayma declarado \\\"persona non grata\\\" en Per\u00fa - El Diario - Bolivia\",\"isPartOf\":{\"@id\":\"https:\\\/\\\/www.eldiario.net\\\/portal\\\/#website\"},\"primaryImageOfPage\":{\"@id\":\"https:\\\/\\\/www.eldiario.net\\\/portal\\\/2023\\\/01\\\/27\\\/evo-morales-ayma-declarado-persona-non-grata-en-peru\\\/#primaryimage\"},\"image\":{\"@id\":\"https:\\\/\\\/www.eldiario.net\\\/portal\\\/2023\\\/01\\\/27\\\/evo-morales-ayma-declarado-persona-non-grata-en-peru\\\/#primaryimage\"},\"thumbnailUrl\":\"\",\"datePublished\":\"2023-01-27T09:49:18+00:00\",\"breadcrumb\":{\"@id\":\"https:\\\/\\\/www.eldiario.net\\\/portal\\\/2023\\\/01\\\/27\\\/evo-morales-ayma-declarado-persona-non-grata-en-peru\\\/#breadcrumb\"},\"inLanguage\":\"es\",\"potentialAction\":[{\"@type\":\"ReadAction\",\"target\":[\"https:\\\/\\\/www.eldiario.net\\\/portal\\\/2023\\\/01\\\/27\\\/evo-morales-ayma-declarado-persona-non-grata-en-peru\\\/\"]}]},{\"@type\":\"ImageObject\",\"inLanguage\":\"es\",\"@id\":\"https:\\\/\\\/www.eldiario.net\\\/portal\\\/2023\\\/01\\\/27\\\/evo-morales-ayma-declarado-persona-non-grata-en-peru\\\/#primaryimage\",\"url\":\"\",\"contentUrl\":\"\"},{\"@type\":\"BreadcrumbList\",\"@id\":\"https:\\\/\\\/www.eldiario.net\\\/portal\\\/2023\\\/01\\\/27\\\/evo-morales-ayma-declarado-persona-non-grata-en-peru\\\/#breadcrumb\",\"itemListElement\":[{\"@type\":\"ListItem\",\"position\":1,\"name\":\"Portada\",\"item\":\"https:\\\/\\\/www.eldiario.net\\\/portal\\\/\"},{\"@type\":\"ListItem\",\"position\":2,\"name\":\"Evo Morales Ayma declarado \u00abpersona non grata\u00bb en Per\u00fa\"}]},{\"@type\":\"WebSite\",\"@id\":\"https:\\\/\\\/www.eldiario.net\\\/portal\\\/#website\",\"url\":\"https:\\\/\\\/www.eldiario.net\\\/portal\\\/\",\"name\":\"El Diario - Decano de la prensa nacional\",\"description\":\"El Diario - Decano de la prensa nacional\",\"publisher\":{\"@id\":\"https:\\\/\\\/www.eldiario.net\\\/portal\\\/#organization\"},\"potentialAction\":[{\"@type\":\"SearchAction\",\"target\":{\"@type\":\"EntryPoint\",\"urlTemplate\":\"https:\\\/\\\/www.eldiario.net\\\/portal\\\/?s={search_term_string}\"},\"query-input\":{\"@type\":\"PropertyValueSpecification\",\"valueRequired\":true,\"valueName\":\"search_term_string\"}}],\"inLanguage\":\"es\"},{\"@type\":\"Organization\",\"@id\":\"https:\\\/\\\/www.eldiario.net\\\/portal\\\/#organization\",\"name\":\"El Diario - Decano de la prensa nacional\",\"url\":\"https:\\\/\\\/www.eldiario.net\\\/portal\\\/\",\"logo\":{\"@type\":\"ImageObject\",\"inLanguage\":\"es\",\"@id\":\"https:\\\/\\\/www.eldiario.net\\\/portal\\\/#\\\/schema\\\/logo\\\/image\\\/\",\"url\":\"https:\\\/\\\/www.eldiario.net\\\/portal\\\/wp-content\\\/uploads\\\/2023\\\/07\\\/logo_ED.jpg\",\"contentUrl\":\"https:\\\/\\\/www.eldiario.net\\\/portal\\\/wp-content\\\/uploads\\\/2023\\\/07\\\/logo_ED.jpg\",\"width\":272,\"height\":52,\"caption\":\"El Diario - Decano de la prensa nacional\"},\"image\":{\"@id\":\"https:\\\/\\\/www.eldiario.net\\\/portal\\\/#\\\/schema\\\/logo\\\/image\\\/\"},\"sameAs\":[\"https:\\\/\\\/www.facebook.com\\\/eldiario.bolivia\\\/\",\"https:\\\/\\\/x.com\\\/eldiario_net\"]},{\"@type\":\"Person\",\"@id\":\"https:\\\/\\\/www.eldiario.net\\\/portal\\\/#\\\/schema\\\/person\\\/2c57cf2b7a7ae032e449e4c9b1019eac\",\"name\":\"Jeanette\",\"image\":{\"@type\":\"ImageObject\",\"inLanguage\":\"es\",\"@id\":\"https:\\\/\\\/secure.gravatar.com\\\/avatar\\\/3ea2118a5f7dad2b7138b1187a6b7ee55f160b9968b66013c3a3ef39dd7e5798?s=96&d=mm&r=g\",\"url\":\"https:\\\/\\\/secure.gravatar.com\\\/avatar\\\/3ea2118a5f7dad2b7138b1187a6b7ee55f160b9968b66013c3a3ef39dd7e5798?s=96&d=mm&r=g\",\"contentUrl\":\"https:\\\/\\\/secure.gravatar.com\\\/avatar\\\/3ea2118a5f7dad2b7138b1187a6b7ee55f160b9968b66013c3a3ef39dd7e5798?s=96&d=mm&r=g\",\"caption\":\"Jeanette\"},\"sameAs\":[\"https:\\\/\\\/www.eldiario.net\\\/portal\"],\"url\":\"https:\\\/\\\/www.eldiario.net\\\/portal\\\/author\\\/jeanette\\\/\"}]}<\/script>\n<!-- \/ Yoast SEO plugin. -->","yoast_head_json":{"title":"Evo Morales Ayma declarado \"persona non grata\" en Per\u00fa - El Diario - Bolivia","robots":{"index":"index","follow":"follow","max-snippet":"max-snippet:-1","max-image-preview":"max-image-preview:large","max-video-preview":"max-video-preview:-1"},"canonical":"https:\/\/www.eldiario.net\/portal\/2023\/01\/27\/evo-morales-ayma-declarado-persona-non-grata-en-peru\/","og_locale":"es_ES","og_type":"article","og_title":"Evo Morales Ayma declarado \"persona non grata\" en Per\u00fa - El Diario - Bolivia","og_description":"El Congreso de la Rep\u00fablica declar\u00f3 como \u00abpersona non grata\u00bb al expresidente boliviano Evo Morales Ayma por sus \u00abdeclaraciones p\u00fablicas\u00bb contra el Per\u00fa. El pleno aprob\u00f3 por mayor\u00eda este estatuto con 74 votos a favor, 40 en contra y 4 abstenciones. \u00abDeclarar persona non grata al se\u00f1or Evo Morales Ayma en el territorio nacional, por [&hellip;]","og_url":"https:\/\/www.eldiario.net\/portal\/2023\/01\/27\/evo-morales-ayma-declarado-persona-non-grata-en-peru\/","og_site_name":"El Diario - Bolivia","article_publisher":"https:\/\/www.facebook.com\/eldiario.bolivia\/","article_published_time":"2023-01-27T09:49:18+00:00","author":"Jeanette","twitter_card":"summary_large_image","twitter_creator":"@eldiario_net","twitter_site":"@eldiario_net","twitter_misc":{"Escrito por":"Jeanette","Tiempo de lectura":"4 minutos"},"schema":{"@context":"https:\/\/schema.org","@graph":[{"@type":"Article","@id":"https:\/\/www.eldiario.net\/portal\/2023\/01\/27\/evo-morales-ayma-declarado-persona-non-grata-en-peru\/#article","isPartOf":{"@id":"https:\/\/www.eldiario.net\/portal\/2023\/01\/27\/evo-morales-ayma-declarado-persona-non-grata-en-peru\/"},"author":{"name":"Jeanette","@id":"https:\/\/www.eldiario.net\/portal\/#\/schema\/person\/2c57cf2b7a7ae032e449e4c9b1019eac"},"headline":"Evo Morales Ayma declarado \u00abpersona non grata\u00bb en Per\u00fa","datePublished":"2023-01-27T09:49:18+00:00","mainEntityOfPage":{"@id":"https:\/\/www.eldiario.net\/portal\/2023\/01\/27\/evo-morales-ayma-declarado-persona-non-grata-en-peru\/"},"wordCount":736,"publisher":{"@id":"https:\/\/www.eldiario.net\/portal\/#organization"},"image":{"@id":"https:\/\/www.eldiario.net\/portal\/2023\/01\/27\/evo-morales-ayma-declarado-persona-non-grata-en-peru\/#primaryimage"},"thumbnailUrl":"","articleSection":["Internacional"],"inLanguage":"es"},{"@type":"WebPage","@id":"https:\/\/www.eldiario.net\/portal\/2023\/01\/27\/evo-morales-ayma-declarado-persona-non-grata-en-peru\/","url":"https:\/\/www.eldiario.net\/portal\/2023\/01\/27\/evo-morales-ayma-declarado-persona-non-grata-en-peru\/","name":"Evo Morales Ayma declarado \"persona non grata\" en Per\u00fa - El Diario - Bolivia","isPartOf":{"@id":"https:\/\/www.eldiario.net\/portal\/#website"},"primaryImageOfPage":{"@id":"https:\/\/www.eldiario.net\/portal\/2023\/01\/27\/evo-morales-ayma-declarado-persona-non-grata-en-peru\/#primaryimage"},"image":{"@id":"https:\/\/www.eldiario.net\/portal\/2023\/01\/27\/evo-morales-ayma-declarado-persona-non-grata-en-peru\/#primaryimage"},"thumbnailUrl":"","datePublished":"2023-01-27T09:49:18+00:00","breadcrumb":{"@id":"https:\/\/www.eldiario.net\/portal\/2023\/01\/27\/evo-morales-ayma-declarado-persona-non-grata-en-peru\/#breadcrumb"},"inLanguage":"es","potentialAction":[{"@type":"ReadAction","target":["https:\/\/www.eldiario.net\/portal\/2023\/01\/27\/evo-morales-ayma-declarado-persona-non-grata-en-peru\/"]}]},{"@type":"ImageObject","inLanguage":"es","@id":"https:\/\/www.eldiario.net\/portal\/2023\/01\/27\/evo-morales-ayma-declarado-persona-non-grata-en-peru\/#primaryimage","url":"","contentUrl":""},{"@type":"BreadcrumbList","@id":"https:\/\/www.eldiario.net\/portal\/2023\/01\/27\/evo-morales-ayma-declarado-persona-non-grata-en-peru\/#breadcrumb","itemListElement":[{"@type":"ListItem","position":1,"name":"Portada","item":"https:\/\/www.eldiario.net\/portal\/"},{"@type":"ListItem","position":2,"name":"Evo Morales Ayma declarado \u00abpersona non grata\u00bb en Per\u00fa"}]},{"@type":"WebSite","@id":"https:\/\/www.eldiario.net\/portal\/#website","url":"https:\/\/www.eldiario.net\/portal\/","name":"El Diario - Decano de la prensa nacional","description":"El Diario - Decano de la prensa nacional","publisher":{"@id":"https:\/\/www.eldiario.net\/portal\/#organization"},"potentialAction":[{"@type":"SearchAction","target":{"@type":"EntryPoint","urlTemplate":"https:\/\/www.eldiario.net\/portal\/?s={search_term_string}"},"query-input":{"@type":"PropertyValueSpecification","valueRequired":true,"valueName":"search_term_string"}}],"inLanguage":"es"},{"@type":"Organization","@id":"https:\/\/www.eldiario.net\/portal\/#organization","name":"El Diario - Decano de la prensa nacional","url":"https:\/\/www.eldiario.net\/portal\/","logo":{"@type":"ImageObject","inLanguage":"es","@id":"https:\/\/www.eldiario.net\/portal\/#\/schema\/logo\/image\/","url":"https:\/\/www.eldiario.net\/portal\/wp-content\/uploads\/2023\/07\/logo_ED.jpg","contentUrl":"https:\/\/www.eldiario.net\/portal\/wp-content\/uploads\/2023\/07\/logo_ED.jpg","width":272,"height":52,"caption":"El Diario - Decano de la prensa nacional"},"image":{"@id":"https:\/\/www.eldiario.net\/portal\/#\/schema\/logo\/image\/"},"sameAs":["https:\/\/www.facebook.com\/eldiario.bolivia\/","https:\/\/x.com\/eldiario_net"]},{"@type":"Person","@id":"https:\/\/www.eldiario.net\/portal\/#\/schema\/person\/2c57cf2b7a7ae032e449e4c9b1019eac","name":"Jeanette","image":{"@type":"ImageObject","inLanguage":"es","@id":"https:\/\/secure.gravatar.com\/avatar\/3ea2118a5f7dad2b7138b1187a6b7ee55f160b9968b66013c3a3ef39dd7e5798?s=96&d=mm&r=g","url":"https:\/\/secure.gravatar.com\/avatar\/3ea2118a5f7dad2b7138b1187a6b7ee55f160b9968b66013c3a3ef39dd7e5798?s=96&d=mm&r=g","contentUrl":"https:\/\/secure.gravatar.com\/avatar\/3ea2118a5f7dad2b7138b1187a6b7ee55f160b9968b66013c3a3ef39dd7e5798?s=96&d=mm&r=g","caption":"Jeanette"},"sameAs":["https:\/\/www.eldiario.net\/portal"],"url":"https:\/\/www.eldiario.net\/portal\/author\/jeanette\/"}]}},"_links":{"self":[{"href":"https:\/\/www.eldiario.net\/portal\/wp-json\/wp\/v2\/posts\/134996","targetHints":{"allow":["GET"]}}],"collection":[{"href":"https:\/\/www.eldiario.net\/portal\/wp-json\/wp\/v2\/posts"}],"about":[{"href":"https:\/\/www.eldiario.net\/portal\/wp-json\/wp\/v2\/types\/post"}],"author":[{"embeddable":true,"href":"https:\/\/www.eldiario.net\/portal\/wp-json\/wp\/v2\/users\/1"}],"replies":[{"embeddable":true,"href":"https:\/\/www.eldiario.net\/portal\/wp-json\/wp\/v2\/comments?post=134996"}],"version-history":[{"count":0,"href":"https:\/\/www.eldiario.net\/portal\/wp-json\/wp\/v2\/posts\/134996\/revisions"}],"wp:attachment":[{"href":"https:\/\/www.eldiario.net\/portal\/wp-json\/wp\/v2\/media?parent=134996"}],"wp:term":[{"taxonomy":"category","embeddable":true,"href":"https:\/\/www.eldiario.net\/portal\/wp-json\/wp\/v2\/categories?post=134996"},{"taxonomy":"post_tag","embeddable":true,"href":"https:\/\/www.eldiario.net\/portal\/wp-json\/wp\/v2\/tags?post=134996"}],"curies":[{"name":"wp","href":"https:\/\/api.w.org\/{rel}","templated":true}]}}