{"id":134977,"date":"2023-01-27T05:43:36","date_gmt":"2023-01-27T09:43:36","guid":{"rendered":"https:\/\/www.eldiario.net\/portal\/?p=134977"},"modified":"2023-01-27T05:43:36","modified_gmt":"2023-01-27T09:43:36","slug":"ahora-un-mar-de-plata","status":"publish","type":"post","link":"https:\/\/www.eldiario.net\/portal\/2023\/01\/27\/ahora-un-mar-de-plata\/","title":{"rendered":"Ahora, un mar de plata"},"content":{"rendered":"<p>Si los anuncios masistas tuvieran alg\u00fan valor, Bolivia ser\u00eda una potencia mundial: seguir\u00edamos teniendo gas natural porque estamos encima de un mar de gas\u2026 y ahora acabamos de encontrar un mar de plata.<br \/>\nEl ingeniero Jorge Espinoza, que de miner\u00eda sabe mucho, dice que el anuncio del mar de plata podr\u00eda ser solamente el s\u00edntoma de las ansiedades burs\u00e1tiles de una empresa canadiense, y nada m\u00e1s.<br \/>\nEso obliga a recordar el m\u00e1s famoso caso de enga\u00f1o con prop\u00f3sitos burs\u00e1tiles que se dio en el mundo, de una empresa que dijo haber descubierto en Indonesia el m\u00e1s grande y fabuloso yacimiento de oro de la historia. BR-X se llamaba y luego se descubri\u00f3 que para armar la tramoya dispar\u00f3 con escopeta peque\u00f1as cargas de oro, para enga\u00f1ar a los radares detectores y ganar mucho dinero en la bolsa.<br \/>\nEn cuanto al mar de gas, un ministro del actual Gobierno, el \u00fanico que dice la verdad de todos ellos, ha admitido que el anuncio hecho por el Gobierno del cocalero Morales fue \u201cuna mentira\u201d.<br \/>\nPor supuesto que el fiscal no se ha enterado de esa grave denuncia que deber\u00eda justificar la aprehensi\u00f3n del sujeto, un tal Luis Alberto S\u00e1nchez, y su jefe, el cocalero Morales, con el que hac\u00eda los anuncios del mar de gas.<br \/>\nLo cierto es que ahora, el mar de gas ser\u00e1 sucedido por un mar de l\u00e1grimas, porque el a\u00f1o 2030 el pa\u00eds tendr\u00e1 que importar gas natural para el consumo interno. En ese a\u00f1o, seg\u00fan una empresa seria, la producci\u00f3n ser\u00e1 de 11 millones m3\/d, pero el consumo interno ser\u00e1 de 15 millones.<br \/>\nY el precio del gas que deberemos importar ser\u00e1 cuatro veces m\u00e1s alto del que ahora pagan Argentina y Brasil por el gas boliviano. Habr\u00e1 que cortar el suministro a algunos sectores del consumo, ante lo cual el MAS ya sabe lo que har\u00e1: cortar el gas a las industrias, que deber\u00e1n cerrar, dejando a miles de ciudadanos sin trabajo.<br \/>\nEn cuanto al mar de plata, pues ocurre que el anuncio llega cuando la japonesa Sumitomo ha decidido irse del pa\u00eds y vender la mina San Crist\u00f3bal a capitales canadienses.<br \/>\nSe acabaron las fantas\u00edas sobre los intereses de Soros en esa explotaci\u00f3n de plata, zinc y plomo, la m\u00e1s grande del pa\u00eds, y el pa\u00eds comienza a conocer c\u00f3mo es que reaccionan las empresas cuando hay Gobiernos que han decidido avanzar hacia el socialismo, como el de Luis Arce.<br \/>\nLo malo es que esto se da cuando la China comunista est\u00e1 reduciendo sus inversiones en Am\u00e9rica latina porque su econom\u00eda est\u00e1 en crisis terminal.<\/p>\n<p><a href=\"https:\/\/www.eldiario.net\/portal\/wp-content\/uploads\/2023\/01\/Sin-titulo-1-3.jpg\"><img loading=\"lazy\" decoding=\"async\" class=\"aligncenter  wp-image-134978\" src=\"https:\/\/www.eldiario.net\/portal\/wp-content\/uploads\/2023\/01\/Sin-titulo-1-3.jpg\" alt=\"\" width=\"572\" height=\"115\" \/><\/a><\/p>\n<p><img loading=\"lazy\" decoding=\"async\" class=\"alignleft size-full wp-image-134979\" src=\"https:\/\/www.eldiario.net\/portal\/wp-content\/uploads\/2023\/01\/PETROLEO-3.jpg\" alt=\"\" width=\"150\" height=\"210\" \/>PETR\u00d3LEO<\/p>\n<p>Tras un tropiezo en el precio del petr\u00f3leo a principios de a\u00f1o el crudo lleg\u00f3 nuevamente al alza esta semana en lo que los analistas consideran una reacci\u00f3n inmediata a la pol\u00edtica de reapertura comercial de China tras 3 a\u00f1os de mantener a ciudades enteras bajo cuarentenas espor\u00e1dicas por el covid. Los expertos consideran que el precio seguir\u00e1 subiendo a lo largo del a\u00f1o a medida que la demanda china siga aumentado y supere la oferta del mercado.<\/p>\n<p>&nbsp;<\/p>\n<p>&nbsp;<\/p>\n<p><img loading=\"lazy\" decoding=\"async\" class=\"alignleft size-full wp-image-134980\" src=\"https:\/\/www.eldiario.net\/portal\/wp-content\/uploads\/2023\/01\/ORO-3.jpg\" alt=\"\" width=\"150\" height=\"206\" \/>ORO<\/p>\n<p>En las primeras tres semanas del nuevo a\u00f1o, el precio del oro ha aumentado m\u00e1s del 8% a un nuevo m\u00e1ximo de nueve meses en US$ 1.937 la onza troy. Esta alza podr\u00eda remontarse a principios de noviembre de 2022. Desde entonces, el valor del metal amarillo se ha disparado casi un 20%. El oro volvi\u00f3 a reflejar las expectativas de recesi\u00f3n en Europa y la potencial recesi\u00f3n en China cuya poblaci\u00f3n enfrenta el covid-19 sin vacunas eficientes ni cuarentenas.<\/p>\n<p>&nbsp;<\/p>\n<p>&nbsp;<\/p>\n<p><img loading=\"lazy\" decoding=\"async\" class=\"alignleft size-full wp-image-134981\" src=\"https:\/\/www.eldiario.net\/portal\/wp-content\/uploads\/2023\/01\/ZINC-3.jpg\" alt=\"\" width=\"150\" height=\"205\" \/>ZINC<\/p>\n<p>El precio del zinc, as\u00ed como el de otros metales industriales, est\u00e1 empezando a subir a medida que el mercado chino empieza a demandar nuevas reservas. A\u00fan queda la duda de cu\u00e1n r\u00e1pida ser\u00e1 la recuperaci\u00f3n china ahora que decidieron dejar de contar los casos de covid. Nadie sabe cu\u00e1ntos casos ser\u00edan considerados suficientes como para volver a cerrar las ciudades chinas. Mientras tanto, se teme que la producci\u00f3n de las fundiciones no dar\u00e1 abasto en 2023.<\/p>\n<p>&nbsp;<\/p>\n<p>&nbsp;<\/p>\n<p><em><strong>Extradici\u00f3n y miedo<\/strong><\/em><\/p>\n<p>El venezolano Nicol\u00e1s Maduro no pudo asistir a la reuni\u00f3n de la Celac en Argentina porque una parlamentaria argentina Patricia Bullrich record\u00f3 a la DEA (agencia de lucha contra el narcotr\u00e1fico estadounidense), que su pa\u00eds tiene un acuerdo de extradici\u00f3n con Estados Unidos y que maduro es buscado por la DEA por sus lazos con el c\u00e1rtel de los Soles.<\/p>\n<p><em><strong>El gas se revierte<\/strong><\/em><\/p>\n<p>Argentina construir\u00e1 un ducto de gas natural desde Vaca Muerta a Brasil que usar\u00eda parte de los ductos Bolivianos que ser\u00e1n revertidos para llagar a Brasil y abastecer a Bolivia. Que se est\u00e1 quedando sin gas. La CAF aprob\u00f3 ayer un cr\u00e9dito de US$ 540 millones, el plan de obras se aprobar\u00eda en Marzo.<\/p>\n<p><em><strong>51 d\u00edas US$ 555 MM<\/strong><\/em><\/p>\n<p>Las protestas violentas en Per\u00fa cumplen 51 d\u00edas hoy despu\u00e9s del fallido autogolpe de Pedro Castillo y su posterior destituci\u00f3n por \u201cincapacidad moral permanente\u201d. Las p\u00e9rdidas en la producci\u00f3n en Per\u00fa fueron estimadas en US$ 555 millones, seg\u00fan el ministerio de econom\u00eda. Aun as\u00ed, la instituci\u00f3n espera crecimiento del PIB de entre 3,1 y 3,9 % para 2023.<\/p>\n<p style=\"text-align: center;\">Lo bueno<br \/>\n***<br \/>\nEs que se anuncia, con bombos y platillos, el descubrimiento de la mina m\u00e1s grande de plata, quiz\u00e1 comparable al Cerro Rico y m\u00e1s que San Crist\u00f3bal.<\/p>\n<p style=\"text-align: center;\">Lo malo<br \/>\n***<br \/>\nEs que el ingeniero Jorge Espinoza sospecha que se trate de una operaci\u00f3n de exclusivo inter\u00e9s burs\u00e1til de la empresa que hizo el anuncio en Toronto.<\/p>\n<p style=\"text-align: center;\">Lo feo<br \/>\n***<br \/>\nEs que los prop\u00f3sitos socialistas del gobierno del MAS ahuyentan nuevas inversiones, comenzando por la decisi\u00f3n de \u00abSumitomo Corporation\u00bb de dejar San Crist\u00f3bal.<\/p>\n","protected":false},"excerpt":{"rendered":"<p>Si los anuncios masistas tuvieran alg\u00fan valor, Bolivia ser\u00eda una potencia mundial: seguir\u00edamos teniendo gas natural porque estamos encima de un mar de gas\u2026 y ahora acabamos de encontrar un mar de plata. El ingeniero Jorge Espinoza, que de miner\u00eda sabe mucho, dice que el anuncio del mar de plata podr\u00eda ser solamente el s\u00edntoma [&hellip;]<\/p>\n","protected":false},"author":1,"featured_media":134982,"comment_status":"closed","ping_status":"closed","sticky":false,"template":"","format":"standard","meta":{"_acf_changed":false,"footnotes":""},"categories":[7],"tags":[],"class_list":["post-134977","post","type-post","status-publish","format-standard","has-post-thumbnail","category-economia"],"acf":{"antetitulo":""},"yoast_head":"<!-- This site is optimized with the Yoast SEO plugin v28.4 - https:\/\/yoast.com\/product\/yoast-seo-wordpress\/ -->\n<title>Ahora, un mar de plata - El Diario - Bolivia<\/title>\n<meta name=\"robots\" content=\"index, follow, max-snippet:-1, max-image-preview:large, max-video-preview:-1\" \/>\n<link rel=\"canonical\" href=\"https:\/\/www.eldiario.net\/portal\/2023\/01\/27\/ahora-un-mar-de-plata\/\" \/>\n<meta property=\"og:locale\" content=\"es_ES\" \/>\n<meta property=\"og:type\" content=\"article\" \/>\n<meta property=\"og:title\" content=\"Ahora, un mar de plata - El Diario - Bolivia\" \/>\n<meta property=\"og:description\" content=\"Si los anuncios masistas tuvieran alg\u00fan valor, Bolivia ser\u00eda una potencia mundial: seguir\u00edamos teniendo gas natural porque estamos encima de un mar de gas\u2026 y ahora acabamos de encontrar un mar de plata. El ingeniero Jorge Espinoza, que de miner\u00eda sabe mucho, dice que el anuncio del mar de plata podr\u00eda ser solamente el s\u00edntoma [&hellip;]\" \/>\n<meta property=\"og:url\" content=\"https:\/\/www.eldiario.net\/portal\/2023\/01\/27\/ahora-un-mar-de-plata\/\" \/>\n<meta property=\"og:site_name\" content=\"El Diario - Bolivia\" \/>\n<meta property=\"article:publisher\" content=\"https:\/\/www.facebook.com\/eldiario.bolivia\/\" \/>\n<meta property=\"article:published_time\" content=\"2023-01-27T09:43:36+00:00\" \/>\n<meta name=\"author\" content=\"Jeanette\" \/>\n<meta name=\"twitter:card\" content=\"summary_large_image\" \/>\n<meta name=\"twitter:creator\" content=\"@eldiario_net\" \/>\n<meta name=\"twitter:site\" content=\"@eldiario_net\" \/>\n<meta name=\"twitter:label1\" content=\"Escrito por\" \/>\n\t<meta name=\"twitter:data1\" content=\"Jeanette\" \/>\n\t<meta name=\"twitter:label2\" content=\"Tiempo de lectura\" \/>\n\t<meta name=\"twitter:data2\" content=\"6 minutos\" \/>\n<script type=\"application\/ld+json\" class=\"yoast-schema-graph\">{\"@context\":\"https:\\\/\\\/schema.org\",\"@graph\":[{\"@type\":\"Article\",\"@id\":\"https:\\\/\\\/www.eldiario.net\\\/portal\\\/2023\\\/01\\\/27\\\/ahora-un-mar-de-plata\\\/#article\",\"isPartOf\":{\"@id\":\"https:\\\/\\\/www.eldiario.net\\\/portal\\\/2023\\\/01\\\/27\\\/ahora-un-mar-de-plata\\\/\"},\"author\":{\"name\":\"Jeanette\",\"@id\":\"https:\\\/\\\/www.eldiario.net\\\/portal\\\/#\\\/schema\\\/person\\\/2c57cf2b7a7ae032e449e4c9b1019eac\"},\"headline\":\"Ahora, un mar de plata\",\"datePublished\":\"2023-01-27T09:43:36+00:00\",\"mainEntityOfPage\":{\"@id\":\"https:\\\/\\\/www.eldiario.net\\\/portal\\\/2023\\\/01\\\/27\\\/ahora-un-mar-de-plata\\\/\"},\"wordCount\":1016,\"publisher\":{\"@id\":\"https:\\\/\\\/www.eldiario.net\\\/portal\\\/#organization\"},\"image\":{\"@id\":\"https:\\\/\\\/www.eldiario.net\\\/portal\\\/2023\\\/01\\\/27\\\/ahora-un-mar-de-plata\\\/#primaryimage\"},\"thumbnailUrl\":\"\",\"articleSection\":[\"Econom\u00eda\"],\"inLanguage\":\"es\"},{\"@type\":\"WebPage\",\"@id\":\"https:\\\/\\\/www.eldiario.net\\\/portal\\\/2023\\\/01\\\/27\\\/ahora-un-mar-de-plata\\\/\",\"url\":\"https:\\\/\\\/www.eldiario.net\\\/portal\\\/2023\\\/01\\\/27\\\/ahora-un-mar-de-plata\\\/\",\"name\":\"Ahora, un mar de plata - El Diario - Bolivia\",\"isPartOf\":{\"@id\":\"https:\\\/\\\/www.eldiario.net\\\/portal\\\/#website\"},\"primaryImageOfPage\":{\"@id\":\"https:\\\/\\\/www.eldiario.net\\\/portal\\\/2023\\\/01\\\/27\\\/ahora-un-mar-de-plata\\\/#primaryimage\"},\"image\":{\"@id\":\"https:\\\/\\\/www.eldiario.net\\\/portal\\\/2023\\\/01\\\/27\\\/ahora-un-mar-de-plata\\\/#primaryimage\"},\"thumbnailUrl\":\"\",\"datePublished\":\"2023-01-27T09:43:36+00:00\",\"breadcrumb\":{\"@id\":\"https:\\\/\\\/www.eldiario.net\\\/portal\\\/2023\\\/01\\\/27\\\/ahora-un-mar-de-plata\\\/#breadcrumb\"},\"inLanguage\":\"es\",\"potentialAction\":[{\"@type\":\"ReadAction\",\"target\":[\"https:\\\/\\\/www.eldiario.net\\\/portal\\\/2023\\\/01\\\/27\\\/ahora-un-mar-de-plata\\\/\"]}]},{\"@type\":\"ImageObject\",\"inLanguage\":\"es\",\"@id\":\"https:\\\/\\\/www.eldiario.net\\\/portal\\\/2023\\\/01\\\/27\\\/ahora-un-mar-de-plata\\\/#primaryimage\",\"url\":\"\",\"contentUrl\":\"\"},{\"@type\":\"BreadcrumbList\",\"@id\":\"https:\\\/\\\/www.eldiario.net\\\/portal\\\/2023\\\/01\\\/27\\\/ahora-un-mar-de-plata\\\/#breadcrumb\",\"itemListElement\":[{\"@type\":\"ListItem\",\"position\":1,\"name\":\"Portada\",\"item\":\"https:\\\/\\\/www.eldiario.net\\\/portal\\\/\"},{\"@type\":\"ListItem\",\"position\":2,\"name\":\"Ahora, un mar de plata\"}]},{\"@type\":\"WebSite\",\"@id\":\"https:\\\/\\\/www.eldiario.net\\\/portal\\\/#website\",\"url\":\"https:\\\/\\\/www.eldiario.net\\\/portal\\\/\",\"name\":\"El Diario - Decano de la prensa nacional\",\"description\":\"El Diario - Decano de la prensa nacional\",\"publisher\":{\"@id\":\"https:\\\/\\\/www.eldiario.net\\\/portal\\\/#organization\"},\"potentialAction\":[{\"@type\":\"SearchAction\",\"target\":{\"@type\":\"EntryPoint\",\"urlTemplate\":\"https:\\\/\\\/www.eldiario.net\\\/portal\\\/?s={search_term_string}\"},\"query-input\":{\"@type\":\"PropertyValueSpecification\",\"valueRequired\":true,\"valueName\":\"search_term_string\"}}],\"inLanguage\":\"es\"},{\"@type\":\"Organization\",\"@id\":\"https:\\\/\\\/www.eldiario.net\\\/portal\\\/#organization\",\"name\":\"El Diario - Decano de la prensa nacional\",\"url\":\"https:\\\/\\\/www.eldiario.net\\\/portal\\\/\",\"logo\":{\"@type\":\"ImageObject\",\"inLanguage\":\"es\",\"@id\":\"https:\\\/\\\/www.eldiario.net\\\/portal\\\/#\\\/schema\\\/logo\\\/image\\\/\",\"url\":\"https:\\\/\\\/www.eldiario.net\\\/portal\\\/wp-content\\\/uploads\\\/2023\\\/07\\\/logo_ED.jpg\",\"contentUrl\":\"https:\\\/\\\/www.eldiario.net\\\/portal\\\/wp-content\\\/uploads\\\/2023\\\/07\\\/logo_ED.jpg\",\"width\":272,\"height\":52,\"caption\":\"El Diario - Decano de la prensa nacional\"},\"image\":{\"@id\":\"https:\\\/\\\/www.eldiario.net\\\/portal\\\/#\\\/schema\\\/logo\\\/image\\\/\"},\"sameAs\":[\"https:\\\/\\\/www.facebook.com\\\/eldiario.bolivia\\\/\",\"https:\\\/\\\/x.com\\\/eldiario_net\"]},{\"@type\":\"Person\",\"@id\":\"https:\\\/\\\/www.eldiario.net\\\/portal\\\/#\\\/schema\\\/person\\\/2c57cf2b7a7ae032e449e4c9b1019eac\",\"name\":\"Jeanette\",\"image\":{\"@type\":\"ImageObject\",\"inLanguage\":\"es\",\"@id\":\"https:\\\/\\\/secure.gravatar.com\\\/avatar\\\/3ea2118a5f7dad2b7138b1187a6b7ee55f160b9968b66013c3a3ef39dd7e5798?s=96&d=mm&r=g\",\"url\":\"https:\\\/\\\/secure.gravatar.com\\\/avatar\\\/3ea2118a5f7dad2b7138b1187a6b7ee55f160b9968b66013c3a3ef39dd7e5798?s=96&d=mm&r=g\",\"contentUrl\":\"https:\\\/\\\/secure.gravatar.com\\\/avatar\\\/3ea2118a5f7dad2b7138b1187a6b7ee55f160b9968b66013c3a3ef39dd7e5798?s=96&d=mm&r=g\",\"caption\":\"Jeanette\"},\"sameAs\":[\"https:\\\/\\\/www.eldiario.net\\\/portal\"],\"url\":\"https:\\\/\\\/www.eldiario.net\\\/portal\\\/author\\\/jeanette\\\/\"}]}<\/script>\n<!-- \/ Yoast SEO plugin. -->","yoast_head_json":{"title":"Ahora, un mar de plata - El Diario - Bolivia","robots":{"index":"index","follow":"follow","max-snippet":"max-snippet:-1","max-image-preview":"max-image-preview:large","max-video-preview":"max-video-preview:-1"},"canonical":"https:\/\/www.eldiario.net\/portal\/2023\/01\/27\/ahora-un-mar-de-plata\/","og_locale":"es_ES","og_type":"article","og_title":"Ahora, un mar de plata - El Diario - Bolivia","og_description":"Si los anuncios masistas tuvieran alg\u00fan valor, Bolivia ser\u00eda una potencia mundial: seguir\u00edamos teniendo gas natural porque estamos encima de un mar de gas\u2026 y ahora acabamos de encontrar un mar de plata. El ingeniero Jorge Espinoza, que de miner\u00eda sabe mucho, dice que el anuncio del mar de plata podr\u00eda ser solamente el s\u00edntoma [&hellip;]","og_url":"https:\/\/www.eldiario.net\/portal\/2023\/01\/27\/ahora-un-mar-de-plata\/","og_site_name":"El Diario - Bolivia","article_publisher":"https:\/\/www.facebook.com\/eldiario.bolivia\/","article_published_time":"2023-01-27T09:43:36+00:00","author":"Jeanette","twitter_card":"summary_large_image","twitter_creator":"@eldiario_net","twitter_site":"@eldiario_net","twitter_misc":{"Escrito por":"Jeanette","Tiempo de lectura":"6 minutos"},"schema":{"@context":"https:\/\/schema.org","@graph":[{"@type":"Article","@id":"https:\/\/www.eldiario.net\/portal\/2023\/01\/27\/ahora-un-mar-de-plata\/#article","isPartOf":{"@id":"https:\/\/www.eldiario.net\/portal\/2023\/01\/27\/ahora-un-mar-de-plata\/"},"author":{"name":"Jeanette","@id":"https:\/\/www.eldiario.net\/portal\/#\/schema\/person\/2c57cf2b7a7ae032e449e4c9b1019eac"},"headline":"Ahora, un mar de plata","datePublished":"2023-01-27T09:43:36+00:00","mainEntityOfPage":{"@id":"https:\/\/www.eldiario.net\/portal\/2023\/01\/27\/ahora-un-mar-de-plata\/"},"wordCount":1016,"publisher":{"@id":"https:\/\/www.eldiario.net\/portal\/#organization"},"image":{"@id":"https:\/\/www.eldiario.net\/portal\/2023\/01\/27\/ahora-un-mar-de-plata\/#primaryimage"},"thumbnailUrl":"","articleSection":["Econom\u00eda"],"inLanguage":"es"},{"@type":"WebPage","@id":"https:\/\/www.eldiario.net\/portal\/2023\/01\/27\/ahora-un-mar-de-plata\/","url":"https:\/\/www.eldiario.net\/portal\/2023\/01\/27\/ahora-un-mar-de-plata\/","name":"Ahora, un mar de plata - El Diario - Bolivia","isPartOf":{"@id":"https:\/\/www.eldiario.net\/portal\/#website"},"primaryImageOfPage":{"@id":"https:\/\/www.eldiario.net\/portal\/2023\/01\/27\/ahora-un-mar-de-plata\/#primaryimage"},"image":{"@id":"https:\/\/www.eldiario.net\/portal\/2023\/01\/27\/ahora-un-mar-de-plata\/#primaryimage"},"thumbnailUrl":"","datePublished":"2023-01-27T09:43:36+00:00","breadcrumb":{"@id":"https:\/\/www.eldiario.net\/portal\/2023\/01\/27\/ahora-un-mar-de-plata\/#breadcrumb"},"inLanguage":"es","potentialAction":[{"@type":"ReadAction","target":["https:\/\/www.eldiario.net\/portal\/2023\/01\/27\/ahora-un-mar-de-plata\/"]}]},{"@type":"ImageObject","inLanguage":"es","@id":"https:\/\/www.eldiario.net\/portal\/2023\/01\/27\/ahora-un-mar-de-plata\/#primaryimage","url":"","contentUrl":""},{"@type":"BreadcrumbList","@id":"https:\/\/www.eldiario.net\/portal\/2023\/01\/27\/ahora-un-mar-de-plata\/#breadcrumb","itemListElement":[{"@type":"ListItem","position":1,"name":"Portada","item":"https:\/\/www.eldiario.net\/portal\/"},{"@type":"ListItem","position":2,"name":"Ahora, un mar de plata"}]},{"@type":"WebSite","@id":"https:\/\/www.eldiario.net\/portal\/#website","url":"https:\/\/www.eldiario.net\/portal\/","name":"El Diario - Decano de la prensa nacional","description":"El Diario - Decano de la prensa nacional","publisher":{"@id":"https:\/\/www.eldiario.net\/portal\/#organization"},"potentialAction":[{"@type":"SearchAction","target":{"@type":"EntryPoint","urlTemplate":"https:\/\/www.eldiario.net\/portal\/?s={search_term_string}"},"query-input":{"@type":"PropertyValueSpecification","valueRequired":true,"valueName":"search_term_string"}}],"inLanguage":"es"},{"@type":"Organization","@id":"https:\/\/www.eldiario.net\/portal\/#organization","name":"El Diario - Decano de la prensa nacional","url":"https:\/\/www.eldiario.net\/portal\/","logo":{"@type":"ImageObject","inLanguage":"es","@id":"https:\/\/www.eldiario.net\/portal\/#\/schema\/logo\/image\/","url":"https:\/\/www.eldiario.net\/portal\/wp-content\/uploads\/2023\/07\/logo_ED.jpg","contentUrl":"https:\/\/www.eldiario.net\/portal\/wp-content\/uploads\/2023\/07\/logo_ED.jpg","width":272,"height":52,"caption":"El Diario - Decano de la prensa nacional"},"image":{"@id":"https:\/\/www.eldiario.net\/portal\/#\/schema\/logo\/image\/"},"sameAs":["https:\/\/www.facebook.com\/eldiario.bolivia\/","https:\/\/x.com\/eldiario_net"]},{"@type":"Person","@id":"https:\/\/www.eldiario.net\/portal\/#\/schema\/person\/2c57cf2b7a7ae032e449e4c9b1019eac","name":"Jeanette","image":{"@type":"ImageObject","inLanguage":"es","@id":"https:\/\/secure.gravatar.com\/avatar\/3ea2118a5f7dad2b7138b1187a6b7ee55f160b9968b66013c3a3ef39dd7e5798?s=96&d=mm&r=g","url":"https:\/\/secure.gravatar.com\/avatar\/3ea2118a5f7dad2b7138b1187a6b7ee55f160b9968b66013c3a3ef39dd7e5798?s=96&d=mm&r=g","contentUrl":"https:\/\/secure.gravatar.com\/avatar\/3ea2118a5f7dad2b7138b1187a6b7ee55f160b9968b66013c3a3ef39dd7e5798?s=96&d=mm&r=g","caption":"Jeanette"},"sameAs":["https:\/\/www.eldiario.net\/portal"],"url":"https:\/\/www.eldiario.net\/portal\/author\/jeanette\/"}]}},"_links":{"self":[{"href":"https:\/\/www.eldiario.net\/portal\/wp-json\/wp\/v2\/posts\/134977","targetHints":{"allow":["GET"]}}],"collection":[{"href":"https:\/\/www.eldiario.net\/portal\/wp-json\/wp\/v2\/posts"}],"about":[{"href":"https:\/\/www.eldiario.net\/portal\/wp-json\/wp\/v2\/types\/post"}],"author":[{"embeddable":true,"href":"https:\/\/www.eldiario.net\/portal\/wp-json\/wp\/v2\/users\/1"}],"replies":[{"embeddable":true,"href":"https:\/\/www.eldiario.net\/portal\/wp-json\/wp\/v2\/comments?post=134977"}],"version-history":[{"count":0,"href":"https:\/\/www.eldiario.net\/portal\/wp-json\/wp\/v2\/posts\/134977\/revisions"}],"wp:attachment":[{"href":"https:\/\/www.eldiario.net\/portal\/wp-json\/wp\/v2\/media?parent=134977"}],"wp:term":[{"taxonomy":"category","embeddable":true,"href":"https:\/\/www.eldiario.net\/portal\/wp-json\/wp\/v2\/categories?post=134977"},{"taxonomy":"post_tag","embeddable":true,"href":"https:\/\/www.eldiario.net\/portal\/wp-json\/wp\/v2\/tags?post=134977"}],"curies":[{"name":"wp","href":"https:\/\/api.w.org\/{rel}","templated":true}]}}