{"id":134940,"date":"2023-01-26T06:32:55","date_gmt":"2023-01-26T10:32:55","guid":{"rendered":"https:\/\/www.eldiario.net\/portal\/?p=134940"},"modified":"2023-01-26T06:32:55","modified_gmt":"2023-01-26T10:32:55","slug":"la-uefa-modifica-las-fases-de-clasificacion-para-mundial-y-eurocopa","status":"publish","type":"post","link":"https:\/\/www.eldiario.net\/portal\/2023\/01\/26\/la-uefa-modifica-las-fases-de-clasificacion-para-mundial-y-eurocopa\/","title":{"rendered":"La UEFA modifica las fases de clasificaci\u00f3n para Mundial y Eurocopa"},"content":{"rendered":"<p>Nueva vuelta de tuerca al calendario de partidos de selecciones, propiciado en gran parte por aquello del cambio de escenario de la Copa del Mundo que pasar\u00e1 de 32 a 48 selecciones clasificadas.<\/p>\n<p>El Comit\u00e9 Ejecutivo de la UEFA ha decidido modificar la fase de clasificaci\u00f3n, que a partir de ahora pasar\u00e1 a ser de 12 grupos de cuatro o cinco equipos, cuyos primeros se clasificar\u00e1n de manera directa. Los otros cuatro cupos llegar\u00edan de los playoffs que disputar\u00e1n los segundos clasificados. El formato tambi\u00e9n se utilizar\u00e1 para la clasificaci\u00f3n de la Eurocopa, no la de 2024, que seguir\u00e1 el modelo tradicional.<\/p>\n<p>La otra gran novedad llega en la Liga de las Naciones. El nuevo calendario contar\u00e1 con dos partidos m\u00e1s. En vez de que los primeros se clasifiquen directamente para la Final Four, como hasta ahora, se crear\u00e1 un playoff despu\u00e9s de la fase de grupos que englobar\u00e1 a los segundos clasificados. Los ganadores de estos playoffs ser\u00e1n los que jueguen la Final Four. De esta manera se pone el foco en los partidos entre las mejores selecciones de Europa, que a la larga son los que m\u00e1s audiencia tienen.<\/p>\n<p>\u00abLa Liga de las Naciones est\u00e1 siendo un \u00e9xito y necesitaba algo m\u00e1s. El nuevo formato promete traer m\u00e1s emoci\u00f3n a las competiciones de selecciones, que cada d\u00eda tienen m\u00e1s atenci\u00f3n de los aficionados\u00bb, coment\u00f3 Ceferin.<\/p>\n<p>La Supercopa de 2023 que se iba a disputar en Kazan tendr\u00e1 lugar en Atenas el 16 de agosto. La Eurocopa Sub 21 de 2025 tendr\u00e1 lugar en Eslovaquia, mientras que la UEFA ha decidido seguir monitorizando la pandemia provocada por el Covid, pero dejando ya de lado el protocolo activado en su momento. Por el momento, regresa la normalidad. (MARCA)<\/p>\n","protected":false},"excerpt":{"rendered":"<p>Nueva vuelta de tuerca al calendario de partidos de selecciones, propiciado en gran parte por aquello del cambio de escenario de la Copa del Mundo que pasar\u00e1 de 32 a 48 selecciones clasificadas. El Comit\u00e9 Ejecutivo de la UEFA ha decidido modificar la fase de clasificaci\u00f3n, que a partir de ahora pasar\u00e1 a ser de [&hellip;]<\/p>\n","protected":false},"author":1,"featured_media":134941,"comment_status":"closed","ping_status":"closed","sticky":false,"template":"","format":"standard","meta":{"_acf_changed":false,"footnotes":""},"categories":[6],"tags":[],"class_list":["post-134940","post","type-post","status-publish","format-standard","has-post-thumbnail","category-deportes"],"acf":{"antetitulo":""},"yoast_head":"<!-- This site is optimized with the Yoast SEO plugin v28.3 - https:\/\/yoast.com\/product\/yoast-seo-wordpress\/ -->\n<title>La UEFA modifica las fases de clasificaci\u00f3n para Mundial y Eurocopa - El Diario - Bolivia<\/title>\n<meta name=\"robots\" content=\"index, follow, max-snippet:-1, max-image-preview:large, max-video-preview:-1\" \/>\n<link rel=\"canonical\" href=\"https:\/\/www.eldiario.net\/portal\/2023\/01\/26\/la-uefa-modifica-las-fases-de-clasificacion-para-mundial-y-eurocopa\/\" \/>\n<meta property=\"og:locale\" content=\"es_ES\" \/>\n<meta property=\"og:type\" content=\"article\" \/>\n<meta property=\"og:title\" content=\"La UEFA modifica las fases de clasificaci\u00f3n para Mundial y Eurocopa - El Diario - Bolivia\" \/>\n<meta property=\"og:description\" content=\"Nueva vuelta de tuerca al calendario de partidos de selecciones, propiciado en gran parte por aquello del cambio de escenario de la Copa del Mundo que pasar\u00e1 de 32 a 48 selecciones clasificadas. El Comit\u00e9 Ejecutivo de la UEFA ha decidido modificar la fase de clasificaci\u00f3n, que a partir de ahora pasar\u00e1 a ser de [&hellip;]\" \/>\n<meta property=\"og:url\" content=\"https:\/\/www.eldiario.net\/portal\/2023\/01\/26\/la-uefa-modifica-las-fases-de-clasificacion-para-mundial-y-eurocopa\/\" \/>\n<meta property=\"og:site_name\" content=\"El Diario - Bolivia\" \/>\n<meta property=\"article:publisher\" content=\"https:\/\/www.facebook.com\/eldiario.bolivia\/\" \/>\n<meta property=\"article:published_time\" content=\"2023-01-26T10:32:55+00:00\" \/>\n<meta name=\"author\" content=\"Jeanette\" \/>\n<meta name=\"twitter:card\" content=\"summary_large_image\" \/>\n<meta name=\"twitter:creator\" content=\"@eldiario_net\" \/>\n<meta name=\"twitter:site\" content=\"@eldiario_net\" \/>\n<meta name=\"twitter:label1\" content=\"Escrito por\" \/>\n\t<meta name=\"twitter:data1\" content=\"Jeanette\" \/>\n\t<meta name=\"twitter:label2\" content=\"Tiempo de lectura\" \/>\n\t<meta name=\"twitter:data2\" content=\"2 minutos\" \/>\n<script type=\"application\/ld+json\" class=\"yoast-schema-graph\">{\"@context\":\"https:\\\/\\\/schema.org\",\"@graph\":[{\"@type\":\"Article\",\"@id\":\"https:\\\/\\\/www.eldiario.net\\\/portal\\\/2023\\\/01\\\/26\\\/la-uefa-modifica-las-fases-de-clasificacion-para-mundial-y-eurocopa\\\/#article\",\"isPartOf\":{\"@id\":\"https:\\\/\\\/www.eldiario.net\\\/portal\\\/2023\\\/01\\\/26\\\/la-uefa-modifica-las-fases-de-clasificacion-para-mundial-y-eurocopa\\\/\"},\"author\":{\"name\":\"Jeanette\",\"@id\":\"https:\\\/\\\/www.eldiario.net\\\/portal\\\/#\\\/schema\\\/person\\\/f46445640444750d7d753ccd04ae01b7\"},\"headline\":\"La UEFA modifica las fases de clasificaci\u00f3n para Mundial y Eurocopa\",\"datePublished\":\"2023-01-26T10:32:55+00:00\",\"mainEntityOfPage\":{\"@id\":\"https:\\\/\\\/www.eldiario.net\\\/portal\\\/2023\\\/01\\\/26\\\/la-uefa-modifica-las-fases-de-clasificacion-para-mundial-y-eurocopa\\\/\"},\"wordCount\":308,\"publisher\":{\"@id\":\"https:\\\/\\\/www.eldiario.net\\\/portal\\\/#organization\"},\"image\":{\"@id\":\"https:\\\/\\\/www.eldiario.net\\\/portal\\\/2023\\\/01\\\/26\\\/la-uefa-modifica-las-fases-de-clasificacion-para-mundial-y-eurocopa\\\/#primaryimage\"},\"thumbnailUrl\":\"\",\"articleSection\":[\"Deportes\"],\"inLanguage\":\"es\"},{\"@type\":\"WebPage\",\"@id\":\"https:\\\/\\\/www.eldiario.net\\\/portal\\\/2023\\\/01\\\/26\\\/la-uefa-modifica-las-fases-de-clasificacion-para-mundial-y-eurocopa\\\/\",\"url\":\"https:\\\/\\\/www.eldiario.net\\\/portal\\\/2023\\\/01\\\/26\\\/la-uefa-modifica-las-fases-de-clasificacion-para-mundial-y-eurocopa\\\/\",\"name\":\"La UEFA modifica las fases de clasificaci\u00f3n para Mundial y Eurocopa - El Diario - Bolivia\",\"isPartOf\":{\"@id\":\"https:\\\/\\\/www.eldiario.net\\\/portal\\\/#website\"},\"primaryImageOfPage\":{\"@id\":\"https:\\\/\\\/www.eldiario.net\\\/portal\\\/2023\\\/01\\\/26\\\/la-uefa-modifica-las-fases-de-clasificacion-para-mundial-y-eurocopa\\\/#primaryimage\"},\"image\":{\"@id\":\"https:\\\/\\\/www.eldiario.net\\\/portal\\\/2023\\\/01\\\/26\\\/la-uefa-modifica-las-fases-de-clasificacion-para-mundial-y-eurocopa\\\/#primaryimage\"},\"thumbnailUrl\":\"\",\"datePublished\":\"2023-01-26T10:32:55+00:00\",\"breadcrumb\":{\"@id\":\"https:\\\/\\\/www.eldiario.net\\\/portal\\\/2023\\\/01\\\/26\\\/la-uefa-modifica-las-fases-de-clasificacion-para-mundial-y-eurocopa\\\/#breadcrumb\"},\"inLanguage\":\"es\",\"potentialAction\":[{\"@type\":\"ReadAction\",\"target\":[\"https:\\\/\\\/www.eldiario.net\\\/portal\\\/2023\\\/01\\\/26\\\/la-uefa-modifica-las-fases-de-clasificacion-para-mundial-y-eurocopa\\\/\"]}]},{\"@type\":\"ImageObject\",\"inLanguage\":\"es\",\"@id\":\"https:\\\/\\\/www.eldiario.net\\\/portal\\\/2023\\\/01\\\/26\\\/la-uefa-modifica-las-fases-de-clasificacion-para-mundial-y-eurocopa\\\/#primaryimage\",\"url\":\"\",\"contentUrl\":\"\"},{\"@type\":\"BreadcrumbList\",\"@id\":\"https:\\\/\\\/www.eldiario.net\\\/portal\\\/2023\\\/01\\\/26\\\/la-uefa-modifica-las-fases-de-clasificacion-para-mundial-y-eurocopa\\\/#breadcrumb\",\"itemListElement\":[{\"@type\":\"ListItem\",\"position\":1,\"name\":\"Portada\",\"item\":\"https:\\\/\\\/www.eldiario.net\\\/portal\\\/\"},{\"@type\":\"ListItem\",\"position\":2,\"name\":\"La UEFA modifica las fases de clasificaci\u00f3n para Mundial y Eurocopa\"}]},{\"@type\":\"WebSite\",\"@id\":\"https:\\\/\\\/www.eldiario.net\\\/portal\\\/#website\",\"url\":\"https:\\\/\\\/www.eldiario.net\\\/portal\\\/\",\"name\":\"El Diario - Decano de la prensa nacional\",\"description\":\"El Diario - Decano de la prensa nacional\",\"publisher\":{\"@id\":\"https:\\\/\\\/www.eldiario.net\\\/portal\\\/#organization\"},\"potentialAction\":[{\"@type\":\"SearchAction\",\"target\":{\"@type\":\"EntryPoint\",\"urlTemplate\":\"https:\\\/\\\/www.eldiario.net\\\/portal\\\/?s={search_term_string}\"},\"query-input\":{\"@type\":\"PropertyValueSpecification\",\"valueRequired\":true,\"valueName\":\"search_term_string\"}}],\"inLanguage\":\"es\"},{\"@type\":\"Organization\",\"@id\":\"https:\\\/\\\/www.eldiario.net\\\/portal\\\/#organization\",\"name\":\"El Diario - Decano de la prensa nacional\",\"url\":\"https:\\\/\\\/www.eldiario.net\\\/portal\\\/\",\"logo\":{\"@type\":\"ImageObject\",\"inLanguage\":\"es\",\"@id\":\"https:\\\/\\\/www.eldiario.net\\\/portal\\\/#\\\/schema\\\/logo\\\/image\\\/\",\"url\":\"https:\\\/\\\/www.eldiario.net\\\/portal\\\/wp-content\\\/uploads\\\/2023\\\/07\\\/logo_ED.jpg\",\"contentUrl\":\"https:\\\/\\\/www.eldiario.net\\\/portal\\\/wp-content\\\/uploads\\\/2023\\\/07\\\/logo_ED.jpg\",\"width\":272,\"height\":52,\"caption\":\"El Diario - Decano de la prensa nacional\"},\"image\":{\"@id\":\"https:\\\/\\\/www.eldiario.net\\\/portal\\\/#\\\/schema\\\/logo\\\/image\\\/\"},\"sameAs\":[\"https:\\\/\\\/www.facebook.com\\\/eldiario.bolivia\\\/\",\"https:\\\/\\\/x.com\\\/eldiario_net\"]},{\"@type\":\"Person\",\"@id\":\"https:\\\/\\\/www.eldiario.net\\\/portal\\\/#\\\/schema\\\/person\\\/f46445640444750d7d753ccd04ae01b7\",\"name\":\"Jeanette\",\"image\":{\"@type\":\"ImageObject\",\"inLanguage\":\"es\",\"@id\":\"https:\\\/\\\/secure.gravatar.com\\\/avatar\\\/3ea2118a5f7dad2b7138b1187a6b7ee55f160b9968b66013c3a3ef39dd7e5798?s=96&d=mm&r=g\",\"url\":\"https:\\\/\\\/secure.gravatar.com\\\/avatar\\\/3ea2118a5f7dad2b7138b1187a6b7ee55f160b9968b66013c3a3ef39dd7e5798?s=96&d=mm&r=g\",\"contentUrl\":\"https:\\\/\\\/secure.gravatar.com\\\/avatar\\\/3ea2118a5f7dad2b7138b1187a6b7ee55f160b9968b66013c3a3ef39dd7e5798?s=96&d=mm&r=g\",\"caption\":\"Jeanette\"},\"sameAs\":[\"https:\\\/\\\/www.eldiario.net\\\/portal\"],\"url\":\"https:\\\/\\\/www.eldiario.net\\\/portal\\\/author\\\/jeanette\\\/\"}]}<\/script>\n<!-- \/ Yoast SEO plugin. -->","yoast_head_json":{"title":"La UEFA modifica las fases de clasificaci\u00f3n para Mundial y Eurocopa - El Diario - Bolivia","robots":{"index":"index","follow":"follow","max-snippet":"max-snippet:-1","max-image-preview":"max-image-preview:large","max-video-preview":"max-video-preview:-1"},"canonical":"https:\/\/www.eldiario.net\/portal\/2023\/01\/26\/la-uefa-modifica-las-fases-de-clasificacion-para-mundial-y-eurocopa\/","og_locale":"es_ES","og_type":"article","og_title":"La UEFA modifica las fases de clasificaci\u00f3n para Mundial y Eurocopa - El Diario - Bolivia","og_description":"Nueva vuelta de tuerca al calendario de partidos de selecciones, propiciado en gran parte por aquello del cambio de escenario de la Copa del Mundo que pasar\u00e1 de 32 a 48 selecciones clasificadas. El Comit\u00e9 Ejecutivo de la UEFA ha decidido modificar la fase de clasificaci\u00f3n, que a partir de ahora pasar\u00e1 a ser de [&hellip;]","og_url":"https:\/\/www.eldiario.net\/portal\/2023\/01\/26\/la-uefa-modifica-las-fases-de-clasificacion-para-mundial-y-eurocopa\/","og_site_name":"El Diario - Bolivia","article_publisher":"https:\/\/www.facebook.com\/eldiario.bolivia\/","article_published_time":"2023-01-26T10:32:55+00:00","author":"Jeanette","twitter_card":"summary_large_image","twitter_creator":"@eldiario_net","twitter_site":"@eldiario_net","twitter_misc":{"Escrito por":"Jeanette","Tiempo de lectura":"2 minutos"},"schema":{"@context":"https:\/\/schema.org","@graph":[{"@type":"Article","@id":"https:\/\/www.eldiario.net\/portal\/2023\/01\/26\/la-uefa-modifica-las-fases-de-clasificacion-para-mundial-y-eurocopa\/#article","isPartOf":{"@id":"https:\/\/www.eldiario.net\/portal\/2023\/01\/26\/la-uefa-modifica-las-fases-de-clasificacion-para-mundial-y-eurocopa\/"},"author":{"name":"Jeanette","@id":"https:\/\/www.eldiario.net\/portal\/#\/schema\/person\/f46445640444750d7d753ccd04ae01b7"},"headline":"La UEFA modifica las fases de clasificaci\u00f3n para Mundial y Eurocopa","datePublished":"2023-01-26T10:32:55+00:00","mainEntityOfPage":{"@id":"https:\/\/www.eldiario.net\/portal\/2023\/01\/26\/la-uefa-modifica-las-fases-de-clasificacion-para-mundial-y-eurocopa\/"},"wordCount":308,"publisher":{"@id":"https:\/\/www.eldiario.net\/portal\/#organization"},"image":{"@id":"https:\/\/www.eldiario.net\/portal\/2023\/01\/26\/la-uefa-modifica-las-fases-de-clasificacion-para-mundial-y-eurocopa\/#primaryimage"},"thumbnailUrl":"","articleSection":["Deportes"],"inLanguage":"es"},{"@type":"WebPage","@id":"https:\/\/www.eldiario.net\/portal\/2023\/01\/26\/la-uefa-modifica-las-fases-de-clasificacion-para-mundial-y-eurocopa\/","url":"https:\/\/www.eldiario.net\/portal\/2023\/01\/26\/la-uefa-modifica-las-fases-de-clasificacion-para-mundial-y-eurocopa\/","name":"La UEFA modifica las fases de clasificaci\u00f3n para Mundial y Eurocopa - El Diario - Bolivia","isPartOf":{"@id":"https:\/\/www.eldiario.net\/portal\/#website"},"primaryImageOfPage":{"@id":"https:\/\/www.eldiario.net\/portal\/2023\/01\/26\/la-uefa-modifica-las-fases-de-clasificacion-para-mundial-y-eurocopa\/#primaryimage"},"image":{"@id":"https:\/\/www.eldiario.net\/portal\/2023\/01\/26\/la-uefa-modifica-las-fases-de-clasificacion-para-mundial-y-eurocopa\/#primaryimage"},"thumbnailUrl":"","datePublished":"2023-01-26T10:32:55+00:00","breadcrumb":{"@id":"https:\/\/www.eldiario.net\/portal\/2023\/01\/26\/la-uefa-modifica-las-fases-de-clasificacion-para-mundial-y-eurocopa\/#breadcrumb"},"inLanguage":"es","potentialAction":[{"@type":"ReadAction","target":["https:\/\/www.eldiario.net\/portal\/2023\/01\/26\/la-uefa-modifica-las-fases-de-clasificacion-para-mundial-y-eurocopa\/"]}]},{"@type":"ImageObject","inLanguage":"es","@id":"https:\/\/www.eldiario.net\/portal\/2023\/01\/26\/la-uefa-modifica-las-fases-de-clasificacion-para-mundial-y-eurocopa\/#primaryimage","url":"","contentUrl":""},{"@type":"BreadcrumbList","@id":"https:\/\/www.eldiario.net\/portal\/2023\/01\/26\/la-uefa-modifica-las-fases-de-clasificacion-para-mundial-y-eurocopa\/#breadcrumb","itemListElement":[{"@type":"ListItem","position":1,"name":"Portada","item":"https:\/\/www.eldiario.net\/portal\/"},{"@type":"ListItem","position":2,"name":"La UEFA modifica las fases de clasificaci\u00f3n para Mundial y Eurocopa"}]},{"@type":"WebSite","@id":"https:\/\/www.eldiario.net\/portal\/#website","url":"https:\/\/www.eldiario.net\/portal\/","name":"El Diario - Decano de la prensa nacional","description":"El Diario - Decano de la prensa nacional","publisher":{"@id":"https:\/\/www.eldiario.net\/portal\/#organization"},"potentialAction":[{"@type":"SearchAction","target":{"@type":"EntryPoint","urlTemplate":"https:\/\/www.eldiario.net\/portal\/?s={search_term_string}"},"query-input":{"@type":"PropertyValueSpecification","valueRequired":true,"valueName":"search_term_string"}}],"inLanguage":"es"},{"@type":"Organization","@id":"https:\/\/www.eldiario.net\/portal\/#organization","name":"El Diario - Decano de la prensa nacional","url":"https:\/\/www.eldiario.net\/portal\/","logo":{"@type":"ImageObject","inLanguage":"es","@id":"https:\/\/www.eldiario.net\/portal\/#\/schema\/logo\/image\/","url":"https:\/\/www.eldiario.net\/portal\/wp-content\/uploads\/2023\/07\/logo_ED.jpg","contentUrl":"https:\/\/www.eldiario.net\/portal\/wp-content\/uploads\/2023\/07\/logo_ED.jpg","width":272,"height":52,"caption":"El Diario - Decano de la prensa nacional"},"image":{"@id":"https:\/\/www.eldiario.net\/portal\/#\/schema\/logo\/image\/"},"sameAs":["https:\/\/www.facebook.com\/eldiario.bolivia\/","https:\/\/x.com\/eldiario_net"]},{"@type":"Person","@id":"https:\/\/www.eldiario.net\/portal\/#\/schema\/person\/f46445640444750d7d753ccd04ae01b7","name":"Jeanette","image":{"@type":"ImageObject","inLanguage":"es","@id":"https:\/\/secure.gravatar.com\/avatar\/3ea2118a5f7dad2b7138b1187a6b7ee55f160b9968b66013c3a3ef39dd7e5798?s=96&d=mm&r=g","url":"https:\/\/secure.gravatar.com\/avatar\/3ea2118a5f7dad2b7138b1187a6b7ee55f160b9968b66013c3a3ef39dd7e5798?s=96&d=mm&r=g","contentUrl":"https:\/\/secure.gravatar.com\/avatar\/3ea2118a5f7dad2b7138b1187a6b7ee55f160b9968b66013c3a3ef39dd7e5798?s=96&d=mm&r=g","caption":"Jeanette"},"sameAs":["https:\/\/www.eldiario.net\/portal"],"url":"https:\/\/www.eldiario.net\/portal\/author\/jeanette\/"}]}},"_links":{"self":[{"href":"https:\/\/www.eldiario.net\/portal\/wp-json\/wp\/v2\/posts\/134940","targetHints":{"allow":["GET"]}}],"collection":[{"href":"https:\/\/www.eldiario.net\/portal\/wp-json\/wp\/v2\/posts"}],"about":[{"href":"https:\/\/www.eldiario.net\/portal\/wp-json\/wp\/v2\/types\/post"}],"author":[{"embeddable":true,"href":"https:\/\/www.eldiario.net\/portal\/wp-json\/wp\/v2\/users\/1"}],"replies":[{"embeddable":true,"href":"https:\/\/www.eldiario.net\/portal\/wp-json\/wp\/v2\/comments?post=134940"}],"version-history":[{"count":0,"href":"https:\/\/www.eldiario.net\/portal\/wp-json\/wp\/v2\/posts\/134940\/revisions"}],"wp:attachment":[{"href":"https:\/\/www.eldiario.net\/portal\/wp-json\/wp\/v2\/media?parent=134940"}],"wp:term":[{"taxonomy":"category","embeddable":true,"href":"https:\/\/www.eldiario.net\/portal\/wp-json\/wp\/v2\/categories?post=134940"},{"taxonomy":"post_tag","embeddable":true,"href":"https:\/\/www.eldiario.net\/portal\/wp-json\/wp\/v2\/tags?post=134940"}],"curies":[{"name":"wp","href":"https:\/\/api.w.org\/{rel}","templated":true}]}}