{"id":134937,"date":"2023-01-26T06:32:16","date_gmt":"2023-01-26T10:32:16","guid":{"rendered":"https:\/\/www.eldiario.net\/portal\/?p=134937"},"modified":"2023-01-26T06:32:16","modified_gmt":"2023-01-26T10:32:16","slug":"the-strongest-acaba-su-pretemporada-en-jujuy-con-una-goleada","status":"publish","type":"post","link":"https:\/\/www.eldiario.net\/portal\/2023\/01\/26\/the-strongest-acaba-su-pretemporada-en-jujuy-con-una-goleada\/","title":{"rendered":"The Strongest acaba su pretemporada en Jujuy con una goleada"},"content":{"rendered":"<p>The Strongest cerr\u00f3, la ma\u00f1ana de este mi\u00e9rcoles, su pretemporada internacional en Jujuy (Argentina) con una goleada de 0-4 propinada por el club Gimnasia y Esgrima. El lance de preparaci\u00f3n se disput\u00f3 a puertas cerradas en la cancha del centro de convenciones Papanoa de la capital juje\u00f1a.<\/p>\n<p>Los goles locales fueron marcados por Emilano Endrizi (5\u2019), Lucas Revecchi (25\u2019), Fernando Bendr\u00e1n (33\u2019) y Leandro Gonz\u00e1lez (65\u2019).<\/p>\n<p>El t\u00e9cnico \u201caurinegro\u201d, Ismael Rescalvo ensay\u00f3 una conformaci\u00f3n diferente a la presentada en el primer partido contra Atl\u00e9tico Tucum\u00e1n, en el que tambi\u00e9n cayeron 1-3.<\/p>\n<p>La alineaci\u00f3n de The Strongest fue la siguiente: Benegas, Corpus, Carrasco, Jusino, Lino, Chura, Robles, Wayar, Ortega, Sotomayor y Triverio.<\/p>\n<p>El partido fue disputado en tempranas horas de la ma\u00f1ana, debido a que las temperaturas son muy calurosas en Argentina en este mes, sin embargo, el term\u00f3metro lleg\u00f3 a marcar hasta 33\u00b0, lo que tambi\u00e9n habr\u00eda influido en el rendimiento de los bolivianos.<\/p>\n<p>Sin embargo, tanto el cuerpo t\u00e9cnico como la directiva \u201caurinegra\u201d, toma estos encuentros como \u201cde prueba\u201d, para que Rescalvo pueda delinear un cuadro titular en los compromisos que tienen que cumplir tanto en el torneo local como en la Copa Libertadores.<\/p>\n<p>El \u201cTigre\u201d debutar\u00e1 en el torneo \u201ctodos contra todos\u201d el pr\u00f3ximo s\u00e1bado 4 de febrero, recibiendo a Universitario de Vinto. Antes se tiene planificado un partido amistoso con Real Potos\u00ed, el domingo en el estadio \u201cRafael Mendoza Castell\u00f3n\u201d.<\/p>\n<p>El retorno de la delegaci\u00f3n a La Paz est\u00e1 anunciada para este jueves.<\/p>\n","protected":false},"excerpt":{"rendered":"<p>The Strongest cerr\u00f3, la ma\u00f1ana de este mi\u00e9rcoles, su pretemporada internacional en Jujuy (Argentina) con una goleada de 0-4 propinada por el club Gimnasia y Esgrima. El lance de preparaci\u00f3n se disput\u00f3 a puertas cerradas en la cancha del centro de convenciones Papanoa de la capital juje\u00f1a. Los goles locales fueron marcados por Emilano Endrizi [&hellip;]<\/p>\n","protected":false},"author":1,"featured_media":134938,"comment_status":"closed","ping_status":"closed","sticky":false,"template":"","format":"standard","meta":{"_acf_changed":false,"footnotes":""},"categories":[6],"tags":[],"class_list":["post-134937","post","type-post","status-publish","format-standard","has-post-thumbnail","category-deportes"],"acf":{"antetitulo":""},"yoast_head":"<!-- This site is optimized with the Yoast SEO plugin v28.3 - https:\/\/yoast.com\/product\/yoast-seo-wordpress\/ -->\n<title>The Strongest acaba su pretemporada en Jujuy con una goleada - El Diario - Bolivia<\/title>\n<meta name=\"robots\" content=\"index, follow, max-snippet:-1, max-image-preview:large, max-video-preview:-1\" \/>\n<link rel=\"canonical\" href=\"https:\/\/www.eldiario.net\/portal\/2023\/01\/26\/the-strongest-acaba-su-pretemporada-en-jujuy-con-una-goleada\/\" \/>\n<meta property=\"og:locale\" content=\"es_ES\" \/>\n<meta property=\"og:type\" content=\"article\" \/>\n<meta property=\"og:title\" content=\"The Strongest acaba su pretemporada en Jujuy con una goleada - El Diario - Bolivia\" \/>\n<meta property=\"og:description\" content=\"The Strongest cerr\u00f3, la ma\u00f1ana de este mi\u00e9rcoles, su pretemporada internacional en Jujuy (Argentina) con una goleada de 0-4 propinada por el club Gimnasia y Esgrima. El lance de preparaci\u00f3n se disput\u00f3 a puertas cerradas en la cancha del centro de convenciones Papanoa de la capital juje\u00f1a. Los goles locales fueron marcados por Emilano Endrizi [&hellip;]\" \/>\n<meta property=\"og:url\" content=\"https:\/\/www.eldiario.net\/portal\/2023\/01\/26\/the-strongest-acaba-su-pretemporada-en-jujuy-con-una-goleada\/\" \/>\n<meta property=\"og:site_name\" content=\"El Diario - Bolivia\" \/>\n<meta property=\"article:publisher\" content=\"https:\/\/www.facebook.com\/eldiario.bolivia\/\" \/>\n<meta property=\"article:published_time\" content=\"2023-01-26T10:32:16+00:00\" \/>\n<meta name=\"author\" content=\"Jeanette\" \/>\n<meta name=\"twitter:card\" content=\"summary_large_image\" \/>\n<meta name=\"twitter:creator\" content=\"@eldiario_net\" \/>\n<meta name=\"twitter:site\" content=\"@eldiario_net\" \/>\n<meta name=\"twitter:label1\" content=\"Escrito por\" \/>\n\t<meta name=\"twitter:data1\" content=\"Jeanette\" \/>\n\t<meta name=\"twitter:label2\" content=\"Tiempo de lectura\" \/>\n\t<meta name=\"twitter:data2\" content=\"2 minutos\" \/>\n<script type=\"application\/ld+json\" class=\"yoast-schema-graph\">{\"@context\":\"https:\\\/\\\/schema.org\",\"@graph\":[{\"@type\":\"Article\",\"@id\":\"https:\\\/\\\/www.eldiario.net\\\/portal\\\/2023\\\/01\\\/26\\\/the-strongest-acaba-su-pretemporada-en-jujuy-con-una-goleada\\\/#article\",\"isPartOf\":{\"@id\":\"https:\\\/\\\/www.eldiario.net\\\/portal\\\/2023\\\/01\\\/26\\\/the-strongest-acaba-su-pretemporada-en-jujuy-con-una-goleada\\\/\"},\"author\":{\"name\":\"Jeanette\",\"@id\":\"https:\\\/\\\/www.eldiario.net\\\/portal\\\/#\\\/schema\\\/person\\\/f46445640444750d7d753ccd04ae01b7\"},\"headline\":\"The Strongest acaba su pretemporada en Jujuy con una goleada\",\"datePublished\":\"2023-01-26T10:32:16+00:00\",\"mainEntityOfPage\":{\"@id\":\"https:\\\/\\\/www.eldiario.net\\\/portal\\\/2023\\\/01\\\/26\\\/the-strongest-acaba-su-pretemporada-en-jujuy-con-una-goleada\\\/\"},\"wordCount\":271,\"publisher\":{\"@id\":\"https:\\\/\\\/www.eldiario.net\\\/portal\\\/#organization\"},\"image\":{\"@id\":\"https:\\\/\\\/www.eldiario.net\\\/portal\\\/2023\\\/01\\\/26\\\/the-strongest-acaba-su-pretemporada-en-jujuy-con-una-goleada\\\/#primaryimage\"},\"thumbnailUrl\":\"\",\"articleSection\":[\"Deportes\"],\"inLanguage\":\"es\"},{\"@type\":\"WebPage\",\"@id\":\"https:\\\/\\\/www.eldiario.net\\\/portal\\\/2023\\\/01\\\/26\\\/the-strongest-acaba-su-pretemporada-en-jujuy-con-una-goleada\\\/\",\"url\":\"https:\\\/\\\/www.eldiario.net\\\/portal\\\/2023\\\/01\\\/26\\\/the-strongest-acaba-su-pretemporada-en-jujuy-con-una-goleada\\\/\",\"name\":\"The Strongest acaba su pretemporada en Jujuy con una goleada - El Diario - Bolivia\",\"isPartOf\":{\"@id\":\"https:\\\/\\\/www.eldiario.net\\\/portal\\\/#website\"},\"primaryImageOfPage\":{\"@id\":\"https:\\\/\\\/www.eldiario.net\\\/portal\\\/2023\\\/01\\\/26\\\/the-strongest-acaba-su-pretemporada-en-jujuy-con-una-goleada\\\/#primaryimage\"},\"image\":{\"@id\":\"https:\\\/\\\/www.eldiario.net\\\/portal\\\/2023\\\/01\\\/26\\\/the-strongest-acaba-su-pretemporada-en-jujuy-con-una-goleada\\\/#primaryimage\"},\"thumbnailUrl\":\"\",\"datePublished\":\"2023-01-26T10:32:16+00:00\",\"breadcrumb\":{\"@id\":\"https:\\\/\\\/www.eldiario.net\\\/portal\\\/2023\\\/01\\\/26\\\/the-strongest-acaba-su-pretemporada-en-jujuy-con-una-goleada\\\/#breadcrumb\"},\"inLanguage\":\"es\",\"potentialAction\":[{\"@type\":\"ReadAction\",\"target\":[\"https:\\\/\\\/www.eldiario.net\\\/portal\\\/2023\\\/01\\\/26\\\/the-strongest-acaba-su-pretemporada-en-jujuy-con-una-goleada\\\/\"]}]},{\"@type\":\"ImageObject\",\"inLanguage\":\"es\",\"@id\":\"https:\\\/\\\/www.eldiario.net\\\/portal\\\/2023\\\/01\\\/26\\\/the-strongest-acaba-su-pretemporada-en-jujuy-con-una-goleada\\\/#primaryimage\",\"url\":\"\",\"contentUrl\":\"\"},{\"@type\":\"BreadcrumbList\",\"@id\":\"https:\\\/\\\/www.eldiario.net\\\/portal\\\/2023\\\/01\\\/26\\\/the-strongest-acaba-su-pretemporada-en-jujuy-con-una-goleada\\\/#breadcrumb\",\"itemListElement\":[{\"@type\":\"ListItem\",\"position\":1,\"name\":\"Portada\",\"item\":\"https:\\\/\\\/www.eldiario.net\\\/portal\\\/\"},{\"@type\":\"ListItem\",\"position\":2,\"name\":\"The Strongest acaba su pretemporada en Jujuy con una goleada\"}]},{\"@type\":\"WebSite\",\"@id\":\"https:\\\/\\\/www.eldiario.net\\\/portal\\\/#website\",\"url\":\"https:\\\/\\\/www.eldiario.net\\\/portal\\\/\",\"name\":\"El Diario - Decano de la prensa nacional\",\"description\":\"El Diario - Decano de la prensa nacional\",\"publisher\":{\"@id\":\"https:\\\/\\\/www.eldiario.net\\\/portal\\\/#organization\"},\"potentialAction\":[{\"@type\":\"SearchAction\",\"target\":{\"@type\":\"EntryPoint\",\"urlTemplate\":\"https:\\\/\\\/www.eldiario.net\\\/portal\\\/?s={search_term_string}\"},\"query-input\":{\"@type\":\"PropertyValueSpecification\",\"valueRequired\":true,\"valueName\":\"search_term_string\"}}],\"inLanguage\":\"es\"},{\"@type\":\"Organization\",\"@id\":\"https:\\\/\\\/www.eldiario.net\\\/portal\\\/#organization\",\"name\":\"El Diario - Decano de la prensa nacional\",\"url\":\"https:\\\/\\\/www.eldiario.net\\\/portal\\\/\",\"logo\":{\"@type\":\"ImageObject\",\"inLanguage\":\"es\",\"@id\":\"https:\\\/\\\/www.eldiario.net\\\/portal\\\/#\\\/schema\\\/logo\\\/image\\\/\",\"url\":\"https:\\\/\\\/www.eldiario.net\\\/portal\\\/wp-content\\\/uploads\\\/2023\\\/07\\\/logo_ED.jpg\",\"contentUrl\":\"https:\\\/\\\/www.eldiario.net\\\/portal\\\/wp-content\\\/uploads\\\/2023\\\/07\\\/logo_ED.jpg\",\"width\":272,\"height\":52,\"caption\":\"El Diario - Decano de la prensa nacional\"},\"image\":{\"@id\":\"https:\\\/\\\/www.eldiario.net\\\/portal\\\/#\\\/schema\\\/logo\\\/image\\\/\"},\"sameAs\":[\"https:\\\/\\\/www.facebook.com\\\/eldiario.bolivia\\\/\",\"https:\\\/\\\/x.com\\\/eldiario_net\"]},{\"@type\":\"Person\",\"@id\":\"https:\\\/\\\/www.eldiario.net\\\/portal\\\/#\\\/schema\\\/person\\\/f46445640444750d7d753ccd04ae01b7\",\"name\":\"Jeanette\",\"image\":{\"@type\":\"ImageObject\",\"inLanguage\":\"es\",\"@id\":\"https:\\\/\\\/secure.gravatar.com\\\/avatar\\\/3ea2118a5f7dad2b7138b1187a6b7ee55f160b9968b66013c3a3ef39dd7e5798?s=96&d=mm&r=g\",\"url\":\"https:\\\/\\\/secure.gravatar.com\\\/avatar\\\/3ea2118a5f7dad2b7138b1187a6b7ee55f160b9968b66013c3a3ef39dd7e5798?s=96&d=mm&r=g\",\"contentUrl\":\"https:\\\/\\\/secure.gravatar.com\\\/avatar\\\/3ea2118a5f7dad2b7138b1187a6b7ee55f160b9968b66013c3a3ef39dd7e5798?s=96&d=mm&r=g\",\"caption\":\"Jeanette\"},\"sameAs\":[\"https:\\\/\\\/www.eldiario.net\\\/portal\"],\"url\":\"https:\\\/\\\/www.eldiario.net\\\/portal\\\/author\\\/jeanette\\\/\"}]}<\/script>\n<!-- \/ Yoast SEO plugin. -->","yoast_head_json":{"title":"The Strongest acaba su pretemporada en Jujuy con una goleada - El Diario - Bolivia","robots":{"index":"index","follow":"follow","max-snippet":"max-snippet:-1","max-image-preview":"max-image-preview:large","max-video-preview":"max-video-preview:-1"},"canonical":"https:\/\/www.eldiario.net\/portal\/2023\/01\/26\/the-strongest-acaba-su-pretemporada-en-jujuy-con-una-goleada\/","og_locale":"es_ES","og_type":"article","og_title":"The Strongest acaba su pretemporada en Jujuy con una goleada - El Diario - Bolivia","og_description":"The Strongest cerr\u00f3, la ma\u00f1ana de este mi\u00e9rcoles, su pretemporada internacional en Jujuy (Argentina) con una goleada de 0-4 propinada por el club Gimnasia y Esgrima. El lance de preparaci\u00f3n se disput\u00f3 a puertas cerradas en la cancha del centro de convenciones Papanoa de la capital juje\u00f1a. Los goles locales fueron marcados por Emilano Endrizi [&hellip;]","og_url":"https:\/\/www.eldiario.net\/portal\/2023\/01\/26\/the-strongest-acaba-su-pretemporada-en-jujuy-con-una-goleada\/","og_site_name":"El Diario - Bolivia","article_publisher":"https:\/\/www.facebook.com\/eldiario.bolivia\/","article_published_time":"2023-01-26T10:32:16+00:00","author":"Jeanette","twitter_card":"summary_large_image","twitter_creator":"@eldiario_net","twitter_site":"@eldiario_net","twitter_misc":{"Escrito por":"Jeanette","Tiempo de lectura":"2 minutos"},"schema":{"@context":"https:\/\/schema.org","@graph":[{"@type":"Article","@id":"https:\/\/www.eldiario.net\/portal\/2023\/01\/26\/the-strongest-acaba-su-pretemporada-en-jujuy-con-una-goleada\/#article","isPartOf":{"@id":"https:\/\/www.eldiario.net\/portal\/2023\/01\/26\/the-strongest-acaba-su-pretemporada-en-jujuy-con-una-goleada\/"},"author":{"name":"Jeanette","@id":"https:\/\/www.eldiario.net\/portal\/#\/schema\/person\/f46445640444750d7d753ccd04ae01b7"},"headline":"The Strongest acaba su pretemporada en Jujuy con una goleada","datePublished":"2023-01-26T10:32:16+00:00","mainEntityOfPage":{"@id":"https:\/\/www.eldiario.net\/portal\/2023\/01\/26\/the-strongest-acaba-su-pretemporada-en-jujuy-con-una-goleada\/"},"wordCount":271,"publisher":{"@id":"https:\/\/www.eldiario.net\/portal\/#organization"},"image":{"@id":"https:\/\/www.eldiario.net\/portal\/2023\/01\/26\/the-strongest-acaba-su-pretemporada-en-jujuy-con-una-goleada\/#primaryimage"},"thumbnailUrl":"","articleSection":["Deportes"],"inLanguage":"es"},{"@type":"WebPage","@id":"https:\/\/www.eldiario.net\/portal\/2023\/01\/26\/the-strongest-acaba-su-pretemporada-en-jujuy-con-una-goleada\/","url":"https:\/\/www.eldiario.net\/portal\/2023\/01\/26\/the-strongest-acaba-su-pretemporada-en-jujuy-con-una-goleada\/","name":"The Strongest acaba su pretemporada en Jujuy con una goleada - El Diario - Bolivia","isPartOf":{"@id":"https:\/\/www.eldiario.net\/portal\/#website"},"primaryImageOfPage":{"@id":"https:\/\/www.eldiario.net\/portal\/2023\/01\/26\/the-strongest-acaba-su-pretemporada-en-jujuy-con-una-goleada\/#primaryimage"},"image":{"@id":"https:\/\/www.eldiario.net\/portal\/2023\/01\/26\/the-strongest-acaba-su-pretemporada-en-jujuy-con-una-goleada\/#primaryimage"},"thumbnailUrl":"","datePublished":"2023-01-26T10:32:16+00:00","breadcrumb":{"@id":"https:\/\/www.eldiario.net\/portal\/2023\/01\/26\/the-strongest-acaba-su-pretemporada-en-jujuy-con-una-goleada\/#breadcrumb"},"inLanguage":"es","potentialAction":[{"@type":"ReadAction","target":["https:\/\/www.eldiario.net\/portal\/2023\/01\/26\/the-strongest-acaba-su-pretemporada-en-jujuy-con-una-goleada\/"]}]},{"@type":"ImageObject","inLanguage":"es","@id":"https:\/\/www.eldiario.net\/portal\/2023\/01\/26\/the-strongest-acaba-su-pretemporada-en-jujuy-con-una-goleada\/#primaryimage","url":"","contentUrl":""},{"@type":"BreadcrumbList","@id":"https:\/\/www.eldiario.net\/portal\/2023\/01\/26\/the-strongest-acaba-su-pretemporada-en-jujuy-con-una-goleada\/#breadcrumb","itemListElement":[{"@type":"ListItem","position":1,"name":"Portada","item":"https:\/\/www.eldiario.net\/portal\/"},{"@type":"ListItem","position":2,"name":"The Strongest acaba su pretemporada en Jujuy con una goleada"}]},{"@type":"WebSite","@id":"https:\/\/www.eldiario.net\/portal\/#website","url":"https:\/\/www.eldiario.net\/portal\/","name":"El Diario - Decano de la prensa nacional","description":"El Diario - Decano de la prensa nacional","publisher":{"@id":"https:\/\/www.eldiario.net\/portal\/#organization"},"potentialAction":[{"@type":"SearchAction","target":{"@type":"EntryPoint","urlTemplate":"https:\/\/www.eldiario.net\/portal\/?s={search_term_string}"},"query-input":{"@type":"PropertyValueSpecification","valueRequired":true,"valueName":"search_term_string"}}],"inLanguage":"es"},{"@type":"Organization","@id":"https:\/\/www.eldiario.net\/portal\/#organization","name":"El Diario - Decano de la prensa nacional","url":"https:\/\/www.eldiario.net\/portal\/","logo":{"@type":"ImageObject","inLanguage":"es","@id":"https:\/\/www.eldiario.net\/portal\/#\/schema\/logo\/image\/","url":"https:\/\/www.eldiario.net\/portal\/wp-content\/uploads\/2023\/07\/logo_ED.jpg","contentUrl":"https:\/\/www.eldiario.net\/portal\/wp-content\/uploads\/2023\/07\/logo_ED.jpg","width":272,"height":52,"caption":"El Diario - Decano de la prensa nacional"},"image":{"@id":"https:\/\/www.eldiario.net\/portal\/#\/schema\/logo\/image\/"},"sameAs":["https:\/\/www.facebook.com\/eldiario.bolivia\/","https:\/\/x.com\/eldiario_net"]},{"@type":"Person","@id":"https:\/\/www.eldiario.net\/portal\/#\/schema\/person\/f46445640444750d7d753ccd04ae01b7","name":"Jeanette","image":{"@type":"ImageObject","inLanguage":"es","@id":"https:\/\/secure.gravatar.com\/avatar\/3ea2118a5f7dad2b7138b1187a6b7ee55f160b9968b66013c3a3ef39dd7e5798?s=96&d=mm&r=g","url":"https:\/\/secure.gravatar.com\/avatar\/3ea2118a5f7dad2b7138b1187a6b7ee55f160b9968b66013c3a3ef39dd7e5798?s=96&d=mm&r=g","contentUrl":"https:\/\/secure.gravatar.com\/avatar\/3ea2118a5f7dad2b7138b1187a6b7ee55f160b9968b66013c3a3ef39dd7e5798?s=96&d=mm&r=g","caption":"Jeanette"},"sameAs":["https:\/\/www.eldiario.net\/portal"],"url":"https:\/\/www.eldiario.net\/portal\/author\/jeanette\/"}]}},"_links":{"self":[{"href":"https:\/\/www.eldiario.net\/portal\/wp-json\/wp\/v2\/posts\/134937","targetHints":{"allow":["GET"]}}],"collection":[{"href":"https:\/\/www.eldiario.net\/portal\/wp-json\/wp\/v2\/posts"}],"about":[{"href":"https:\/\/www.eldiario.net\/portal\/wp-json\/wp\/v2\/types\/post"}],"author":[{"embeddable":true,"href":"https:\/\/www.eldiario.net\/portal\/wp-json\/wp\/v2\/users\/1"}],"replies":[{"embeddable":true,"href":"https:\/\/www.eldiario.net\/portal\/wp-json\/wp\/v2\/comments?post=134937"}],"version-history":[{"count":0,"href":"https:\/\/www.eldiario.net\/portal\/wp-json\/wp\/v2\/posts\/134937\/revisions"}],"wp:attachment":[{"href":"https:\/\/www.eldiario.net\/portal\/wp-json\/wp\/v2\/media?parent=134937"}],"wp:term":[{"taxonomy":"category","embeddable":true,"href":"https:\/\/www.eldiario.net\/portal\/wp-json\/wp\/v2\/categories?post=134937"},{"taxonomy":"post_tag","embeddable":true,"href":"https:\/\/www.eldiario.net\/portal\/wp-json\/wp\/v2\/tags?post=134937"}],"curies":[{"name":"wp","href":"https:\/\/api.w.org\/{rel}","templated":true}]}}