{"id":134934,"date":"2023-01-26T06:31:39","date_gmt":"2023-01-26T10:31:39","guid":{"rendered":"https:\/\/www.eldiario.net\/portal\/?p=134934"},"modified":"2023-01-26T06:31:39","modified_gmt":"2023-01-26T10:31:39","slug":"una-joven-seleccion-enfrentara-a-georgia-por-la-copa-davis","status":"publish","type":"post","link":"https:\/\/www.eldiario.net\/portal\/2023\/01\/26\/una-joven-seleccion-enfrentara-a-georgia-por-la-copa-davis\/","title":{"rendered":"Una joven selecci\u00f3n enfrentar\u00e1 a Georgia por la Copa Davis"},"content":{"rendered":"<p>Una joven selecci\u00f3n boliviana se enfrentar\u00e1 el 2 y 3 de febrero en Polonia a Georgia por la primera ronda de los Play-Offs del Grupo Mundial II de la Copa Davis, el torneo de selecciones de tenis m\u00e1s importante del mundo.<\/p>\n<p>El capit\u00e1n (entrenador) Mauricio Sol\u00eds convoc\u00f3 a los siguientes jugadores: los cruce\u00f1os Juan Carlos Prado (de 17 a\u00f1os), Agust\u00edn Cu\u00e9llar (19), Santiago Navarro (19) y Ra\u00fal Garc\u00eda (20).<\/p>\n<p>De todos ellos Prado es el m\u00e1s experimentado a pesar de ser el m\u00e1s joven. Actualmente es el n\u00famero uno de Sudam\u00e9rica menor de 18 a\u00f1os y es el decimotercero del mundo en la misma categor\u00eda.<\/p>\n<p>Por cuarta vez fue convocado a la selecci\u00f3n para disputar la Davis, aunque anteriormente no pudo jugar ning\u00fan partido. Estuvo para los duelos con Per\u00fa, B\u00e9lgica y Tailandia.<\/p>\n<p>Sin embargo, por su experiencia, ya que es el mejor ranqueado ATP (779\u00b0 en singles y 911\u00b0 en dobles), es el llamado a ser la raqueta n\u00famero uno.<\/p>\n<p>Tambi\u00e9n jug\u00f3 en torneos Challengers y Futures en los que se enfrent\u00f3 a tenistas profesionales.<\/p>\n<p>Para los dem\u00e1s ser\u00e1 su primera experiencia en este certamen al que llegan sin ranking ATP, aunque destacaron en los torneos Juniors.<\/p>\n<p>EL RIVAL<\/p>\n<p>Georgia tambi\u00e9n present\u00f3 su n\u00f3mina de convocados que fue dada a conocer por el capit\u00e1n David Kvernadze.<\/p>\n<p>Los tenistas son: Saba Purtseladze (550\u00b0 en singles y 704\u00b0 en dobles), Aleksandre Metreveli (608\u00b0 y 1.344\u00b0), Zura Tkemaladze (683\u00b0 y 1.134\u00b0) y Aleksandre Bakshi (774\u00b0 y 838\u00b0).<\/p>\n<p>El Leszno Tennis Club de Polonia albergar\u00e1 los partidos de la Davis.<\/p>\n<p>La superficie elegida por los \u201canfitriones\u201d fue dura, es decir, que se jugar\u00e1 sobre cemento.<\/p>\n<p>La selecci\u00f3n que gane la serie avanzar\u00e1 al Grupo Mundial II para enfrentarse con uno de los 12 pa\u00edses perdedores de los Play-Offs del Grupo Mundial I en septiembre de este a\u00f1o.<\/p>\n<p>El que ca\u00edda entre Bolivia y Georgia descender\u00e1 al Grupo III de su regi\u00f3n \u2014en el caso de la Verde es Am\u00e9rica\u2014 para disputar esa fase en este a\u00f1o. (FBT)<\/p>\n<p>&nbsp;<\/p>\n<p>&nbsp;<\/p>\n","protected":false},"excerpt":{"rendered":"<p>Una joven selecci\u00f3n boliviana se enfrentar\u00e1 el 2 y 3 de febrero en Polonia a Georgia por la primera ronda de los Play-Offs del Grupo Mundial II de la Copa Davis, el torneo de selecciones de tenis m\u00e1s importante del mundo. El capit\u00e1n (entrenador) Mauricio Sol\u00eds convoc\u00f3 a los siguientes jugadores: los cruce\u00f1os Juan Carlos [&hellip;]<\/p>\n","protected":false},"author":1,"featured_media":134935,"comment_status":"closed","ping_status":"closed","sticky":false,"template":"","format":"standard","meta":{"_acf_changed":false,"footnotes":""},"categories":[6],"tags":[],"class_list":["post-134934","post","type-post","status-publish","format-standard","has-post-thumbnail","category-deportes"],"acf":{"antetitulo":""},"yoast_head":"<!-- This site is optimized with the Yoast SEO plugin v28.3 - https:\/\/yoast.com\/product\/yoast-seo-wordpress\/ -->\n<title>Una joven selecci\u00f3n enfrentar\u00e1 a Georgia por la Copa Davis - El Diario - Bolivia<\/title>\n<meta name=\"robots\" content=\"index, follow, max-snippet:-1, max-image-preview:large, max-video-preview:-1\" \/>\n<link rel=\"canonical\" href=\"https:\/\/www.eldiario.net\/portal\/2023\/01\/26\/una-joven-seleccion-enfrentara-a-georgia-por-la-copa-davis\/\" \/>\n<meta property=\"og:locale\" content=\"es_ES\" \/>\n<meta property=\"og:type\" content=\"article\" \/>\n<meta property=\"og:title\" content=\"Una joven selecci\u00f3n enfrentar\u00e1 a Georgia por la Copa Davis - El Diario - Bolivia\" \/>\n<meta property=\"og:description\" content=\"Una joven selecci\u00f3n boliviana se enfrentar\u00e1 el 2 y 3 de febrero en Polonia a Georgia por la primera ronda de los Play-Offs del Grupo Mundial II de la Copa Davis, el torneo de selecciones de tenis m\u00e1s importante del mundo. El capit\u00e1n (entrenador) Mauricio Sol\u00eds convoc\u00f3 a los siguientes jugadores: los cruce\u00f1os Juan Carlos [&hellip;]\" \/>\n<meta property=\"og:url\" content=\"https:\/\/www.eldiario.net\/portal\/2023\/01\/26\/una-joven-seleccion-enfrentara-a-georgia-por-la-copa-davis\/\" \/>\n<meta property=\"og:site_name\" content=\"El Diario - Bolivia\" \/>\n<meta property=\"article:publisher\" content=\"https:\/\/www.facebook.com\/eldiario.bolivia\/\" \/>\n<meta property=\"article:published_time\" content=\"2023-01-26T10:31:39+00:00\" \/>\n<meta name=\"author\" content=\"Jeanette\" \/>\n<meta name=\"twitter:card\" content=\"summary_large_image\" \/>\n<meta name=\"twitter:creator\" content=\"@eldiario_net\" \/>\n<meta name=\"twitter:site\" content=\"@eldiario_net\" \/>\n<meta name=\"twitter:label1\" content=\"Escrito por\" \/>\n\t<meta name=\"twitter:data1\" content=\"Jeanette\" \/>\n\t<meta name=\"twitter:label2\" content=\"Tiempo de lectura\" \/>\n\t<meta name=\"twitter:data2\" content=\"2 minutos\" \/>\n<script type=\"application\/ld+json\" class=\"yoast-schema-graph\">{\"@context\":\"https:\\\/\\\/schema.org\",\"@graph\":[{\"@type\":\"Article\",\"@id\":\"https:\\\/\\\/www.eldiario.net\\\/portal\\\/2023\\\/01\\\/26\\\/una-joven-seleccion-enfrentara-a-georgia-por-la-copa-davis\\\/#article\",\"isPartOf\":{\"@id\":\"https:\\\/\\\/www.eldiario.net\\\/portal\\\/2023\\\/01\\\/26\\\/una-joven-seleccion-enfrentara-a-georgia-por-la-copa-davis\\\/\"},\"author\":{\"name\":\"Jeanette\",\"@id\":\"https:\\\/\\\/www.eldiario.net\\\/portal\\\/#\\\/schema\\\/person\\\/f46445640444750d7d753ccd04ae01b7\"},\"headline\":\"Una joven selecci\u00f3n enfrentar\u00e1 a Georgia por la Copa Davis\",\"datePublished\":\"2023-01-26T10:31:39+00:00\",\"mainEntityOfPage\":{\"@id\":\"https:\\\/\\\/www.eldiario.net\\\/portal\\\/2023\\\/01\\\/26\\\/una-joven-seleccion-enfrentara-a-georgia-por-la-copa-davis\\\/\"},\"wordCount\":361,\"publisher\":{\"@id\":\"https:\\\/\\\/www.eldiario.net\\\/portal\\\/#organization\"},\"image\":{\"@id\":\"https:\\\/\\\/www.eldiario.net\\\/portal\\\/2023\\\/01\\\/26\\\/una-joven-seleccion-enfrentara-a-georgia-por-la-copa-davis\\\/#primaryimage\"},\"thumbnailUrl\":\"\",\"articleSection\":[\"Deportes\"],\"inLanguage\":\"es\"},{\"@type\":\"WebPage\",\"@id\":\"https:\\\/\\\/www.eldiario.net\\\/portal\\\/2023\\\/01\\\/26\\\/una-joven-seleccion-enfrentara-a-georgia-por-la-copa-davis\\\/\",\"url\":\"https:\\\/\\\/www.eldiario.net\\\/portal\\\/2023\\\/01\\\/26\\\/una-joven-seleccion-enfrentara-a-georgia-por-la-copa-davis\\\/\",\"name\":\"Una joven selecci\u00f3n enfrentar\u00e1 a Georgia por la Copa Davis - El Diario - Bolivia\",\"isPartOf\":{\"@id\":\"https:\\\/\\\/www.eldiario.net\\\/portal\\\/#website\"},\"primaryImageOfPage\":{\"@id\":\"https:\\\/\\\/www.eldiario.net\\\/portal\\\/2023\\\/01\\\/26\\\/una-joven-seleccion-enfrentara-a-georgia-por-la-copa-davis\\\/#primaryimage\"},\"image\":{\"@id\":\"https:\\\/\\\/www.eldiario.net\\\/portal\\\/2023\\\/01\\\/26\\\/una-joven-seleccion-enfrentara-a-georgia-por-la-copa-davis\\\/#primaryimage\"},\"thumbnailUrl\":\"\",\"datePublished\":\"2023-01-26T10:31:39+00:00\",\"breadcrumb\":{\"@id\":\"https:\\\/\\\/www.eldiario.net\\\/portal\\\/2023\\\/01\\\/26\\\/una-joven-seleccion-enfrentara-a-georgia-por-la-copa-davis\\\/#breadcrumb\"},\"inLanguage\":\"es\",\"potentialAction\":[{\"@type\":\"ReadAction\",\"target\":[\"https:\\\/\\\/www.eldiario.net\\\/portal\\\/2023\\\/01\\\/26\\\/una-joven-seleccion-enfrentara-a-georgia-por-la-copa-davis\\\/\"]}]},{\"@type\":\"ImageObject\",\"inLanguage\":\"es\",\"@id\":\"https:\\\/\\\/www.eldiario.net\\\/portal\\\/2023\\\/01\\\/26\\\/una-joven-seleccion-enfrentara-a-georgia-por-la-copa-davis\\\/#primaryimage\",\"url\":\"\",\"contentUrl\":\"\"},{\"@type\":\"BreadcrumbList\",\"@id\":\"https:\\\/\\\/www.eldiario.net\\\/portal\\\/2023\\\/01\\\/26\\\/una-joven-seleccion-enfrentara-a-georgia-por-la-copa-davis\\\/#breadcrumb\",\"itemListElement\":[{\"@type\":\"ListItem\",\"position\":1,\"name\":\"Portada\",\"item\":\"https:\\\/\\\/www.eldiario.net\\\/portal\\\/\"},{\"@type\":\"ListItem\",\"position\":2,\"name\":\"Una joven selecci\u00f3n enfrentar\u00e1 a Georgia por la Copa Davis\"}]},{\"@type\":\"WebSite\",\"@id\":\"https:\\\/\\\/www.eldiario.net\\\/portal\\\/#website\",\"url\":\"https:\\\/\\\/www.eldiario.net\\\/portal\\\/\",\"name\":\"El Diario - Decano de la prensa nacional\",\"description\":\"El Diario - Decano de la prensa nacional\",\"publisher\":{\"@id\":\"https:\\\/\\\/www.eldiario.net\\\/portal\\\/#organization\"},\"potentialAction\":[{\"@type\":\"SearchAction\",\"target\":{\"@type\":\"EntryPoint\",\"urlTemplate\":\"https:\\\/\\\/www.eldiario.net\\\/portal\\\/?s={search_term_string}\"},\"query-input\":{\"@type\":\"PropertyValueSpecification\",\"valueRequired\":true,\"valueName\":\"search_term_string\"}}],\"inLanguage\":\"es\"},{\"@type\":\"Organization\",\"@id\":\"https:\\\/\\\/www.eldiario.net\\\/portal\\\/#organization\",\"name\":\"El Diario - Decano de la prensa nacional\",\"url\":\"https:\\\/\\\/www.eldiario.net\\\/portal\\\/\",\"logo\":{\"@type\":\"ImageObject\",\"inLanguage\":\"es\",\"@id\":\"https:\\\/\\\/www.eldiario.net\\\/portal\\\/#\\\/schema\\\/logo\\\/image\\\/\",\"url\":\"https:\\\/\\\/www.eldiario.net\\\/portal\\\/wp-content\\\/uploads\\\/2023\\\/07\\\/logo_ED.jpg\",\"contentUrl\":\"https:\\\/\\\/www.eldiario.net\\\/portal\\\/wp-content\\\/uploads\\\/2023\\\/07\\\/logo_ED.jpg\",\"width\":272,\"height\":52,\"caption\":\"El Diario - Decano de la prensa nacional\"},\"image\":{\"@id\":\"https:\\\/\\\/www.eldiario.net\\\/portal\\\/#\\\/schema\\\/logo\\\/image\\\/\"},\"sameAs\":[\"https:\\\/\\\/www.facebook.com\\\/eldiario.bolivia\\\/\",\"https:\\\/\\\/x.com\\\/eldiario_net\"]},{\"@type\":\"Person\",\"@id\":\"https:\\\/\\\/www.eldiario.net\\\/portal\\\/#\\\/schema\\\/person\\\/f46445640444750d7d753ccd04ae01b7\",\"name\":\"Jeanette\",\"image\":{\"@type\":\"ImageObject\",\"inLanguage\":\"es\",\"@id\":\"https:\\\/\\\/secure.gravatar.com\\\/avatar\\\/3ea2118a5f7dad2b7138b1187a6b7ee55f160b9968b66013c3a3ef39dd7e5798?s=96&d=mm&r=g\",\"url\":\"https:\\\/\\\/secure.gravatar.com\\\/avatar\\\/3ea2118a5f7dad2b7138b1187a6b7ee55f160b9968b66013c3a3ef39dd7e5798?s=96&d=mm&r=g\",\"contentUrl\":\"https:\\\/\\\/secure.gravatar.com\\\/avatar\\\/3ea2118a5f7dad2b7138b1187a6b7ee55f160b9968b66013c3a3ef39dd7e5798?s=96&d=mm&r=g\",\"caption\":\"Jeanette\"},\"sameAs\":[\"https:\\\/\\\/www.eldiario.net\\\/portal\"],\"url\":\"https:\\\/\\\/www.eldiario.net\\\/portal\\\/author\\\/jeanette\\\/\"}]}<\/script>\n<!-- \/ Yoast SEO plugin. -->","yoast_head_json":{"title":"Una joven selecci\u00f3n enfrentar\u00e1 a Georgia por la Copa Davis - El Diario - Bolivia","robots":{"index":"index","follow":"follow","max-snippet":"max-snippet:-1","max-image-preview":"max-image-preview:large","max-video-preview":"max-video-preview:-1"},"canonical":"https:\/\/www.eldiario.net\/portal\/2023\/01\/26\/una-joven-seleccion-enfrentara-a-georgia-por-la-copa-davis\/","og_locale":"es_ES","og_type":"article","og_title":"Una joven selecci\u00f3n enfrentar\u00e1 a Georgia por la Copa Davis - El Diario - Bolivia","og_description":"Una joven selecci\u00f3n boliviana se enfrentar\u00e1 el 2 y 3 de febrero en Polonia a Georgia por la primera ronda de los Play-Offs del Grupo Mundial II de la Copa Davis, el torneo de selecciones de tenis m\u00e1s importante del mundo. El capit\u00e1n (entrenador) Mauricio Sol\u00eds convoc\u00f3 a los siguientes jugadores: los cruce\u00f1os Juan Carlos [&hellip;]","og_url":"https:\/\/www.eldiario.net\/portal\/2023\/01\/26\/una-joven-seleccion-enfrentara-a-georgia-por-la-copa-davis\/","og_site_name":"El Diario - Bolivia","article_publisher":"https:\/\/www.facebook.com\/eldiario.bolivia\/","article_published_time":"2023-01-26T10:31:39+00:00","author":"Jeanette","twitter_card":"summary_large_image","twitter_creator":"@eldiario_net","twitter_site":"@eldiario_net","twitter_misc":{"Escrito por":"Jeanette","Tiempo de lectura":"2 minutos"},"schema":{"@context":"https:\/\/schema.org","@graph":[{"@type":"Article","@id":"https:\/\/www.eldiario.net\/portal\/2023\/01\/26\/una-joven-seleccion-enfrentara-a-georgia-por-la-copa-davis\/#article","isPartOf":{"@id":"https:\/\/www.eldiario.net\/portal\/2023\/01\/26\/una-joven-seleccion-enfrentara-a-georgia-por-la-copa-davis\/"},"author":{"name":"Jeanette","@id":"https:\/\/www.eldiario.net\/portal\/#\/schema\/person\/f46445640444750d7d753ccd04ae01b7"},"headline":"Una joven selecci\u00f3n enfrentar\u00e1 a Georgia por la Copa Davis","datePublished":"2023-01-26T10:31:39+00:00","mainEntityOfPage":{"@id":"https:\/\/www.eldiario.net\/portal\/2023\/01\/26\/una-joven-seleccion-enfrentara-a-georgia-por-la-copa-davis\/"},"wordCount":361,"publisher":{"@id":"https:\/\/www.eldiario.net\/portal\/#organization"},"image":{"@id":"https:\/\/www.eldiario.net\/portal\/2023\/01\/26\/una-joven-seleccion-enfrentara-a-georgia-por-la-copa-davis\/#primaryimage"},"thumbnailUrl":"","articleSection":["Deportes"],"inLanguage":"es"},{"@type":"WebPage","@id":"https:\/\/www.eldiario.net\/portal\/2023\/01\/26\/una-joven-seleccion-enfrentara-a-georgia-por-la-copa-davis\/","url":"https:\/\/www.eldiario.net\/portal\/2023\/01\/26\/una-joven-seleccion-enfrentara-a-georgia-por-la-copa-davis\/","name":"Una joven selecci\u00f3n enfrentar\u00e1 a Georgia por la Copa Davis - El Diario - Bolivia","isPartOf":{"@id":"https:\/\/www.eldiario.net\/portal\/#website"},"primaryImageOfPage":{"@id":"https:\/\/www.eldiario.net\/portal\/2023\/01\/26\/una-joven-seleccion-enfrentara-a-georgia-por-la-copa-davis\/#primaryimage"},"image":{"@id":"https:\/\/www.eldiario.net\/portal\/2023\/01\/26\/una-joven-seleccion-enfrentara-a-georgia-por-la-copa-davis\/#primaryimage"},"thumbnailUrl":"","datePublished":"2023-01-26T10:31:39+00:00","breadcrumb":{"@id":"https:\/\/www.eldiario.net\/portal\/2023\/01\/26\/una-joven-seleccion-enfrentara-a-georgia-por-la-copa-davis\/#breadcrumb"},"inLanguage":"es","potentialAction":[{"@type":"ReadAction","target":["https:\/\/www.eldiario.net\/portal\/2023\/01\/26\/una-joven-seleccion-enfrentara-a-georgia-por-la-copa-davis\/"]}]},{"@type":"ImageObject","inLanguage":"es","@id":"https:\/\/www.eldiario.net\/portal\/2023\/01\/26\/una-joven-seleccion-enfrentara-a-georgia-por-la-copa-davis\/#primaryimage","url":"","contentUrl":""},{"@type":"BreadcrumbList","@id":"https:\/\/www.eldiario.net\/portal\/2023\/01\/26\/una-joven-seleccion-enfrentara-a-georgia-por-la-copa-davis\/#breadcrumb","itemListElement":[{"@type":"ListItem","position":1,"name":"Portada","item":"https:\/\/www.eldiario.net\/portal\/"},{"@type":"ListItem","position":2,"name":"Una joven selecci\u00f3n enfrentar\u00e1 a Georgia por la Copa Davis"}]},{"@type":"WebSite","@id":"https:\/\/www.eldiario.net\/portal\/#website","url":"https:\/\/www.eldiario.net\/portal\/","name":"El Diario - Decano de la prensa nacional","description":"El Diario - Decano de la prensa nacional","publisher":{"@id":"https:\/\/www.eldiario.net\/portal\/#organization"},"potentialAction":[{"@type":"SearchAction","target":{"@type":"EntryPoint","urlTemplate":"https:\/\/www.eldiario.net\/portal\/?s={search_term_string}"},"query-input":{"@type":"PropertyValueSpecification","valueRequired":true,"valueName":"search_term_string"}}],"inLanguage":"es"},{"@type":"Organization","@id":"https:\/\/www.eldiario.net\/portal\/#organization","name":"El Diario - Decano de la prensa nacional","url":"https:\/\/www.eldiario.net\/portal\/","logo":{"@type":"ImageObject","inLanguage":"es","@id":"https:\/\/www.eldiario.net\/portal\/#\/schema\/logo\/image\/","url":"https:\/\/www.eldiario.net\/portal\/wp-content\/uploads\/2023\/07\/logo_ED.jpg","contentUrl":"https:\/\/www.eldiario.net\/portal\/wp-content\/uploads\/2023\/07\/logo_ED.jpg","width":272,"height":52,"caption":"El Diario - Decano de la prensa nacional"},"image":{"@id":"https:\/\/www.eldiario.net\/portal\/#\/schema\/logo\/image\/"},"sameAs":["https:\/\/www.facebook.com\/eldiario.bolivia\/","https:\/\/x.com\/eldiario_net"]},{"@type":"Person","@id":"https:\/\/www.eldiario.net\/portal\/#\/schema\/person\/f46445640444750d7d753ccd04ae01b7","name":"Jeanette","image":{"@type":"ImageObject","inLanguage":"es","@id":"https:\/\/secure.gravatar.com\/avatar\/3ea2118a5f7dad2b7138b1187a6b7ee55f160b9968b66013c3a3ef39dd7e5798?s=96&d=mm&r=g","url":"https:\/\/secure.gravatar.com\/avatar\/3ea2118a5f7dad2b7138b1187a6b7ee55f160b9968b66013c3a3ef39dd7e5798?s=96&d=mm&r=g","contentUrl":"https:\/\/secure.gravatar.com\/avatar\/3ea2118a5f7dad2b7138b1187a6b7ee55f160b9968b66013c3a3ef39dd7e5798?s=96&d=mm&r=g","caption":"Jeanette"},"sameAs":["https:\/\/www.eldiario.net\/portal"],"url":"https:\/\/www.eldiario.net\/portal\/author\/jeanette\/"}]}},"_links":{"self":[{"href":"https:\/\/www.eldiario.net\/portal\/wp-json\/wp\/v2\/posts\/134934","targetHints":{"allow":["GET"]}}],"collection":[{"href":"https:\/\/www.eldiario.net\/portal\/wp-json\/wp\/v2\/posts"}],"about":[{"href":"https:\/\/www.eldiario.net\/portal\/wp-json\/wp\/v2\/types\/post"}],"author":[{"embeddable":true,"href":"https:\/\/www.eldiario.net\/portal\/wp-json\/wp\/v2\/users\/1"}],"replies":[{"embeddable":true,"href":"https:\/\/www.eldiario.net\/portal\/wp-json\/wp\/v2\/comments?post=134934"}],"version-history":[{"count":0,"href":"https:\/\/www.eldiario.net\/portal\/wp-json\/wp\/v2\/posts\/134934\/revisions"}],"wp:attachment":[{"href":"https:\/\/www.eldiario.net\/portal\/wp-json\/wp\/v2\/media?parent=134934"}],"wp:term":[{"taxonomy":"category","embeddable":true,"href":"https:\/\/www.eldiario.net\/portal\/wp-json\/wp\/v2\/categories?post=134934"},{"taxonomy":"post_tag","embeddable":true,"href":"https:\/\/www.eldiario.net\/portal\/wp-json\/wp\/v2\/tags?post=134934"}],"curies":[{"name":"wp","href":"https:\/\/api.w.org\/{rel}","templated":true}]}}