{"id":134928,"date":"2023-01-26T06:30:33","date_gmt":"2023-01-26T10:30:33","guid":{"rendered":"https:\/\/www.eldiario.net\/portal\/?p=134928"},"modified":"2023-01-26T06:30:33","modified_gmt":"2023-01-26T10:30:33","slug":"cabildo-nacional-coindice-en-iniciar-proceso-revocatorio-contra-luis-arce","status":"publish","type":"post","link":"https:\/\/www.eldiario.net\/portal\/2023\/01\/26\/cabildo-nacional-coindice-en-iniciar-proceso-revocatorio-contra-luis-arce\/","title":{"rendered":"Cabildo Nacional coindice en iniciar proceso revocatorio contra Luis Arce"},"content":{"rendered":"<p>Impulsar un proceso revocatorio contra el presidente del Estado, Luis Arce Catacora, si es que no se liberan a los presos pol\u00edticos, que Gobierno de fin a la persecuci\u00f3n contra c\u00edvicos y opositores, adem\u00e1s de una urgente reforma a la justicia, figuran entre los principales pedidos del Cabildo Nacional por la Libertad realizado ayer en las capitales de departamento.<\/p>\n<p>En las nueve capitales del departamento hubo consultas que coincidentemente fueron planteadas, aunque tambi\u00e9n se formularon preguntas ligadas a las demandas que tiene cada departamento.<\/p>\n<p>La reforma judicial, una demanda que ha sido planteada desde hace varios meses fue una de las protagonistas. En todos los departamentos se cuestion\u00f3 al sistema encargado de impartir justicia en Bolivia.<\/p>\n<p>En La Paz, Oruro, Cochabamba, Beni, Pando, Tarija y Chuquisaca, se replic\u00f3 esta demanda y al un\u00edsono, en los nueve departamentos se aprob\u00f3 exigir cambios.<\/p>\n<p>Otra consulta de car\u00e1cter nacional estuvo vinculada a los \u201cpresos pol\u00edticos\u201d. Pr\u00e1cticamente todos los departamentos reclamaron que sus dirigentes opositores al Gobierno han sido encarcelados o en otros casos, est\u00e1n siendo procesados por la justicia.<\/p>\n<p>Los representantes de las plataformas ciudadanas en La Paz criticaron la vulneraci\u00f3n a la Constituci\u00f3n. Tambi\u00e9n asisti\u00f3 al Cabildo Nacional en La Paz, Carolina Ribera, la hija de la expresidenta del Estado, Jeanine A\u00f1ez Ch\u00e1vez, quien ley\u00f3 una carta de su madre para el encuentro.<\/p>\n<p>En Santa Cruz, el presidente del Comit\u00e9 pro Santa Cruz, R\u00f3mulo Calvo, fustig\u00f3 al gobierno de Arce Catacora y adem\u00e1s dio todo su apoyo al gobernador de ese departamento, Luis Fernando Camacho.<\/p>\n<p>Asimismo, se aprob\u00f3 las seis consultas que fueron planteadas por el Comit\u00e9 pro Santa Cruz, al menos tres de ellas atienden demandas de car\u00e1cter nacional y las otras tres surgen ante demandas m\u00e1s regionales.<\/p>\n<p>Durante las consultas, Calvo present\u00f3 tambi\u00e9n proyectos de ley para que sean viabilizados en la Asamblea Legislativa Departamental, facilitando de esta manera acatar lo decidido en el Cabildo Nacional realizado en Santa Cruz.<\/p>\n<p>Las seis consultas planteadas y que fueron aprobadas en el Cabildo Nacional en Santa Cruz son:<\/p>\n<ol>\n<li>Creaci\u00f3n de una Guardia Departamental.<\/li>\n<li>Creaci\u00f3n del Defensor del Pueblo Departamental.<\/li>\n<li>Recolectar las firmas para la convocatoria a un refer\u00e9ndum que reforme la justicia.<\/li>\n<li>Presentar proyecto de Ley para que la Asamblea Departamental pueda elegir los candidatos a autoridades judiciales.<\/li>\n<li>Exigir una ley de amnist\u00eda para la liberaci\u00f3n de los presos pol\u00edticos, de no aprobarse en 30 d\u00edas iniciar un proceso revocatorio contra el presidente Luis Arce.<\/li>\n<li>Conformar un bloque opositor con un candidato \u00fanico para las elecciones de 2025.<\/li>\n<\/ol>\n<p>En Cochabamba cinco preguntas y tres acciones fueron planteadas y aprobadas durante. Entre la acci\u00f3n m\u00e1s importante est\u00e1 impulsar un revocatorio contra el presidente del Estado, Luis Arce Catacora, sino cesa la persecuci\u00f3n pol\u00edtica que propicia su gobierno.<\/p>\n<p>El activista, Alejandro Quisberth, activista ley\u00f3 las preguntas y se\u00f1al\u00f3: \u201cQuiero aclarar que las preguntas han sido elaboradas en coordinaci\u00f3n nacional, han venido por parte de la coordinadora de justicia\u201d.<\/p>\n<p>\u201cYa no queremos m\u00e1s cabildos que sean solo de discursos y de promesas y preguntas, queremos un cabildo con acciones\u201d, agreg\u00f3 Quisberth.<\/p>\n<p>El Comit\u00e9 C\u00edvico Potosinista (Comcipo), por su parte, exigi\u00f3 al Gobierno la promulgaci\u00f3n de la Ley del Litio y exigi\u00f3 un juicio de responsabilidades para Evo Morales. (El Diario y agencias)<\/p>\n<p>M\u00c1S INFORMACI\u00d3N: LA PAZ-NACIONAL<\/p>\n\n","protected":false},"excerpt":{"rendered":"<p>Impulsar un proceso revocatorio contra el presidente del Estado, Luis Arce Catacora, si es que no se liberan a los presos pol\u00edticos, que Gobierno de fin a la persecuci\u00f3n contra c\u00edvicos y opositores, adem\u00e1s de una urgente reforma a la justicia, figuran entre los principales pedidos del Cabildo Nacional por la Libertad realizado ayer en [&hellip;]<\/p>\n","protected":false},"author":1,"featured_media":134929,"comment_status":"closed","ping_status":"closed","sticky":false,"template":"","format":"standard","meta":{"_acf_changed":false,"footnotes":""},"categories":[17],"tags":[],"class_list":["post-134928","post","type-post","status-publish","format-standard","has-post-thumbnail","category-principal"],"acf":{"antetitulo":""},"yoast_head":"<!-- This site is optimized with the Yoast SEO plugin v28.3 - https:\/\/yoast.com\/product\/yoast-seo-wordpress\/ -->\n<title>Cabildo Nacional coindice en iniciar proceso revocatorio contra Luis Arce - El Diario - Bolivia<\/title>\n<meta name=\"robots\" content=\"index, follow, max-snippet:-1, max-image-preview:large, max-video-preview:-1\" \/>\n<link rel=\"canonical\" href=\"https:\/\/www.eldiario.net\/portal\/2023\/01\/26\/cabildo-nacional-coindice-en-iniciar-proceso-revocatorio-contra-luis-arce\/\" \/>\n<meta property=\"og:locale\" content=\"es_ES\" \/>\n<meta property=\"og:type\" content=\"article\" \/>\n<meta property=\"og:title\" content=\"Cabildo Nacional coindice en iniciar proceso revocatorio contra Luis Arce - El Diario - Bolivia\" \/>\n<meta property=\"og:description\" content=\"Impulsar un proceso revocatorio contra el presidente del Estado, Luis Arce Catacora, si es que no se liberan a los presos pol\u00edticos, que Gobierno de fin a la persecuci\u00f3n contra c\u00edvicos y opositores, adem\u00e1s de una urgente reforma a la justicia, figuran entre los principales pedidos del Cabildo Nacional por la Libertad realizado ayer en [&hellip;]\" \/>\n<meta property=\"og:url\" content=\"https:\/\/www.eldiario.net\/portal\/2023\/01\/26\/cabildo-nacional-coindice-en-iniciar-proceso-revocatorio-contra-luis-arce\/\" \/>\n<meta property=\"og:site_name\" content=\"El Diario - Bolivia\" \/>\n<meta property=\"article:publisher\" content=\"https:\/\/www.facebook.com\/eldiario.bolivia\/\" \/>\n<meta property=\"article:published_time\" content=\"2023-01-26T10:30:33+00:00\" \/>\n<meta name=\"author\" content=\"Jeanette\" \/>\n<meta name=\"twitter:card\" content=\"summary_large_image\" \/>\n<meta name=\"twitter:creator\" content=\"@eldiario_net\" \/>\n<meta name=\"twitter:site\" content=\"@eldiario_net\" \/>\n<meta name=\"twitter:label1\" content=\"Escrito por\" \/>\n\t<meta name=\"twitter:data1\" content=\"Jeanette\" \/>\n\t<meta name=\"twitter:label2\" content=\"Tiempo de lectura\" \/>\n\t<meta name=\"twitter:data2\" content=\"3 minutos\" \/>\n<script type=\"application\/ld+json\" class=\"yoast-schema-graph\">{\"@context\":\"https:\\\/\\\/schema.org\",\"@graph\":[{\"@type\":\"Article\",\"@id\":\"https:\\\/\\\/www.eldiario.net\\\/portal\\\/2023\\\/01\\\/26\\\/cabildo-nacional-coindice-en-iniciar-proceso-revocatorio-contra-luis-arce\\\/#article\",\"isPartOf\":{\"@id\":\"https:\\\/\\\/www.eldiario.net\\\/portal\\\/2023\\\/01\\\/26\\\/cabildo-nacional-coindice-en-iniciar-proceso-revocatorio-contra-luis-arce\\\/\"},\"author\":{\"name\":\"Jeanette\",\"@id\":\"https:\\\/\\\/www.eldiario.net\\\/portal\\\/#\\\/schema\\\/person\\\/f46445640444750d7d753ccd04ae01b7\"},\"headline\":\"Cabildo Nacional coindice en iniciar proceso revocatorio contra Luis Arce\",\"datePublished\":\"2023-01-26T10:30:33+00:00\",\"mainEntityOfPage\":{\"@id\":\"https:\\\/\\\/www.eldiario.net\\\/portal\\\/2023\\\/01\\\/26\\\/cabildo-nacional-coindice-en-iniciar-proceso-revocatorio-contra-luis-arce\\\/\"},\"wordCount\":591,\"publisher\":{\"@id\":\"https:\\\/\\\/www.eldiario.net\\\/portal\\\/#organization\"},\"image\":{\"@id\":\"https:\\\/\\\/www.eldiario.net\\\/portal\\\/2023\\\/01\\\/26\\\/cabildo-nacional-coindice-en-iniciar-proceso-revocatorio-contra-luis-arce\\\/#primaryimage\"},\"thumbnailUrl\":\"\",\"articleSection\":[\"Principal\"],\"inLanguage\":\"es\"},{\"@type\":\"WebPage\",\"@id\":\"https:\\\/\\\/www.eldiario.net\\\/portal\\\/2023\\\/01\\\/26\\\/cabildo-nacional-coindice-en-iniciar-proceso-revocatorio-contra-luis-arce\\\/\",\"url\":\"https:\\\/\\\/www.eldiario.net\\\/portal\\\/2023\\\/01\\\/26\\\/cabildo-nacional-coindice-en-iniciar-proceso-revocatorio-contra-luis-arce\\\/\",\"name\":\"Cabildo Nacional coindice en iniciar proceso revocatorio contra Luis Arce - El Diario - Bolivia\",\"isPartOf\":{\"@id\":\"https:\\\/\\\/www.eldiario.net\\\/portal\\\/#website\"},\"primaryImageOfPage\":{\"@id\":\"https:\\\/\\\/www.eldiario.net\\\/portal\\\/2023\\\/01\\\/26\\\/cabildo-nacional-coindice-en-iniciar-proceso-revocatorio-contra-luis-arce\\\/#primaryimage\"},\"image\":{\"@id\":\"https:\\\/\\\/www.eldiario.net\\\/portal\\\/2023\\\/01\\\/26\\\/cabildo-nacional-coindice-en-iniciar-proceso-revocatorio-contra-luis-arce\\\/#primaryimage\"},\"thumbnailUrl\":\"\",\"datePublished\":\"2023-01-26T10:30:33+00:00\",\"breadcrumb\":{\"@id\":\"https:\\\/\\\/www.eldiario.net\\\/portal\\\/2023\\\/01\\\/26\\\/cabildo-nacional-coindice-en-iniciar-proceso-revocatorio-contra-luis-arce\\\/#breadcrumb\"},\"inLanguage\":\"es\",\"potentialAction\":[{\"@type\":\"ReadAction\",\"target\":[\"https:\\\/\\\/www.eldiario.net\\\/portal\\\/2023\\\/01\\\/26\\\/cabildo-nacional-coindice-en-iniciar-proceso-revocatorio-contra-luis-arce\\\/\"]}]},{\"@type\":\"ImageObject\",\"inLanguage\":\"es\",\"@id\":\"https:\\\/\\\/www.eldiario.net\\\/portal\\\/2023\\\/01\\\/26\\\/cabildo-nacional-coindice-en-iniciar-proceso-revocatorio-contra-luis-arce\\\/#primaryimage\",\"url\":\"\",\"contentUrl\":\"\"},{\"@type\":\"BreadcrumbList\",\"@id\":\"https:\\\/\\\/www.eldiario.net\\\/portal\\\/2023\\\/01\\\/26\\\/cabildo-nacional-coindice-en-iniciar-proceso-revocatorio-contra-luis-arce\\\/#breadcrumb\",\"itemListElement\":[{\"@type\":\"ListItem\",\"position\":1,\"name\":\"Portada\",\"item\":\"https:\\\/\\\/www.eldiario.net\\\/portal\\\/\"},{\"@type\":\"ListItem\",\"position\":2,\"name\":\"Cabildo Nacional coindice en iniciar proceso revocatorio contra Luis Arce\"}]},{\"@type\":\"WebSite\",\"@id\":\"https:\\\/\\\/www.eldiario.net\\\/portal\\\/#website\",\"url\":\"https:\\\/\\\/www.eldiario.net\\\/portal\\\/\",\"name\":\"El Diario - Decano de la prensa nacional\",\"description\":\"El Diario - Decano de la prensa nacional\",\"publisher\":{\"@id\":\"https:\\\/\\\/www.eldiario.net\\\/portal\\\/#organization\"},\"potentialAction\":[{\"@type\":\"SearchAction\",\"target\":{\"@type\":\"EntryPoint\",\"urlTemplate\":\"https:\\\/\\\/www.eldiario.net\\\/portal\\\/?s={search_term_string}\"},\"query-input\":{\"@type\":\"PropertyValueSpecification\",\"valueRequired\":true,\"valueName\":\"search_term_string\"}}],\"inLanguage\":\"es\"},{\"@type\":\"Organization\",\"@id\":\"https:\\\/\\\/www.eldiario.net\\\/portal\\\/#organization\",\"name\":\"El Diario - Decano de la prensa nacional\",\"url\":\"https:\\\/\\\/www.eldiario.net\\\/portal\\\/\",\"logo\":{\"@type\":\"ImageObject\",\"inLanguage\":\"es\",\"@id\":\"https:\\\/\\\/www.eldiario.net\\\/portal\\\/#\\\/schema\\\/logo\\\/image\\\/\",\"url\":\"https:\\\/\\\/www.eldiario.net\\\/portal\\\/wp-content\\\/uploads\\\/2023\\\/07\\\/logo_ED.jpg\",\"contentUrl\":\"https:\\\/\\\/www.eldiario.net\\\/portal\\\/wp-content\\\/uploads\\\/2023\\\/07\\\/logo_ED.jpg\",\"width\":272,\"height\":52,\"caption\":\"El Diario - Decano de la prensa nacional\"},\"image\":{\"@id\":\"https:\\\/\\\/www.eldiario.net\\\/portal\\\/#\\\/schema\\\/logo\\\/image\\\/\"},\"sameAs\":[\"https:\\\/\\\/www.facebook.com\\\/eldiario.bolivia\\\/\",\"https:\\\/\\\/x.com\\\/eldiario_net\"]},{\"@type\":\"Person\",\"@id\":\"https:\\\/\\\/www.eldiario.net\\\/portal\\\/#\\\/schema\\\/person\\\/f46445640444750d7d753ccd04ae01b7\",\"name\":\"Jeanette\",\"image\":{\"@type\":\"ImageObject\",\"inLanguage\":\"es\",\"@id\":\"https:\\\/\\\/secure.gravatar.com\\\/avatar\\\/3ea2118a5f7dad2b7138b1187a6b7ee55f160b9968b66013c3a3ef39dd7e5798?s=96&d=mm&r=g\",\"url\":\"https:\\\/\\\/secure.gravatar.com\\\/avatar\\\/3ea2118a5f7dad2b7138b1187a6b7ee55f160b9968b66013c3a3ef39dd7e5798?s=96&d=mm&r=g\",\"contentUrl\":\"https:\\\/\\\/secure.gravatar.com\\\/avatar\\\/3ea2118a5f7dad2b7138b1187a6b7ee55f160b9968b66013c3a3ef39dd7e5798?s=96&d=mm&r=g\",\"caption\":\"Jeanette\"},\"sameAs\":[\"https:\\\/\\\/www.eldiario.net\\\/portal\"],\"url\":\"https:\\\/\\\/www.eldiario.net\\\/portal\\\/author\\\/jeanette\\\/\"}]}<\/script>\n<!-- \/ Yoast SEO plugin. -->","yoast_head_json":{"title":"Cabildo Nacional coindice en iniciar proceso revocatorio contra Luis Arce - El Diario - Bolivia","robots":{"index":"index","follow":"follow","max-snippet":"max-snippet:-1","max-image-preview":"max-image-preview:large","max-video-preview":"max-video-preview:-1"},"canonical":"https:\/\/www.eldiario.net\/portal\/2023\/01\/26\/cabildo-nacional-coindice-en-iniciar-proceso-revocatorio-contra-luis-arce\/","og_locale":"es_ES","og_type":"article","og_title":"Cabildo Nacional coindice en iniciar proceso revocatorio contra Luis Arce - El Diario - Bolivia","og_description":"Impulsar un proceso revocatorio contra el presidente del Estado, Luis Arce Catacora, si es que no se liberan a los presos pol\u00edticos, que Gobierno de fin a la persecuci\u00f3n contra c\u00edvicos y opositores, adem\u00e1s de una urgente reforma a la justicia, figuran entre los principales pedidos del Cabildo Nacional por la Libertad realizado ayer en [&hellip;]","og_url":"https:\/\/www.eldiario.net\/portal\/2023\/01\/26\/cabildo-nacional-coindice-en-iniciar-proceso-revocatorio-contra-luis-arce\/","og_site_name":"El Diario - Bolivia","article_publisher":"https:\/\/www.facebook.com\/eldiario.bolivia\/","article_published_time":"2023-01-26T10:30:33+00:00","author":"Jeanette","twitter_card":"summary_large_image","twitter_creator":"@eldiario_net","twitter_site":"@eldiario_net","twitter_misc":{"Escrito por":"Jeanette","Tiempo de lectura":"3 minutos"},"schema":{"@context":"https:\/\/schema.org","@graph":[{"@type":"Article","@id":"https:\/\/www.eldiario.net\/portal\/2023\/01\/26\/cabildo-nacional-coindice-en-iniciar-proceso-revocatorio-contra-luis-arce\/#article","isPartOf":{"@id":"https:\/\/www.eldiario.net\/portal\/2023\/01\/26\/cabildo-nacional-coindice-en-iniciar-proceso-revocatorio-contra-luis-arce\/"},"author":{"name":"Jeanette","@id":"https:\/\/www.eldiario.net\/portal\/#\/schema\/person\/f46445640444750d7d753ccd04ae01b7"},"headline":"Cabildo Nacional coindice en iniciar proceso revocatorio contra Luis Arce","datePublished":"2023-01-26T10:30:33+00:00","mainEntityOfPage":{"@id":"https:\/\/www.eldiario.net\/portal\/2023\/01\/26\/cabildo-nacional-coindice-en-iniciar-proceso-revocatorio-contra-luis-arce\/"},"wordCount":591,"publisher":{"@id":"https:\/\/www.eldiario.net\/portal\/#organization"},"image":{"@id":"https:\/\/www.eldiario.net\/portal\/2023\/01\/26\/cabildo-nacional-coindice-en-iniciar-proceso-revocatorio-contra-luis-arce\/#primaryimage"},"thumbnailUrl":"","articleSection":["Principal"],"inLanguage":"es"},{"@type":"WebPage","@id":"https:\/\/www.eldiario.net\/portal\/2023\/01\/26\/cabildo-nacional-coindice-en-iniciar-proceso-revocatorio-contra-luis-arce\/","url":"https:\/\/www.eldiario.net\/portal\/2023\/01\/26\/cabildo-nacional-coindice-en-iniciar-proceso-revocatorio-contra-luis-arce\/","name":"Cabildo Nacional coindice en iniciar proceso revocatorio contra Luis Arce - El Diario - Bolivia","isPartOf":{"@id":"https:\/\/www.eldiario.net\/portal\/#website"},"primaryImageOfPage":{"@id":"https:\/\/www.eldiario.net\/portal\/2023\/01\/26\/cabildo-nacional-coindice-en-iniciar-proceso-revocatorio-contra-luis-arce\/#primaryimage"},"image":{"@id":"https:\/\/www.eldiario.net\/portal\/2023\/01\/26\/cabildo-nacional-coindice-en-iniciar-proceso-revocatorio-contra-luis-arce\/#primaryimage"},"thumbnailUrl":"","datePublished":"2023-01-26T10:30:33+00:00","breadcrumb":{"@id":"https:\/\/www.eldiario.net\/portal\/2023\/01\/26\/cabildo-nacional-coindice-en-iniciar-proceso-revocatorio-contra-luis-arce\/#breadcrumb"},"inLanguage":"es","potentialAction":[{"@type":"ReadAction","target":["https:\/\/www.eldiario.net\/portal\/2023\/01\/26\/cabildo-nacional-coindice-en-iniciar-proceso-revocatorio-contra-luis-arce\/"]}]},{"@type":"ImageObject","inLanguage":"es","@id":"https:\/\/www.eldiario.net\/portal\/2023\/01\/26\/cabildo-nacional-coindice-en-iniciar-proceso-revocatorio-contra-luis-arce\/#primaryimage","url":"","contentUrl":""},{"@type":"BreadcrumbList","@id":"https:\/\/www.eldiario.net\/portal\/2023\/01\/26\/cabildo-nacional-coindice-en-iniciar-proceso-revocatorio-contra-luis-arce\/#breadcrumb","itemListElement":[{"@type":"ListItem","position":1,"name":"Portada","item":"https:\/\/www.eldiario.net\/portal\/"},{"@type":"ListItem","position":2,"name":"Cabildo Nacional coindice en iniciar proceso revocatorio contra Luis Arce"}]},{"@type":"WebSite","@id":"https:\/\/www.eldiario.net\/portal\/#website","url":"https:\/\/www.eldiario.net\/portal\/","name":"El Diario - Decano de la prensa nacional","description":"El Diario - Decano de la prensa nacional","publisher":{"@id":"https:\/\/www.eldiario.net\/portal\/#organization"},"potentialAction":[{"@type":"SearchAction","target":{"@type":"EntryPoint","urlTemplate":"https:\/\/www.eldiario.net\/portal\/?s={search_term_string}"},"query-input":{"@type":"PropertyValueSpecification","valueRequired":true,"valueName":"search_term_string"}}],"inLanguage":"es"},{"@type":"Organization","@id":"https:\/\/www.eldiario.net\/portal\/#organization","name":"El Diario - Decano de la prensa nacional","url":"https:\/\/www.eldiario.net\/portal\/","logo":{"@type":"ImageObject","inLanguage":"es","@id":"https:\/\/www.eldiario.net\/portal\/#\/schema\/logo\/image\/","url":"https:\/\/www.eldiario.net\/portal\/wp-content\/uploads\/2023\/07\/logo_ED.jpg","contentUrl":"https:\/\/www.eldiario.net\/portal\/wp-content\/uploads\/2023\/07\/logo_ED.jpg","width":272,"height":52,"caption":"El Diario - Decano de la prensa nacional"},"image":{"@id":"https:\/\/www.eldiario.net\/portal\/#\/schema\/logo\/image\/"},"sameAs":["https:\/\/www.facebook.com\/eldiario.bolivia\/","https:\/\/x.com\/eldiario_net"]},{"@type":"Person","@id":"https:\/\/www.eldiario.net\/portal\/#\/schema\/person\/f46445640444750d7d753ccd04ae01b7","name":"Jeanette","image":{"@type":"ImageObject","inLanguage":"es","@id":"https:\/\/secure.gravatar.com\/avatar\/3ea2118a5f7dad2b7138b1187a6b7ee55f160b9968b66013c3a3ef39dd7e5798?s=96&d=mm&r=g","url":"https:\/\/secure.gravatar.com\/avatar\/3ea2118a5f7dad2b7138b1187a6b7ee55f160b9968b66013c3a3ef39dd7e5798?s=96&d=mm&r=g","contentUrl":"https:\/\/secure.gravatar.com\/avatar\/3ea2118a5f7dad2b7138b1187a6b7ee55f160b9968b66013c3a3ef39dd7e5798?s=96&d=mm&r=g","caption":"Jeanette"},"sameAs":["https:\/\/www.eldiario.net\/portal"],"url":"https:\/\/www.eldiario.net\/portal\/author\/jeanette\/"}]}},"_links":{"self":[{"href":"https:\/\/www.eldiario.net\/portal\/wp-json\/wp\/v2\/posts\/134928","targetHints":{"allow":["GET"]}}],"collection":[{"href":"https:\/\/www.eldiario.net\/portal\/wp-json\/wp\/v2\/posts"}],"about":[{"href":"https:\/\/www.eldiario.net\/portal\/wp-json\/wp\/v2\/types\/post"}],"author":[{"embeddable":true,"href":"https:\/\/www.eldiario.net\/portal\/wp-json\/wp\/v2\/users\/1"}],"replies":[{"embeddable":true,"href":"https:\/\/www.eldiario.net\/portal\/wp-json\/wp\/v2\/comments?post=134928"}],"version-history":[{"count":0,"href":"https:\/\/www.eldiario.net\/portal\/wp-json\/wp\/v2\/posts\/134928\/revisions"}],"wp:attachment":[{"href":"https:\/\/www.eldiario.net\/portal\/wp-json\/wp\/v2\/media?parent=134928"}],"wp:term":[{"taxonomy":"category","embeddable":true,"href":"https:\/\/www.eldiario.net\/portal\/wp-json\/wp\/v2\/categories?post=134928"},{"taxonomy":"post_tag","embeddable":true,"href":"https:\/\/www.eldiario.net\/portal\/wp-json\/wp\/v2\/tags?post=134928"}],"curies":[{"name":"wp","href":"https:\/\/api.w.org\/{rel}","templated":true}]}}