{"id":134925,"date":"2023-01-26T06:28:42","date_gmt":"2023-01-26T10:28:42","guid":{"rendered":"https:\/\/www.eldiario.net\/portal\/?p=134925"},"modified":"2023-01-26T06:28:42","modified_gmt":"2023-01-26T10:28:42","slug":"expresidentes-tildan-de-nefasto-desconocimiento-de-la-constitucion-por-juicio-ordinario-a-anez","status":"publish","type":"post","link":"https:\/\/www.eldiario.net\/portal\/2023\/01\/26\/expresidentes-tildan-de-nefasto-desconocimiento-de-la-constitucion-por-juicio-ordinario-a-anez\/","title":{"rendered":"Expresidentes tildan de nefasto desconocimiento  de la Constituci\u00f3n por juicio ordinario a A\u00f1ez"},"content":{"rendered":"<p>Los expresidentes Carlos Mesa, Jorge Tuto Quiroga y Eduardo Rodr\u00edguez calificaron de nefasto e hist\u00f3rico el desconocimiento y vulneraci\u00f3n de la Constituci\u00f3n, luego que un juez de El Alto decidi\u00f3 que la expresidenta Jeanine A\u00f1ez sea juzgada en un juicio ordinario y no por juicio de responsabilidades.<\/p>\n<p>El expresidente de Bolivia y l\u00edder de Comunidad Ciudadana, Carlos Mesa, calific\u00f3 de hechos \u201cnefastos\u201d que los \u201cjueces masistas\u201d violen la Constituci\u00f3n, en relaci\u00f3n al juicio ordinario contra la expresidenta Jeanine A\u00f1ez, adem\u00e1s de mantener la reelecci\u00f3n indefinida.<\/p>\n<p>\u201cLa decisi\u00f3n de jueces masistas de violar la CPE con un juicio ordinario a la expresidenta A\u00f1ez y el mantenimiento de la reelecci\u00f3n indefinida, son hechos nefastos que muestran desprecio por acuerdos internacionales y nos convierte en un Estado fuera de la ley. Hemos tocado fondo\u201d, opin\u00f3 Mesa desde su red social Twitter.<\/p>\n<p>El pasado martes un juez de la ciudad de El Alto decidi\u00f3 declararse competente para enjuiciar a la expresidenta en un juicio ordinario por el caso Senkata.<\/p>\n<p>La decisi\u00f3n judicial se realiz\u00f3 pese a que en la Asamblea Legislativa Plurinacional radica cuatro proposiciones acusatorias contra la exmandataria. A\u00f1ez ejerci\u00f3 la presidencia entre noviembre de 2019 y 2020, durante un a\u00f1o.<\/p>\n<p>El fiscal general del Estado, Juan Lanchipa, reconoci\u00f3 impl\u00edcitamente que A\u00f1ez fue presidenta, en ese marco recurri\u00f3 a la Ley 044 para plantear las proposiciones acusatorias, incluso pasaron el filtro del Tribunal Supremo de Justicia.<\/p>\n<p>&nbsp;<\/p>\n<p>El expresidente Eduardo Rodr\u00edguez tambi\u00e9n se pronunci\u00f3 en su red social: \u201cHist\u00f3rico\u201d desconocimiento y vulneraci\u00f3n abierta de la Constituci\u00f3n. Desprecio por las v\u00edctimas desde 2019\u201d.<\/p>\n<p>Adem\u00e1s, el exmandatario de Bolivia Jorge Tuto Quiroga tildo de \u201cprevaricador\u201d al juez que rechaz\u00f3 el juicio de responsabilidades a la exmandataria.<\/p>\n<p>\u201cDurante visita @CIDH a #Bolivia un cuestionado juez prevaricador rechaza juicio de responsabilidades a @JeanineAnez, usurpa potestades de ALP, TSJ y FGral, desconoce juez natural y niega justicia a v\u00edctimas con proceso nulo. Desconocer Presidencia de A\u00f1ez invalida informe GIEI\u201d, se manifest\u00f3 el expresidente.<\/p>\n<p>Pese a la Ley 044 el ministro de Justicia, Iv\u00e1n Lima, ayer calific\u00f3 de \u00abhist\u00f3rica\u00bb la decisi\u00f3n del juez que declar\u00f3 que tiene competencia para juzgar a la expresidenta detenida desde el mes de marzo de 2021 en el penal de Miraflores.<\/p>\n<p>\u201cLo que ha ocurrido el d\u00eda de ayer (martes) me parece que es un hecho hist\u00f3rico. La justicia boliviana, a trav\u00e9s del juez primero Cautelar Penal de El Alto, ha determinado que es competente para conocer el caso de la masacre de Senkata con relaci\u00f3n a la exsenadora A\u00f1ez y ha notificado al Tribunal Supremo para que le remita todos los antecedentes del proceso del juicio de responsabilidades que se tramitaba ante la Asamblea Legislativa\u201d, sostuvo Lima. (ANF)<\/p>\n","protected":false},"excerpt":{"rendered":"<p>Los expresidentes Carlos Mesa, Jorge Tuto Quiroga y Eduardo Rodr\u00edguez calificaron de nefasto e hist\u00f3rico el desconocimiento y vulneraci\u00f3n de la Constituci\u00f3n, luego que un juez de El Alto decidi\u00f3 que la expresidenta Jeanine A\u00f1ez sea juzgada en un juicio ordinario y no por juicio de responsabilidades. El expresidente de Bolivia y l\u00edder de Comunidad [&hellip;]<\/p>\n","protected":false},"author":1,"featured_media":134926,"comment_status":"closed","ping_status":"closed","sticky":false,"template":"","format":"standard","meta":{"_acf_changed":false,"footnotes":""},"categories":[15],"tags":[],"class_list":["post-134925","post","type-post","status-publish","format-standard","has-post-thumbnail","category-portada"],"acf":{"antetitulo":""},"yoast_head":"<!-- This site is optimized with the Yoast SEO plugin v28.3 - https:\/\/yoast.com\/product\/yoast-seo-wordpress\/ -->\n<title>Expresidentes tildan de nefasto desconocimiento de la Constituci\u00f3n por juicio ordinario a A\u00f1ez - El Diario - Bolivia<\/title>\n<meta name=\"robots\" content=\"index, follow, max-snippet:-1, max-image-preview:large, max-video-preview:-1\" \/>\n<link rel=\"canonical\" href=\"https:\/\/www.eldiario.net\/portal\/2023\/01\/26\/expresidentes-tildan-de-nefasto-desconocimiento-de-la-constitucion-por-juicio-ordinario-a-anez\/\" \/>\n<meta property=\"og:locale\" content=\"es_ES\" \/>\n<meta property=\"og:type\" content=\"article\" \/>\n<meta property=\"og:title\" content=\"Expresidentes tildan de nefasto desconocimiento de la Constituci\u00f3n por juicio ordinario a A\u00f1ez - El Diario - Bolivia\" \/>\n<meta property=\"og:description\" content=\"Los expresidentes Carlos Mesa, Jorge Tuto Quiroga y Eduardo Rodr\u00edguez calificaron de nefasto e hist\u00f3rico el desconocimiento y vulneraci\u00f3n de la Constituci\u00f3n, luego que un juez de El Alto decidi\u00f3 que la expresidenta Jeanine A\u00f1ez sea juzgada en un juicio ordinario y no por juicio de responsabilidades. El expresidente de Bolivia y l\u00edder de Comunidad [&hellip;]\" \/>\n<meta property=\"og:url\" content=\"https:\/\/www.eldiario.net\/portal\/2023\/01\/26\/expresidentes-tildan-de-nefasto-desconocimiento-de-la-constitucion-por-juicio-ordinario-a-anez\/\" \/>\n<meta property=\"og:site_name\" content=\"El Diario - Bolivia\" \/>\n<meta property=\"article:publisher\" content=\"https:\/\/www.facebook.com\/eldiario.bolivia\/\" \/>\n<meta property=\"article:published_time\" content=\"2023-01-26T10:28:42+00:00\" \/>\n<meta name=\"author\" content=\"Jeanette\" \/>\n<meta name=\"twitter:card\" content=\"summary_large_image\" \/>\n<meta name=\"twitter:creator\" content=\"@eldiario_net\" \/>\n<meta name=\"twitter:site\" content=\"@eldiario_net\" \/>\n<meta name=\"twitter:label1\" content=\"Escrito por\" \/>\n\t<meta name=\"twitter:data1\" content=\"Jeanette\" \/>\n\t<meta name=\"twitter:label2\" content=\"Tiempo de lectura\" \/>\n\t<meta name=\"twitter:data2\" content=\"3 minutos\" \/>\n<script type=\"application\/ld+json\" class=\"yoast-schema-graph\">{\"@context\":\"https:\\\/\\\/schema.org\",\"@graph\":[{\"@type\":\"Article\",\"@id\":\"https:\\\/\\\/www.eldiario.net\\\/portal\\\/2023\\\/01\\\/26\\\/expresidentes-tildan-de-nefasto-desconocimiento-de-la-constitucion-por-juicio-ordinario-a-anez\\\/#article\",\"isPartOf\":{\"@id\":\"https:\\\/\\\/www.eldiario.net\\\/portal\\\/2023\\\/01\\\/26\\\/expresidentes-tildan-de-nefasto-desconocimiento-de-la-constitucion-por-juicio-ordinario-a-anez\\\/\"},\"author\":{\"name\":\"Jeanette\",\"@id\":\"https:\\\/\\\/www.eldiario.net\\\/portal\\\/#\\\/schema\\\/person\\\/f46445640444750d7d753ccd04ae01b7\"},\"headline\":\"Expresidentes tildan de nefasto desconocimiento de la Constituci\u00f3n por juicio ordinario a A\u00f1ez\",\"datePublished\":\"2023-01-26T10:28:42+00:00\",\"mainEntityOfPage\":{\"@id\":\"https:\\\/\\\/www.eldiario.net\\\/portal\\\/2023\\\/01\\\/26\\\/expresidentes-tildan-de-nefasto-desconocimiento-de-la-constitucion-por-juicio-ordinario-a-anez\\\/\"},\"wordCount\":490,\"publisher\":{\"@id\":\"https:\\\/\\\/www.eldiario.net\\\/portal\\\/#organization\"},\"image\":{\"@id\":\"https:\\\/\\\/www.eldiario.net\\\/portal\\\/2023\\\/01\\\/26\\\/expresidentes-tildan-de-nefasto-desconocimiento-de-la-constitucion-por-juicio-ordinario-a-anez\\\/#primaryimage\"},\"thumbnailUrl\":\"\",\"articleSection\":[\"Portada\"],\"inLanguage\":\"es\"},{\"@type\":\"WebPage\",\"@id\":\"https:\\\/\\\/www.eldiario.net\\\/portal\\\/2023\\\/01\\\/26\\\/expresidentes-tildan-de-nefasto-desconocimiento-de-la-constitucion-por-juicio-ordinario-a-anez\\\/\",\"url\":\"https:\\\/\\\/www.eldiario.net\\\/portal\\\/2023\\\/01\\\/26\\\/expresidentes-tildan-de-nefasto-desconocimiento-de-la-constitucion-por-juicio-ordinario-a-anez\\\/\",\"name\":\"Expresidentes tildan de nefasto desconocimiento de la Constituci\u00f3n por juicio ordinario a A\u00f1ez - El Diario - Bolivia\",\"isPartOf\":{\"@id\":\"https:\\\/\\\/www.eldiario.net\\\/portal\\\/#website\"},\"primaryImageOfPage\":{\"@id\":\"https:\\\/\\\/www.eldiario.net\\\/portal\\\/2023\\\/01\\\/26\\\/expresidentes-tildan-de-nefasto-desconocimiento-de-la-constitucion-por-juicio-ordinario-a-anez\\\/#primaryimage\"},\"image\":{\"@id\":\"https:\\\/\\\/www.eldiario.net\\\/portal\\\/2023\\\/01\\\/26\\\/expresidentes-tildan-de-nefasto-desconocimiento-de-la-constitucion-por-juicio-ordinario-a-anez\\\/#primaryimage\"},\"thumbnailUrl\":\"\",\"datePublished\":\"2023-01-26T10:28:42+00:00\",\"breadcrumb\":{\"@id\":\"https:\\\/\\\/www.eldiario.net\\\/portal\\\/2023\\\/01\\\/26\\\/expresidentes-tildan-de-nefasto-desconocimiento-de-la-constitucion-por-juicio-ordinario-a-anez\\\/#breadcrumb\"},\"inLanguage\":\"es\",\"potentialAction\":[{\"@type\":\"ReadAction\",\"target\":[\"https:\\\/\\\/www.eldiario.net\\\/portal\\\/2023\\\/01\\\/26\\\/expresidentes-tildan-de-nefasto-desconocimiento-de-la-constitucion-por-juicio-ordinario-a-anez\\\/\"]}]},{\"@type\":\"ImageObject\",\"inLanguage\":\"es\",\"@id\":\"https:\\\/\\\/www.eldiario.net\\\/portal\\\/2023\\\/01\\\/26\\\/expresidentes-tildan-de-nefasto-desconocimiento-de-la-constitucion-por-juicio-ordinario-a-anez\\\/#primaryimage\",\"url\":\"\",\"contentUrl\":\"\"},{\"@type\":\"BreadcrumbList\",\"@id\":\"https:\\\/\\\/www.eldiario.net\\\/portal\\\/2023\\\/01\\\/26\\\/expresidentes-tildan-de-nefasto-desconocimiento-de-la-constitucion-por-juicio-ordinario-a-anez\\\/#breadcrumb\",\"itemListElement\":[{\"@type\":\"ListItem\",\"position\":1,\"name\":\"Portada\",\"item\":\"https:\\\/\\\/www.eldiario.net\\\/portal\\\/\"},{\"@type\":\"ListItem\",\"position\":2,\"name\":\"Expresidentes tildan de nefasto desconocimiento de la Constituci\u00f3n por juicio ordinario a A\u00f1ez\"}]},{\"@type\":\"WebSite\",\"@id\":\"https:\\\/\\\/www.eldiario.net\\\/portal\\\/#website\",\"url\":\"https:\\\/\\\/www.eldiario.net\\\/portal\\\/\",\"name\":\"El Diario - Decano de la prensa nacional\",\"description\":\"El Diario - Decano de la prensa nacional\",\"publisher\":{\"@id\":\"https:\\\/\\\/www.eldiario.net\\\/portal\\\/#organization\"},\"potentialAction\":[{\"@type\":\"SearchAction\",\"target\":{\"@type\":\"EntryPoint\",\"urlTemplate\":\"https:\\\/\\\/www.eldiario.net\\\/portal\\\/?s={search_term_string}\"},\"query-input\":{\"@type\":\"PropertyValueSpecification\",\"valueRequired\":true,\"valueName\":\"search_term_string\"}}],\"inLanguage\":\"es\"},{\"@type\":\"Organization\",\"@id\":\"https:\\\/\\\/www.eldiario.net\\\/portal\\\/#organization\",\"name\":\"El Diario - Decano de la prensa nacional\",\"url\":\"https:\\\/\\\/www.eldiario.net\\\/portal\\\/\",\"logo\":{\"@type\":\"ImageObject\",\"inLanguage\":\"es\",\"@id\":\"https:\\\/\\\/www.eldiario.net\\\/portal\\\/#\\\/schema\\\/logo\\\/image\\\/\",\"url\":\"https:\\\/\\\/www.eldiario.net\\\/portal\\\/wp-content\\\/uploads\\\/2023\\\/07\\\/logo_ED.jpg\",\"contentUrl\":\"https:\\\/\\\/www.eldiario.net\\\/portal\\\/wp-content\\\/uploads\\\/2023\\\/07\\\/logo_ED.jpg\",\"width\":272,\"height\":52,\"caption\":\"El Diario - Decano de la prensa nacional\"},\"image\":{\"@id\":\"https:\\\/\\\/www.eldiario.net\\\/portal\\\/#\\\/schema\\\/logo\\\/image\\\/\"},\"sameAs\":[\"https:\\\/\\\/www.facebook.com\\\/eldiario.bolivia\\\/\",\"https:\\\/\\\/x.com\\\/eldiario_net\"]},{\"@type\":\"Person\",\"@id\":\"https:\\\/\\\/www.eldiario.net\\\/portal\\\/#\\\/schema\\\/person\\\/f46445640444750d7d753ccd04ae01b7\",\"name\":\"Jeanette\",\"image\":{\"@type\":\"ImageObject\",\"inLanguage\":\"es\",\"@id\":\"https:\\\/\\\/secure.gravatar.com\\\/avatar\\\/3ea2118a5f7dad2b7138b1187a6b7ee55f160b9968b66013c3a3ef39dd7e5798?s=96&d=mm&r=g\",\"url\":\"https:\\\/\\\/secure.gravatar.com\\\/avatar\\\/3ea2118a5f7dad2b7138b1187a6b7ee55f160b9968b66013c3a3ef39dd7e5798?s=96&d=mm&r=g\",\"contentUrl\":\"https:\\\/\\\/secure.gravatar.com\\\/avatar\\\/3ea2118a5f7dad2b7138b1187a6b7ee55f160b9968b66013c3a3ef39dd7e5798?s=96&d=mm&r=g\",\"caption\":\"Jeanette\"},\"sameAs\":[\"https:\\\/\\\/www.eldiario.net\\\/portal\"],\"url\":\"https:\\\/\\\/www.eldiario.net\\\/portal\\\/author\\\/jeanette\\\/\"}]}<\/script>\n<!-- \/ Yoast SEO plugin. -->","yoast_head_json":{"title":"Expresidentes tildan de nefasto desconocimiento de la Constituci\u00f3n por juicio ordinario a A\u00f1ez - El Diario - Bolivia","robots":{"index":"index","follow":"follow","max-snippet":"max-snippet:-1","max-image-preview":"max-image-preview:large","max-video-preview":"max-video-preview:-1"},"canonical":"https:\/\/www.eldiario.net\/portal\/2023\/01\/26\/expresidentes-tildan-de-nefasto-desconocimiento-de-la-constitucion-por-juicio-ordinario-a-anez\/","og_locale":"es_ES","og_type":"article","og_title":"Expresidentes tildan de nefasto desconocimiento de la Constituci\u00f3n por juicio ordinario a A\u00f1ez - El Diario - Bolivia","og_description":"Los expresidentes Carlos Mesa, Jorge Tuto Quiroga y Eduardo Rodr\u00edguez calificaron de nefasto e hist\u00f3rico el desconocimiento y vulneraci\u00f3n de la Constituci\u00f3n, luego que un juez de El Alto decidi\u00f3 que la expresidenta Jeanine A\u00f1ez sea juzgada en un juicio ordinario y no por juicio de responsabilidades. El expresidente de Bolivia y l\u00edder de Comunidad [&hellip;]","og_url":"https:\/\/www.eldiario.net\/portal\/2023\/01\/26\/expresidentes-tildan-de-nefasto-desconocimiento-de-la-constitucion-por-juicio-ordinario-a-anez\/","og_site_name":"El Diario - Bolivia","article_publisher":"https:\/\/www.facebook.com\/eldiario.bolivia\/","article_published_time":"2023-01-26T10:28:42+00:00","author":"Jeanette","twitter_card":"summary_large_image","twitter_creator":"@eldiario_net","twitter_site":"@eldiario_net","twitter_misc":{"Escrito por":"Jeanette","Tiempo de lectura":"3 minutos"},"schema":{"@context":"https:\/\/schema.org","@graph":[{"@type":"Article","@id":"https:\/\/www.eldiario.net\/portal\/2023\/01\/26\/expresidentes-tildan-de-nefasto-desconocimiento-de-la-constitucion-por-juicio-ordinario-a-anez\/#article","isPartOf":{"@id":"https:\/\/www.eldiario.net\/portal\/2023\/01\/26\/expresidentes-tildan-de-nefasto-desconocimiento-de-la-constitucion-por-juicio-ordinario-a-anez\/"},"author":{"name":"Jeanette","@id":"https:\/\/www.eldiario.net\/portal\/#\/schema\/person\/f46445640444750d7d753ccd04ae01b7"},"headline":"Expresidentes tildan de nefasto desconocimiento de la Constituci\u00f3n por juicio ordinario a A\u00f1ez","datePublished":"2023-01-26T10:28:42+00:00","mainEntityOfPage":{"@id":"https:\/\/www.eldiario.net\/portal\/2023\/01\/26\/expresidentes-tildan-de-nefasto-desconocimiento-de-la-constitucion-por-juicio-ordinario-a-anez\/"},"wordCount":490,"publisher":{"@id":"https:\/\/www.eldiario.net\/portal\/#organization"},"image":{"@id":"https:\/\/www.eldiario.net\/portal\/2023\/01\/26\/expresidentes-tildan-de-nefasto-desconocimiento-de-la-constitucion-por-juicio-ordinario-a-anez\/#primaryimage"},"thumbnailUrl":"","articleSection":["Portada"],"inLanguage":"es"},{"@type":"WebPage","@id":"https:\/\/www.eldiario.net\/portal\/2023\/01\/26\/expresidentes-tildan-de-nefasto-desconocimiento-de-la-constitucion-por-juicio-ordinario-a-anez\/","url":"https:\/\/www.eldiario.net\/portal\/2023\/01\/26\/expresidentes-tildan-de-nefasto-desconocimiento-de-la-constitucion-por-juicio-ordinario-a-anez\/","name":"Expresidentes tildan de nefasto desconocimiento de la Constituci\u00f3n por juicio ordinario a A\u00f1ez - El Diario - Bolivia","isPartOf":{"@id":"https:\/\/www.eldiario.net\/portal\/#website"},"primaryImageOfPage":{"@id":"https:\/\/www.eldiario.net\/portal\/2023\/01\/26\/expresidentes-tildan-de-nefasto-desconocimiento-de-la-constitucion-por-juicio-ordinario-a-anez\/#primaryimage"},"image":{"@id":"https:\/\/www.eldiario.net\/portal\/2023\/01\/26\/expresidentes-tildan-de-nefasto-desconocimiento-de-la-constitucion-por-juicio-ordinario-a-anez\/#primaryimage"},"thumbnailUrl":"","datePublished":"2023-01-26T10:28:42+00:00","breadcrumb":{"@id":"https:\/\/www.eldiario.net\/portal\/2023\/01\/26\/expresidentes-tildan-de-nefasto-desconocimiento-de-la-constitucion-por-juicio-ordinario-a-anez\/#breadcrumb"},"inLanguage":"es","potentialAction":[{"@type":"ReadAction","target":["https:\/\/www.eldiario.net\/portal\/2023\/01\/26\/expresidentes-tildan-de-nefasto-desconocimiento-de-la-constitucion-por-juicio-ordinario-a-anez\/"]}]},{"@type":"ImageObject","inLanguage":"es","@id":"https:\/\/www.eldiario.net\/portal\/2023\/01\/26\/expresidentes-tildan-de-nefasto-desconocimiento-de-la-constitucion-por-juicio-ordinario-a-anez\/#primaryimage","url":"","contentUrl":""},{"@type":"BreadcrumbList","@id":"https:\/\/www.eldiario.net\/portal\/2023\/01\/26\/expresidentes-tildan-de-nefasto-desconocimiento-de-la-constitucion-por-juicio-ordinario-a-anez\/#breadcrumb","itemListElement":[{"@type":"ListItem","position":1,"name":"Portada","item":"https:\/\/www.eldiario.net\/portal\/"},{"@type":"ListItem","position":2,"name":"Expresidentes tildan de nefasto desconocimiento de la Constituci\u00f3n por juicio ordinario a A\u00f1ez"}]},{"@type":"WebSite","@id":"https:\/\/www.eldiario.net\/portal\/#website","url":"https:\/\/www.eldiario.net\/portal\/","name":"El Diario - Decano de la prensa nacional","description":"El Diario - Decano de la prensa nacional","publisher":{"@id":"https:\/\/www.eldiario.net\/portal\/#organization"},"potentialAction":[{"@type":"SearchAction","target":{"@type":"EntryPoint","urlTemplate":"https:\/\/www.eldiario.net\/portal\/?s={search_term_string}"},"query-input":{"@type":"PropertyValueSpecification","valueRequired":true,"valueName":"search_term_string"}}],"inLanguage":"es"},{"@type":"Organization","@id":"https:\/\/www.eldiario.net\/portal\/#organization","name":"El Diario - Decano de la prensa nacional","url":"https:\/\/www.eldiario.net\/portal\/","logo":{"@type":"ImageObject","inLanguage":"es","@id":"https:\/\/www.eldiario.net\/portal\/#\/schema\/logo\/image\/","url":"https:\/\/www.eldiario.net\/portal\/wp-content\/uploads\/2023\/07\/logo_ED.jpg","contentUrl":"https:\/\/www.eldiario.net\/portal\/wp-content\/uploads\/2023\/07\/logo_ED.jpg","width":272,"height":52,"caption":"El Diario - Decano de la prensa nacional"},"image":{"@id":"https:\/\/www.eldiario.net\/portal\/#\/schema\/logo\/image\/"},"sameAs":["https:\/\/www.facebook.com\/eldiario.bolivia\/","https:\/\/x.com\/eldiario_net"]},{"@type":"Person","@id":"https:\/\/www.eldiario.net\/portal\/#\/schema\/person\/f46445640444750d7d753ccd04ae01b7","name":"Jeanette","image":{"@type":"ImageObject","inLanguage":"es","@id":"https:\/\/secure.gravatar.com\/avatar\/3ea2118a5f7dad2b7138b1187a6b7ee55f160b9968b66013c3a3ef39dd7e5798?s=96&d=mm&r=g","url":"https:\/\/secure.gravatar.com\/avatar\/3ea2118a5f7dad2b7138b1187a6b7ee55f160b9968b66013c3a3ef39dd7e5798?s=96&d=mm&r=g","contentUrl":"https:\/\/secure.gravatar.com\/avatar\/3ea2118a5f7dad2b7138b1187a6b7ee55f160b9968b66013c3a3ef39dd7e5798?s=96&d=mm&r=g","caption":"Jeanette"},"sameAs":["https:\/\/www.eldiario.net\/portal"],"url":"https:\/\/www.eldiario.net\/portal\/author\/jeanette\/"}]}},"_links":{"self":[{"href":"https:\/\/www.eldiario.net\/portal\/wp-json\/wp\/v2\/posts\/134925","targetHints":{"allow":["GET"]}}],"collection":[{"href":"https:\/\/www.eldiario.net\/portal\/wp-json\/wp\/v2\/posts"}],"about":[{"href":"https:\/\/www.eldiario.net\/portal\/wp-json\/wp\/v2\/types\/post"}],"author":[{"embeddable":true,"href":"https:\/\/www.eldiario.net\/portal\/wp-json\/wp\/v2\/users\/1"}],"replies":[{"embeddable":true,"href":"https:\/\/www.eldiario.net\/portal\/wp-json\/wp\/v2\/comments?post=134925"}],"version-history":[{"count":0,"href":"https:\/\/www.eldiario.net\/portal\/wp-json\/wp\/v2\/posts\/134925\/revisions"}],"wp:attachment":[{"href":"https:\/\/www.eldiario.net\/portal\/wp-json\/wp\/v2\/media?parent=134925"}],"wp:term":[{"taxonomy":"category","embeddable":true,"href":"https:\/\/www.eldiario.net\/portal\/wp-json\/wp\/v2\/categories?post=134925"},{"taxonomy":"post_tag","embeddable":true,"href":"https:\/\/www.eldiario.net\/portal\/wp-json\/wp\/v2\/tags?post=134925"}],"curies":[{"name":"wp","href":"https:\/\/api.w.org\/{rel}","templated":true}]}}