{"id":134837,"date":"2023-01-26T05:54:55","date_gmt":"2023-01-26T09:54:55","guid":{"rendered":"https:\/\/www.eldiario.net\/portal\/?p=134837"},"modified":"2023-01-26T05:54:55","modified_gmt":"2023-01-26T09:54:55","slug":"pericia-corrobora-que-expareja-de-subprocurador-sufrio-violencia","status":"publish","type":"post","link":"https:\/\/www.eldiario.net\/portal\/2023\/01\/26\/pericia-corrobora-que-expareja-de-subprocurador-sufrio-violencia\/","title":{"rendered":"Pericia corrobora que expareja  de Subprocurador sufri\u00f3 violencia"},"content":{"rendered":"<p>Un informe pericial realizado por el Instituto de Investigaciones T\u00e9cnico Cient\u00edficas de la Universidad Policial (Iitcup) corrobor\u00f3 la denuncia que sufri\u00f3 por violencia psicol\u00f3gica Lorena B. M. por parte de su expareja el subprocurador de Supervisi\u00f3n e Intervenci\u00f3n, Kaleff Clemor.<\/p>\n<p>Seg\u00fan la pericia, la v\u00edctima sufre de ansiedad, depresi\u00f3n, autoestima insuficiente, problemas para conciliar el sue\u00f1o, afectaci\u00f3n en la concentraci\u00f3n debido a pensamientos intrusivos referidos al hecho denunciado, irritabilidad y tristeza ante la rememoraci\u00f3n del acontecimiento, entre otros.<\/p>\n<p>Con el informe del Iitcup, la v\u00edctima busca que que su expareja sea imputada por los indicios que se tienen colectados. Asegur\u00f3 que existen los \u201csuficientes elementos\u201d para que enfrente un proceso por los delitos de violencia sexual y violencia psicol\u00f3gica.<\/p>\n<p>\u201cLa v\u00edctima record\u00f3 que el caso fue abierto en noviembre de 2022 ante la Fiscal\u00eda tras que desde 2018, cuando ten\u00eda una relaci\u00f3n con Clemor, se volvi\u00f3 \u201ct\u00f3xica\u201d y comenzaron las agresiones psicol\u00f3gicas e incluso sexuales\u201d, se\u00f1ala una publicaci\u00f3n de Erbol.<\/p>\n<p>El funcionario de la Procuradur\u00eda General del Estado fue denunciado en noviembre de 2022 por el delito de violencia psicol\u00f3gica en contra de su expareja. La relaci\u00f3n de hechos refiere que la v\u00edctima es amenazada y hostigada luego de haber terminado su relaci\u00f3n.<\/p>\n<p>\u201cYo no quer\u00eda aceptarlo cuando \u00e9l me impon\u00eda violencia sexual cuando yo trabajaba en su oficina, yo lo obvi\u00e9 porque \u00e9ramos novios y lo quer\u00eda aceptar como algo normal, pero no era algo normal, desde ah\u00ed que yo quise romper esa relaci\u00f3n\u201d, dijo la v\u00edctima.<\/p>\n<p>A decir de la v\u00edctima, la relaci\u00f3n con su expareja comenz\u00f3 desde el 2007, sin embargo, los problemas se generaron a partir del 2017, tiempo en el que comenzaron las agresiones y se extendieron hasta la fecha.<\/p>\n<figure id=\"attachment_134838\" aria-describedby=\"caption-attachment-134838\" style=\"width: 650px\" class=\"wp-caption aligncenter\"><a href=\"https:\/\/www.eldiario.net\/portal\/wp-content\/uploads\/2023\/01\/VIOLENCIA-FOTO.jpeg\"><img loading=\"lazy\" decoding=\"async\" class=\"size-full wp-image-134838\" src=\"https:\/\/www.eldiario.net\/portal\/wp-content\/uploads\/2023\/01\/VIOLENCIA-FOTO.jpeg\" alt=\"\" width=\"650\" height=\"1041\" \/><\/a><figcaption id=\"caption-attachment-134838\" class=\"wp-caption-text\">PARTE DEL INFORME DE LA PERICIA REALIZADA A LA V\u00cdCTIMA DEL SUBPROCURADOR<br \/>FOTO: RRSS<\/figcaption><\/figure>\n","protected":false},"excerpt":{"rendered":"<p>Un informe pericial realizado por el Instituto de Investigaciones T\u00e9cnico Cient\u00edficas de la Universidad Policial (Iitcup) corrobor\u00f3 la denuncia que sufri\u00f3 por violencia psicol\u00f3gica Lorena B. M. por parte de su expareja el subprocurador de Supervisi\u00f3n e Intervenci\u00f3n, Kaleff Clemor. Seg\u00fan la pericia, la v\u00edctima sufre de ansiedad, depresi\u00f3n, autoestima insuficiente, problemas para conciliar el [&hellip;]<\/p>\n","protected":false},"author":1,"featured_media":134838,"comment_status":"closed","ping_status":"closed","sticky":false,"template":"","format":"standard","meta":{"_acf_changed":false,"footnotes":""},"categories":[39],"tags":[],"class_list":["post-134837","post","type-post","status-publish","format-standard","has-post-thumbnail","category-sociedad"],"acf":{"antetitulo":""},"yoast_head":"<!-- This site is optimized with the Yoast SEO plugin v28.3 - https:\/\/yoast.com\/product\/yoast-seo-wordpress\/ -->\n<title>Pericia corrobora que expareja de Subprocurador sufri\u00f3 violencia - El Diario - Bolivia<\/title>\n<meta name=\"robots\" content=\"index, follow, max-snippet:-1, max-image-preview:large, max-video-preview:-1\" \/>\n<link rel=\"canonical\" href=\"https:\/\/www.eldiario.net\/portal\/2023\/01\/26\/pericia-corrobora-que-expareja-de-subprocurador-sufrio-violencia\/\" \/>\n<meta property=\"og:locale\" content=\"es_ES\" \/>\n<meta property=\"og:type\" content=\"article\" \/>\n<meta property=\"og:title\" content=\"Pericia corrobora que expareja de Subprocurador sufri\u00f3 violencia - El Diario - Bolivia\" \/>\n<meta property=\"og:description\" content=\"Un informe pericial realizado por el Instituto de Investigaciones T\u00e9cnico Cient\u00edficas de la Universidad Policial (Iitcup) corrobor\u00f3 la denuncia que sufri\u00f3 por violencia psicol\u00f3gica Lorena B. M. por parte de su expareja el subprocurador de Supervisi\u00f3n e Intervenci\u00f3n, Kaleff Clemor. Seg\u00fan la pericia, la v\u00edctima sufre de ansiedad, depresi\u00f3n, autoestima insuficiente, problemas para conciliar el [&hellip;]\" \/>\n<meta property=\"og:url\" content=\"https:\/\/www.eldiario.net\/portal\/2023\/01\/26\/pericia-corrobora-que-expareja-de-subprocurador-sufrio-violencia\/\" \/>\n<meta property=\"og:site_name\" content=\"El Diario - Bolivia\" \/>\n<meta property=\"article:publisher\" content=\"https:\/\/www.facebook.com\/eldiario.bolivia\/\" \/>\n<meta property=\"article:published_time\" content=\"2023-01-26T09:54:55+00:00\" \/>\n<meta name=\"author\" content=\"Jeanette\" \/>\n<meta name=\"twitter:card\" content=\"summary_large_image\" \/>\n<meta name=\"twitter:creator\" content=\"@eldiario_net\" \/>\n<meta name=\"twitter:site\" content=\"@eldiario_net\" \/>\n<meta name=\"twitter:label1\" content=\"Escrito por\" \/>\n\t<meta name=\"twitter:data1\" content=\"Jeanette\" \/>\n\t<meta name=\"twitter:label2\" content=\"Tiempo de lectura\" \/>\n\t<meta name=\"twitter:data2\" content=\"2 minutos\" \/>\n<script type=\"application\/ld+json\" class=\"yoast-schema-graph\">{\"@context\":\"https:\\\/\\\/schema.org\",\"@graph\":[{\"@type\":\"Article\",\"@id\":\"https:\\\/\\\/www.eldiario.net\\\/portal\\\/2023\\\/01\\\/26\\\/pericia-corrobora-que-expareja-de-subprocurador-sufrio-violencia\\\/#article\",\"isPartOf\":{\"@id\":\"https:\\\/\\\/www.eldiario.net\\\/portal\\\/2023\\\/01\\\/26\\\/pericia-corrobora-que-expareja-de-subprocurador-sufrio-violencia\\\/\"},\"author\":{\"name\":\"Jeanette\",\"@id\":\"https:\\\/\\\/www.eldiario.net\\\/portal\\\/#\\\/schema\\\/person\\\/f46445640444750d7d753ccd04ae01b7\"},\"headline\":\"Pericia corrobora que expareja de Subprocurador sufri\u00f3 violencia\",\"datePublished\":\"2023-01-26T09:54:55+00:00\",\"mainEntityOfPage\":{\"@id\":\"https:\\\/\\\/www.eldiario.net\\\/portal\\\/2023\\\/01\\\/26\\\/pericia-corrobora-que-expareja-de-subprocurador-sufrio-violencia\\\/\"},\"wordCount\":343,\"publisher\":{\"@id\":\"https:\\\/\\\/www.eldiario.net\\\/portal\\\/#organization\"},\"image\":{\"@id\":\"https:\\\/\\\/www.eldiario.net\\\/portal\\\/2023\\\/01\\\/26\\\/pericia-corrobora-que-expareja-de-subprocurador-sufrio-violencia\\\/#primaryimage\"},\"thumbnailUrl\":\"\",\"articleSection\":[\"Sociedad - Seguridad\"],\"inLanguage\":\"es\"},{\"@type\":\"WebPage\",\"@id\":\"https:\\\/\\\/www.eldiario.net\\\/portal\\\/2023\\\/01\\\/26\\\/pericia-corrobora-que-expareja-de-subprocurador-sufrio-violencia\\\/\",\"url\":\"https:\\\/\\\/www.eldiario.net\\\/portal\\\/2023\\\/01\\\/26\\\/pericia-corrobora-que-expareja-de-subprocurador-sufrio-violencia\\\/\",\"name\":\"Pericia corrobora que expareja de Subprocurador sufri\u00f3 violencia - El Diario - Bolivia\",\"isPartOf\":{\"@id\":\"https:\\\/\\\/www.eldiario.net\\\/portal\\\/#website\"},\"primaryImageOfPage\":{\"@id\":\"https:\\\/\\\/www.eldiario.net\\\/portal\\\/2023\\\/01\\\/26\\\/pericia-corrobora-que-expareja-de-subprocurador-sufrio-violencia\\\/#primaryimage\"},\"image\":{\"@id\":\"https:\\\/\\\/www.eldiario.net\\\/portal\\\/2023\\\/01\\\/26\\\/pericia-corrobora-que-expareja-de-subprocurador-sufrio-violencia\\\/#primaryimage\"},\"thumbnailUrl\":\"\",\"datePublished\":\"2023-01-26T09:54:55+00:00\",\"breadcrumb\":{\"@id\":\"https:\\\/\\\/www.eldiario.net\\\/portal\\\/2023\\\/01\\\/26\\\/pericia-corrobora-que-expareja-de-subprocurador-sufrio-violencia\\\/#breadcrumb\"},\"inLanguage\":\"es\",\"potentialAction\":[{\"@type\":\"ReadAction\",\"target\":[\"https:\\\/\\\/www.eldiario.net\\\/portal\\\/2023\\\/01\\\/26\\\/pericia-corrobora-que-expareja-de-subprocurador-sufrio-violencia\\\/\"]}]},{\"@type\":\"ImageObject\",\"inLanguage\":\"es\",\"@id\":\"https:\\\/\\\/www.eldiario.net\\\/portal\\\/2023\\\/01\\\/26\\\/pericia-corrobora-que-expareja-de-subprocurador-sufrio-violencia\\\/#primaryimage\",\"url\":\"\",\"contentUrl\":\"\"},{\"@type\":\"BreadcrumbList\",\"@id\":\"https:\\\/\\\/www.eldiario.net\\\/portal\\\/2023\\\/01\\\/26\\\/pericia-corrobora-que-expareja-de-subprocurador-sufrio-violencia\\\/#breadcrumb\",\"itemListElement\":[{\"@type\":\"ListItem\",\"position\":1,\"name\":\"Portada\",\"item\":\"https:\\\/\\\/www.eldiario.net\\\/portal\\\/\"},{\"@type\":\"ListItem\",\"position\":2,\"name\":\"Pericia corrobora que expareja de Subprocurador sufri\u00f3 violencia\"}]},{\"@type\":\"WebSite\",\"@id\":\"https:\\\/\\\/www.eldiario.net\\\/portal\\\/#website\",\"url\":\"https:\\\/\\\/www.eldiario.net\\\/portal\\\/\",\"name\":\"El Diario - Decano de la prensa nacional\",\"description\":\"El Diario - Decano de la prensa nacional\",\"publisher\":{\"@id\":\"https:\\\/\\\/www.eldiario.net\\\/portal\\\/#organization\"},\"potentialAction\":[{\"@type\":\"SearchAction\",\"target\":{\"@type\":\"EntryPoint\",\"urlTemplate\":\"https:\\\/\\\/www.eldiario.net\\\/portal\\\/?s={search_term_string}\"},\"query-input\":{\"@type\":\"PropertyValueSpecification\",\"valueRequired\":true,\"valueName\":\"search_term_string\"}}],\"inLanguage\":\"es\"},{\"@type\":\"Organization\",\"@id\":\"https:\\\/\\\/www.eldiario.net\\\/portal\\\/#organization\",\"name\":\"El Diario - Decano de la prensa nacional\",\"url\":\"https:\\\/\\\/www.eldiario.net\\\/portal\\\/\",\"logo\":{\"@type\":\"ImageObject\",\"inLanguage\":\"es\",\"@id\":\"https:\\\/\\\/www.eldiario.net\\\/portal\\\/#\\\/schema\\\/logo\\\/image\\\/\",\"url\":\"https:\\\/\\\/www.eldiario.net\\\/portal\\\/wp-content\\\/uploads\\\/2023\\\/07\\\/logo_ED.jpg\",\"contentUrl\":\"https:\\\/\\\/www.eldiario.net\\\/portal\\\/wp-content\\\/uploads\\\/2023\\\/07\\\/logo_ED.jpg\",\"width\":272,\"height\":52,\"caption\":\"El Diario - Decano de la prensa nacional\"},\"image\":{\"@id\":\"https:\\\/\\\/www.eldiario.net\\\/portal\\\/#\\\/schema\\\/logo\\\/image\\\/\"},\"sameAs\":[\"https:\\\/\\\/www.facebook.com\\\/eldiario.bolivia\\\/\",\"https:\\\/\\\/x.com\\\/eldiario_net\"]},{\"@type\":\"Person\",\"@id\":\"https:\\\/\\\/www.eldiario.net\\\/portal\\\/#\\\/schema\\\/person\\\/f46445640444750d7d753ccd04ae01b7\",\"name\":\"Jeanette\",\"image\":{\"@type\":\"ImageObject\",\"inLanguage\":\"es\",\"@id\":\"https:\\\/\\\/secure.gravatar.com\\\/avatar\\\/3ea2118a5f7dad2b7138b1187a6b7ee55f160b9968b66013c3a3ef39dd7e5798?s=96&d=mm&r=g\",\"url\":\"https:\\\/\\\/secure.gravatar.com\\\/avatar\\\/3ea2118a5f7dad2b7138b1187a6b7ee55f160b9968b66013c3a3ef39dd7e5798?s=96&d=mm&r=g\",\"contentUrl\":\"https:\\\/\\\/secure.gravatar.com\\\/avatar\\\/3ea2118a5f7dad2b7138b1187a6b7ee55f160b9968b66013c3a3ef39dd7e5798?s=96&d=mm&r=g\",\"caption\":\"Jeanette\"},\"sameAs\":[\"https:\\\/\\\/www.eldiario.net\\\/portal\"],\"url\":\"https:\\\/\\\/www.eldiario.net\\\/portal\\\/author\\\/jeanette\\\/\"}]}<\/script>\n<!-- \/ Yoast SEO plugin. -->","yoast_head_json":{"title":"Pericia corrobora que expareja de Subprocurador sufri\u00f3 violencia - El Diario - Bolivia","robots":{"index":"index","follow":"follow","max-snippet":"max-snippet:-1","max-image-preview":"max-image-preview:large","max-video-preview":"max-video-preview:-1"},"canonical":"https:\/\/www.eldiario.net\/portal\/2023\/01\/26\/pericia-corrobora-que-expareja-de-subprocurador-sufrio-violencia\/","og_locale":"es_ES","og_type":"article","og_title":"Pericia corrobora que expareja de Subprocurador sufri\u00f3 violencia - El Diario - Bolivia","og_description":"Un informe pericial realizado por el Instituto de Investigaciones T\u00e9cnico Cient\u00edficas de la Universidad Policial (Iitcup) corrobor\u00f3 la denuncia que sufri\u00f3 por violencia psicol\u00f3gica Lorena B. M. por parte de su expareja el subprocurador de Supervisi\u00f3n e Intervenci\u00f3n, Kaleff Clemor. Seg\u00fan la pericia, la v\u00edctima sufre de ansiedad, depresi\u00f3n, autoestima insuficiente, problemas para conciliar el [&hellip;]","og_url":"https:\/\/www.eldiario.net\/portal\/2023\/01\/26\/pericia-corrobora-que-expareja-de-subprocurador-sufrio-violencia\/","og_site_name":"El Diario - Bolivia","article_publisher":"https:\/\/www.facebook.com\/eldiario.bolivia\/","article_published_time":"2023-01-26T09:54:55+00:00","author":"Jeanette","twitter_card":"summary_large_image","twitter_creator":"@eldiario_net","twitter_site":"@eldiario_net","twitter_misc":{"Escrito por":"Jeanette","Tiempo de lectura":"2 minutos"},"schema":{"@context":"https:\/\/schema.org","@graph":[{"@type":"Article","@id":"https:\/\/www.eldiario.net\/portal\/2023\/01\/26\/pericia-corrobora-que-expareja-de-subprocurador-sufrio-violencia\/#article","isPartOf":{"@id":"https:\/\/www.eldiario.net\/portal\/2023\/01\/26\/pericia-corrobora-que-expareja-de-subprocurador-sufrio-violencia\/"},"author":{"name":"Jeanette","@id":"https:\/\/www.eldiario.net\/portal\/#\/schema\/person\/f46445640444750d7d753ccd04ae01b7"},"headline":"Pericia corrobora que expareja de Subprocurador sufri\u00f3 violencia","datePublished":"2023-01-26T09:54:55+00:00","mainEntityOfPage":{"@id":"https:\/\/www.eldiario.net\/portal\/2023\/01\/26\/pericia-corrobora-que-expareja-de-subprocurador-sufrio-violencia\/"},"wordCount":343,"publisher":{"@id":"https:\/\/www.eldiario.net\/portal\/#organization"},"image":{"@id":"https:\/\/www.eldiario.net\/portal\/2023\/01\/26\/pericia-corrobora-que-expareja-de-subprocurador-sufrio-violencia\/#primaryimage"},"thumbnailUrl":"","articleSection":["Sociedad - Seguridad"],"inLanguage":"es"},{"@type":"WebPage","@id":"https:\/\/www.eldiario.net\/portal\/2023\/01\/26\/pericia-corrobora-que-expareja-de-subprocurador-sufrio-violencia\/","url":"https:\/\/www.eldiario.net\/portal\/2023\/01\/26\/pericia-corrobora-que-expareja-de-subprocurador-sufrio-violencia\/","name":"Pericia corrobora que expareja de Subprocurador sufri\u00f3 violencia - El Diario - Bolivia","isPartOf":{"@id":"https:\/\/www.eldiario.net\/portal\/#website"},"primaryImageOfPage":{"@id":"https:\/\/www.eldiario.net\/portal\/2023\/01\/26\/pericia-corrobora-que-expareja-de-subprocurador-sufrio-violencia\/#primaryimage"},"image":{"@id":"https:\/\/www.eldiario.net\/portal\/2023\/01\/26\/pericia-corrobora-que-expareja-de-subprocurador-sufrio-violencia\/#primaryimage"},"thumbnailUrl":"","datePublished":"2023-01-26T09:54:55+00:00","breadcrumb":{"@id":"https:\/\/www.eldiario.net\/portal\/2023\/01\/26\/pericia-corrobora-que-expareja-de-subprocurador-sufrio-violencia\/#breadcrumb"},"inLanguage":"es","potentialAction":[{"@type":"ReadAction","target":["https:\/\/www.eldiario.net\/portal\/2023\/01\/26\/pericia-corrobora-que-expareja-de-subprocurador-sufrio-violencia\/"]}]},{"@type":"ImageObject","inLanguage":"es","@id":"https:\/\/www.eldiario.net\/portal\/2023\/01\/26\/pericia-corrobora-que-expareja-de-subprocurador-sufrio-violencia\/#primaryimage","url":"","contentUrl":""},{"@type":"BreadcrumbList","@id":"https:\/\/www.eldiario.net\/portal\/2023\/01\/26\/pericia-corrobora-que-expareja-de-subprocurador-sufrio-violencia\/#breadcrumb","itemListElement":[{"@type":"ListItem","position":1,"name":"Portada","item":"https:\/\/www.eldiario.net\/portal\/"},{"@type":"ListItem","position":2,"name":"Pericia corrobora que expareja de Subprocurador sufri\u00f3 violencia"}]},{"@type":"WebSite","@id":"https:\/\/www.eldiario.net\/portal\/#website","url":"https:\/\/www.eldiario.net\/portal\/","name":"El Diario - Decano de la prensa nacional","description":"El Diario - Decano de la prensa nacional","publisher":{"@id":"https:\/\/www.eldiario.net\/portal\/#organization"},"potentialAction":[{"@type":"SearchAction","target":{"@type":"EntryPoint","urlTemplate":"https:\/\/www.eldiario.net\/portal\/?s={search_term_string}"},"query-input":{"@type":"PropertyValueSpecification","valueRequired":true,"valueName":"search_term_string"}}],"inLanguage":"es"},{"@type":"Organization","@id":"https:\/\/www.eldiario.net\/portal\/#organization","name":"El Diario - Decano de la prensa nacional","url":"https:\/\/www.eldiario.net\/portal\/","logo":{"@type":"ImageObject","inLanguage":"es","@id":"https:\/\/www.eldiario.net\/portal\/#\/schema\/logo\/image\/","url":"https:\/\/www.eldiario.net\/portal\/wp-content\/uploads\/2023\/07\/logo_ED.jpg","contentUrl":"https:\/\/www.eldiario.net\/portal\/wp-content\/uploads\/2023\/07\/logo_ED.jpg","width":272,"height":52,"caption":"El Diario - Decano de la prensa nacional"},"image":{"@id":"https:\/\/www.eldiario.net\/portal\/#\/schema\/logo\/image\/"},"sameAs":["https:\/\/www.facebook.com\/eldiario.bolivia\/","https:\/\/x.com\/eldiario_net"]},{"@type":"Person","@id":"https:\/\/www.eldiario.net\/portal\/#\/schema\/person\/f46445640444750d7d753ccd04ae01b7","name":"Jeanette","image":{"@type":"ImageObject","inLanguage":"es","@id":"https:\/\/secure.gravatar.com\/avatar\/3ea2118a5f7dad2b7138b1187a6b7ee55f160b9968b66013c3a3ef39dd7e5798?s=96&d=mm&r=g","url":"https:\/\/secure.gravatar.com\/avatar\/3ea2118a5f7dad2b7138b1187a6b7ee55f160b9968b66013c3a3ef39dd7e5798?s=96&d=mm&r=g","contentUrl":"https:\/\/secure.gravatar.com\/avatar\/3ea2118a5f7dad2b7138b1187a6b7ee55f160b9968b66013c3a3ef39dd7e5798?s=96&d=mm&r=g","caption":"Jeanette"},"sameAs":["https:\/\/www.eldiario.net\/portal"],"url":"https:\/\/www.eldiario.net\/portal\/author\/jeanette\/"}]}},"_links":{"self":[{"href":"https:\/\/www.eldiario.net\/portal\/wp-json\/wp\/v2\/posts\/134837","targetHints":{"allow":["GET"]}}],"collection":[{"href":"https:\/\/www.eldiario.net\/portal\/wp-json\/wp\/v2\/posts"}],"about":[{"href":"https:\/\/www.eldiario.net\/portal\/wp-json\/wp\/v2\/types\/post"}],"author":[{"embeddable":true,"href":"https:\/\/www.eldiario.net\/portal\/wp-json\/wp\/v2\/users\/1"}],"replies":[{"embeddable":true,"href":"https:\/\/www.eldiario.net\/portal\/wp-json\/wp\/v2\/comments?post=134837"}],"version-history":[{"count":0,"href":"https:\/\/www.eldiario.net\/portal\/wp-json\/wp\/v2\/posts\/134837\/revisions"}],"wp:attachment":[{"href":"https:\/\/www.eldiario.net\/portal\/wp-json\/wp\/v2\/media?parent=134837"}],"wp:term":[{"taxonomy":"category","embeddable":true,"href":"https:\/\/www.eldiario.net\/portal\/wp-json\/wp\/v2\/categories?post=134837"},{"taxonomy":"post_tag","embeddable":true,"href":"https:\/\/www.eldiario.net\/portal\/wp-json\/wp\/v2\/tags?post=134837"}],"curies":[{"name":"wp","href":"https:\/\/api.w.org\/{rel}","templated":true}]}}