{"id":134673,"date":"2023-01-25T05:46:08","date_gmt":"2023-01-25T09:46:08","guid":{"rendered":"https:\/\/www.eldiario.net\/portal\/?p=134673"},"modified":"2023-01-25T05:46:08","modified_gmt":"2023-01-25T09:46:08","slug":"asoban-resalta-programas-para-promover-educacion-financiera","status":"publish","type":"post","link":"https:\/\/www.eldiario.net\/portal\/2023\/01\/25\/asoban-resalta-programas-para-promover-educacion-financiera\/","title":{"rendered":"Asoban resalta programas para  promover educaci\u00f3n financiera"},"content":{"rendered":"<p>La Asociaci\u00f3n de Bancos Privados de Bolvia (Asoban) destaca las diversas iniciativas de promoci\u00f3n de la educaci\u00f3n financiera en el D\u00eda Internacional de la Educaci\u00f3n, tarea realizada en coordinaci\u00f3n con sus asociados, para que las personas desarrollen capacidades para acceder al uso de estos servicios.<br \/>\nLa Asamblea General de las Naciones Unidas marca el 24 de enero como el \u201cD\u00eda Internacional de la Educaci\u00f3n\u201d, en honor al desarrollo para una vida de paz, crecimiento humano y momentos de aprendizaje permanente. La educaci\u00f3n, en todos los \u00e1mbitos, incrementa la calidad de vida, aporta a la reducci\u00f3n de la pobreza y nivela el acceso a oportunidades.<br \/>\n\u201cConocer los principales conceptos financieros permite que las personas tomen mejores decisiones en relaci\u00f3n con sus recursos personales, haciendo mejor uso de su dinero. De igual manera, la educaci\u00f3n financiera conecta a los usuarios con los productos que tienen a su alcance, permiti\u00e9ndoles analizar cu\u00e1l de ellos se adapta mejor a sus necesidades y evaluar qu\u00e9 acciones tomar con base a sus intereses\u201d, manifest\u00f3 el secretario Ejecutivo de la Asociaci\u00f3n, Nelson Villalobos.<br \/>\nComo parte de las iniciativas, Asoban implement\u00f3 la plataforma de educaci\u00f3n financiera \u201cDescubre lo simple de las finanzas\u201d, en coordinaci\u00f3n con los Bancos Asociados, con el objetivo de educar sobre derechos y obligaciones de los usuarios del Sistema Financiero, as\u00ed como los nuevos servicios de la Banca, adem\u00e1s de estrategias de inversi\u00f3n y ahorro. Durante la gesti\u00f3n 2022, la plataforma gener\u00f3 2.912 nuevos usuarios e hizo entrega de 7.662 certificados en la plataforma.<br \/>\nEntre otras actividades, la Asociaci\u00f3n educ\u00f3 a 2.390 personas a trav\u00e9s de seminarios web, desarrollados por colaboradores de los bancos afiliados sobre diversas tem\u00e1ticas de inter\u00e9s de la poblaci\u00f3n. Cabe destacar que, a trav\u00e9s de los talleres de las Ferias de Servicios Financieros, se lleg\u00f3 a 13.668 personas.<br \/>\nInicio<br \/>\nEn 2022, se implement\u00f3 una plataforma de educaci\u00f3n virtual e interactiva denominada \u201cAcademia ASOBAN\u201d con el objetivo de contribuir a la capacitaci\u00f3n continua del personal de la Banca y de otras entidades del sector financiero con el objetivo de profundizar sus conocimientos sobre la prevenci\u00f3n de la Legitimaci\u00f3n de Ganancias Il\u00edcitas y del Financiamiento del Terrorismo LGI\/FT. Esta labor se enmarca en las acciones dispuestas desde la Asociaci\u00f3n de cara a la 4ta ronda de Evaluaciones Mutuas del Grupo de Acci\u00f3n Financiera para Latinoam\u00e9rica (GAFILAT).<br \/>\nA trav\u00e9s de esta plataforma, a diciembre de 2022, Asoban capacit\u00f3 alrededor de 6.900 funcionarios del \u00e1rea de cajas de m\u00e1s de 40 Entidades de Intermediaci\u00f3n Financiera, y alcanzar\u00e1 a m\u00e1s de 15.000 colaboradores del sector financiero hasta marzo del presente a\u00f1o.<br \/>\nFinalmente, la Asociaci\u00f3n, comprometida con la investigaci\u00f3n y generaci\u00f3n de contenido en tem\u00e1ticas econ\u00f3micas y financieras por parte de periodistas bolivianos, realiz\u00f3 el 2022, el Segundo Concurso de Periodismo Econ\u00f3mico Financiero. Esta convocatoria busca premiar a los mejores trabajos period\u00edsticos sobre tem\u00e1ticas econ\u00f3micas y financieras. La versi\u00f3n del a\u00f1o pasado cont\u00f3 con 14 trabajos finalistas, elaborados por periodistas de varias ciudades del pa\u00eds y se realiz\u00f3 una premiaci\u00f3n a 6 de ellos.<\/p>\n<p>PIE DE FOTO<br \/>\ncapacitaci\u00f3n de personal en temas financieros. Foto aqsoban<\/p>\n<p>&nbsp;<\/p>\n","protected":false},"excerpt":{"rendered":"<p>La Asociaci\u00f3n de Bancos Privados de Bolvia (Asoban) destaca las diversas iniciativas de promoci\u00f3n de la educaci\u00f3n financiera en el D\u00eda Internacional de la Educaci\u00f3n, tarea realizada en coordinaci\u00f3n con sus asociados, para que las personas desarrollen capacidades para acceder al uso de estos servicios. La Asamblea General de las Naciones Unidas marca el 24 [&hellip;]<\/p>\n","protected":false},"author":1,"featured_media":0,"comment_status":"closed","ping_status":"closed","sticky":false,"template":"","format":"standard","meta":{"_acf_changed":false,"footnotes":""},"categories":[7],"tags":[],"class_list":["post-134673","post","type-post","status-publish","format-standard","category-economia"],"acf":{"antetitulo":""},"yoast_head":"<!-- This site is optimized with the Yoast SEO plugin v28.4 - https:\/\/yoast.com\/product\/yoast-seo-wordpress\/ -->\n<title>Asoban resalta programas para promover educaci\u00f3n financiera - El Diario - Bolivia<\/title>\n<meta name=\"robots\" content=\"index, follow, max-snippet:-1, max-image-preview:large, max-video-preview:-1\" \/>\n<link rel=\"canonical\" href=\"https:\/\/www.eldiario.net\/portal\/2023\/01\/25\/asoban-resalta-programas-para-promover-educacion-financiera\/\" \/>\n<meta property=\"og:locale\" content=\"es_ES\" \/>\n<meta property=\"og:type\" content=\"article\" \/>\n<meta property=\"og:title\" content=\"Asoban resalta programas para promover educaci\u00f3n financiera - El Diario - Bolivia\" \/>\n<meta property=\"og:description\" content=\"La Asociaci\u00f3n de Bancos Privados de Bolvia (Asoban) destaca las diversas iniciativas de promoci\u00f3n de la educaci\u00f3n financiera en el D\u00eda Internacional de la Educaci\u00f3n, tarea realizada en coordinaci\u00f3n con sus asociados, para que las personas desarrollen capacidades para acceder al uso de estos servicios. La Asamblea General de las Naciones Unidas marca el 24 [&hellip;]\" \/>\n<meta property=\"og:url\" content=\"https:\/\/www.eldiario.net\/portal\/2023\/01\/25\/asoban-resalta-programas-para-promover-educacion-financiera\/\" \/>\n<meta property=\"og:site_name\" content=\"El Diario - Bolivia\" \/>\n<meta property=\"article:publisher\" content=\"https:\/\/www.facebook.com\/eldiario.bolivia\/\" \/>\n<meta property=\"article:published_time\" content=\"2023-01-25T09:46:08+00:00\" \/>\n<meta name=\"author\" content=\"Jeanette\" \/>\n<meta name=\"twitter:card\" content=\"summary_large_image\" \/>\n<meta name=\"twitter:creator\" content=\"@eldiario_net\" \/>\n<meta name=\"twitter:site\" content=\"@eldiario_net\" \/>\n<meta name=\"twitter:label1\" content=\"Escrito por\" \/>\n\t<meta name=\"twitter:data1\" content=\"Jeanette\" \/>\n\t<meta name=\"twitter:label2\" content=\"Tiempo de lectura\" \/>\n\t<meta name=\"twitter:data2\" content=\"3 minutos\" \/>\n<script type=\"application\/ld+json\" class=\"yoast-schema-graph\">{\"@context\":\"https:\\\/\\\/schema.org\",\"@graph\":[{\"@type\":\"Article\",\"@id\":\"https:\\\/\\\/www.eldiario.net\\\/portal\\\/2023\\\/01\\\/25\\\/asoban-resalta-programas-para-promover-educacion-financiera\\\/#article\",\"isPartOf\":{\"@id\":\"https:\\\/\\\/www.eldiario.net\\\/portal\\\/2023\\\/01\\\/25\\\/asoban-resalta-programas-para-promover-educacion-financiera\\\/\"},\"author\":{\"name\":\"Jeanette\",\"@id\":\"https:\\\/\\\/www.eldiario.net\\\/portal\\\/#\\\/schema\\\/person\\\/2c57cf2b7a7ae032e449e4c9b1019eac\"},\"headline\":\"Asoban resalta programas para promover educaci\u00f3n financiera\",\"datePublished\":\"2023-01-25T09:46:08+00:00\",\"mainEntityOfPage\":{\"@id\":\"https:\\\/\\\/www.eldiario.net\\\/portal\\\/2023\\\/01\\\/25\\\/asoban-resalta-programas-para-promover-educacion-financiera\\\/\"},\"wordCount\":557,\"publisher\":{\"@id\":\"https:\\\/\\\/www.eldiario.net\\\/portal\\\/#organization\"},\"articleSection\":[\"Econom\u00eda\"],\"inLanguage\":\"es\"},{\"@type\":\"WebPage\",\"@id\":\"https:\\\/\\\/www.eldiario.net\\\/portal\\\/2023\\\/01\\\/25\\\/asoban-resalta-programas-para-promover-educacion-financiera\\\/\",\"url\":\"https:\\\/\\\/www.eldiario.net\\\/portal\\\/2023\\\/01\\\/25\\\/asoban-resalta-programas-para-promover-educacion-financiera\\\/\",\"name\":\"Asoban resalta programas para promover educaci\u00f3n financiera - El Diario - Bolivia\",\"isPartOf\":{\"@id\":\"https:\\\/\\\/www.eldiario.net\\\/portal\\\/#website\"},\"datePublished\":\"2023-01-25T09:46:08+00:00\",\"breadcrumb\":{\"@id\":\"https:\\\/\\\/www.eldiario.net\\\/portal\\\/2023\\\/01\\\/25\\\/asoban-resalta-programas-para-promover-educacion-financiera\\\/#breadcrumb\"},\"inLanguage\":\"es\",\"potentialAction\":[{\"@type\":\"ReadAction\",\"target\":[\"https:\\\/\\\/www.eldiario.net\\\/portal\\\/2023\\\/01\\\/25\\\/asoban-resalta-programas-para-promover-educacion-financiera\\\/\"]}]},{\"@type\":\"BreadcrumbList\",\"@id\":\"https:\\\/\\\/www.eldiario.net\\\/portal\\\/2023\\\/01\\\/25\\\/asoban-resalta-programas-para-promover-educacion-financiera\\\/#breadcrumb\",\"itemListElement\":[{\"@type\":\"ListItem\",\"position\":1,\"name\":\"Portada\",\"item\":\"https:\\\/\\\/www.eldiario.net\\\/portal\\\/\"},{\"@type\":\"ListItem\",\"position\":2,\"name\":\"Asoban resalta programas para promover educaci\u00f3n financiera\"}]},{\"@type\":\"WebSite\",\"@id\":\"https:\\\/\\\/www.eldiario.net\\\/portal\\\/#website\",\"url\":\"https:\\\/\\\/www.eldiario.net\\\/portal\\\/\",\"name\":\"El Diario - Decano de la prensa nacional\",\"description\":\"El Diario - Decano de la prensa nacional\",\"publisher\":{\"@id\":\"https:\\\/\\\/www.eldiario.net\\\/portal\\\/#organization\"},\"potentialAction\":[{\"@type\":\"SearchAction\",\"target\":{\"@type\":\"EntryPoint\",\"urlTemplate\":\"https:\\\/\\\/www.eldiario.net\\\/portal\\\/?s={search_term_string}\"},\"query-input\":{\"@type\":\"PropertyValueSpecification\",\"valueRequired\":true,\"valueName\":\"search_term_string\"}}],\"inLanguage\":\"es\"},{\"@type\":\"Organization\",\"@id\":\"https:\\\/\\\/www.eldiario.net\\\/portal\\\/#organization\",\"name\":\"El Diario - Decano de la prensa nacional\",\"url\":\"https:\\\/\\\/www.eldiario.net\\\/portal\\\/\",\"logo\":{\"@type\":\"ImageObject\",\"inLanguage\":\"es\",\"@id\":\"https:\\\/\\\/www.eldiario.net\\\/portal\\\/#\\\/schema\\\/logo\\\/image\\\/\",\"url\":\"https:\\\/\\\/www.eldiario.net\\\/portal\\\/wp-content\\\/uploads\\\/2023\\\/07\\\/logo_ED.jpg\",\"contentUrl\":\"https:\\\/\\\/www.eldiario.net\\\/portal\\\/wp-content\\\/uploads\\\/2023\\\/07\\\/logo_ED.jpg\",\"width\":272,\"height\":52,\"caption\":\"El Diario - Decano de la prensa nacional\"},\"image\":{\"@id\":\"https:\\\/\\\/www.eldiario.net\\\/portal\\\/#\\\/schema\\\/logo\\\/image\\\/\"},\"sameAs\":[\"https:\\\/\\\/www.facebook.com\\\/eldiario.bolivia\\\/\",\"https:\\\/\\\/x.com\\\/eldiario_net\"]},{\"@type\":\"Person\",\"@id\":\"https:\\\/\\\/www.eldiario.net\\\/portal\\\/#\\\/schema\\\/person\\\/2c57cf2b7a7ae032e449e4c9b1019eac\",\"name\":\"Jeanette\",\"image\":{\"@type\":\"ImageObject\",\"inLanguage\":\"es\",\"@id\":\"https:\\\/\\\/secure.gravatar.com\\\/avatar\\\/3ea2118a5f7dad2b7138b1187a6b7ee55f160b9968b66013c3a3ef39dd7e5798?s=96&d=mm&r=g\",\"url\":\"https:\\\/\\\/secure.gravatar.com\\\/avatar\\\/3ea2118a5f7dad2b7138b1187a6b7ee55f160b9968b66013c3a3ef39dd7e5798?s=96&d=mm&r=g\",\"contentUrl\":\"https:\\\/\\\/secure.gravatar.com\\\/avatar\\\/3ea2118a5f7dad2b7138b1187a6b7ee55f160b9968b66013c3a3ef39dd7e5798?s=96&d=mm&r=g\",\"caption\":\"Jeanette\"},\"sameAs\":[\"https:\\\/\\\/www.eldiario.net\\\/portal\"],\"url\":\"https:\\\/\\\/www.eldiario.net\\\/portal\\\/author\\\/jeanette\\\/\"}]}<\/script>\n<!-- \/ Yoast SEO plugin. -->","yoast_head_json":{"title":"Asoban resalta programas para promover educaci\u00f3n financiera - El Diario - Bolivia","robots":{"index":"index","follow":"follow","max-snippet":"max-snippet:-1","max-image-preview":"max-image-preview:large","max-video-preview":"max-video-preview:-1"},"canonical":"https:\/\/www.eldiario.net\/portal\/2023\/01\/25\/asoban-resalta-programas-para-promover-educacion-financiera\/","og_locale":"es_ES","og_type":"article","og_title":"Asoban resalta programas para promover educaci\u00f3n financiera - El Diario - Bolivia","og_description":"La Asociaci\u00f3n de Bancos Privados de Bolvia (Asoban) destaca las diversas iniciativas de promoci\u00f3n de la educaci\u00f3n financiera en el D\u00eda Internacional de la Educaci\u00f3n, tarea realizada en coordinaci\u00f3n con sus asociados, para que las personas desarrollen capacidades para acceder al uso de estos servicios. La Asamblea General de las Naciones Unidas marca el 24 [&hellip;]","og_url":"https:\/\/www.eldiario.net\/portal\/2023\/01\/25\/asoban-resalta-programas-para-promover-educacion-financiera\/","og_site_name":"El Diario - Bolivia","article_publisher":"https:\/\/www.facebook.com\/eldiario.bolivia\/","article_published_time":"2023-01-25T09:46:08+00:00","author":"Jeanette","twitter_card":"summary_large_image","twitter_creator":"@eldiario_net","twitter_site":"@eldiario_net","twitter_misc":{"Escrito por":"Jeanette","Tiempo de lectura":"3 minutos"},"schema":{"@context":"https:\/\/schema.org","@graph":[{"@type":"Article","@id":"https:\/\/www.eldiario.net\/portal\/2023\/01\/25\/asoban-resalta-programas-para-promover-educacion-financiera\/#article","isPartOf":{"@id":"https:\/\/www.eldiario.net\/portal\/2023\/01\/25\/asoban-resalta-programas-para-promover-educacion-financiera\/"},"author":{"name":"Jeanette","@id":"https:\/\/www.eldiario.net\/portal\/#\/schema\/person\/2c57cf2b7a7ae032e449e4c9b1019eac"},"headline":"Asoban resalta programas para promover educaci\u00f3n financiera","datePublished":"2023-01-25T09:46:08+00:00","mainEntityOfPage":{"@id":"https:\/\/www.eldiario.net\/portal\/2023\/01\/25\/asoban-resalta-programas-para-promover-educacion-financiera\/"},"wordCount":557,"publisher":{"@id":"https:\/\/www.eldiario.net\/portal\/#organization"},"articleSection":["Econom\u00eda"],"inLanguage":"es"},{"@type":"WebPage","@id":"https:\/\/www.eldiario.net\/portal\/2023\/01\/25\/asoban-resalta-programas-para-promover-educacion-financiera\/","url":"https:\/\/www.eldiario.net\/portal\/2023\/01\/25\/asoban-resalta-programas-para-promover-educacion-financiera\/","name":"Asoban resalta programas para promover educaci\u00f3n financiera - El Diario - Bolivia","isPartOf":{"@id":"https:\/\/www.eldiario.net\/portal\/#website"},"datePublished":"2023-01-25T09:46:08+00:00","breadcrumb":{"@id":"https:\/\/www.eldiario.net\/portal\/2023\/01\/25\/asoban-resalta-programas-para-promover-educacion-financiera\/#breadcrumb"},"inLanguage":"es","potentialAction":[{"@type":"ReadAction","target":["https:\/\/www.eldiario.net\/portal\/2023\/01\/25\/asoban-resalta-programas-para-promover-educacion-financiera\/"]}]},{"@type":"BreadcrumbList","@id":"https:\/\/www.eldiario.net\/portal\/2023\/01\/25\/asoban-resalta-programas-para-promover-educacion-financiera\/#breadcrumb","itemListElement":[{"@type":"ListItem","position":1,"name":"Portada","item":"https:\/\/www.eldiario.net\/portal\/"},{"@type":"ListItem","position":2,"name":"Asoban resalta programas para promover educaci\u00f3n financiera"}]},{"@type":"WebSite","@id":"https:\/\/www.eldiario.net\/portal\/#website","url":"https:\/\/www.eldiario.net\/portal\/","name":"El Diario - Decano de la prensa nacional","description":"El Diario - Decano de la prensa nacional","publisher":{"@id":"https:\/\/www.eldiario.net\/portal\/#organization"},"potentialAction":[{"@type":"SearchAction","target":{"@type":"EntryPoint","urlTemplate":"https:\/\/www.eldiario.net\/portal\/?s={search_term_string}"},"query-input":{"@type":"PropertyValueSpecification","valueRequired":true,"valueName":"search_term_string"}}],"inLanguage":"es"},{"@type":"Organization","@id":"https:\/\/www.eldiario.net\/portal\/#organization","name":"El Diario - Decano de la prensa nacional","url":"https:\/\/www.eldiario.net\/portal\/","logo":{"@type":"ImageObject","inLanguage":"es","@id":"https:\/\/www.eldiario.net\/portal\/#\/schema\/logo\/image\/","url":"https:\/\/www.eldiario.net\/portal\/wp-content\/uploads\/2023\/07\/logo_ED.jpg","contentUrl":"https:\/\/www.eldiario.net\/portal\/wp-content\/uploads\/2023\/07\/logo_ED.jpg","width":272,"height":52,"caption":"El Diario - Decano de la prensa nacional"},"image":{"@id":"https:\/\/www.eldiario.net\/portal\/#\/schema\/logo\/image\/"},"sameAs":["https:\/\/www.facebook.com\/eldiario.bolivia\/","https:\/\/x.com\/eldiario_net"]},{"@type":"Person","@id":"https:\/\/www.eldiario.net\/portal\/#\/schema\/person\/2c57cf2b7a7ae032e449e4c9b1019eac","name":"Jeanette","image":{"@type":"ImageObject","inLanguage":"es","@id":"https:\/\/secure.gravatar.com\/avatar\/3ea2118a5f7dad2b7138b1187a6b7ee55f160b9968b66013c3a3ef39dd7e5798?s=96&d=mm&r=g","url":"https:\/\/secure.gravatar.com\/avatar\/3ea2118a5f7dad2b7138b1187a6b7ee55f160b9968b66013c3a3ef39dd7e5798?s=96&d=mm&r=g","contentUrl":"https:\/\/secure.gravatar.com\/avatar\/3ea2118a5f7dad2b7138b1187a6b7ee55f160b9968b66013c3a3ef39dd7e5798?s=96&d=mm&r=g","caption":"Jeanette"},"sameAs":["https:\/\/www.eldiario.net\/portal"],"url":"https:\/\/www.eldiario.net\/portal\/author\/jeanette\/"}]}},"_links":{"self":[{"href":"https:\/\/www.eldiario.net\/portal\/wp-json\/wp\/v2\/posts\/134673","targetHints":{"allow":["GET"]}}],"collection":[{"href":"https:\/\/www.eldiario.net\/portal\/wp-json\/wp\/v2\/posts"}],"about":[{"href":"https:\/\/www.eldiario.net\/portal\/wp-json\/wp\/v2\/types\/post"}],"author":[{"embeddable":true,"href":"https:\/\/www.eldiario.net\/portal\/wp-json\/wp\/v2\/users\/1"}],"replies":[{"embeddable":true,"href":"https:\/\/www.eldiario.net\/portal\/wp-json\/wp\/v2\/comments?post=134673"}],"version-history":[{"count":0,"href":"https:\/\/www.eldiario.net\/portal\/wp-json\/wp\/v2\/posts\/134673\/revisions"}],"wp:attachment":[{"href":"https:\/\/www.eldiario.net\/portal\/wp-json\/wp\/v2\/media?parent=134673"}],"wp:term":[{"taxonomy":"category","embeddable":true,"href":"https:\/\/www.eldiario.net\/portal\/wp-json\/wp\/v2\/categories?post=134673"},{"taxonomy":"post_tag","embeddable":true,"href":"https:\/\/www.eldiario.net\/portal\/wp-json\/wp\/v2\/tags?post=134673"}],"curies":[{"name":"wp","href":"https:\/\/api.w.org\/{rel}","templated":true}]}}