{"id":134671,"date":"2023-01-25T05:45:25","date_gmt":"2023-01-25T09:45:25","guid":{"rendered":"https:\/\/www.eldiario.net\/portal\/?p=134671"},"modified":"2023-01-25T05:45:25","modified_gmt":"2023-01-25T09:45:25","slug":"financiaran-proyectos-en-municipios-y-etas-por-mas-de-bs-2-500-millones","status":"publish","type":"post","link":"https:\/\/www.eldiario.net\/portal\/2023\/01\/25\/financiaran-proyectos-en-municipios-y-etas-por-mas-de-bs-2-500-millones\/","title":{"rendered":"Financiar\u00e1n proyectos en municipios  y Etas por m\u00e1s de Bs 2.500 millones"},"content":{"rendered":"<p>Los fondos estatales Farip y Focipp destinaron al menos 2.587 millones de bolivianos para proyectos de inversi\u00f3n p\u00fablica en municipios y Entidades Territoriales Aut\u00f3nomas (ETA), inform\u00f3 el presidente del Estado, Luis Arce Catacora.<br \/>\nAsegur\u00f3 que impulsan la inversi\u00f3n p\u00fablica a trav\u00e9s del Fideicomiso de Apoyo a la Reactivaci\u00f3n de la Inversi\u00f3n P\u00fablica (Farip), que cuenta con 1.918 millones de bolivianos priorizados, orientados a proyectos de infraestructura y proyectos sociales de las Entidades Territoriales Aut\u00f3nomas.<br \/>\nSeg\u00fan la autoridad, tambi\u00e9n a trav\u00e9s del Fondo Concursable de Inversi\u00f3n P\u00fablica Productiva (Focipp) se aprob\u00f3 669 millones de bolivianos para proyectos productivos orientados a la sustituci\u00f3n de importaciones en 74 municipios beneficiados.<br \/>\nDe acuerdo con los datos del Ministerio de Econom\u00eda y Finanzas P\u00fablicas, el Farip fue creado por el Gobierno con 2.000 millones de bolivianos administrados por el Fondo Nacional de Desarrollo Regional (FNDR) y est\u00e1 dirigido a las ETA\u2019s; es decir, gobernaciones, municipios y gobiernos aut\u00f3nomos ind\u00edgena originario campesinos.<br \/>\nTales recursos est\u00e1n destinados para financiar las contrapartes locales de proyectos de inversi\u00f3n p\u00fablica, que cuenten con financiamiento externo y\/o interno, que sean ejecutados de forma concurrente con el nivel central del Estado.<br \/>\nEl Farip est\u00e1 orientado a financiar proyectos de inversi\u00f3n p\u00fablica a una tasa de inter\u00e9s fija anual del 2% y en un plazo de pago de hasta 18 a\u00f1os, en los que se incluye un periodo de gracia de dos a\u00f1os.<br \/>\nAlgunos de los municipios beneficiados con esta medida son: Mojocoya, Yampar\u00e1ez, (Chuquisaca), San Pedro de Quemes, Vitichi, Betanzos, Tinguipaya (Potos\u00ed), Huanuni, Soracachi, Santiago de Huayllamarca, Toledo, Corque (Oruro), Santiv\u00e1\u00f1ez, Sipe Sipe, Puerto Villarroel, Chimor\u00e9, Sacaba (Cochabamba), Mairana, Yapacan\u00ed, Pail\u00f3n, San Juan (Santa Cruz), San Lorenzo (Pando), Tarija (Tarija), Viacha, Puerto P\u00e9rez, Comanche, Pucarani (La Paz), entre otros.<br \/>\nEn tanto, el Focipp fue creado con 1.500 millones de bolivianos para los gobiernos aut\u00f3nomos municipales e ind\u00edgena originarios campesinos del pa\u00eds, esos recursos son administrados por el Fondo Nacional de Inversi\u00f3n Productiva y Social (FPS)<br \/>\nLos municipios de Pocona, Pail\u00f3n, Escara, Cruz de Machacamarca, Sabaya, San Lorenzo, Sucre, Villa Charcas, Incahuasi y Azurduy fueron algunos de los beneficiados con el Focipp en la gesti\u00f3n pasada.<br \/>\nPIE DE FOTO<br \/>\nConstrucci\u00f3n de obras p\u00fablicas. Foto abi<\/p>\n","protected":false},"excerpt":{"rendered":"<p>Los fondos estatales Farip y Focipp destinaron al menos 2.587 millones de bolivianos para proyectos de inversi\u00f3n p\u00fablica en municipios y Entidades Territoriales Aut\u00f3nomas (ETA), inform\u00f3 el presidente del Estado, Luis Arce Catacora. Asegur\u00f3 que impulsan la inversi\u00f3n p\u00fablica a trav\u00e9s del Fideicomiso de Apoyo a la Reactivaci\u00f3n de la Inversi\u00f3n P\u00fablica (Farip), que cuenta [&hellip;]<\/p>\n","protected":false},"author":1,"featured_media":0,"comment_status":"closed","ping_status":"closed","sticky":false,"template":"","format":"standard","meta":{"_acf_changed":false,"footnotes":""},"categories":[7],"tags":[],"class_list":["post-134671","post","type-post","status-publish","format-standard","category-economia"],"acf":{"antetitulo":""},"yoast_head":"<!-- This site is optimized with the Yoast SEO plugin v28.4 - https:\/\/yoast.com\/product\/yoast-seo-wordpress\/ -->\n<title>Financiar\u00e1n proyectos en municipios y Etas por m\u00e1s de Bs 2.500 millones - El Diario - Bolivia<\/title>\n<meta name=\"robots\" content=\"index, follow, max-snippet:-1, max-image-preview:large, max-video-preview:-1\" \/>\n<link rel=\"canonical\" href=\"https:\/\/www.eldiario.net\/portal\/2023\/01\/25\/financiaran-proyectos-en-municipios-y-etas-por-mas-de-bs-2-500-millones\/\" \/>\n<meta property=\"og:locale\" content=\"es_ES\" \/>\n<meta property=\"og:type\" content=\"article\" \/>\n<meta property=\"og:title\" content=\"Financiar\u00e1n proyectos en municipios y Etas por m\u00e1s de Bs 2.500 millones - El Diario - Bolivia\" \/>\n<meta property=\"og:description\" content=\"Los fondos estatales Farip y Focipp destinaron al menos 2.587 millones de bolivianos para proyectos de inversi\u00f3n p\u00fablica en municipios y Entidades Territoriales Aut\u00f3nomas (ETA), inform\u00f3 el presidente del Estado, Luis Arce Catacora. Asegur\u00f3 que impulsan la inversi\u00f3n p\u00fablica a trav\u00e9s del Fideicomiso de Apoyo a la Reactivaci\u00f3n de la Inversi\u00f3n P\u00fablica (Farip), que cuenta [&hellip;]\" \/>\n<meta property=\"og:url\" content=\"https:\/\/www.eldiario.net\/portal\/2023\/01\/25\/financiaran-proyectos-en-municipios-y-etas-por-mas-de-bs-2-500-millones\/\" \/>\n<meta property=\"og:site_name\" content=\"El Diario - Bolivia\" \/>\n<meta property=\"article:publisher\" content=\"https:\/\/www.facebook.com\/eldiario.bolivia\/\" \/>\n<meta property=\"article:published_time\" content=\"2023-01-25T09:45:25+00:00\" \/>\n<meta name=\"author\" content=\"Jeanette\" \/>\n<meta name=\"twitter:card\" content=\"summary_large_image\" \/>\n<meta name=\"twitter:creator\" content=\"@eldiario_net\" \/>\n<meta name=\"twitter:site\" content=\"@eldiario_net\" \/>\n<meta name=\"twitter:label1\" content=\"Escrito por\" \/>\n\t<meta name=\"twitter:data1\" content=\"Jeanette\" \/>\n\t<meta name=\"twitter:label2\" content=\"Tiempo de lectura\" \/>\n\t<meta name=\"twitter:data2\" content=\"2 minutos\" \/>\n<script type=\"application\/ld+json\" class=\"yoast-schema-graph\">{\"@context\":\"https:\\\/\\\/schema.org\",\"@graph\":[{\"@type\":\"Article\",\"@id\":\"https:\\\/\\\/www.eldiario.net\\\/portal\\\/2023\\\/01\\\/25\\\/financiaran-proyectos-en-municipios-y-etas-por-mas-de-bs-2-500-millones\\\/#article\",\"isPartOf\":{\"@id\":\"https:\\\/\\\/www.eldiario.net\\\/portal\\\/2023\\\/01\\\/25\\\/financiaran-proyectos-en-municipios-y-etas-por-mas-de-bs-2-500-millones\\\/\"},\"author\":{\"name\":\"Jeanette\",\"@id\":\"https:\\\/\\\/www.eldiario.net\\\/portal\\\/#\\\/schema\\\/person\\\/2c57cf2b7a7ae032e449e4c9b1019eac\"},\"headline\":\"Financiar\u00e1n proyectos en municipios y Etas por m\u00e1s de Bs 2.500 millones\",\"datePublished\":\"2023-01-25T09:45:25+00:00\",\"mainEntityOfPage\":{\"@id\":\"https:\\\/\\\/www.eldiario.net\\\/portal\\\/2023\\\/01\\\/25\\\/financiaran-proyectos-en-municipios-y-etas-por-mas-de-bs-2-500-millones\\\/\"},\"wordCount\":409,\"publisher\":{\"@id\":\"https:\\\/\\\/www.eldiario.net\\\/portal\\\/#organization\"},\"articleSection\":[\"Econom\u00eda\"],\"inLanguage\":\"es\"},{\"@type\":\"WebPage\",\"@id\":\"https:\\\/\\\/www.eldiario.net\\\/portal\\\/2023\\\/01\\\/25\\\/financiaran-proyectos-en-municipios-y-etas-por-mas-de-bs-2-500-millones\\\/\",\"url\":\"https:\\\/\\\/www.eldiario.net\\\/portal\\\/2023\\\/01\\\/25\\\/financiaran-proyectos-en-municipios-y-etas-por-mas-de-bs-2-500-millones\\\/\",\"name\":\"Financiar\u00e1n proyectos en municipios y Etas por m\u00e1s de Bs 2.500 millones - El Diario - Bolivia\",\"isPartOf\":{\"@id\":\"https:\\\/\\\/www.eldiario.net\\\/portal\\\/#website\"},\"datePublished\":\"2023-01-25T09:45:25+00:00\",\"breadcrumb\":{\"@id\":\"https:\\\/\\\/www.eldiario.net\\\/portal\\\/2023\\\/01\\\/25\\\/financiaran-proyectos-en-municipios-y-etas-por-mas-de-bs-2-500-millones\\\/#breadcrumb\"},\"inLanguage\":\"es\",\"potentialAction\":[{\"@type\":\"ReadAction\",\"target\":[\"https:\\\/\\\/www.eldiario.net\\\/portal\\\/2023\\\/01\\\/25\\\/financiaran-proyectos-en-municipios-y-etas-por-mas-de-bs-2-500-millones\\\/\"]}]},{\"@type\":\"BreadcrumbList\",\"@id\":\"https:\\\/\\\/www.eldiario.net\\\/portal\\\/2023\\\/01\\\/25\\\/financiaran-proyectos-en-municipios-y-etas-por-mas-de-bs-2-500-millones\\\/#breadcrumb\",\"itemListElement\":[{\"@type\":\"ListItem\",\"position\":1,\"name\":\"Portada\",\"item\":\"https:\\\/\\\/www.eldiario.net\\\/portal\\\/\"},{\"@type\":\"ListItem\",\"position\":2,\"name\":\"Financiar\u00e1n proyectos en municipios y Etas por m\u00e1s de Bs 2.500 millones\"}]},{\"@type\":\"WebSite\",\"@id\":\"https:\\\/\\\/www.eldiario.net\\\/portal\\\/#website\",\"url\":\"https:\\\/\\\/www.eldiario.net\\\/portal\\\/\",\"name\":\"El Diario - Decano de la prensa nacional\",\"description\":\"El Diario - Decano de la prensa nacional\",\"publisher\":{\"@id\":\"https:\\\/\\\/www.eldiario.net\\\/portal\\\/#organization\"},\"potentialAction\":[{\"@type\":\"SearchAction\",\"target\":{\"@type\":\"EntryPoint\",\"urlTemplate\":\"https:\\\/\\\/www.eldiario.net\\\/portal\\\/?s={search_term_string}\"},\"query-input\":{\"@type\":\"PropertyValueSpecification\",\"valueRequired\":true,\"valueName\":\"search_term_string\"}}],\"inLanguage\":\"es\"},{\"@type\":\"Organization\",\"@id\":\"https:\\\/\\\/www.eldiario.net\\\/portal\\\/#organization\",\"name\":\"El Diario - Decano de la prensa nacional\",\"url\":\"https:\\\/\\\/www.eldiario.net\\\/portal\\\/\",\"logo\":{\"@type\":\"ImageObject\",\"inLanguage\":\"es\",\"@id\":\"https:\\\/\\\/www.eldiario.net\\\/portal\\\/#\\\/schema\\\/logo\\\/image\\\/\",\"url\":\"https:\\\/\\\/www.eldiario.net\\\/portal\\\/wp-content\\\/uploads\\\/2023\\\/07\\\/logo_ED.jpg\",\"contentUrl\":\"https:\\\/\\\/www.eldiario.net\\\/portal\\\/wp-content\\\/uploads\\\/2023\\\/07\\\/logo_ED.jpg\",\"width\":272,\"height\":52,\"caption\":\"El Diario - Decano de la prensa nacional\"},\"image\":{\"@id\":\"https:\\\/\\\/www.eldiario.net\\\/portal\\\/#\\\/schema\\\/logo\\\/image\\\/\"},\"sameAs\":[\"https:\\\/\\\/www.facebook.com\\\/eldiario.bolivia\\\/\",\"https:\\\/\\\/x.com\\\/eldiario_net\"]},{\"@type\":\"Person\",\"@id\":\"https:\\\/\\\/www.eldiario.net\\\/portal\\\/#\\\/schema\\\/person\\\/2c57cf2b7a7ae032e449e4c9b1019eac\",\"name\":\"Jeanette\",\"image\":{\"@type\":\"ImageObject\",\"inLanguage\":\"es\",\"@id\":\"https:\\\/\\\/secure.gravatar.com\\\/avatar\\\/3ea2118a5f7dad2b7138b1187a6b7ee55f160b9968b66013c3a3ef39dd7e5798?s=96&d=mm&r=g\",\"url\":\"https:\\\/\\\/secure.gravatar.com\\\/avatar\\\/3ea2118a5f7dad2b7138b1187a6b7ee55f160b9968b66013c3a3ef39dd7e5798?s=96&d=mm&r=g\",\"contentUrl\":\"https:\\\/\\\/secure.gravatar.com\\\/avatar\\\/3ea2118a5f7dad2b7138b1187a6b7ee55f160b9968b66013c3a3ef39dd7e5798?s=96&d=mm&r=g\",\"caption\":\"Jeanette\"},\"sameAs\":[\"https:\\\/\\\/www.eldiario.net\\\/portal\"],\"url\":\"https:\\\/\\\/www.eldiario.net\\\/portal\\\/author\\\/jeanette\\\/\"}]}<\/script>\n<!-- \/ Yoast SEO plugin. -->","yoast_head_json":{"title":"Financiar\u00e1n proyectos en municipios y Etas por m\u00e1s de Bs 2.500 millones - El Diario - Bolivia","robots":{"index":"index","follow":"follow","max-snippet":"max-snippet:-1","max-image-preview":"max-image-preview:large","max-video-preview":"max-video-preview:-1"},"canonical":"https:\/\/www.eldiario.net\/portal\/2023\/01\/25\/financiaran-proyectos-en-municipios-y-etas-por-mas-de-bs-2-500-millones\/","og_locale":"es_ES","og_type":"article","og_title":"Financiar\u00e1n proyectos en municipios y Etas por m\u00e1s de Bs 2.500 millones - El Diario - Bolivia","og_description":"Los fondos estatales Farip y Focipp destinaron al menos 2.587 millones de bolivianos para proyectos de inversi\u00f3n p\u00fablica en municipios y Entidades Territoriales Aut\u00f3nomas (ETA), inform\u00f3 el presidente del Estado, Luis Arce Catacora. Asegur\u00f3 que impulsan la inversi\u00f3n p\u00fablica a trav\u00e9s del Fideicomiso de Apoyo a la Reactivaci\u00f3n de la Inversi\u00f3n P\u00fablica (Farip), que cuenta [&hellip;]","og_url":"https:\/\/www.eldiario.net\/portal\/2023\/01\/25\/financiaran-proyectos-en-municipios-y-etas-por-mas-de-bs-2-500-millones\/","og_site_name":"El Diario - Bolivia","article_publisher":"https:\/\/www.facebook.com\/eldiario.bolivia\/","article_published_time":"2023-01-25T09:45:25+00:00","author":"Jeanette","twitter_card":"summary_large_image","twitter_creator":"@eldiario_net","twitter_site":"@eldiario_net","twitter_misc":{"Escrito por":"Jeanette","Tiempo de lectura":"2 minutos"},"schema":{"@context":"https:\/\/schema.org","@graph":[{"@type":"Article","@id":"https:\/\/www.eldiario.net\/portal\/2023\/01\/25\/financiaran-proyectos-en-municipios-y-etas-por-mas-de-bs-2-500-millones\/#article","isPartOf":{"@id":"https:\/\/www.eldiario.net\/portal\/2023\/01\/25\/financiaran-proyectos-en-municipios-y-etas-por-mas-de-bs-2-500-millones\/"},"author":{"name":"Jeanette","@id":"https:\/\/www.eldiario.net\/portal\/#\/schema\/person\/2c57cf2b7a7ae032e449e4c9b1019eac"},"headline":"Financiar\u00e1n proyectos en municipios y Etas por m\u00e1s de Bs 2.500 millones","datePublished":"2023-01-25T09:45:25+00:00","mainEntityOfPage":{"@id":"https:\/\/www.eldiario.net\/portal\/2023\/01\/25\/financiaran-proyectos-en-municipios-y-etas-por-mas-de-bs-2-500-millones\/"},"wordCount":409,"publisher":{"@id":"https:\/\/www.eldiario.net\/portal\/#organization"},"articleSection":["Econom\u00eda"],"inLanguage":"es"},{"@type":"WebPage","@id":"https:\/\/www.eldiario.net\/portal\/2023\/01\/25\/financiaran-proyectos-en-municipios-y-etas-por-mas-de-bs-2-500-millones\/","url":"https:\/\/www.eldiario.net\/portal\/2023\/01\/25\/financiaran-proyectos-en-municipios-y-etas-por-mas-de-bs-2-500-millones\/","name":"Financiar\u00e1n proyectos en municipios y Etas por m\u00e1s de Bs 2.500 millones - El Diario - Bolivia","isPartOf":{"@id":"https:\/\/www.eldiario.net\/portal\/#website"},"datePublished":"2023-01-25T09:45:25+00:00","breadcrumb":{"@id":"https:\/\/www.eldiario.net\/portal\/2023\/01\/25\/financiaran-proyectos-en-municipios-y-etas-por-mas-de-bs-2-500-millones\/#breadcrumb"},"inLanguage":"es","potentialAction":[{"@type":"ReadAction","target":["https:\/\/www.eldiario.net\/portal\/2023\/01\/25\/financiaran-proyectos-en-municipios-y-etas-por-mas-de-bs-2-500-millones\/"]}]},{"@type":"BreadcrumbList","@id":"https:\/\/www.eldiario.net\/portal\/2023\/01\/25\/financiaran-proyectos-en-municipios-y-etas-por-mas-de-bs-2-500-millones\/#breadcrumb","itemListElement":[{"@type":"ListItem","position":1,"name":"Portada","item":"https:\/\/www.eldiario.net\/portal\/"},{"@type":"ListItem","position":2,"name":"Financiar\u00e1n proyectos en municipios y Etas por m\u00e1s de Bs 2.500 millones"}]},{"@type":"WebSite","@id":"https:\/\/www.eldiario.net\/portal\/#website","url":"https:\/\/www.eldiario.net\/portal\/","name":"El Diario - Decano de la prensa nacional","description":"El Diario - Decano de la prensa nacional","publisher":{"@id":"https:\/\/www.eldiario.net\/portal\/#organization"},"potentialAction":[{"@type":"SearchAction","target":{"@type":"EntryPoint","urlTemplate":"https:\/\/www.eldiario.net\/portal\/?s={search_term_string}"},"query-input":{"@type":"PropertyValueSpecification","valueRequired":true,"valueName":"search_term_string"}}],"inLanguage":"es"},{"@type":"Organization","@id":"https:\/\/www.eldiario.net\/portal\/#organization","name":"El Diario - Decano de la prensa nacional","url":"https:\/\/www.eldiario.net\/portal\/","logo":{"@type":"ImageObject","inLanguage":"es","@id":"https:\/\/www.eldiario.net\/portal\/#\/schema\/logo\/image\/","url":"https:\/\/www.eldiario.net\/portal\/wp-content\/uploads\/2023\/07\/logo_ED.jpg","contentUrl":"https:\/\/www.eldiario.net\/portal\/wp-content\/uploads\/2023\/07\/logo_ED.jpg","width":272,"height":52,"caption":"El Diario - Decano de la prensa nacional"},"image":{"@id":"https:\/\/www.eldiario.net\/portal\/#\/schema\/logo\/image\/"},"sameAs":["https:\/\/www.facebook.com\/eldiario.bolivia\/","https:\/\/x.com\/eldiario_net"]},{"@type":"Person","@id":"https:\/\/www.eldiario.net\/portal\/#\/schema\/person\/2c57cf2b7a7ae032e449e4c9b1019eac","name":"Jeanette","image":{"@type":"ImageObject","inLanguage":"es","@id":"https:\/\/secure.gravatar.com\/avatar\/3ea2118a5f7dad2b7138b1187a6b7ee55f160b9968b66013c3a3ef39dd7e5798?s=96&d=mm&r=g","url":"https:\/\/secure.gravatar.com\/avatar\/3ea2118a5f7dad2b7138b1187a6b7ee55f160b9968b66013c3a3ef39dd7e5798?s=96&d=mm&r=g","contentUrl":"https:\/\/secure.gravatar.com\/avatar\/3ea2118a5f7dad2b7138b1187a6b7ee55f160b9968b66013c3a3ef39dd7e5798?s=96&d=mm&r=g","caption":"Jeanette"},"sameAs":["https:\/\/www.eldiario.net\/portal"],"url":"https:\/\/www.eldiario.net\/portal\/author\/jeanette\/"}]}},"_links":{"self":[{"href":"https:\/\/www.eldiario.net\/portal\/wp-json\/wp\/v2\/posts\/134671","targetHints":{"allow":["GET"]}}],"collection":[{"href":"https:\/\/www.eldiario.net\/portal\/wp-json\/wp\/v2\/posts"}],"about":[{"href":"https:\/\/www.eldiario.net\/portal\/wp-json\/wp\/v2\/types\/post"}],"author":[{"embeddable":true,"href":"https:\/\/www.eldiario.net\/portal\/wp-json\/wp\/v2\/users\/1"}],"replies":[{"embeddable":true,"href":"https:\/\/www.eldiario.net\/portal\/wp-json\/wp\/v2\/comments?post=134671"}],"version-history":[{"count":0,"href":"https:\/\/www.eldiario.net\/portal\/wp-json\/wp\/v2\/posts\/134671\/revisions"}],"wp:attachment":[{"href":"https:\/\/www.eldiario.net\/portal\/wp-json\/wp\/v2\/media?parent=134671"}],"wp:term":[{"taxonomy":"category","embeddable":true,"href":"https:\/\/www.eldiario.net\/portal\/wp-json\/wp\/v2\/categories?post=134671"},{"taxonomy":"post_tag","embeddable":true,"href":"https:\/\/www.eldiario.net\/portal\/wp-json\/wp\/v2\/tags?post=134671"}],"curies":[{"name":"wp","href":"https:\/\/api.w.org\/{rel}","templated":true}]}}