{"id":134668,"date":"2023-01-25T05:44:57","date_gmt":"2023-01-25T09:44:57","guid":{"rendered":"https:\/\/www.eldiario.net\/portal\/?p=134668"},"modified":"2023-01-25T05:44:57","modified_gmt":"2023-01-25T09:44:57","slug":"gobierno-cesa-medio-centenar-de-mandos-de-areas-indigenas","status":"publish","type":"post","link":"https:\/\/www.eldiario.net\/portal\/2023\/01\/25\/gobierno-cesa-medio-centenar-de-mandos-de-areas-indigenas\/","title":{"rendered":"Gobierno cesa medio centenar  de mandos de \u00e1reas ind\u00edgenas"},"content":{"rendered":"<p>El Gobierno de Brasil, anunci\u00f3 ayer el cese de m\u00e1s de medio centenar de funcionarios p\u00fablicos, entre ellos una docena de militares, que se despe\u00f1aban en diferentes \u00e1reas relacionadas con la asistencia a las comunidades ind\u00edgenas, d\u00edas despu\u00e9s de que se diera a conocer las dificultades por las que atraviesan.<br \/>\nEn total 54 personas fueron destituidas, entre las cuales se encuentran once coordinadores regionales de la Secretar\u00eda de Salud Ind\u00edgena (SESAI), que dependen del Ministerio de Salud, y otros 43 jefes regionales y estatales de la Fundaci\u00f3n Nacional de los Pueblos Ind\u00edgenas (FUNAI), de entre los cuales trece militares.<br \/>\nSi bien desde el Ministerio de Salud se\u00f1alaron que estos ceses y las pr\u00f3ximas nominaciones son parte de los procesos naturales en un cambio de Gobierno, tienen lugar pocos d\u00edas despu\u00e9s de que la nueva administraci\u00f3n del presidente, Luiz In\u00e1cio Lula da Silva, denunciara el genocidio del que hab\u00edan sido v\u00edctimas algunas de estas comunidades, poniendo como ejemplo el pueblo yanomami.<br \/>\n\u201cM\u00e1s que una crisis humanitaria, lo que vi en Roraima fue un genocidio. Un crimen premeditado contra los yanomami, cometido por un gobierno insensible al sufrimiento del pueblo brasile\u00f1o\u201d, escribi\u00f3 Lula en su perfil de Twitter.<br \/>\nBajo el Gobierno del presidente Lula, por primera vez, la SESAI y la FUNAI pasar\u00e1n a estar lideradas por miembros de estas comunidades originarias. En el caso de la segunda organizaci\u00f3n dejar\u00e1 de ser dependiente del Ministerio de Justicia para formar parte de la cartera de Pueblos Ind\u00edgenas.<br \/>\nEl Gobierno de Brasil tambi\u00e9n anunci\u00f3 que ya est\u00e1n en manos de la Polic\u00eda Federal la apertura de una investigaci\u00f3n por los casos de omisi\u00f3n y mala gesti\u00f3n que se podr\u00edan haber cometido a\u00f1os atr\u00e1s para contener y resolver los problemas de la comunidad yanomami, cuyo territorio alberga la mayor reserva ind\u00edgena de Brasil.<br \/>\nEl nuevo Ministerio de los Pueblos Ind\u00edgenas alert\u00f3 que esta regi\u00f3n padece una crisis humanitaria y alimentaria son precedentes y cifr\u00f3 en al menos 570 los menores de edad que murieron por desnutrici\u00f3n o alimentos contaminados por el mercurio, como consecuencia de la invasi\u00f3n de la miner\u00eda ilegal, informa G1.<br \/>\nLa emergencia humanitaria, denuncian las nuevas autoridades, es consecuencia directa de los recortes del gobierno de Jair Bolsanaro, a quien se acusa de haber jaleado y permitido la presencia de estos extractores ilegales de oro y otras piedras preciosas. (Europa Press).<\/p>\n","protected":false},"excerpt":{"rendered":"<p>El Gobierno de Brasil, anunci\u00f3 ayer el cese de m\u00e1s de medio centenar de funcionarios p\u00fablicos, entre ellos una docena de militares, que se despe\u00f1aban en diferentes \u00e1reas relacionadas con la asistencia a las comunidades ind\u00edgenas, d\u00edas despu\u00e9s de que se diera a conocer las dificultades por las que atraviesan. En total 54 personas fueron [&hellip;]<\/p>\n","protected":false},"author":1,"featured_media":134669,"comment_status":"closed","ping_status":"closed","sticky":false,"template":"","format":"standard","meta":{"_acf_changed":false,"footnotes":""},"categories":[3],"tags":[],"class_list":["post-134668","post","type-post","status-publish","format-standard","has-post-thumbnail","category-internacional"],"acf":{"antetitulo":""},"yoast_head":"<!-- This site is optimized with the Yoast SEO plugin v28.4 - https:\/\/yoast.com\/product\/yoast-seo-wordpress\/ -->\n<title>Gobierno cesa medio centenar de mandos de \u00e1reas ind\u00edgenas - El Diario - Bolivia<\/title>\n<meta name=\"robots\" content=\"index, follow, max-snippet:-1, max-image-preview:large, max-video-preview:-1\" \/>\n<link rel=\"canonical\" href=\"https:\/\/www.eldiario.net\/portal\/2023\/01\/25\/gobierno-cesa-medio-centenar-de-mandos-de-areas-indigenas\/\" \/>\n<meta property=\"og:locale\" content=\"es_ES\" \/>\n<meta property=\"og:type\" content=\"article\" \/>\n<meta property=\"og:title\" content=\"Gobierno cesa medio centenar de mandos de \u00e1reas ind\u00edgenas - El Diario - Bolivia\" \/>\n<meta property=\"og:description\" content=\"El Gobierno de Brasil, anunci\u00f3 ayer el cese de m\u00e1s de medio centenar de funcionarios p\u00fablicos, entre ellos una docena de militares, que se despe\u00f1aban en diferentes \u00e1reas relacionadas con la asistencia a las comunidades ind\u00edgenas, d\u00edas despu\u00e9s de que se diera a conocer las dificultades por las que atraviesan. En total 54 personas fueron [&hellip;]\" \/>\n<meta property=\"og:url\" content=\"https:\/\/www.eldiario.net\/portal\/2023\/01\/25\/gobierno-cesa-medio-centenar-de-mandos-de-areas-indigenas\/\" \/>\n<meta property=\"og:site_name\" content=\"El Diario - Bolivia\" \/>\n<meta property=\"article:publisher\" content=\"https:\/\/www.facebook.com\/eldiario.bolivia\/\" \/>\n<meta property=\"article:published_time\" content=\"2023-01-25T09:44:57+00:00\" \/>\n<meta name=\"author\" content=\"Jeanette\" \/>\n<meta name=\"twitter:card\" content=\"summary_large_image\" \/>\n<meta name=\"twitter:creator\" content=\"@eldiario_net\" \/>\n<meta name=\"twitter:site\" content=\"@eldiario_net\" \/>\n<meta name=\"twitter:label1\" content=\"Escrito por\" \/>\n\t<meta name=\"twitter:data1\" content=\"Jeanette\" \/>\n\t<meta name=\"twitter:label2\" content=\"Tiempo de lectura\" \/>\n\t<meta name=\"twitter:data2\" content=\"2 minutos\" \/>\n<script type=\"application\/ld+json\" class=\"yoast-schema-graph\">{\"@context\":\"https:\\\/\\\/schema.org\",\"@graph\":[{\"@type\":\"Article\",\"@id\":\"https:\\\/\\\/www.eldiario.net\\\/portal\\\/2023\\\/01\\\/25\\\/gobierno-cesa-medio-centenar-de-mandos-de-areas-indigenas\\\/#article\",\"isPartOf\":{\"@id\":\"https:\\\/\\\/www.eldiario.net\\\/portal\\\/2023\\\/01\\\/25\\\/gobierno-cesa-medio-centenar-de-mandos-de-areas-indigenas\\\/\"},\"author\":{\"name\":\"Jeanette\",\"@id\":\"https:\\\/\\\/www.eldiario.net\\\/portal\\\/#\\\/schema\\\/person\\\/f46445640444750d7d753ccd04ae01b7\"},\"headline\":\"Gobierno cesa medio centenar de mandos de \u00e1reas ind\u00edgenas\",\"datePublished\":\"2023-01-25T09:44:57+00:00\",\"mainEntityOfPage\":{\"@id\":\"https:\\\/\\\/www.eldiario.net\\\/portal\\\/2023\\\/01\\\/25\\\/gobierno-cesa-medio-centenar-de-mandos-de-areas-indigenas\\\/\"},\"wordCount\":434,\"publisher\":{\"@id\":\"https:\\\/\\\/www.eldiario.net\\\/portal\\\/#organization\"},\"image\":{\"@id\":\"https:\\\/\\\/www.eldiario.net\\\/portal\\\/2023\\\/01\\\/25\\\/gobierno-cesa-medio-centenar-de-mandos-de-areas-indigenas\\\/#primaryimage\"},\"thumbnailUrl\":\"\",\"articleSection\":[\"Internacional\"],\"inLanguage\":\"es\"},{\"@type\":\"WebPage\",\"@id\":\"https:\\\/\\\/www.eldiario.net\\\/portal\\\/2023\\\/01\\\/25\\\/gobierno-cesa-medio-centenar-de-mandos-de-areas-indigenas\\\/\",\"url\":\"https:\\\/\\\/www.eldiario.net\\\/portal\\\/2023\\\/01\\\/25\\\/gobierno-cesa-medio-centenar-de-mandos-de-areas-indigenas\\\/\",\"name\":\"Gobierno cesa medio centenar de mandos de \u00e1reas ind\u00edgenas - El Diario - Bolivia\",\"isPartOf\":{\"@id\":\"https:\\\/\\\/www.eldiario.net\\\/portal\\\/#website\"},\"primaryImageOfPage\":{\"@id\":\"https:\\\/\\\/www.eldiario.net\\\/portal\\\/2023\\\/01\\\/25\\\/gobierno-cesa-medio-centenar-de-mandos-de-areas-indigenas\\\/#primaryimage\"},\"image\":{\"@id\":\"https:\\\/\\\/www.eldiario.net\\\/portal\\\/2023\\\/01\\\/25\\\/gobierno-cesa-medio-centenar-de-mandos-de-areas-indigenas\\\/#primaryimage\"},\"thumbnailUrl\":\"\",\"datePublished\":\"2023-01-25T09:44:57+00:00\",\"breadcrumb\":{\"@id\":\"https:\\\/\\\/www.eldiario.net\\\/portal\\\/2023\\\/01\\\/25\\\/gobierno-cesa-medio-centenar-de-mandos-de-areas-indigenas\\\/#breadcrumb\"},\"inLanguage\":\"es\",\"potentialAction\":[{\"@type\":\"ReadAction\",\"target\":[\"https:\\\/\\\/www.eldiario.net\\\/portal\\\/2023\\\/01\\\/25\\\/gobierno-cesa-medio-centenar-de-mandos-de-areas-indigenas\\\/\"]}]},{\"@type\":\"ImageObject\",\"inLanguage\":\"es\",\"@id\":\"https:\\\/\\\/www.eldiario.net\\\/portal\\\/2023\\\/01\\\/25\\\/gobierno-cesa-medio-centenar-de-mandos-de-areas-indigenas\\\/#primaryimage\",\"url\":\"\",\"contentUrl\":\"\"},{\"@type\":\"BreadcrumbList\",\"@id\":\"https:\\\/\\\/www.eldiario.net\\\/portal\\\/2023\\\/01\\\/25\\\/gobierno-cesa-medio-centenar-de-mandos-de-areas-indigenas\\\/#breadcrumb\",\"itemListElement\":[{\"@type\":\"ListItem\",\"position\":1,\"name\":\"Portada\",\"item\":\"https:\\\/\\\/www.eldiario.net\\\/portal\\\/\"},{\"@type\":\"ListItem\",\"position\":2,\"name\":\"Gobierno cesa medio centenar de mandos de \u00e1reas ind\u00edgenas\"}]},{\"@type\":\"WebSite\",\"@id\":\"https:\\\/\\\/www.eldiario.net\\\/portal\\\/#website\",\"url\":\"https:\\\/\\\/www.eldiario.net\\\/portal\\\/\",\"name\":\"El Diario - Decano de la prensa nacional\",\"description\":\"El Diario - Decano de la prensa nacional\",\"publisher\":{\"@id\":\"https:\\\/\\\/www.eldiario.net\\\/portal\\\/#organization\"},\"potentialAction\":[{\"@type\":\"SearchAction\",\"target\":{\"@type\":\"EntryPoint\",\"urlTemplate\":\"https:\\\/\\\/www.eldiario.net\\\/portal\\\/?s={search_term_string}\"},\"query-input\":{\"@type\":\"PropertyValueSpecification\",\"valueRequired\":true,\"valueName\":\"search_term_string\"}}],\"inLanguage\":\"es\"},{\"@type\":\"Organization\",\"@id\":\"https:\\\/\\\/www.eldiario.net\\\/portal\\\/#organization\",\"name\":\"El Diario - Decano de la prensa nacional\",\"url\":\"https:\\\/\\\/www.eldiario.net\\\/portal\\\/\",\"logo\":{\"@type\":\"ImageObject\",\"inLanguage\":\"es\",\"@id\":\"https:\\\/\\\/www.eldiario.net\\\/portal\\\/#\\\/schema\\\/logo\\\/image\\\/\",\"url\":\"https:\\\/\\\/www.eldiario.net\\\/portal\\\/wp-content\\\/uploads\\\/2023\\\/07\\\/logo_ED.jpg\",\"contentUrl\":\"https:\\\/\\\/www.eldiario.net\\\/portal\\\/wp-content\\\/uploads\\\/2023\\\/07\\\/logo_ED.jpg\",\"width\":272,\"height\":52,\"caption\":\"El Diario - Decano de la prensa nacional\"},\"image\":{\"@id\":\"https:\\\/\\\/www.eldiario.net\\\/portal\\\/#\\\/schema\\\/logo\\\/image\\\/\"},\"sameAs\":[\"https:\\\/\\\/www.facebook.com\\\/eldiario.bolivia\\\/\",\"https:\\\/\\\/x.com\\\/eldiario_net\"]},{\"@type\":\"Person\",\"@id\":\"https:\\\/\\\/www.eldiario.net\\\/portal\\\/#\\\/schema\\\/person\\\/f46445640444750d7d753ccd04ae01b7\",\"name\":\"Jeanette\",\"image\":{\"@type\":\"ImageObject\",\"inLanguage\":\"es\",\"@id\":\"https:\\\/\\\/secure.gravatar.com\\\/avatar\\\/3ea2118a5f7dad2b7138b1187a6b7ee55f160b9968b66013c3a3ef39dd7e5798?s=96&d=mm&r=g\",\"url\":\"https:\\\/\\\/secure.gravatar.com\\\/avatar\\\/3ea2118a5f7dad2b7138b1187a6b7ee55f160b9968b66013c3a3ef39dd7e5798?s=96&d=mm&r=g\",\"contentUrl\":\"https:\\\/\\\/secure.gravatar.com\\\/avatar\\\/3ea2118a5f7dad2b7138b1187a6b7ee55f160b9968b66013c3a3ef39dd7e5798?s=96&d=mm&r=g\",\"caption\":\"Jeanette\"},\"sameAs\":[\"https:\\\/\\\/www.eldiario.net\\\/portal\"],\"url\":\"https:\\\/\\\/www.eldiario.net\\\/portal\\\/author\\\/jeanette\\\/\"}]}<\/script>\n<!-- \/ Yoast SEO plugin. -->","yoast_head_json":{"title":"Gobierno cesa medio centenar de mandos de \u00e1reas ind\u00edgenas - El Diario - Bolivia","robots":{"index":"index","follow":"follow","max-snippet":"max-snippet:-1","max-image-preview":"max-image-preview:large","max-video-preview":"max-video-preview:-1"},"canonical":"https:\/\/www.eldiario.net\/portal\/2023\/01\/25\/gobierno-cesa-medio-centenar-de-mandos-de-areas-indigenas\/","og_locale":"es_ES","og_type":"article","og_title":"Gobierno cesa medio centenar de mandos de \u00e1reas ind\u00edgenas - El Diario - Bolivia","og_description":"El Gobierno de Brasil, anunci\u00f3 ayer el cese de m\u00e1s de medio centenar de funcionarios p\u00fablicos, entre ellos una docena de militares, que se despe\u00f1aban en diferentes \u00e1reas relacionadas con la asistencia a las comunidades ind\u00edgenas, d\u00edas despu\u00e9s de que se diera a conocer las dificultades por las que atraviesan. En total 54 personas fueron [&hellip;]","og_url":"https:\/\/www.eldiario.net\/portal\/2023\/01\/25\/gobierno-cesa-medio-centenar-de-mandos-de-areas-indigenas\/","og_site_name":"El Diario - Bolivia","article_publisher":"https:\/\/www.facebook.com\/eldiario.bolivia\/","article_published_time":"2023-01-25T09:44:57+00:00","author":"Jeanette","twitter_card":"summary_large_image","twitter_creator":"@eldiario_net","twitter_site":"@eldiario_net","twitter_misc":{"Escrito por":"Jeanette","Tiempo de lectura":"2 minutos"},"schema":{"@context":"https:\/\/schema.org","@graph":[{"@type":"Article","@id":"https:\/\/www.eldiario.net\/portal\/2023\/01\/25\/gobierno-cesa-medio-centenar-de-mandos-de-areas-indigenas\/#article","isPartOf":{"@id":"https:\/\/www.eldiario.net\/portal\/2023\/01\/25\/gobierno-cesa-medio-centenar-de-mandos-de-areas-indigenas\/"},"author":{"name":"Jeanette","@id":"https:\/\/www.eldiario.net\/portal\/#\/schema\/person\/f46445640444750d7d753ccd04ae01b7"},"headline":"Gobierno cesa medio centenar de mandos de \u00e1reas ind\u00edgenas","datePublished":"2023-01-25T09:44:57+00:00","mainEntityOfPage":{"@id":"https:\/\/www.eldiario.net\/portal\/2023\/01\/25\/gobierno-cesa-medio-centenar-de-mandos-de-areas-indigenas\/"},"wordCount":434,"publisher":{"@id":"https:\/\/www.eldiario.net\/portal\/#organization"},"image":{"@id":"https:\/\/www.eldiario.net\/portal\/2023\/01\/25\/gobierno-cesa-medio-centenar-de-mandos-de-areas-indigenas\/#primaryimage"},"thumbnailUrl":"","articleSection":["Internacional"],"inLanguage":"es"},{"@type":"WebPage","@id":"https:\/\/www.eldiario.net\/portal\/2023\/01\/25\/gobierno-cesa-medio-centenar-de-mandos-de-areas-indigenas\/","url":"https:\/\/www.eldiario.net\/portal\/2023\/01\/25\/gobierno-cesa-medio-centenar-de-mandos-de-areas-indigenas\/","name":"Gobierno cesa medio centenar de mandos de \u00e1reas ind\u00edgenas - El Diario - Bolivia","isPartOf":{"@id":"https:\/\/www.eldiario.net\/portal\/#website"},"primaryImageOfPage":{"@id":"https:\/\/www.eldiario.net\/portal\/2023\/01\/25\/gobierno-cesa-medio-centenar-de-mandos-de-areas-indigenas\/#primaryimage"},"image":{"@id":"https:\/\/www.eldiario.net\/portal\/2023\/01\/25\/gobierno-cesa-medio-centenar-de-mandos-de-areas-indigenas\/#primaryimage"},"thumbnailUrl":"","datePublished":"2023-01-25T09:44:57+00:00","breadcrumb":{"@id":"https:\/\/www.eldiario.net\/portal\/2023\/01\/25\/gobierno-cesa-medio-centenar-de-mandos-de-areas-indigenas\/#breadcrumb"},"inLanguage":"es","potentialAction":[{"@type":"ReadAction","target":["https:\/\/www.eldiario.net\/portal\/2023\/01\/25\/gobierno-cesa-medio-centenar-de-mandos-de-areas-indigenas\/"]}]},{"@type":"ImageObject","inLanguage":"es","@id":"https:\/\/www.eldiario.net\/portal\/2023\/01\/25\/gobierno-cesa-medio-centenar-de-mandos-de-areas-indigenas\/#primaryimage","url":"","contentUrl":""},{"@type":"BreadcrumbList","@id":"https:\/\/www.eldiario.net\/portal\/2023\/01\/25\/gobierno-cesa-medio-centenar-de-mandos-de-areas-indigenas\/#breadcrumb","itemListElement":[{"@type":"ListItem","position":1,"name":"Portada","item":"https:\/\/www.eldiario.net\/portal\/"},{"@type":"ListItem","position":2,"name":"Gobierno cesa medio centenar de mandos de \u00e1reas ind\u00edgenas"}]},{"@type":"WebSite","@id":"https:\/\/www.eldiario.net\/portal\/#website","url":"https:\/\/www.eldiario.net\/portal\/","name":"El Diario - Decano de la prensa nacional","description":"El Diario - Decano de la prensa nacional","publisher":{"@id":"https:\/\/www.eldiario.net\/portal\/#organization"},"potentialAction":[{"@type":"SearchAction","target":{"@type":"EntryPoint","urlTemplate":"https:\/\/www.eldiario.net\/portal\/?s={search_term_string}"},"query-input":{"@type":"PropertyValueSpecification","valueRequired":true,"valueName":"search_term_string"}}],"inLanguage":"es"},{"@type":"Organization","@id":"https:\/\/www.eldiario.net\/portal\/#organization","name":"El Diario - Decano de la prensa nacional","url":"https:\/\/www.eldiario.net\/portal\/","logo":{"@type":"ImageObject","inLanguage":"es","@id":"https:\/\/www.eldiario.net\/portal\/#\/schema\/logo\/image\/","url":"https:\/\/www.eldiario.net\/portal\/wp-content\/uploads\/2023\/07\/logo_ED.jpg","contentUrl":"https:\/\/www.eldiario.net\/portal\/wp-content\/uploads\/2023\/07\/logo_ED.jpg","width":272,"height":52,"caption":"El Diario - Decano de la prensa nacional"},"image":{"@id":"https:\/\/www.eldiario.net\/portal\/#\/schema\/logo\/image\/"},"sameAs":["https:\/\/www.facebook.com\/eldiario.bolivia\/","https:\/\/x.com\/eldiario_net"]},{"@type":"Person","@id":"https:\/\/www.eldiario.net\/portal\/#\/schema\/person\/f46445640444750d7d753ccd04ae01b7","name":"Jeanette","image":{"@type":"ImageObject","inLanguage":"es","@id":"https:\/\/secure.gravatar.com\/avatar\/3ea2118a5f7dad2b7138b1187a6b7ee55f160b9968b66013c3a3ef39dd7e5798?s=96&d=mm&r=g","url":"https:\/\/secure.gravatar.com\/avatar\/3ea2118a5f7dad2b7138b1187a6b7ee55f160b9968b66013c3a3ef39dd7e5798?s=96&d=mm&r=g","contentUrl":"https:\/\/secure.gravatar.com\/avatar\/3ea2118a5f7dad2b7138b1187a6b7ee55f160b9968b66013c3a3ef39dd7e5798?s=96&d=mm&r=g","caption":"Jeanette"},"sameAs":["https:\/\/www.eldiario.net\/portal"],"url":"https:\/\/www.eldiario.net\/portal\/author\/jeanette\/"}]}},"_links":{"self":[{"href":"https:\/\/www.eldiario.net\/portal\/wp-json\/wp\/v2\/posts\/134668","targetHints":{"allow":["GET"]}}],"collection":[{"href":"https:\/\/www.eldiario.net\/portal\/wp-json\/wp\/v2\/posts"}],"about":[{"href":"https:\/\/www.eldiario.net\/portal\/wp-json\/wp\/v2\/types\/post"}],"author":[{"embeddable":true,"href":"https:\/\/www.eldiario.net\/portal\/wp-json\/wp\/v2\/users\/1"}],"replies":[{"embeddable":true,"href":"https:\/\/www.eldiario.net\/portal\/wp-json\/wp\/v2\/comments?post=134668"}],"version-history":[{"count":0,"href":"https:\/\/www.eldiario.net\/portal\/wp-json\/wp\/v2\/posts\/134668\/revisions"}],"wp:attachment":[{"href":"https:\/\/www.eldiario.net\/portal\/wp-json\/wp\/v2\/media?parent=134668"}],"wp:term":[{"taxonomy":"category","embeddable":true,"href":"https:\/\/www.eldiario.net\/portal\/wp-json\/wp\/v2\/categories?post=134668"},{"taxonomy":"post_tag","embeddable":true,"href":"https:\/\/www.eldiario.net\/portal\/wp-json\/wp\/v2\/tags?post=134668"}],"curies":[{"name":"wp","href":"https:\/\/api.w.org\/{rel}","templated":true}]}}