{"id":134665,"date":"2023-01-25T05:44:11","date_gmt":"2023-01-25T09:44:11","guid":{"rendered":"https:\/\/www.eldiario.net\/portal\/?p=134665"},"modified":"2023-01-25T05:44:11","modified_gmt":"2023-01-25T09:44:11","slug":"anuncian-a-los-nominados-de-la-academia-de-hollywood","status":"publish","type":"post","link":"https:\/\/www.eldiario.net\/portal\/2023\/01\/25\/anuncian-a-los-nominados-de-la-academia-de-hollywood\/","title":{"rendered":"Anuncian a los nominados  de la Academia de Hollywood"},"content":{"rendered":"<p>La pel\u00edcula de ciencia ficci\u00f3n \u00abTodo en todas partes al mismo tiempo\u00bb fue nominada ayer a 11 premios Oscar y lidera la carrera por las prestigiosas estatuillas, que se entregar\u00e1n el 12 de marzo en el Dolby Theatre en Hollywood.<br \/>\nLe siguen el filme antibelicista alem\u00e1n \u00abSin novedad en el frente\u00bb(9 nominaciones), la comedia negra irlandesa \u00abThe Banshees of Inisherin\u00bb(Los esp\u00edritus de la isla, en Hispanoam\u00e9rica; Almas en pena de Inisherin, en Espa\u00f1a), la pel\u00edcula biogr\u00e1fica sobre el astro del rock and roll \u00abElvis\u00bb (8 nominaciones), y la muy \u00edntima \u00abLos Fabelman\u00bb de Steven Spielberg (7 nominaciones).<br \/>\nLa pel\u00edcula competir\u00e1 contra All quiet in the western front, de Alemania; Close, de B\u00e9lgica; EO, de Polonia, y The quiet girl, de Irlanda.<br \/>\nLas nominaciones al Oscar 2023:<br \/>\nMEJOR ACTRIZ DE REPARTO<br \/>\nAngela Bassett, Black Panther: Wakanda Forever<br \/>\nStephanie Hsu, Everything Everywhere All at Once<br \/>\nKerry Condon, The Banshees of Inisherin<br \/>\nJamie Lee Curtis, Everything Everywhere All at Once<br \/>\nHong Chau , The Whale<br \/>\nMEJOR DISE\u00d1O DE<br \/>\nVESTUARIO<br \/>\nBabylon<br \/>\nBlack Panther: Wakanda Forever<br \/>\nElvis<br \/>\nEverything Everywhere<br \/>\nMrs. Harris Goes to Paris<br \/>\nM\u00daSICA (partitura original)<br \/>\nAll Quiet on the Western Front<br \/>\nAvatar: The Way of Water<br \/>\nThe Batman<br \/>\nElvis<br \/>\nTop Gun: Maverick<br \/>\nMEJOR GUION ORIGINAL<br \/>\nThe Banshees of Inisherin<br \/>\nEverything Everywhere All at Once<br \/>\nThe Fabelmans<br \/>\nT\u00e1r<br \/>\nTriangle of Sadness<br \/>\nMEJOR GUION ADAPTADO<br \/>\nAll Quiet on the Western Front<br \/>\nGlass Onion: A Knives Out Mystery<br \/>\nLiving<br \/>\nTop Gun: Maverick<br \/>\nWomen Talking<br \/>\nMEJOR CORTOMETRAJE<br \/>\nDE ACCI\u00d3N EN VIVO<br \/>\nAn Irish Goodbye<br \/>\nIvalue Pupille<br \/>\nNight Ride<br \/>\nThe Red Suitcase<br \/>\nMEJOR CORTOMETRAJE<br \/>\nEN ANIMACI\u00d3N<br \/>\nThe Boy, the Mole, the Fox and the Horse<br \/>\nThe Flying Sailor<br \/>\nIce Merchants<br \/>\nMy Year of Dicks<br \/>\nAn Ostrich Told Me the World Is Fake and I Think I Believe It<br \/>\nMEJOR ACTOR EN UN<br \/>\nPAPEL SECUNDARIO<br \/>\nBrendan Gleeson, The Banshees of Inisherin<br \/>\nBrian Tyree Henry, Causeway<br \/>\nJudd Hirsch, The Fabelmans<br \/>\nBarry Keoghan, The Banshees of Inisherin<br \/>\nKe Huy Quan, Everything Everywhere All at Once<br \/>\nMEJOR CANCI\u00d3N ORIGINAL<br \/>\nApplause\u201d de Tell It like a Woman<br \/>\n\u201cHold My Hand\u201d de Top Gun: Maverick<br \/>\n\u201cLift Me Up\u201d de Black Panther: Wakanda Forever<br \/>\n\u201cNaatu Naatu\u201d de RRR<br \/>\n\u201cThis Is A Life\u201d de Everything Everywhere All at Once<br \/>\nMEJOR DOCUMENTAL<br \/>\nCORTO<br \/>\nThe Elephant Whisperers<br \/>\nHaulout<br \/>\nHow Do You Measure a Year?<br \/>\nThe Martha Mitchell Effect<br \/>\nStranger at the Gate<br \/>\nMEJOR DOCUMENTAL<br \/>\nAll That Breathes\u201d<br \/>\n\u201cAll the Beauty and the Bloodshed\u201dGolijov<br \/>\n\u201cFire of Love\u201d<br \/>\n\u201cA House Made of Splinters\u201d<br \/>\n\u201cNavalny\u201d<br \/>\nMEJOR EDICI\u00d3N<br \/>\n\u201cThe Banshees of Inisherin\u201d Mikkel E.G. Nielsen<br \/>\n\u201cElvis\u201d Matt Villa and Jonathan Redmond<br \/>\n\u201cEverything Everywhere All at Once\u201d Paul Rogers<br \/>\n\u201cT\u00e1r\u201d Monika Willi<br \/>\n\u201cTop Gun: Maverick\u201d Eddie Hamilton<br \/>\nMEJOR LARGOMETRAJE<br \/>\nINTERNACIONAL<br \/>\nArgentina, Argentina, 1985<br \/>\nB\u00e9lgica, Close<br \/>\nAlemania, All Quiet on the Western Front<br \/>\nIrlanda, The Quiet Girl<br \/>\nPolonia, EO<br \/>\nMEJOR MAQUILLAJE Y<br \/>\nPELUQUER\u00cdA<br \/>\nAll Quiet on the Western Front<br \/>\nThe Batman<br \/>\nBlack Panther: Wakanda Forever<br \/>\nElvis<br \/>\nThe Whale<br \/>\nMEJOR DISE\u00d1O DE<br \/>\nPRODUCCI\u00d3N<br \/>\nAll Quiet on the Western Front<br \/>\nAvatar: The Way of Water<br \/>\nBabylon<br \/>\nElvis<br \/>\nMEJOR FOTOGRAF\u00cdA<br \/>\nAll Quiet on the Western Front<br \/>\nBardo<br \/>\nElvis<br \/>\nEmpire of Light<br \/>\nT\u00e1r<br \/>\nMEJOR EFECTO VISUAL<br \/>\nAll Quiet on the Western Front<br \/>\nAvatar<br \/>\nThe Batman<br \/>\nBlack Panther: Wakanda Foreve<br \/>\nTop Gun: Maverick<br \/>\nThe Fabelmans<br \/>\nMEJOR PEL\u00cdCULA ANIMADA<br \/>\nPinocchio<br \/>\nMarcel the Shell with Shoes On<br \/>\nPuss in Boots: The Last Wish<br \/>\nThe Sea Beast<br \/>\n\u201dTurning Red\u201d<br \/>\nMEJOR ACTOR PRINCIPAL<br \/>\nAustin Butler, Elvis<br \/>\nColin Farrell, The Banshees of Inisherin<br \/>\nBrendan Fraser, The Whale<br \/>\nPaul Mesca, \u201cAftersun<br \/>\nBill Nighy, Living<br \/>\nMEJOR ACTRIZ PRINCIPAL<br \/>\nCate Blanchett, T\u00e1r<br \/>\nAna de Armas, Blonde<br \/>\nAndrea Riseborough, To Leslie<br \/>\nMichelle Williams, The Fabelmans<br \/>\nMichelle Yeoh, Everything Everywhere All at Once<br \/>\nMEJOR DIRECCI\u00d3N<br \/>\nThe Banshees of Inisherin, Martin McDonagh<br \/>\nEverything Everywhere All at Once, Daniel Kwan y Daniel Scheinert<br \/>\nThe Fabelmans, Steven Spielberg<br \/>\n\u00abT\u00e1r\u00bb, Todd Field<br \/>\n\u00abTriangle of Sadness\u00bb, Ruben \u00d6stlund<br \/>\nMEJOR PEL\u00cdCULA<br \/>\nAll Quiet on the Western Front<br \/>\nAvatar: The Way of Water<br \/>\nThe Banshees of Inisherin<br \/>\nElvis<br \/>\nEverything Everywhere All at Once<br \/>\nThe Fabelmans<br \/>\nT\u00e1r<br \/>\nTop Gun: Maverick<br \/>\nTriangle of Sadness<br \/>\nWomen Talking<br \/>\nLos presentadores Riz Ahmed y Allison Williams publicaron un video en Twitter d\u00f3nde cuentan lo emocionados que est\u00e1n de dar a conocer los nominados de la 95\u00b0 entrega de los Premios Oscar.<br \/>\nAdem\u00e1s recordaron que el horario de la transmisi\u00f3n ser\u00e1 en breve y pidieron a todos unirse para celebrar a grandes artistas.<br \/>\nEn medio de la espera por conocer el grupo de nominados a los Oscar, se conocieron las pel\u00edculas que se enfrentar\u00e1n por el m\u00e1ximo galard\u00f3n de los infames premios \u00abRazzie\u00bb.<br \/>\nEntre las nominadas a peor pel\u00edcula se encuentran \u00abBlonde\u00bb, la cual compite por 8 galardones entre ellos peor guion y peor direcci\u00f3n, \u00abMorbius\u00bb, protagonizada por Jared Leto, la comedia \u00abGood Morning\u00bb, \u00abLa hija del Rey\u00bb y \u00abPinocho\u00bb.<br \/>\nA pesar de ser un actor consagrado, Tom Hanks no pudo huir de las nominaciones. El int\u00e9rprete de Geppetto recibi\u00f3 tres nominaciones, peor actor por la remake de Disney de Pinocho; peor actor de reparto por Elvis y peor pareja en pantalla junto a \u00absu rostro lleno de l\u00e1tex y su acento rid\u00edculo\u00bb.<br \/>\nLos ganadores del premio se dar\u00e1n a conocer el s\u00e1bado 11 de marzo, un d\u00eda antes de los Oscars. (Infobae).<\/p>\n","protected":false},"excerpt":{"rendered":"<p>La pel\u00edcula de ciencia ficci\u00f3n \u00abTodo en todas partes al mismo tiempo\u00bb fue nominada ayer a 11 premios Oscar y lidera la carrera por las prestigiosas estatuillas, que se entregar\u00e1n el 12 de marzo en el Dolby Theatre en Hollywood. Le siguen el filme antibelicista alem\u00e1n \u00abSin novedad en el frente\u00bb(9 nominaciones), la comedia negra [&hellip;]<\/p>\n","protected":false},"author":1,"featured_media":134666,"comment_status":"closed","ping_status":"closed","sticky":false,"template":"","format":"standard","meta":{"_acf_changed":false,"footnotes":""},"categories":[3],"tags":[],"class_list":["post-134665","post","type-post","status-publish","format-standard","has-post-thumbnail","category-internacional"],"acf":{"antetitulo":""},"yoast_head":"<!-- This site is optimized with the Yoast SEO plugin v28.4 - https:\/\/yoast.com\/product\/yoast-seo-wordpress\/ -->\n<title>Anuncian a los nominados de la Academia de Hollywood - El Diario - Bolivia<\/title>\n<meta name=\"robots\" content=\"index, follow, max-snippet:-1, max-image-preview:large, max-video-preview:-1\" \/>\n<link rel=\"canonical\" href=\"https:\/\/www.eldiario.net\/portal\/2023\/01\/25\/anuncian-a-los-nominados-de-la-academia-de-hollywood\/\" \/>\n<meta property=\"og:locale\" content=\"es_ES\" \/>\n<meta property=\"og:type\" content=\"article\" \/>\n<meta property=\"og:title\" content=\"Anuncian a los nominados de la Academia de Hollywood - El Diario - Bolivia\" \/>\n<meta property=\"og:description\" content=\"La pel\u00edcula de ciencia ficci\u00f3n \u00abTodo en todas partes al mismo tiempo\u00bb fue nominada ayer a 11 premios Oscar y lidera la carrera por las prestigiosas estatuillas, que se entregar\u00e1n el 12 de marzo en el Dolby Theatre en Hollywood. Le siguen el filme antibelicista alem\u00e1n \u00abSin novedad en el frente\u00bb(9 nominaciones), la comedia negra [&hellip;]\" \/>\n<meta property=\"og:url\" content=\"https:\/\/www.eldiario.net\/portal\/2023\/01\/25\/anuncian-a-los-nominados-de-la-academia-de-hollywood\/\" \/>\n<meta property=\"og:site_name\" content=\"El Diario - Bolivia\" \/>\n<meta property=\"article:publisher\" content=\"https:\/\/www.facebook.com\/eldiario.bolivia\/\" \/>\n<meta property=\"article:published_time\" content=\"2023-01-25T09:44:11+00:00\" \/>\n<meta name=\"author\" content=\"Jeanette\" \/>\n<meta name=\"twitter:card\" content=\"summary_large_image\" \/>\n<meta name=\"twitter:creator\" content=\"@eldiario_net\" \/>\n<meta name=\"twitter:site\" content=\"@eldiario_net\" \/>\n<meta name=\"twitter:label1\" content=\"Escrito por\" \/>\n\t<meta name=\"twitter:data1\" content=\"Jeanette\" \/>\n\t<meta name=\"twitter:label2\" content=\"Tiempo de lectura\" \/>\n\t<meta name=\"twitter:data2\" content=\"4 minutos\" \/>\n<script type=\"application\/ld+json\" class=\"yoast-schema-graph\">{\"@context\":\"https:\\\/\\\/schema.org\",\"@graph\":[{\"@type\":\"Article\",\"@id\":\"https:\\\/\\\/www.eldiario.net\\\/portal\\\/2023\\\/01\\\/25\\\/anuncian-a-los-nominados-de-la-academia-de-hollywood\\\/#article\",\"isPartOf\":{\"@id\":\"https:\\\/\\\/www.eldiario.net\\\/portal\\\/2023\\\/01\\\/25\\\/anuncian-a-los-nominados-de-la-academia-de-hollywood\\\/\"},\"author\":{\"name\":\"Jeanette\",\"@id\":\"https:\\\/\\\/www.eldiario.net\\\/portal\\\/#\\\/schema\\\/person\\\/f46445640444750d7d753ccd04ae01b7\"},\"headline\":\"Anuncian a los nominados de la Academia de Hollywood\",\"datePublished\":\"2023-01-25T09:44:11+00:00\",\"mainEntityOfPage\":{\"@id\":\"https:\\\/\\\/www.eldiario.net\\\/portal\\\/2023\\\/01\\\/25\\\/anuncian-a-los-nominados-de-la-academia-de-hollywood\\\/\"},\"wordCount\":900,\"publisher\":{\"@id\":\"https:\\\/\\\/www.eldiario.net\\\/portal\\\/#organization\"},\"image\":{\"@id\":\"https:\\\/\\\/www.eldiario.net\\\/portal\\\/2023\\\/01\\\/25\\\/anuncian-a-los-nominados-de-la-academia-de-hollywood\\\/#primaryimage\"},\"thumbnailUrl\":\"\",\"articleSection\":[\"Internacional\"],\"inLanguage\":\"es\"},{\"@type\":\"WebPage\",\"@id\":\"https:\\\/\\\/www.eldiario.net\\\/portal\\\/2023\\\/01\\\/25\\\/anuncian-a-los-nominados-de-la-academia-de-hollywood\\\/\",\"url\":\"https:\\\/\\\/www.eldiario.net\\\/portal\\\/2023\\\/01\\\/25\\\/anuncian-a-los-nominados-de-la-academia-de-hollywood\\\/\",\"name\":\"Anuncian a los nominados de la Academia de Hollywood - El Diario - Bolivia\",\"isPartOf\":{\"@id\":\"https:\\\/\\\/www.eldiario.net\\\/portal\\\/#website\"},\"primaryImageOfPage\":{\"@id\":\"https:\\\/\\\/www.eldiario.net\\\/portal\\\/2023\\\/01\\\/25\\\/anuncian-a-los-nominados-de-la-academia-de-hollywood\\\/#primaryimage\"},\"image\":{\"@id\":\"https:\\\/\\\/www.eldiario.net\\\/portal\\\/2023\\\/01\\\/25\\\/anuncian-a-los-nominados-de-la-academia-de-hollywood\\\/#primaryimage\"},\"thumbnailUrl\":\"\",\"datePublished\":\"2023-01-25T09:44:11+00:00\",\"breadcrumb\":{\"@id\":\"https:\\\/\\\/www.eldiario.net\\\/portal\\\/2023\\\/01\\\/25\\\/anuncian-a-los-nominados-de-la-academia-de-hollywood\\\/#breadcrumb\"},\"inLanguage\":\"es\",\"potentialAction\":[{\"@type\":\"ReadAction\",\"target\":[\"https:\\\/\\\/www.eldiario.net\\\/portal\\\/2023\\\/01\\\/25\\\/anuncian-a-los-nominados-de-la-academia-de-hollywood\\\/\"]}]},{\"@type\":\"ImageObject\",\"inLanguage\":\"es\",\"@id\":\"https:\\\/\\\/www.eldiario.net\\\/portal\\\/2023\\\/01\\\/25\\\/anuncian-a-los-nominados-de-la-academia-de-hollywood\\\/#primaryimage\",\"url\":\"\",\"contentUrl\":\"\"},{\"@type\":\"BreadcrumbList\",\"@id\":\"https:\\\/\\\/www.eldiario.net\\\/portal\\\/2023\\\/01\\\/25\\\/anuncian-a-los-nominados-de-la-academia-de-hollywood\\\/#breadcrumb\",\"itemListElement\":[{\"@type\":\"ListItem\",\"position\":1,\"name\":\"Portada\",\"item\":\"https:\\\/\\\/www.eldiario.net\\\/portal\\\/\"},{\"@type\":\"ListItem\",\"position\":2,\"name\":\"Anuncian a los nominados de la Academia de Hollywood\"}]},{\"@type\":\"WebSite\",\"@id\":\"https:\\\/\\\/www.eldiario.net\\\/portal\\\/#website\",\"url\":\"https:\\\/\\\/www.eldiario.net\\\/portal\\\/\",\"name\":\"El Diario - Decano de la prensa nacional\",\"description\":\"El Diario - Decano de la prensa nacional\",\"publisher\":{\"@id\":\"https:\\\/\\\/www.eldiario.net\\\/portal\\\/#organization\"},\"potentialAction\":[{\"@type\":\"SearchAction\",\"target\":{\"@type\":\"EntryPoint\",\"urlTemplate\":\"https:\\\/\\\/www.eldiario.net\\\/portal\\\/?s={search_term_string}\"},\"query-input\":{\"@type\":\"PropertyValueSpecification\",\"valueRequired\":true,\"valueName\":\"search_term_string\"}}],\"inLanguage\":\"es\"},{\"@type\":\"Organization\",\"@id\":\"https:\\\/\\\/www.eldiario.net\\\/portal\\\/#organization\",\"name\":\"El Diario - Decano de la prensa nacional\",\"url\":\"https:\\\/\\\/www.eldiario.net\\\/portal\\\/\",\"logo\":{\"@type\":\"ImageObject\",\"inLanguage\":\"es\",\"@id\":\"https:\\\/\\\/www.eldiario.net\\\/portal\\\/#\\\/schema\\\/logo\\\/image\\\/\",\"url\":\"https:\\\/\\\/www.eldiario.net\\\/portal\\\/wp-content\\\/uploads\\\/2023\\\/07\\\/logo_ED.jpg\",\"contentUrl\":\"https:\\\/\\\/www.eldiario.net\\\/portal\\\/wp-content\\\/uploads\\\/2023\\\/07\\\/logo_ED.jpg\",\"width\":272,\"height\":52,\"caption\":\"El Diario - Decano de la prensa nacional\"},\"image\":{\"@id\":\"https:\\\/\\\/www.eldiario.net\\\/portal\\\/#\\\/schema\\\/logo\\\/image\\\/\"},\"sameAs\":[\"https:\\\/\\\/www.facebook.com\\\/eldiario.bolivia\\\/\",\"https:\\\/\\\/x.com\\\/eldiario_net\"]},{\"@type\":\"Person\",\"@id\":\"https:\\\/\\\/www.eldiario.net\\\/portal\\\/#\\\/schema\\\/person\\\/f46445640444750d7d753ccd04ae01b7\",\"name\":\"Jeanette\",\"image\":{\"@type\":\"ImageObject\",\"inLanguage\":\"es\",\"@id\":\"https:\\\/\\\/secure.gravatar.com\\\/avatar\\\/3ea2118a5f7dad2b7138b1187a6b7ee55f160b9968b66013c3a3ef39dd7e5798?s=96&d=mm&r=g\",\"url\":\"https:\\\/\\\/secure.gravatar.com\\\/avatar\\\/3ea2118a5f7dad2b7138b1187a6b7ee55f160b9968b66013c3a3ef39dd7e5798?s=96&d=mm&r=g\",\"contentUrl\":\"https:\\\/\\\/secure.gravatar.com\\\/avatar\\\/3ea2118a5f7dad2b7138b1187a6b7ee55f160b9968b66013c3a3ef39dd7e5798?s=96&d=mm&r=g\",\"caption\":\"Jeanette\"},\"sameAs\":[\"https:\\\/\\\/www.eldiario.net\\\/portal\"],\"url\":\"https:\\\/\\\/www.eldiario.net\\\/portal\\\/author\\\/jeanette\\\/\"}]}<\/script>\n<!-- \/ Yoast SEO plugin. -->","yoast_head_json":{"title":"Anuncian a los nominados de la Academia de Hollywood - El Diario - Bolivia","robots":{"index":"index","follow":"follow","max-snippet":"max-snippet:-1","max-image-preview":"max-image-preview:large","max-video-preview":"max-video-preview:-1"},"canonical":"https:\/\/www.eldiario.net\/portal\/2023\/01\/25\/anuncian-a-los-nominados-de-la-academia-de-hollywood\/","og_locale":"es_ES","og_type":"article","og_title":"Anuncian a los nominados de la Academia de Hollywood - El Diario - Bolivia","og_description":"La pel\u00edcula de ciencia ficci\u00f3n \u00abTodo en todas partes al mismo tiempo\u00bb fue nominada ayer a 11 premios Oscar y lidera la carrera por las prestigiosas estatuillas, que se entregar\u00e1n el 12 de marzo en el Dolby Theatre en Hollywood. Le siguen el filme antibelicista alem\u00e1n \u00abSin novedad en el frente\u00bb(9 nominaciones), la comedia negra [&hellip;]","og_url":"https:\/\/www.eldiario.net\/portal\/2023\/01\/25\/anuncian-a-los-nominados-de-la-academia-de-hollywood\/","og_site_name":"El Diario - Bolivia","article_publisher":"https:\/\/www.facebook.com\/eldiario.bolivia\/","article_published_time":"2023-01-25T09:44:11+00:00","author":"Jeanette","twitter_card":"summary_large_image","twitter_creator":"@eldiario_net","twitter_site":"@eldiario_net","twitter_misc":{"Escrito por":"Jeanette","Tiempo de lectura":"4 minutos"},"schema":{"@context":"https:\/\/schema.org","@graph":[{"@type":"Article","@id":"https:\/\/www.eldiario.net\/portal\/2023\/01\/25\/anuncian-a-los-nominados-de-la-academia-de-hollywood\/#article","isPartOf":{"@id":"https:\/\/www.eldiario.net\/portal\/2023\/01\/25\/anuncian-a-los-nominados-de-la-academia-de-hollywood\/"},"author":{"name":"Jeanette","@id":"https:\/\/www.eldiario.net\/portal\/#\/schema\/person\/f46445640444750d7d753ccd04ae01b7"},"headline":"Anuncian a los nominados de la Academia de Hollywood","datePublished":"2023-01-25T09:44:11+00:00","mainEntityOfPage":{"@id":"https:\/\/www.eldiario.net\/portal\/2023\/01\/25\/anuncian-a-los-nominados-de-la-academia-de-hollywood\/"},"wordCount":900,"publisher":{"@id":"https:\/\/www.eldiario.net\/portal\/#organization"},"image":{"@id":"https:\/\/www.eldiario.net\/portal\/2023\/01\/25\/anuncian-a-los-nominados-de-la-academia-de-hollywood\/#primaryimage"},"thumbnailUrl":"","articleSection":["Internacional"],"inLanguage":"es"},{"@type":"WebPage","@id":"https:\/\/www.eldiario.net\/portal\/2023\/01\/25\/anuncian-a-los-nominados-de-la-academia-de-hollywood\/","url":"https:\/\/www.eldiario.net\/portal\/2023\/01\/25\/anuncian-a-los-nominados-de-la-academia-de-hollywood\/","name":"Anuncian a los nominados de la Academia de Hollywood - El Diario - Bolivia","isPartOf":{"@id":"https:\/\/www.eldiario.net\/portal\/#website"},"primaryImageOfPage":{"@id":"https:\/\/www.eldiario.net\/portal\/2023\/01\/25\/anuncian-a-los-nominados-de-la-academia-de-hollywood\/#primaryimage"},"image":{"@id":"https:\/\/www.eldiario.net\/portal\/2023\/01\/25\/anuncian-a-los-nominados-de-la-academia-de-hollywood\/#primaryimage"},"thumbnailUrl":"","datePublished":"2023-01-25T09:44:11+00:00","breadcrumb":{"@id":"https:\/\/www.eldiario.net\/portal\/2023\/01\/25\/anuncian-a-los-nominados-de-la-academia-de-hollywood\/#breadcrumb"},"inLanguage":"es","potentialAction":[{"@type":"ReadAction","target":["https:\/\/www.eldiario.net\/portal\/2023\/01\/25\/anuncian-a-los-nominados-de-la-academia-de-hollywood\/"]}]},{"@type":"ImageObject","inLanguage":"es","@id":"https:\/\/www.eldiario.net\/portal\/2023\/01\/25\/anuncian-a-los-nominados-de-la-academia-de-hollywood\/#primaryimage","url":"","contentUrl":""},{"@type":"BreadcrumbList","@id":"https:\/\/www.eldiario.net\/portal\/2023\/01\/25\/anuncian-a-los-nominados-de-la-academia-de-hollywood\/#breadcrumb","itemListElement":[{"@type":"ListItem","position":1,"name":"Portada","item":"https:\/\/www.eldiario.net\/portal\/"},{"@type":"ListItem","position":2,"name":"Anuncian a los nominados de la Academia de Hollywood"}]},{"@type":"WebSite","@id":"https:\/\/www.eldiario.net\/portal\/#website","url":"https:\/\/www.eldiario.net\/portal\/","name":"El Diario - Decano de la prensa nacional","description":"El Diario - Decano de la prensa nacional","publisher":{"@id":"https:\/\/www.eldiario.net\/portal\/#organization"},"potentialAction":[{"@type":"SearchAction","target":{"@type":"EntryPoint","urlTemplate":"https:\/\/www.eldiario.net\/portal\/?s={search_term_string}"},"query-input":{"@type":"PropertyValueSpecification","valueRequired":true,"valueName":"search_term_string"}}],"inLanguage":"es"},{"@type":"Organization","@id":"https:\/\/www.eldiario.net\/portal\/#organization","name":"El Diario - Decano de la prensa nacional","url":"https:\/\/www.eldiario.net\/portal\/","logo":{"@type":"ImageObject","inLanguage":"es","@id":"https:\/\/www.eldiario.net\/portal\/#\/schema\/logo\/image\/","url":"https:\/\/www.eldiario.net\/portal\/wp-content\/uploads\/2023\/07\/logo_ED.jpg","contentUrl":"https:\/\/www.eldiario.net\/portal\/wp-content\/uploads\/2023\/07\/logo_ED.jpg","width":272,"height":52,"caption":"El Diario - Decano de la prensa nacional"},"image":{"@id":"https:\/\/www.eldiario.net\/portal\/#\/schema\/logo\/image\/"},"sameAs":["https:\/\/www.facebook.com\/eldiario.bolivia\/","https:\/\/x.com\/eldiario_net"]},{"@type":"Person","@id":"https:\/\/www.eldiario.net\/portal\/#\/schema\/person\/f46445640444750d7d753ccd04ae01b7","name":"Jeanette","image":{"@type":"ImageObject","inLanguage":"es","@id":"https:\/\/secure.gravatar.com\/avatar\/3ea2118a5f7dad2b7138b1187a6b7ee55f160b9968b66013c3a3ef39dd7e5798?s=96&d=mm&r=g","url":"https:\/\/secure.gravatar.com\/avatar\/3ea2118a5f7dad2b7138b1187a6b7ee55f160b9968b66013c3a3ef39dd7e5798?s=96&d=mm&r=g","contentUrl":"https:\/\/secure.gravatar.com\/avatar\/3ea2118a5f7dad2b7138b1187a6b7ee55f160b9968b66013c3a3ef39dd7e5798?s=96&d=mm&r=g","caption":"Jeanette"},"sameAs":["https:\/\/www.eldiario.net\/portal"],"url":"https:\/\/www.eldiario.net\/portal\/author\/jeanette\/"}]}},"_links":{"self":[{"href":"https:\/\/www.eldiario.net\/portal\/wp-json\/wp\/v2\/posts\/134665","targetHints":{"allow":["GET"]}}],"collection":[{"href":"https:\/\/www.eldiario.net\/portal\/wp-json\/wp\/v2\/posts"}],"about":[{"href":"https:\/\/www.eldiario.net\/portal\/wp-json\/wp\/v2\/types\/post"}],"author":[{"embeddable":true,"href":"https:\/\/www.eldiario.net\/portal\/wp-json\/wp\/v2\/users\/1"}],"replies":[{"embeddable":true,"href":"https:\/\/www.eldiario.net\/portal\/wp-json\/wp\/v2\/comments?post=134665"}],"version-history":[{"count":0,"href":"https:\/\/www.eldiario.net\/portal\/wp-json\/wp\/v2\/posts\/134665\/revisions"}],"wp:attachment":[{"href":"https:\/\/www.eldiario.net\/portal\/wp-json\/wp\/v2\/media?parent=134665"}],"wp:term":[{"taxonomy":"category","embeddable":true,"href":"https:\/\/www.eldiario.net\/portal\/wp-json\/wp\/v2\/categories?post=134665"},{"taxonomy":"post_tag","embeddable":true,"href":"https:\/\/www.eldiario.net\/portal\/wp-json\/wp\/v2\/tags?post=134665"}],"curies":[{"name":"wp","href":"https:\/\/api.w.org\/{rel}","templated":true}]}}