{"id":134662,"date":"2023-01-25T05:43:14","date_gmt":"2023-01-25T09:43:14","guid":{"rendered":"https:\/\/www.eldiario.net\/portal\/?p=134662"},"modified":"2023-01-25T05:43:14","modified_gmt":"2023-01-25T09:43:14","slug":"onu-solicita-a-los-taliban-revocar-leyes-discriminatorias-en-afganistan","status":"publish","type":"post","link":"https:\/\/www.eldiario.net\/portal\/2023\/01\/25\/onu-solicita-a-los-taliban-revocar-leyes-discriminatorias-en-afganistan\/","title":{"rendered":"ONU solicita a los talib\u00e1n revocar   leyes discriminatorias en Afganist\u00e1n"},"content":{"rendered":"<p>El secretario general de Naciones Unidas, Antonio Guterres, reclam\u00f3 ayer a los talib\u00e1n que pongan fin a todas las leyes y pr\u00e1cticas discriminatorias que impiden el acceso a la educaci\u00f3n de las ni\u00f1as en Afganist\u00e1n.<br \/>\n\u201cPido a los talib\u00e1n que retiren la indignante y contraproducente prohibici\u00f3n al acceso a la educaci\u00f3n secundaria y superior a las ni\u00f1as y mujeres en Afganist\u00e1n\u201d, dijo Guterres en un mensaje en su cuenta en la red social Twitter con motivo del D\u00eda Mundial de la Educaci\u00f3n.<br \/>\n\u201cAhora es momento de poner fin a todas las leyes y pr\u00e1cticas discriminatorias que socavan el acceso a la educaci\u00f3n\u201d, se\u00f1al\u00f3, tras destacar que la educaci\u00f3n es un derecho fundamental y el pilar de las sociedades.<br \/>\nLos talib\u00e1n, que se hicieron con el poder en agosto de 2021 tras la toma de Kabul, anunciaron en diciembre que extend\u00edan la prohibici\u00f3n de acceso a aulas a las mujeres a las universidades, tras meses de suspensi\u00f3n en educaci\u00f3n secundaria.<br \/>\nLas autoridades en talib\u00e1n hicieron frente a cr\u00edticas por el cierre de centros educativos y la exclusi\u00f3n de las alumnas de los mismos, en medio de una bater\u00eda de medidas discriminatorias contra las mujeres que las alejan de sus puestos de trabajo y rigen aspectos de su vida diaria.<br \/>\nPor su parte, la Oficina de Naciones Unidas para la Coordinaci\u00f3n de Asuntos Humanitarios (OCHA) alert\u00f3 que Afganist\u00e1n hace frente a una crisis humanitaria sin precedentes con un riesgo muy real de un derrumbe sist\u00e9mico y la cat\u00e1strofe humana.<br \/>\n\u201cAdem\u00e1s de unos costes humanos inimaginables, esta crisis humanitaria est\u00e1 haciendo retroceder los avances de los \u00faltimos a\u00f1os, tambi\u00e9n en lo relativo a los derechos de las mujeres\u201d, destac\u00f3 el organismo, que record\u00f3 que el colapso del Gobierno de Ashraf Ghani deriv\u00f3 en la suspensi\u00f3n de la ayuda directa internacional.<br \/>\nEn este sentido, destac\u00f3 que 28,3 millones de personas, cerca de dos tercios de la poblaci\u00f3n, necesitar\u00e1n ayuda humanitaria urgente en 2023 para sobrevivir, en un momento en el que el pa\u00eds entra en su tercer a\u00f1o consecutivo de condiciones similares a la sequ\u00eda.<br \/>\nLa OCHA manifest\u00f3 que 17 millones de personas har\u00e1n frente al hambre aguda este a\u00f1o, incluidos seis millones de personas en niveles de emergencia de inseguridad alimentaria, lo que les sit\u00faa a un paso de la hambruna.<br \/>\n\u201cSe espera un deterioro durante el primer trimestre de 2023 debido a los efectos simult\u00e1neos del invierno y la temporada de escasez, los altos precios de los alimentos, la reducci\u00f3n de los ingresos y el aumento del desempleo, as\u00ed como la continuada ca\u00edda de la econom\u00eda\u201d, argument\u00f3.<br \/>\nLa cifra de personas en situaci\u00f3n de necesidad de ayuda humanitaria se increment\u00f3 de 24,4 millones de personas en 2022 y de 18,4 millones en 2021. Por ello, la OCHA pidi\u00f3 inversiones sustanciales en infraestructura h\u00eddrica, agricultura sostenible, reforma de la pol\u00edtica de g\u00e9nero y estabilizaci\u00f3n macroecon\u00f3mica. (Europa Press).<\/p>\n","protected":false},"excerpt":{"rendered":"<p>El secretario general de Naciones Unidas, Antonio Guterres, reclam\u00f3 ayer a los talib\u00e1n que pongan fin a todas las leyes y pr\u00e1cticas discriminatorias que impiden el acceso a la educaci\u00f3n de las ni\u00f1as en Afganist\u00e1n. \u201cPido a los talib\u00e1n que retiren la indignante y contraproducente prohibici\u00f3n al acceso a la educaci\u00f3n secundaria y superior a [&hellip;]<\/p>\n","protected":false},"author":1,"featured_media":134663,"comment_status":"closed","ping_status":"closed","sticky":false,"template":"","format":"standard","meta":{"_acf_changed":false,"footnotes":""},"categories":[3],"tags":[],"class_list":["post-134662","post","type-post","status-publish","format-standard","has-post-thumbnail","category-internacional"],"acf":{"antetitulo":""},"yoast_head":"<!-- This site is optimized with the Yoast SEO plugin v28.4 - https:\/\/yoast.com\/product\/yoast-seo-wordpress\/ -->\n<title>ONU solicita a los talib\u00e1n revocar  leyes discriminatorias en Afganist\u00e1n - El Diario - Bolivia<\/title>\n<meta name=\"robots\" content=\"index, follow, max-snippet:-1, max-image-preview:large, max-video-preview:-1\" \/>\n<link rel=\"canonical\" href=\"https:\/\/www.eldiario.net\/portal\/2023\/01\/25\/onu-solicita-a-los-taliban-revocar-leyes-discriminatorias-en-afganistan\/\" \/>\n<meta property=\"og:locale\" content=\"es_ES\" \/>\n<meta property=\"og:type\" content=\"article\" \/>\n<meta property=\"og:title\" content=\"ONU solicita a los talib\u00e1n revocar  leyes discriminatorias en Afganist\u00e1n - El Diario - Bolivia\" \/>\n<meta property=\"og:description\" content=\"El secretario general de Naciones Unidas, Antonio Guterres, reclam\u00f3 ayer a los talib\u00e1n que pongan fin a todas las leyes y pr\u00e1cticas discriminatorias que impiden el acceso a la educaci\u00f3n de las ni\u00f1as en Afganist\u00e1n. \u201cPido a los talib\u00e1n que retiren la indignante y contraproducente prohibici\u00f3n al acceso a la educaci\u00f3n secundaria y superior a [&hellip;]\" \/>\n<meta property=\"og:url\" content=\"https:\/\/www.eldiario.net\/portal\/2023\/01\/25\/onu-solicita-a-los-taliban-revocar-leyes-discriminatorias-en-afganistan\/\" \/>\n<meta property=\"og:site_name\" content=\"El Diario - Bolivia\" \/>\n<meta property=\"article:publisher\" content=\"https:\/\/www.facebook.com\/eldiario.bolivia\/\" \/>\n<meta property=\"article:published_time\" content=\"2023-01-25T09:43:14+00:00\" \/>\n<meta name=\"author\" content=\"Jeanette\" \/>\n<meta name=\"twitter:card\" content=\"summary_large_image\" \/>\n<meta name=\"twitter:creator\" content=\"@eldiario_net\" \/>\n<meta name=\"twitter:site\" content=\"@eldiario_net\" \/>\n<meta name=\"twitter:label1\" content=\"Escrito por\" \/>\n\t<meta name=\"twitter:data1\" content=\"Jeanette\" \/>\n\t<meta name=\"twitter:label2\" content=\"Tiempo de lectura\" \/>\n\t<meta name=\"twitter:data2\" content=\"3 minutos\" \/>\n<script type=\"application\/ld+json\" class=\"yoast-schema-graph\">{\"@context\":\"https:\\\/\\\/schema.org\",\"@graph\":[{\"@type\":\"Article\",\"@id\":\"https:\\\/\\\/www.eldiario.net\\\/portal\\\/2023\\\/01\\\/25\\\/onu-solicita-a-los-taliban-revocar-leyes-discriminatorias-en-afganistan\\\/#article\",\"isPartOf\":{\"@id\":\"https:\\\/\\\/www.eldiario.net\\\/portal\\\/2023\\\/01\\\/25\\\/onu-solicita-a-los-taliban-revocar-leyes-discriminatorias-en-afganistan\\\/\"},\"author\":{\"name\":\"Jeanette\",\"@id\":\"https:\\\/\\\/www.eldiario.net\\\/portal\\\/#\\\/schema\\\/person\\\/f46445640444750d7d753ccd04ae01b7\"},\"headline\":\"ONU solicita a los talib\u00e1n revocar leyes discriminatorias en Afganist\u00e1n\",\"datePublished\":\"2023-01-25T09:43:14+00:00\",\"mainEntityOfPage\":{\"@id\":\"https:\\\/\\\/www.eldiario.net\\\/portal\\\/2023\\\/01\\\/25\\\/onu-solicita-a-los-taliban-revocar-leyes-discriminatorias-en-afganistan\\\/\"},\"wordCount\":528,\"publisher\":{\"@id\":\"https:\\\/\\\/www.eldiario.net\\\/portal\\\/#organization\"},\"image\":{\"@id\":\"https:\\\/\\\/www.eldiario.net\\\/portal\\\/2023\\\/01\\\/25\\\/onu-solicita-a-los-taliban-revocar-leyes-discriminatorias-en-afganistan\\\/#primaryimage\"},\"thumbnailUrl\":\"\",\"articleSection\":[\"Internacional\"],\"inLanguage\":\"es\"},{\"@type\":\"WebPage\",\"@id\":\"https:\\\/\\\/www.eldiario.net\\\/portal\\\/2023\\\/01\\\/25\\\/onu-solicita-a-los-taliban-revocar-leyes-discriminatorias-en-afganistan\\\/\",\"url\":\"https:\\\/\\\/www.eldiario.net\\\/portal\\\/2023\\\/01\\\/25\\\/onu-solicita-a-los-taliban-revocar-leyes-discriminatorias-en-afganistan\\\/\",\"name\":\"ONU solicita a los talib\u00e1n revocar leyes discriminatorias en Afganist\u00e1n - El Diario - Bolivia\",\"isPartOf\":{\"@id\":\"https:\\\/\\\/www.eldiario.net\\\/portal\\\/#website\"},\"primaryImageOfPage\":{\"@id\":\"https:\\\/\\\/www.eldiario.net\\\/portal\\\/2023\\\/01\\\/25\\\/onu-solicita-a-los-taliban-revocar-leyes-discriminatorias-en-afganistan\\\/#primaryimage\"},\"image\":{\"@id\":\"https:\\\/\\\/www.eldiario.net\\\/portal\\\/2023\\\/01\\\/25\\\/onu-solicita-a-los-taliban-revocar-leyes-discriminatorias-en-afganistan\\\/#primaryimage\"},\"thumbnailUrl\":\"\",\"datePublished\":\"2023-01-25T09:43:14+00:00\",\"breadcrumb\":{\"@id\":\"https:\\\/\\\/www.eldiario.net\\\/portal\\\/2023\\\/01\\\/25\\\/onu-solicita-a-los-taliban-revocar-leyes-discriminatorias-en-afganistan\\\/#breadcrumb\"},\"inLanguage\":\"es\",\"potentialAction\":[{\"@type\":\"ReadAction\",\"target\":[\"https:\\\/\\\/www.eldiario.net\\\/portal\\\/2023\\\/01\\\/25\\\/onu-solicita-a-los-taliban-revocar-leyes-discriminatorias-en-afganistan\\\/\"]}]},{\"@type\":\"ImageObject\",\"inLanguage\":\"es\",\"@id\":\"https:\\\/\\\/www.eldiario.net\\\/portal\\\/2023\\\/01\\\/25\\\/onu-solicita-a-los-taliban-revocar-leyes-discriminatorias-en-afganistan\\\/#primaryimage\",\"url\":\"\",\"contentUrl\":\"\"},{\"@type\":\"BreadcrumbList\",\"@id\":\"https:\\\/\\\/www.eldiario.net\\\/portal\\\/2023\\\/01\\\/25\\\/onu-solicita-a-los-taliban-revocar-leyes-discriminatorias-en-afganistan\\\/#breadcrumb\",\"itemListElement\":[{\"@type\":\"ListItem\",\"position\":1,\"name\":\"Portada\",\"item\":\"https:\\\/\\\/www.eldiario.net\\\/portal\\\/\"},{\"@type\":\"ListItem\",\"position\":2,\"name\":\"ONU solicita a los talib\u00e1n revocar leyes discriminatorias en Afganist\u00e1n\"}]},{\"@type\":\"WebSite\",\"@id\":\"https:\\\/\\\/www.eldiario.net\\\/portal\\\/#website\",\"url\":\"https:\\\/\\\/www.eldiario.net\\\/portal\\\/\",\"name\":\"El Diario - Decano de la prensa nacional\",\"description\":\"El Diario - Decano de la prensa nacional\",\"publisher\":{\"@id\":\"https:\\\/\\\/www.eldiario.net\\\/portal\\\/#organization\"},\"potentialAction\":[{\"@type\":\"SearchAction\",\"target\":{\"@type\":\"EntryPoint\",\"urlTemplate\":\"https:\\\/\\\/www.eldiario.net\\\/portal\\\/?s={search_term_string}\"},\"query-input\":{\"@type\":\"PropertyValueSpecification\",\"valueRequired\":true,\"valueName\":\"search_term_string\"}}],\"inLanguage\":\"es\"},{\"@type\":\"Organization\",\"@id\":\"https:\\\/\\\/www.eldiario.net\\\/portal\\\/#organization\",\"name\":\"El Diario - Decano de la prensa nacional\",\"url\":\"https:\\\/\\\/www.eldiario.net\\\/portal\\\/\",\"logo\":{\"@type\":\"ImageObject\",\"inLanguage\":\"es\",\"@id\":\"https:\\\/\\\/www.eldiario.net\\\/portal\\\/#\\\/schema\\\/logo\\\/image\\\/\",\"url\":\"https:\\\/\\\/www.eldiario.net\\\/portal\\\/wp-content\\\/uploads\\\/2023\\\/07\\\/logo_ED.jpg\",\"contentUrl\":\"https:\\\/\\\/www.eldiario.net\\\/portal\\\/wp-content\\\/uploads\\\/2023\\\/07\\\/logo_ED.jpg\",\"width\":272,\"height\":52,\"caption\":\"El Diario - Decano de la prensa nacional\"},\"image\":{\"@id\":\"https:\\\/\\\/www.eldiario.net\\\/portal\\\/#\\\/schema\\\/logo\\\/image\\\/\"},\"sameAs\":[\"https:\\\/\\\/www.facebook.com\\\/eldiario.bolivia\\\/\",\"https:\\\/\\\/x.com\\\/eldiario_net\"]},{\"@type\":\"Person\",\"@id\":\"https:\\\/\\\/www.eldiario.net\\\/portal\\\/#\\\/schema\\\/person\\\/f46445640444750d7d753ccd04ae01b7\",\"name\":\"Jeanette\",\"image\":{\"@type\":\"ImageObject\",\"inLanguage\":\"es\",\"@id\":\"https:\\\/\\\/secure.gravatar.com\\\/avatar\\\/3ea2118a5f7dad2b7138b1187a6b7ee55f160b9968b66013c3a3ef39dd7e5798?s=96&d=mm&r=g\",\"url\":\"https:\\\/\\\/secure.gravatar.com\\\/avatar\\\/3ea2118a5f7dad2b7138b1187a6b7ee55f160b9968b66013c3a3ef39dd7e5798?s=96&d=mm&r=g\",\"contentUrl\":\"https:\\\/\\\/secure.gravatar.com\\\/avatar\\\/3ea2118a5f7dad2b7138b1187a6b7ee55f160b9968b66013c3a3ef39dd7e5798?s=96&d=mm&r=g\",\"caption\":\"Jeanette\"},\"sameAs\":[\"https:\\\/\\\/www.eldiario.net\\\/portal\"],\"url\":\"https:\\\/\\\/www.eldiario.net\\\/portal\\\/author\\\/jeanette\\\/\"}]}<\/script>\n<!-- \/ Yoast SEO plugin. -->","yoast_head_json":{"title":"ONU solicita a los talib\u00e1n revocar  leyes discriminatorias en Afganist\u00e1n - El Diario - Bolivia","robots":{"index":"index","follow":"follow","max-snippet":"max-snippet:-1","max-image-preview":"max-image-preview:large","max-video-preview":"max-video-preview:-1"},"canonical":"https:\/\/www.eldiario.net\/portal\/2023\/01\/25\/onu-solicita-a-los-taliban-revocar-leyes-discriminatorias-en-afganistan\/","og_locale":"es_ES","og_type":"article","og_title":"ONU solicita a los talib\u00e1n revocar  leyes discriminatorias en Afganist\u00e1n - El Diario - Bolivia","og_description":"El secretario general de Naciones Unidas, Antonio Guterres, reclam\u00f3 ayer a los talib\u00e1n que pongan fin a todas las leyes y pr\u00e1cticas discriminatorias que impiden el acceso a la educaci\u00f3n de las ni\u00f1as en Afganist\u00e1n. \u201cPido a los talib\u00e1n que retiren la indignante y contraproducente prohibici\u00f3n al acceso a la educaci\u00f3n secundaria y superior a [&hellip;]","og_url":"https:\/\/www.eldiario.net\/portal\/2023\/01\/25\/onu-solicita-a-los-taliban-revocar-leyes-discriminatorias-en-afganistan\/","og_site_name":"El Diario - Bolivia","article_publisher":"https:\/\/www.facebook.com\/eldiario.bolivia\/","article_published_time":"2023-01-25T09:43:14+00:00","author":"Jeanette","twitter_card":"summary_large_image","twitter_creator":"@eldiario_net","twitter_site":"@eldiario_net","twitter_misc":{"Escrito por":"Jeanette","Tiempo de lectura":"3 minutos"},"schema":{"@context":"https:\/\/schema.org","@graph":[{"@type":"Article","@id":"https:\/\/www.eldiario.net\/portal\/2023\/01\/25\/onu-solicita-a-los-taliban-revocar-leyes-discriminatorias-en-afganistan\/#article","isPartOf":{"@id":"https:\/\/www.eldiario.net\/portal\/2023\/01\/25\/onu-solicita-a-los-taliban-revocar-leyes-discriminatorias-en-afganistan\/"},"author":{"name":"Jeanette","@id":"https:\/\/www.eldiario.net\/portal\/#\/schema\/person\/f46445640444750d7d753ccd04ae01b7"},"headline":"ONU solicita a los talib\u00e1n revocar leyes discriminatorias en Afganist\u00e1n","datePublished":"2023-01-25T09:43:14+00:00","mainEntityOfPage":{"@id":"https:\/\/www.eldiario.net\/portal\/2023\/01\/25\/onu-solicita-a-los-taliban-revocar-leyes-discriminatorias-en-afganistan\/"},"wordCount":528,"publisher":{"@id":"https:\/\/www.eldiario.net\/portal\/#organization"},"image":{"@id":"https:\/\/www.eldiario.net\/portal\/2023\/01\/25\/onu-solicita-a-los-taliban-revocar-leyes-discriminatorias-en-afganistan\/#primaryimage"},"thumbnailUrl":"","articleSection":["Internacional"],"inLanguage":"es"},{"@type":"WebPage","@id":"https:\/\/www.eldiario.net\/portal\/2023\/01\/25\/onu-solicita-a-los-taliban-revocar-leyes-discriminatorias-en-afganistan\/","url":"https:\/\/www.eldiario.net\/portal\/2023\/01\/25\/onu-solicita-a-los-taliban-revocar-leyes-discriminatorias-en-afganistan\/","name":"ONU solicita a los talib\u00e1n revocar leyes discriminatorias en Afganist\u00e1n - El Diario - Bolivia","isPartOf":{"@id":"https:\/\/www.eldiario.net\/portal\/#website"},"primaryImageOfPage":{"@id":"https:\/\/www.eldiario.net\/portal\/2023\/01\/25\/onu-solicita-a-los-taliban-revocar-leyes-discriminatorias-en-afganistan\/#primaryimage"},"image":{"@id":"https:\/\/www.eldiario.net\/portal\/2023\/01\/25\/onu-solicita-a-los-taliban-revocar-leyes-discriminatorias-en-afganistan\/#primaryimage"},"thumbnailUrl":"","datePublished":"2023-01-25T09:43:14+00:00","breadcrumb":{"@id":"https:\/\/www.eldiario.net\/portal\/2023\/01\/25\/onu-solicita-a-los-taliban-revocar-leyes-discriminatorias-en-afganistan\/#breadcrumb"},"inLanguage":"es","potentialAction":[{"@type":"ReadAction","target":["https:\/\/www.eldiario.net\/portal\/2023\/01\/25\/onu-solicita-a-los-taliban-revocar-leyes-discriminatorias-en-afganistan\/"]}]},{"@type":"ImageObject","inLanguage":"es","@id":"https:\/\/www.eldiario.net\/portal\/2023\/01\/25\/onu-solicita-a-los-taliban-revocar-leyes-discriminatorias-en-afganistan\/#primaryimage","url":"","contentUrl":""},{"@type":"BreadcrumbList","@id":"https:\/\/www.eldiario.net\/portal\/2023\/01\/25\/onu-solicita-a-los-taliban-revocar-leyes-discriminatorias-en-afganistan\/#breadcrumb","itemListElement":[{"@type":"ListItem","position":1,"name":"Portada","item":"https:\/\/www.eldiario.net\/portal\/"},{"@type":"ListItem","position":2,"name":"ONU solicita a los talib\u00e1n revocar leyes discriminatorias en Afganist\u00e1n"}]},{"@type":"WebSite","@id":"https:\/\/www.eldiario.net\/portal\/#website","url":"https:\/\/www.eldiario.net\/portal\/","name":"El Diario - Decano de la prensa nacional","description":"El Diario - Decano de la prensa nacional","publisher":{"@id":"https:\/\/www.eldiario.net\/portal\/#organization"},"potentialAction":[{"@type":"SearchAction","target":{"@type":"EntryPoint","urlTemplate":"https:\/\/www.eldiario.net\/portal\/?s={search_term_string}"},"query-input":{"@type":"PropertyValueSpecification","valueRequired":true,"valueName":"search_term_string"}}],"inLanguage":"es"},{"@type":"Organization","@id":"https:\/\/www.eldiario.net\/portal\/#organization","name":"El Diario - Decano de la prensa nacional","url":"https:\/\/www.eldiario.net\/portal\/","logo":{"@type":"ImageObject","inLanguage":"es","@id":"https:\/\/www.eldiario.net\/portal\/#\/schema\/logo\/image\/","url":"https:\/\/www.eldiario.net\/portal\/wp-content\/uploads\/2023\/07\/logo_ED.jpg","contentUrl":"https:\/\/www.eldiario.net\/portal\/wp-content\/uploads\/2023\/07\/logo_ED.jpg","width":272,"height":52,"caption":"El Diario - Decano de la prensa nacional"},"image":{"@id":"https:\/\/www.eldiario.net\/portal\/#\/schema\/logo\/image\/"},"sameAs":["https:\/\/www.facebook.com\/eldiario.bolivia\/","https:\/\/x.com\/eldiario_net"]},{"@type":"Person","@id":"https:\/\/www.eldiario.net\/portal\/#\/schema\/person\/f46445640444750d7d753ccd04ae01b7","name":"Jeanette","image":{"@type":"ImageObject","inLanguage":"es","@id":"https:\/\/secure.gravatar.com\/avatar\/3ea2118a5f7dad2b7138b1187a6b7ee55f160b9968b66013c3a3ef39dd7e5798?s=96&d=mm&r=g","url":"https:\/\/secure.gravatar.com\/avatar\/3ea2118a5f7dad2b7138b1187a6b7ee55f160b9968b66013c3a3ef39dd7e5798?s=96&d=mm&r=g","contentUrl":"https:\/\/secure.gravatar.com\/avatar\/3ea2118a5f7dad2b7138b1187a6b7ee55f160b9968b66013c3a3ef39dd7e5798?s=96&d=mm&r=g","caption":"Jeanette"},"sameAs":["https:\/\/www.eldiario.net\/portal"],"url":"https:\/\/www.eldiario.net\/portal\/author\/jeanette\/"}]}},"_links":{"self":[{"href":"https:\/\/www.eldiario.net\/portal\/wp-json\/wp\/v2\/posts\/134662","targetHints":{"allow":["GET"]}}],"collection":[{"href":"https:\/\/www.eldiario.net\/portal\/wp-json\/wp\/v2\/posts"}],"about":[{"href":"https:\/\/www.eldiario.net\/portal\/wp-json\/wp\/v2\/types\/post"}],"author":[{"embeddable":true,"href":"https:\/\/www.eldiario.net\/portal\/wp-json\/wp\/v2\/users\/1"}],"replies":[{"embeddable":true,"href":"https:\/\/www.eldiario.net\/portal\/wp-json\/wp\/v2\/comments?post=134662"}],"version-history":[{"count":0,"href":"https:\/\/www.eldiario.net\/portal\/wp-json\/wp\/v2\/posts\/134662\/revisions"}],"wp:attachment":[{"href":"https:\/\/www.eldiario.net\/portal\/wp-json\/wp\/v2\/media?parent=134662"}],"wp:term":[{"taxonomy":"category","embeddable":true,"href":"https:\/\/www.eldiario.net\/portal\/wp-json\/wp\/v2\/categories?post=134662"},{"taxonomy":"post_tag","embeddable":true,"href":"https:\/\/www.eldiario.net\/portal\/wp-json\/wp\/v2\/tags?post=134662"}],"curies":[{"name":"wp","href":"https:\/\/api.w.org\/{rel}","templated":true}]}}