{"id":134660,"date":"2023-01-25T05:42:31","date_gmt":"2023-01-25T09:42:31","guid":{"rendered":"https:\/\/www.eldiario.net\/portal\/?p=134660"},"modified":"2023-01-25T05:42:31","modified_gmt":"2023-01-25T09:42:31","slug":"denuncian-destruccion-de-medio-centenar-de-colegios-en-ucrania","status":"publish","type":"post","link":"https:\/\/www.eldiario.net\/portal\/2023\/01\/25\/denuncian-destruccion-de-medio-centenar-de-colegios-en-ucrania\/","title":{"rendered":"Denuncian destrucci\u00f3n de medio  centenar de colegios en Ucrania"},"content":{"rendered":"<p>La ONG Save the Children, denunci\u00f3 ayer la destrucci\u00f3n de medio centenar de colegios en Ucrania desde que comenz\u00f3 el curso acad\u00e9mico debido a los enfrentamientos con las fuerzas rusas, lo que supone una media aproximada de una escuela destruida cada dos d\u00edas desde entonces.<br \/>\nLos informes del Ministerio de Educaci\u00f3n y Ciencia de Ucrania muestran que 48 escuelas fueron completamente destruidas en combates, bombardeos y ataques con misiles desde septiembre hasta diciembre de 2022. Esto supone que casi una cuarta parte de todas las escuelas que quedaron inutilizadas desde que comenz\u00f3 la invasi\u00f3n rusa del territorio en febrero de 2022, fueron destruidas en los \u00faltimos cinco meses. Otras 133 sufrieron da\u00f1os durante el primer semestre de este a\u00f1o acad\u00e9mico, seg\u00fan alert\u00f3 la ONG en un comunicado.<br \/>\nEn septiembre, tan solo uno de cada tres centros educativos de Ucrania pudo abrir sus puertas para impartir clases dado que solo los edificios con refugios est\u00e1n autorizados a aceptar alumnado. Seg\u00fan el \u00faltimo informe del Ministerio de Educaci\u00f3n, un mill\u00f3n de ni\u00f1os y ni\u00f1as asisten actualmente a las escuelas y alrededor de 1,2 millones m\u00e1s combinan clases en online y presenciales.<br \/>\nNo obstante, los continuos cierres de colegios e institutos en zonas con combates activos hacen que muchas ni\u00f1as y ni\u00f1os lleven casi un a\u00f1o sin pisar un aula. \u00abEsta guerra dificult\u00f3 incre\u00edblemente el acceso de los ni\u00f1os y ni\u00f1as ucranianos a la educaci\u00f3n. Millones de estudiantes se vieron obligados a aprender desde casa debido a la amenaza siempre presente de bombardeos y ataques con misiles\u00bb, explic\u00f3 Sonia Khush, directora de Save the Children Ucrania.<br \/>\n\u00abQuienes disfrutan asistiendo a clase y encontr\u00e1ndose con sus amigos se ven obligados ahora a cambiar sus aulas por s\u00f3tanos h\u00famedos y fr\u00edos en cuanto suenan las sirenas. La escuela deber\u00eda ser un lugar feliz y seguro para los ni\u00f1os y ni\u00f1as, y una herramienta esencial para que se conviertan en personas realizadas\u00bb, recalc\u00f3.<br \/>\nEn este sentido, solicit\u00f3 que se garantice el acceso sin trabas a la educaci\u00f3n y la protecci\u00f3n total mientras aprenden. \u00abLos ataques diarios a las escuelas en Ucrania no deben ser tolerados, porque comprometen no solo la oportunidad de los ni\u00f1os y ni\u00f1as de aprender sino tambi\u00e9n sus vidas\u00bb, puntualiz\u00f3 Khush.<br \/>\nSave the Children, exigi\u00f3 a su vez que se respete el Derecho Internacional Humanitario y solicit\u00f3 al Consejo de Seguridad de la ONU cumplir su mandato de mantener la paz y la seguridad. \u00abLos autores de ataques contra la infancia deben rendir cuentas\u00bb, finaliz\u00f3 la organizaci\u00f3n. (Europa Press).<\/p>\n","protected":false},"excerpt":{"rendered":"<p>La ONG Save the Children, denunci\u00f3 ayer la destrucci\u00f3n de medio centenar de colegios en Ucrania desde que comenz\u00f3 el curso acad\u00e9mico debido a los enfrentamientos con las fuerzas rusas, lo que supone una media aproximada de una escuela destruida cada dos d\u00edas desde entonces. Los informes del Ministerio de Educaci\u00f3n y Ciencia de Ucrania [&hellip;]<\/p>\n","protected":false},"author":1,"featured_media":0,"comment_status":"closed","ping_status":"closed","sticky":false,"template":"","format":"standard","meta":{"_acf_changed":false,"footnotes":""},"categories":[3],"tags":[],"class_list":["post-134660","post","type-post","status-publish","format-standard","category-internacional"],"acf":{"antetitulo":""},"yoast_head":"<!-- This site is optimized with the Yoast SEO plugin v28.4 - https:\/\/yoast.com\/product\/yoast-seo-wordpress\/ -->\n<title>Denuncian destrucci\u00f3n de medio centenar de colegios en Ucrania - El Diario - Bolivia<\/title>\n<meta name=\"robots\" content=\"index, follow, max-snippet:-1, max-image-preview:large, max-video-preview:-1\" \/>\n<link rel=\"canonical\" href=\"https:\/\/www.eldiario.net\/portal\/2023\/01\/25\/denuncian-destruccion-de-medio-centenar-de-colegios-en-ucrania\/\" \/>\n<meta property=\"og:locale\" content=\"es_ES\" \/>\n<meta property=\"og:type\" content=\"article\" \/>\n<meta property=\"og:title\" content=\"Denuncian destrucci\u00f3n de medio centenar de colegios en Ucrania - El Diario - Bolivia\" \/>\n<meta property=\"og:description\" content=\"La ONG Save the Children, denunci\u00f3 ayer la destrucci\u00f3n de medio centenar de colegios en Ucrania desde que comenz\u00f3 el curso acad\u00e9mico debido a los enfrentamientos con las fuerzas rusas, lo que supone una media aproximada de una escuela destruida cada dos d\u00edas desde entonces. Los informes del Ministerio de Educaci\u00f3n y Ciencia de Ucrania [&hellip;]\" \/>\n<meta property=\"og:url\" content=\"https:\/\/www.eldiario.net\/portal\/2023\/01\/25\/denuncian-destruccion-de-medio-centenar-de-colegios-en-ucrania\/\" \/>\n<meta property=\"og:site_name\" content=\"El Diario - Bolivia\" \/>\n<meta property=\"article:publisher\" content=\"https:\/\/www.facebook.com\/eldiario.bolivia\/\" \/>\n<meta property=\"article:published_time\" content=\"2023-01-25T09:42:31+00:00\" \/>\n<meta name=\"author\" content=\"Jeanette\" \/>\n<meta name=\"twitter:card\" content=\"summary_large_image\" \/>\n<meta name=\"twitter:creator\" content=\"@eldiario_net\" \/>\n<meta name=\"twitter:site\" content=\"@eldiario_net\" \/>\n<meta name=\"twitter:label1\" content=\"Escrito por\" \/>\n\t<meta name=\"twitter:data1\" content=\"Jeanette\" \/>\n\t<meta name=\"twitter:label2\" content=\"Tiempo de lectura\" \/>\n\t<meta name=\"twitter:data2\" content=\"2 minutos\" \/>\n<script type=\"application\/ld+json\" class=\"yoast-schema-graph\">{\"@context\":\"https:\\\/\\\/schema.org\",\"@graph\":[{\"@type\":\"Article\",\"@id\":\"https:\\\/\\\/www.eldiario.net\\\/portal\\\/2023\\\/01\\\/25\\\/denuncian-destruccion-de-medio-centenar-de-colegios-en-ucrania\\\/#article\",\"isPartOf\":{\"@id\":\"https:\\\/\\\/www.eldiario.net\\\/portal\\\/2023\\\/01\\\/25\\\/denuncian-destruccion-de-medio-centenar-de-colegios-en-ucrania\\\/\"},\"author\":{\"name\":\"Jeanette\",\"@id\":\"https:\\\/\\\/www.eldiario.net\\\/portal\\\/#\\\/schema\\\/person\\\/f46445640444750d7d753ccd04ae01b7\"},\"headline\":\"Denuncian destrucci\u00f3n de medio centenar de colegios en Ucrania\",\"datePublished\":\"2023-01-25T09:42:31+00:00\",\"mainEntityOfPage\":{\"@id\":\"https:\\\/\\\/www.eldiario.net\\\/portal\\\/2023\\\/01\\\/25\\\/denuncian-destruccion-de-medio-centenar-de-colegios-en-ucrania\\\/\"},\"wordCount\":457,\"publisher\":{\"@id\":\"https:\\\/\\\/www.eldiario.net\\\/portal\\\/#organization\"},\"articleSection\":[\"Internacional\"],\"inLanguage\":\"es\"},{\"@type\":\"WebPage\",\"@id\":\"https:\\\/\\\/www.eldiario.net\\\/portal\\\/2023\\\/01\\\/25\\\/denuncian-destruccion-de-medio-centenar-de-colegios-en-ucrania\\\/\",\"url\":\"https:\\\/\\\/www.eldiario.net\\\/portal\\\/2023\\\/01\\\/25\\\/denuncian-destruccion-de-medio-centenar-de-colegios-en-ucrania\\\/\",\"name\":\"Denuncian destrucci\u00f3n de medio centenar de colegios en Ucrania - El Diario - Bolivia\",\"isPartOf\":{\"@id\":\"https:\\\/\\\/www.eldiario.net\\\/portal\\\/#website\"},\"datePublished\":\"2023-01-25T09:42:31+00:00\",\"breadcrumb\":{\"@id\":\"https:\\\/\\\/www.eldiario.net\\\/portal\\\/2023\\\/01\\\/25\\\/denuncian-destruccion-de-medio-centenar-de-colegios-en-ucrania\\\/#breadcrumb\"},\"inLanguage\":\"es\",\"potentialAction\":[{\"@type\":\"ReadAction\",\"target\":[\"https:\\\/\\\/www.eldiario.net\\\/portal\\\/2023\\\/01\\\/25\\\/denuncian-destruccion-de-medio-centenar-de-colegios-en-ucrania\\\/\"]}]},{\"@type\":\"BreadcrumbList\",\"@id\":\"https:\\\/\\\/www.eldiario.net\\\/portal\\\/2023\\\/01\\\/25\\\/denuncian-destruccion-de-medio-centenar-de-colegios-en-ucrania\\\/#breadcrumb\",\"itemListElement\":[{\"@type\":\"ListItem\",\"position\":1,\"name\":\"Portada\",\"item\":\"https:\\\/\\\/www.eldiario.net\\\/portal\\\/\"},{\"@type\":\"ListItem\",\"position\":2,\"name\":\"Denuncian destrucci\u00f3n de medio centenar de colegios en Ucrania\"}]},{\"@type\":\"WebSite\",\"@id\":\"https:\\\/\\\/www.eldiario.net\\\/portal\\\/#website\",\"url\":\"https:\\\/\\\/www.eldiario.net\\\/portal\\\/\",\"name\":\"El Diario - Decano de la prensa nacional\",\"description\":\"El Diario - Decano de la prensa nacional\",\"publisher\":{\"@id\":\"https:\\\/\\\/www.eldiario.net\\\/portal\\\/#organization\"},\"potentialAction\":[{\"@type\":\"SearchAction\",\"target\":{\"@type\":\"EntryPoint\",\"urlTemplate\":\"https:\\\/\\\/www.eldiario.net\\\/portal\\\/?s={search_term_string}\"},\"query-input\":{\"@type\":\"PropertyValueSpecification\",\"valueRequired\":true,\"valueName\":\"search_term_string\"}}],\"inLanguage\":\"es\"},{\"@type\":\"Organization\",\"@id\":\"https:\\\/\\\/www.eldiario.net\\\/portal\\\/#organization\",\"name\":\"El Diario - Decano de la prensa nacional\",\"url\":\"https:\\\/\\\/www.eldiario.net\\\/portal\\\/\",\"logo\":{\"@type\":\"ImageObject\",\"inLanguage\":\"es\",\"@id\":\"https:\\\/\\\/www.eldiario.net\\\/portal\\\/#\\\/schema\\\/logo\\\/image\\\/\",\"url\":\"https:\\\/\\\/www.eldiario.net\\\/portal\\\/wp-content\\\/uploads\\\/2023\\\/07\\\/logo_ED.jpg\",\"contentUrl\":\"https:\\\/\\\/www.eldiario.net\\\/portal\\\/wp-content\\\/uploads\\\/2023\\\/07\\\/logo_ED.jpg\",\"width\":272,\"height\":52,\"caption\":\"El Diario - Decano de la prensa nacional\"},\"image\":{\"@id\":\"https:\\\/\\\/www.eldiario.net\\\/portal\\\/#\\\/schema\\\/logo\\\/image\\\/\"},\"sameAs\":[\"https:\\\/\\\/www.facebook.com\\\/eldiario.bolivia\\\/\",\"https:\\\/\\\/x.com\\\/eldiario_net\"]},{\"@type\":\"Person\",\"@id\":\"https:\\\/\\\/www.eldiario.net\\\/portal\\\/#\\\/schema\\\/person\\\/f46445640444750d7d753ccd04ae01b7\",\"name\":\"Jeanette\",\"image\":{\"@type\":\"ImageObject\",\"inLanguage\":\"es\",\"@id\":\"https:\\\/\\\/secure.gravatar.com\\\/avatar\\\/3ea2118a5f7dad2b7138b1187a6b7ee55f160b9968b66013c3a3ef39dd7e5798?s=96&d=mm&r=g\",\"url\":\"https:\\\/\\\/secure.gravatar.com\\\/avatar\\\/3ea2118a5f7dad2b7138b1187a6b7ee55f160b9968b66013c3a3ef39dd7e5798?s=96&d=mm&r=g\",\"contentUrl\":\"https:\\\/\\\/secure.gravatar.com\\\/avatar\\\/3ea2118a5f7dad2b7138b1187a6b7ee55f160b9968b66013c3a3ef39dd7e5798?s=96&d=mm&r=g\",\"caption\":\"Jeanette\"},\"sameAs\":[\"https:\\\/\\\/www.eldiario.net\\\/portal\"],\"url\":\"https:\\\/\\\/www.eldiario.net\\\/portal\\\/author\\\/jeanette\\\/\"}]}<\/script>\n<!-- \/ Yoast SEO plugin. -->","yoast_head_json":{"title":"Denuncian destrucci\u00f3n de medio centenar de colegios en Ucrania - El Diario - Bolivia","robots":{"index":"index","follow":"follow","max-snippet":"max-snippet:-1","max-image-preview":"max-image-preview:large","max-video-preview":"max-video-preview:-1"},"canonical":"https:\/\/www.eldiario.net\/portal\/2023\/01\/25\/denuncian-destruccion-de-medio-centenar-de-colegios-en-ucrania\/","og_locale":"es_ES","og_type":"article","og_title":"Denuncian destrucci\u00f3n de medio centenar de colegios en Ucrania - El Diario - Bolivia","og_description":"La ONG Save the Children, denunci\u00f3 ayer la destrucci\u00f3n de medio centenar de colegios en Ucrania desde que comenz\u00f3 el curso acad\u00e9mico debido a los enfrentamientos con las fuerzas rusas, lo que supone una media aproximada de una escuela destruida cada dos d\u00edas desde entonces. Los informes del Ministerio de Educaci\u00f3n y Ciencia de Ucrania [&hellip;]","og_url":"https:\/\/www.eldiario.net\/portal\/2023\/01\/25\/denuncian-destruccion-de-medio-centenar-de-colegios-en-ucrania\/","og_site_name":"El Diario - Bolivia","article_publisher":"https:\/\/www.facebook.com\/eldiario.bolivia\/","article_published_time":"2023-01-25T09:42:31+00:00","author":"Jeanette","twitter_card":"summary_large_image","twitter_creator":"@eldiario_net","twitter_site":"@eldiario_net","twitter_misc":{"Escrito por":"Jeanette","Tiempo de lectura":"2 minutos"},"schema":{"@context":"https:\/\/schema.org","@graph":[{"@type":"Article","@id":"https:\/\/www.eldiario.net\/portal\/2023\/01\/25\/denuncian-destruccion-de-medio-centenar-de-colegios-en-ucrania\/#article","isPartOf":{"@id":"https:\/\/www.eldiario.net\/portal\/2023\/01\/25\/denuncian-destruccion-de-medio-centenar-de-colegios-en-ucrania\/"},"author":{"name":"Jeanette","@id":"https:\/\/www.eldiario.net\/portal\/#\/schema\/person\/f46445640444750d7d753ccd04ae01b7"},"headline":"Denuncian destrucci\u00f3n de medio centenar de colegios en Ucrania","datePublished":"2023-01-25T09:42:31+00:00","mainEntityOfPage":{"@id":"https:\/\/www.eldiario.net\/portal\/2023\/01\/25\/denuncian-destruccion-de-medio-centenar-de-colegios-en-ucrania\/"},"wordCount":457,"publisher":{"@id":"https:\/\/www.eldiario.net\/portal\/#organization"},"articleSection":["Internacional"],"inLanguage":"es"},{"@type":"WebPage","@id":"https:\/\/www.eldiario.net\/portal\/2023\/01\/25\/denuncian-destruccion-de-medio-centenar-de-colegios-en-ucrania\/","url":"https:\/\/www.eldiario.net\/portal\/2023\/01\/25\/denuncian-destruccion-de-medio-centenar-de-colegios-en-ucrania\/","name":"Denuncian destrucci\u00f3n de medio centenar de colegios en Ucrania - El Diario - Bolivia","isPartOf":{"@id":"https:\/\/www.eldiario.net\/portal\/#website"},"datePublished":"2023-01-25T09:42:31+00:00","breadcrumb":{"@id":"https:\/\/www.eldiario.net\/portal\/2023\/01\/25\/denuncian-destruccion-de-medio-centenar-de-colegios-en-ucrania\/#breadcrumb"},"inLanguage":"es","potentialAction":[{"@type":"ReadAction","target":["https:\/\/www.eldiario.net\/portal\/2023\/01\/25\/denuncian-destruccion-de-medio-centenar-de-colegios-en-ucrania\/"]}]},{"@type":"BreadcrumbList","@id":"https:\/\/www.eldiario.net\/portal\/2023\/01\/25\/denuncian-destruccion-de-medio-centenar-de-colegios-en-ucrania\/#breadcrumb","itemListElement":[{"@type":"ListItem","position":1,"name":"Portada","item":"https:\/\/www.eldiario.net\/portal\/"},{"@type":"ListItem","position":2,"name":"Denuncian destrucci\u00f3n de medio centenar de colegios en Ucrania"}]},{"@type":"WebSite","@id":"https:\/\/www.eldiario.net\/portal\/#website","url":"https:\/\/www.eldiario.net\/portal\/","name":"El Diario - Decano de la prensa nacional","description":"El Diario - Decano de la prensa nacional","publisher":{"@id":"https:\/\/www.eldiario.net\/portal\/#organization"},"potentialAction":[{"@type":"SearchAction","target":{"@type":"EntryPoint","urlTemplate":"https:\/\/www.eldiario.net\/portal\/?s={search_term_string}"},"query-input":{"@type":"PropertyValueSpecification","valueRequired":true,"valueName":"search_term_string"}}],"inLanguage":"es"},{"@type":"Organization","@id":"https:\/\/www.eldiario.net\/portal\/#organization","name":"El Diario - Decano de la prensa nacional","url":"https:\/\/www.eldiario.net\/portal\/","logo":{"@type":"ImageObject","inLanguage":"es","@id":"https:\/\/www.eldiario.net\/portal\/#\/schema\/logo\/image\/","url":"https:\/\/www.eldiario.net\/portal\/wp-content\/uploads\/2023\/07\/logo_ED.jpg","contentUrl":"https:\/\/www.eldiario.net\/portal\/wp-content\/uploads\/2023\/07\/logo_ED.jpg","width":272,"height":52,"caption":"El Diario - Decano de la prensa nacional"},"image":{"@id":"https:\/\/www.eldiario.net\/portal\/#\/schema\/logo\/image\/"},"sameAs":["https:\/\/www.facebook.com\/eldiario.bolivia\/","https:\/\/x.com\/eldiario_net"]},{"@type":"Person","@id":"https:\/\/www.eldiario.net\/portal\/#\/schema\/person\/f46445640444750d7d753ccd04ae01b7","name":"Jeanette","image":{"@type":"ImageObject","inLanguage":"es","@id":"https:\/\/secure.gravatar.com\/avatar\/3ea2118a5f7dad2b7138b1187a6b7ee55f160b9968b66013c3a3ef39dd7e5798?s=96&d=mm&r=g","url":"https:\/\/secure.gravatar.com\/avatar\/3ea2118a5f7dad2b7138b1187a6b7ee55f160b9968b66013c3a3ef39dd7e5798?s=96&d=mm&r=g","contentUrl":"https:\/\/secure.gravatar.com\/avatar\/3ea2118a5f7dad2b7138b1187a6b7ee55f160b9968b66013c3a3ef39dd7e5798?s=96&d=mm&r=g","caption":"Jeanette"},"sameAs":["https:\/\/www.eldiario.net\/portal"],"url":"https:\/\/www.eldiario.net\/portal\/author\/jeanette\/"}]}},"_links":{"self":[{"href":"https:\/\/www.eldiario.net\/portal\/wp-json\/wp\/v2\/posts\/134660","targetHints":{"allow":["GET"]}}],"collection":[{"href":"https:\/\/www.eldiario.net\/portal\/wp-json\/wp\/v2\/posts"}],"about":[{"href":"https:\/\/www.eldiario.net\/portal\/wp-json\/wp\/v2\/types\/post"}],"author":[{"embeddable":true,"href":"https:\/\/www.eldiario.net\/portal\/wp-json\/wp\/v2\/users\/1"}],"replies":[{"embeddable":true,"href":"https:\/\/www.eldiario.net\/portal\/wp-json\/wp\/v2\/comments?post=134660"}],"version-history":[{"count":0,"href":"https:\/\/www.eldiario.net\/portal\/wp-json\/wp\/v2\/posts\/134660\/revisions"}],"wp:attachment":[{"href":"https:\/\/www.eldiario.net\/portal\/wp-json\/wp\/v2\/media?parent=134660"}],"wp:term":[{"taxonomy":"category","embeddable":true,"href":"https:\/\/www.eldiario.net\/portal\/wp-json\/wp\/v2\/categories?post=134660"},{"taxonomy":"post_tag","embeddable":true,"href":"https:\/\/www.eldiario.net\/portal\/wp-json\/wp\/v2\/tags?post=134660"}],"curies":[{"name":"wp","href":"https:\/\/api.w.org\/{rel}","templated":true}]}}