{"id":134654,"date":"2023-01-25T05:42:02","date_gmt":"2023-01-25T09:42:02","guid":{"rendered":"https:\/\/www.eldiario.net\/portal\/?p=134654"},"modified":"2023-01-25T05:42:02","modified_gmt":"2023-01-25T09:42:02","slug":"bajo-tierra","status":"publish","type":"post","link":"https:\/\/www.eldiario.net\/portal\/2023\/01\/25\/bajo-tierra\/","title":{"rendered":"Bajo Tierra"},"content":{"rendered":"<p>Hoy en Cvltvral tenemos como invitados de lujo a los integrantes de esta rocanrolera banda cuyo sonido se basa en el \u201cHeavy Rock\u201d perfectamente fusionado con el folklore nacional, dando como resultado, uno de los sonidos m\u00e1s destacados de nuestro medio. En esta exclusiva conocemos m\u00e1s de ellos\u2026 sean todos bienvenidos al show.<\/p>\n<p><strong>\u00bfC\u00f3mo nace el proyecto \u201cBajo Tierra\u201d?<\/strong><br \/>\nSe form\u00f3 el 6 de abril de 2002 cuando coincidimos en una sesi\u00f3n de ensayo Sergio Ter\u00e1n, Ernesto Guevara, \u201cNelo\u201d Copa y Rudyard Vargas. Casi de inmediato no dimos la tarea de componer y grabamos nuestro primer sencillo \u201cHambre y Dolor\u201d. Poco despu\u00e9s la banda graba el sencillo \u201cEl Sarir\u201d, tema compuesto por Nataniel Gonzales y Luciano Callejas con el que comenzamos a explorar la identidad de nuestra m\u00fasica.<\/p>\n<p><strong>\u00bfD\u00f3nde radica la necesidad de hacer rock del bueno?<\/strong><br \/>\nEs importante que, como bolivianos, tengamos la posibilidad de expresar nuestra cultura y nuestra realidad a trav\u00e9s del rock que es un g\u00e9nero honesto y directo. La est\u00e9tica de \u201cBajo Tierra\u201d no es necesariamente fusi\u00f3n en t\u00e9rminos cl\u00e1sicos para m\u00fasica boliviana pues la identidad boliviana se encuentra en la m\u00fasica en s\u00ed: estructuras, acordes, escalas que usa la m\u00fasica boliviana que son claramente compatibles con las que usa el rock. Es ah\u00ed donde se encuentra la esencia de \u201cheavy metal\u201d que hacemos con fuerte identidad boliviana sin necesidad de incluir instrumentos nativos, por ejemplo. Hacemos rock que nos exige mucho t\u00e9cnicamente y nos obliga a llegar al l\u00edmite de nuestras capacidades por lo que conscientes de nuestras limitaciones este g\u00e9nero nos ayuda a crecer como m\u00fasicos y a liberar nuestros demonios. Hacer m\u00fasica con \u201cBajo Tierra\u201d es cat\u00e1rtico.<\/p>\n<p><strong>\u00bfQu\u00e9 bandas han significado una influencia directa en su sonido?<\/strong><br \/>\nLas influencias musicales son muy diversas y responden al entorno de preferencias de cada uno de los integrantes de la banda, aunque se pueden identificar algunos g\u00e9neros musicales como el heavy metal cl\u00e1sico, el rock boliviano y el folklore andino. Bandas que incluyen en nuestro trabajo son muchas, pr\u00e1cticamente todo lo que disfrutamos con pasi\u00f3n aterriza en las composiciones de \u201cBajo Tierra\u201d.<\/p>\n<p><strong>\u00bfQu\u00e9 tem\u00e1ticas les gusta abarcar en sus letras?<\/strong><br \/>\nLas canciones de \u201cBajo Tierra\u201d reflejan intereses colectivos que claman justicia social y abogan por el respeto de los derechos humanos y de la Madre Tierra; la reflexi\u00f3n hist\u00f3rica y cr\u00edtica de diversas vivencias. La m\u00fasica a m\u00e1s de un espacio de liberaci\u00f3n funciona tambi\u00e9n como un espejo social.<\/p>\n<p><strong>\u00bfCu\u00e1ntos trabajos de estudio tienen al momento?<\/strong><br \/>\nHemos producido 3 discos de larga duraci\u00f3n, varios Demos, un par de soundtracks para audiovisuales bolivianos, un disco Split Junto a Insignia de Argentina y varios compilados de rock boliviano, entre ellos el \u201cMetal Marka\u201d.<\/p>\n<p><strong>\u00bfCu\u00e1l dir\u00edan que es la mayor traba de hacer rock propio y original en un medio como el nuestro?<\/strong><br \/>\nLa falta de educaci\u00f3n desde los niveles m\u00e1s b\u00e1sicos lleva a tener un pensamiento errado el cual pone al arte y en este caso a la m\u00fasica en segundo plano. Si existieran mejores niveles de educaci\u00f3n en general, el ciudadano promedio podr\u00eda escoger de manera libre lo que escucha y no simplemente lo que el medio local obliga. Los medios locales, sin contar el internet, muestran y promocionan m\u00fasica comercial de muy bajo aporte art\u00edstico y cultural, alineados a un sistema que explota comercialmente tanto m\u00fasica como imagen.<\/p>\n<p><strong>\u00bfC\u00f3mo ha sido la acogida de sus seguidores con el paso de tiempo?<\/strong><br \/>\nSentimos que de ser los nuevos en la escena metalera en 2002, y con evidente rechazo a las exploraciones del metal con folklore al principio por parte de los puristas, tras 20 a\u00f1os de vigencia, ahora somos una especie de veteranos del \u201cHeavy Metal\u201d boliviano y vemos c\u00f3mo ahora muchas bandas construyen a su manera y con mucha creatividad la est\u00e9tica musical que nos identifica como pa\u00eds y nos hace \u00fanicos. Es muy interesante encontrar un p\u00fablico que por una parte son los viejos diablos de la escena, colegas de nuestra generaci\u00f3n, y que por otra, nos trae un p\u00fablico renovado que, pr\u00e1cticamente, naci\u00f3 junto con la banda y ahora ya tiene edad para asistir a nuestras presentaciones. Se siente un respeto especial.<\/p>\n<p><strong>\u00bfC\u00f3mo ponderan la gira \u201cSuplica Por Mi Alma\u201d como aporte para ustedes como banda?<\/strong><br \/>\nEl aporte de nuestra actual gira es enorme porque nos permite llegar a una nueva generaci\u00f3n, la cual no necesariamente escuch\u00f3 nuestros anteriores discos. El hecho de haber editado el disco en formato de vinilo tambi\u00e9n nos permite llegar a un p\u00fablico que no necesariamente consume \u201cHeavy Metal\u201d, me refiero a los coleccionistas que cada vez son de mayor cantidad. De esta forma, nos permite cumplir con nuestros seguidores que desde el comienzo de nuestra carrera nos acompa\u00f1an y esperaban con ansias un nuevo material. A eso s\u00famale que para muchos m\u00fasicos; el 2022 ha significado el retorno a los escenarios y, en nuestro caso, con un matiz especial, pues volvemos con nuevo disco.<\/p>\n<p><strong>\u00bfQu\u00e9 depara la agenda del 2023?<\/strong><br \/>\nEn este a\u00f1o continuaremos difundiendo nuestro nuevo trabajo con presentaciones en nuestro pa\u00eds y fuera de \u00e9l. Tambi\u00e9n retomaremos un proyecto junto al maestro Nataniel Gonzales que dejamos en suspenso por la pandemia en 2020. Esperemos que la propuesta musical que resulte con este enorme m\u00fasico del folklore y rock boliviano pueda ver la luz en pr\u00f3ximos meses.<\/p>\n\n","protected":false},"excerpt":{"rendered":"<p>Hoy en Cvltvral tenemos como invitados de lujo a los integrantes de esta rocanrolera banda cuyo sonido se basa en el \u201cHeavy Rock\u201d perfectamente fusionado con el folklore nacional, dando como resultado, uno de los sonidos m\u00e1s destacados de nuestro medio. En esta exclusiva conocemos m\u00e1s de ellos\u2026 sean todos bienvenidos al show. \u00bfC\u00f3mo nace [&hellip;]<\/p>\n","protected":false},"author":1,"featured_media":134655,"comment_status":"closed","ping_status":"closed","sticky":false,"template":"","format":"standard","meta":{"_acf_changed":false,"footnotes":""},"categories":[8],"tags":[],"class_list":["post-134654","post","type-post","status-publish","format-standard","has-post-thumbnail","category-cultural"],"acf":{"antetitulo":""},"yoast_head":"<!-- This site is optimized with the Yoast SEO plugin v28.4 - https:\/\/yoast.com\/product\/yoast-seo-wordpress\/ -->\n<title>Bajo Tierra - El Diario - Bolivia<\/title>\n<meta name=\"robots\" content=\"index, follow, max-snippet:-1, max-image-preview:large, max-video-preview:-1\" \/>\n<link rel=\"canonical\" href=\"https:\/\/www.eldiario.net\/portal\/2023\/01\/25\/bajo-tierra\/\" \/>\n<meta property=\"og:locale\" content=\"es_ES\" \/>\n<meta property=\"og:type\" content=\"article\" \/>\n<meta property=\"og:title\" content=\"Bajo Tierra - El Diario - Bolivia\" \/>\n<meta property=\"og:description\" content=\"Hoy en Cvltvral tenemos como invitados de lujo a los integrantes de esta rocanrolera banda cuyo sonido se basa en el \u201cHeavy Rock\u201d perfectamente fusionado con el folklore nacional, dando como resultado, uno de los sonidos m\u00e1s destacados de nuestro medio. En esta exclusiva conocemos m\u00e1s de ellos\u2026 sean todos bienvenidos al show. \u00bfC\u00f3mo nace [&hellip;]\" \/>\n<meta property=\"og:url\" content=\"https:\/\/www.eldiario.net\/portal\/2023\/01\/25\/bajo-tierra\/\" \/>\n<meta property=\"og:site_name\" content=\"El Diario - Bolivia\" \/>\n<meta property=\"article:publisher\" content=\"https:\/\/www.facebook.com\/eldiario.bolivia\/\" \/>\n<meta property=\"article:published_time\" content=\"2023-01-25T09:42:02+00:00\" \/>\n<meta name=\"author\" content=\"Jeanette\" \/>\n<meta name=\"twitter:card\" content=\"summary_large_image\" \/>\n<meta name=\"twitter:creator\" content=\"@eldiario_net\" \/>\n<meta name=\"twitter:site\" content=\"@eldiario_net\" \/>\n<meta name=\"twitter:label1\" content=\"Escrito por\" \/>\n\t<meta name=\"twitter:data1\" content=\"Jeanette\" \/>\n\t<meta name=\"twitter:label2\" content=\"Tiempo de lectura\" \/>\n\t<meta name=\"twitter:data2\" content=\"5 minutos\" \/>\n<script type=\"application\/ld+json\" class=\"yoast-schema-graph\">{\"@context\":\"https:\\\/\\\/schema.org\",\"@graph\":[{\"@type\":\"Article\",\"@id\":\"https:\\\/\\\/www.eldiario.net\\\/portal\\\/2023\\\/01\\\/25\\\/bajo-tierra\\\/#article\",\"isPartOf\":{\"@id\":\"https:\\\/\\\/www.eldiario.net\\\/portal\\\/2023\\\/01\\\/25\\\/bajo-tierra\\\/\"},\"author\":{\"name\":\"Jeanette\",\"@id\":\"https:\\\/\\\/www.eldiario.net\\\/portal\\\/#\\\/schema\\\/person\\\/f46445640444750d7d753ccd04ae01b7\"},\"headline\":\"Bajo Tierra\",\"datePublished\":\"2023-01-25T09:42:02+00:00\",\"mainEntityOfPage\":{\"@id\":\"https:\\\/\\\/www.eldiario.net\\\/portal\\\/2023\\\/01\\\/25\\\/bajo-tierra\\\/\"},\"wordCount\":948,\"publisher\":{\"@id\":\"https:\\\/\\\/www.eldiario.net\\\/portal\\\/#organization\"},\"image\":{\"@id\":\"https:\\\/\\\/www.eldiario.net\\\/portal\\\/2023\\\/01\\\/25\\\/bajo-tierra\\\/#primaryimage\"},\"thumbnailUrl\":\"\",\"articleSection\":[\"Cultural\"],\"inLanguage\":\"es\"},{\"@type\":\"WebPage\",\"@id\":\"https:\\\/\\\/www.eldiario.net\\\/portal\\\/2023\\\/01\\\/25\\\/bajo-tierra\\\/\",\"url\":\"https:\\\/\\\/www.eldiario.net\\\/portal\\\/2023\\\/01\\\/25\\\/bajo-tierra\\\/\",\"name\":\"Bajo Tierra - El Diario - Bolivia\",\"isPartOf\":{\"@id\":\"https:\\\/\\\/www.eldiario.net\\\/portal\\\/#website\"},\"primaryImageOfPage\":{\"@id\":\"https:\\\/\\\/www.eldiario.net\\\/portal\\\/2023\\\/01\\\/25\\\/bajo-tierra\\\/#primaryimage\"},\"image\":{\"@id\":\"https:\\\/\\\/www.eldiario.net\\\/portal\\\/2023\\\/01\\\/25\\\/bajo-tierra\\\/#primaryimage\"},\"thumbnailUrl\":\"\",\"datePublished\":\"2023-01-25T09:42:02+00:00\",\"breadcrumb\":{\"@id\":\"https:\\\/\\\/www.eldiario.net\\\/portal\\\/2023\\\/01\\\/25\\\/bajo-tierra\\\/#breadcrumb\"},\"inLanguage\":\"es\",\"potentialAction\":[{\"@type\":\"ReadAction\",\"target\":[\"https:\\\/\\\/www.eldiario.net\\\/portal\\\/2023\\\/01\\\/25\\\/bajo-tierra\\\/\"]}]},{\"@type\":\"ImageObject\",\"inLanguage\":\"es\",\"@id\":\"https:\\\/\\\/www.eldiario.net\\\/portal\\\/2023\\\/01\\\/25\\\/bajo-tierra\\\/#primaryimage\",\"url\":\"\",\"contentUrl\":\"\"},{\"@type\":\"BreadcrumbList\",\"@id\":\"https:\\\/\\\/www.eldiario.net\\\/portal\\\/2023\\\/01\\\/25\\\/bajo-tierra\\\/#breadcrumb\",\"itemListElement\":[{\"@type\":\"ListItem\",\"position\":1,\"name\":\"Portada\",\"item\":\"https:\\\/\\\/www.eldiario.net\\\/portal\\\/\"},{\"@type\":\"ListItem\",\"position\":2,\"name\":\"Bajo Tierra\"}]},{\"@type\":\"WebSite\",\"@id\":\"https:\\\/\\\/www.eldiario.net\\\/portal\\\/#website\",\"url\":\"https:\\\/\\\/www.eldiario.net\\\/portal\\\/\",\"name\":\"El Diario - Decano de la prensa nacional\",\"description\":\"El Diario - Decano de la prensa nacional\",\"publisher\":{\"@id\":\"https:\\\/\\\/www.eldiario.net\\\/portal\\\/#organization\"},\"potentialAction\":[{\"@type\":\"SearchAction\",\"target\":{\"@type\":\"EntryPoint\",\"urlTemplate\":\"https:\\\/\\\/www.eldiario.net\\\/portal\\\/?s={search_term_string}\"},\"query-input\":{\"@type\":\"PropertyValueSpecification\",\"valueRequired\":true,\"valueName\":\"search_term_string\"}}],\"inLanguage\":\"es\"},{\"@type\":\"Organization\",\"@id\":\"https:\\\/\\\/www.eldiario.net\\\/portal\\\/#organization\",\"name\":\"El Diario - Decano de la prensa nacional\",\"url\":\"https:\\\/\\\/www.eldiario.net\\\/portal\\\/\",\"logo\":{\"@type\":\"ImageObject\",\"inLanguage\":\"es\",\"@id\":\"https:\\\/\\\/www.eldiario.net\\\/portal\\\/#\\\/schema\\\/logo\\\/image\\\/\",\"url\":\"https:\\\/\\\/www.eldiario.net\\\/portal\\\/wp-content\\\/uploads\\\/2023\\\/07\\\/logo_ED.jpg\",\"contentUrl\":\"https:\\\/\\\/www.eldiario.net\\\/portal\\\/wp-content\\\/uploads\\\/2023\\\/07\\\/logo_ED.jpg\",\"width\":272,\"height\":52,\"caption\":\"El Diario - Decano de la prensa nacional\"},\"image\":{\"@id\":\"https:\\\/\\\/www.eldiario.net\\\/portal\\\/#\\\/schema\\\/logo\\\/image\\\/\"},\"sameAs\":[\"https:\\\/\\\/www.facebook.com\\\/eldiario.bolivia\\\/\",\"https:\\\/\\\/x.com\\\/eldiario_net\"]},{\"@type\":\"Person\",\"@id\":\"https:\\\/\\\/www.eldiario.net\\\/portal\\\/#\\\/schema\\\/person\\\/f46445640444750d7d753ccd04ae01b7\",\"name\":\"Jeanette\",\"image\":{\"@type\":\"ImageObject\",\"inLanguage\":\"es\",\"@id\":\"https:\\\/\\\/secure.gravatar.com\\\/avatar\\\/3ea2118a5f7dad2b7138b1187a6b7ee55f160b9968b66013c3a3ef39dd7e5798?s=96&d=mm&r=g\",\"url\":\"https:\\\/\\\/secure.gravatar.com\\\/avatar\\\/3ea2118a5f7dad2b7138b1187a6b7ee55f160b9968b66013c3a3ef39dd7e5798?s=96&d=mm&r=g\",\"contentUrl\":\"https:\\\/\\\/secure.gravatar.com\\\/avatar\\\/3ea2118a5f7dad2b7138b1187a6b7ee55f160b9968b66013c3a3ef39dd7e5798?s=96&d=mm&r=g\",\"caption\":\"Jeanette\"},\"sameAs\":[\"https:\\\/\\\/www.eldiario.net\\\/portal\"],\"url\":\"https:\\\/\\\/www.eldiario.net\\\/portal\\\/author\\\/jeanette\\\/\"}]}<\/script>\n<!-- \/ Yoast SEO plugin. -->","yoast_head_json":{"title":"Bajo Tierra - El Diario - Bolivia","robots":{"index":"index","follow":"follow","max-snippet":"max-snippet:-1","max-image-preview":"max-image-preview:large","max-video-preview":"max-video-preview:-1"},"canonical":"https:\/\/www.eldiario.net\/portal\/2023\/01\/25\/bajo-tierra\/","og_locale":"es_ES","og_type":"article","og_title":"Bajo Tierra - El Diario - Bolivia","og_description":"Hoy en Cvltvral tenemos como invitados de lujo a los integrantes de esta rocanrolera banda cuyo sonido se basa en el \u201cHeavy Rock\u201d perfectamente fusionado con el folklore nacional, dando como resultado, uno de los sonidos m\u00e1s destacados de nuestro medio. En esta exclusiva conocemos m\u00e1s de ellos\u2026 sean todos bienvenidos al show. \u00bfC\u00f3mo nace [&hellip;]","og_url":"https:\/\/www.eldiario.net\/portal\/2023\/01\/25\/bajo-tierra\/","og_site_name":"El Diario - Bolivia","article_publisher":"https:\/\/www.facebook.com\/eldiario.bolivia\/","article_published_time":"2023-01-25T09:42:02+00:00","author":"Jeanette","twitter_card":"summary_large_image","twitter_creator":"@eldiario_net","twitter_site":"@eldiario_net","twitter_misc":{"Escrito por":"Jeanette","Tiempo de lectura":"5 minutos"},"schema":{"@context":"https:\/\/schema.org","@graph":[{"@type":"Article","@id":"https:\/\/www.eldiario.net\/portal\/2023\/01\/25\/bajo-tierra\/#article","isPartOf":{"@id":"https:\/\/www.eldiario.net\/portal\/2023\/01\/25\/bajo-tierra\/"},"author":{"name":"Jeanette","@id":"https:\/\/www.eldiario.net\/portal\/#\/schema\/person\/f46445640444750d7d753ccd04ae01b7"},"headline":"Bajo Tierra","datePublished":"2023-01-25T09:42:02+00:00","mainEntityOfPage":{"@id":"https:\/\/www.eldiario.net\/portal\/2023\/01\/25\/bajo-tierra\/"},"wordCount":948,"publisher":{"@id":"https:\/\/www.eldiario.net\/portal\/#organization"},"image":{"@id":"https:\/\/www.eldiario.net\/portal\/2023\/01\/25\/bajo-tierra\/#primaryimage"},"thumbnailUrl":"","articleSection":["Cultural"],"inLanguage":"es"},{"@type":"WebPage","@id":"https:\/\/www.eldiario.net\/portal\/2023\/01\/25\/bajo-tierra\/","url":"https:\/\/www.eldiario.net\/portal\/2023\/01\/25\/bajo-tierra\/","name":"Bajo Tierra - El Diario - Bolivia","isPartOf":{"@id":"https:\/\/www.eldiario.net\/portal\/#website"},"primaryImageOfPage":{"@id":"https:\/\/www.eldiario.net\/portal\/2023\/01\/25\/bajo-tierra\/#primaryimage"},"image":{"@id":"https:\/\/www.eldiario.net\/portal\/2023\/01\/25\/bajo-tierra\/#primaryimage"},"thumbnailUrl":"","datePublished":"2023-01-25T09:42:02+00:00","breadcrumb":{"@id":"https:\/\/www.eldiario.net\/portal\/2023\/01\/25\/bajo-tierra\/#breadcrumb"},"inLanguage":"es","potentialAction":[{"@type":"ReadAction","target":["https:\/\/www.eldiario.net\/portal\/2023\/01\/25\/bajo-tierra\/"]}]},{"@type":"ImageObject","inLanguage":"es","@id":"https:\/\/www.eldiario.net\/portal\/2023\/01\/25\/bajo-tierra\/#primaryimage","url":"","contentUrl":""},{"@type":"BreadcrumbList","@id":"https:\/\/www.eldiario.net\/portal\/2023\/01\/25\/bajo-tierra\/#breadcrumb","itemListElement":[{"@type":"ListItem","position":1,"name":"Portada","item":"https:\/\/www.eldiario.net\/portal\/"},{"@type":"ListItem","position":2,"name":"Bajo Tierra"}]},{"@type":"WebSite","@id":"https:\/\/www.eldiario.net\/portal\/#website","url":"https:\/\/www.eldiario.net\/portal\/","name":"El Diario - Decano de la prensa nacional","description":"El Diario - Decano de la prensa nacional","publisher":{"@id":"https:\/\/www.eldiario.net\/portal\/#organization"},"potentialAction":[{"@type":"SearchAction","target":{"@type":"EntryPoint","urlTemplate":"https:\/\/www.eldiario.net\/portal\/?s={search_term_string}"},"query-input":{"@type":"PropertyValueSpecification","valueRequired":true,"valueName":"search_term_string"}}],"inLanguage":"es"},{"@type":"Organization","@id":"https:\/\/www.eldiario.net\/portal\/#organization","name":"El Diario - Decano de la prensa nacional","url":"https:\/\/www.eldiario.net\/portal\/","logo":{"@type":"ImageObject","inLanguage":"es","@id":"https:\/\/www.eldiario.net\/portal\/#\/schema\/logo\/image\/","url":"https:\/\/www.eldiario.net\/portal\/wp-content\/uploads\/2023\/07\/logo_ED.jpg","contentUrl":"https:\/\/www.eldiario.net\/portal\/wp-content\/uploads\/2023\/07\/logo_ED.jpg","width":272,"height":52,"caption":"El Diario - Decano de la prensa nacional"},"image":{"@id":"https:\/\/www.eldiario.net\/portal\/#\/schema\/logo\/image\/"},"sameAs":["https:\/\/www.facebook.com\/eldiario.bolivia\/","https:\/\/x.com\/eldiario_net"]},{"@type":"Person","@id":"https:\/\/www.eldiario.net\/portal\/#\/schema\/person\/f46445640444750d7d753ccd04ae01b7","name":"Jeanette","image":{"@type":"ImageObject","inLanguage":"es","@id":"https:\/\/secure.gravatar.com\/avatar\/3ea2118a5f7dad2b7138b1187a6b7ee55f160b9968b66013c3a3ef39dd7e5798?s=96&d=mm&r=g","url":"https:\/\/secure.gravatar.com\/avatar\/3ea2118a5f7dad2b7138b1187a6b7ee55f160b9968b66013c3a3ef39dd7e5798?s=96&d=mm&r=g","contentUrl":"https:\/\/secure.gravatar.com\/avatar\/3ea2118a5f7dad2b7138b1187a6b7ee55f160b9968b66013c3a3ef39dd7e5798?s=96&d=mm&r=g","caption":"Jeanette"},"sameAs":["https:\/\/www.eldiario.net\/portal"],"url":"https:\/\/www.eldiario.net\/portal\/author\/jeanette\/"}]}},"_links":{"self":[{"href":"https:\/\/www.eldiario.net\/portal\/wp-json\/wp\/v2\/posts\/134654","targetHints":{"allow":["GET"]}}],"collection":[{"href":"https:\/\/www.eldiario.net\/portal\/wp-json\/wp\/v2\/posts"}],"about":[{"href":"https:\/\/www.eldiario.net\/portal\/wp-json\/wp\/v2\/types\/post"}],"author":[{"embeddable":true,"href":"https:\/\/www.eldiario.net\/portal\/wp-json\/wp\/v2\/users\/1"}],"replies":[{"embeddable":true,"href":"https:\/\/www.eldiario.net\/portal\/wp-json\/wp\/v2\/comments?post=134654"}],"version-history":[{"count":0,"href":"https:\/\/www.eldiario.net\/portal\/wp-json\/wp\/v2\/posts\/134654\/revisions"}],"wp:attachment":[{"href":"https:\/\/www.eldiario.net\/portal\/wp-json\/wp\/v2\/media?parent=134654"}],"wp:term":[{"taxonomy":"category","embeddable":true,"href":"https:\/\/www.eldiario.net\/portal\/wp-json\/wp\/v2\/categories?post=134654"},{"taxonomy":"post_tag","embeddable":true,"href":"https:\/\/www.eldiario.net\/portal\/wp-json\/wp\/v2\/tags?post=134654"}],"curies":[{"name":"wp","href":"https:\/\/api.w.org\/{rel}","templated":true}]}}