{"id":134651,"date":"2023-01-25T05:39:42","date_gmt":"2023-01-25T09:39:42","guid":{"rendered":"https:\/\/www.eldiario.net\/portal\/?p=134651"},"modified":"2023-01-25T05:39:42","modified_gmt":"2023-01-25T09:39:42","slug":"la-chiti-feria-del-libro-esta-en-sopocachi","status":"publish","type":"post","link":"https:\/\/www.eldiario.net\/portal\/2023\/01\/25\/la-chiti-feria-del-libro-esta-en-sopocachi\/","title":{"rendered":"La ch\u2019iti feria del libro est\u00e1 en Sopocachi"},"content":{"rendered":"<p>La Fundaci\u00f3n Cultural del Banco Central de Bolivia (FCBCB) abri\u00f3 sus puertas a la Ch\u2019iti feria del libro, en la zona de Sopocachi, entre 20 de octubre y S\u00e1nchez Lima N\u00ba476, donde la poblaci\u00f3n pace\u00f1a podr\u00e1 apreciar y tener la oportunidad de adquirir un ch\u2019iti libro.<br \/>\nLa Ch\u2019iti feria del libro es una iniciativa de la FCBCB para unirse a esta gran fiesta de la miniatura, donde editoriales invitadas como Subjetiva Editorial, Editorial Autodeterminaci\u00f3n, Librer\u00eda Armon\u00eda, entre otras, pusieron en exposici\u00f3n y a la venta, desde ayer, minilibros de ficci\u00f3n, terror, ciencia, literatura, historia y ciencias sociales, que ser\u00e1n del deleite de grandes y chicos, y de todo aquel que sea amante de la lectura o de los libros en miniatura.<br \/>\nEn la inauguraci\u00f3n, se cont\u00f3 con la presencia del destacado cantautor y guitarrista, Manuel Monroy Chazarreta, \u201cEl Papirri\u201d, quien hizo disfrutar a todo el p\u00fablico con su m\u00fasica en la fiesta de la miniatura, rememorando tradiciones y costumbres.<br \/>\nLa Fundaci\u00f3n Cultural \u2013 BCB, puso tambi\u00e9n en la Ch\u2019iti feria sus publicaciones en miniatura, comenzando por la edici\u00f3n especial de Tejiendo Culturas, denominado Ch\u2019iti bolet\u00edn Tejiendo Sue\u00f1os, una edici\u00f3n que compila art\u00edculos sobre historias con un toque de parodia y fantas\u00eda basadas en situaciones reales, que fueron escritas por curadores y profesionales de los repositorios nacionales y centros culturales.<br \/>\nComo parte de la colecci\u00f3n de la biblioteca Biogr\u00e1fica rumbo al Bicentenario, la FCBCB presenta biograf\u00edas de \u00d3scar Alfaro, Lorgio Vaca, Edgar \u201cHurac\u00e1n\u201d Ram\u00edrez y \u00d3scar Gamarra Soria. Este material es en versi\u00f3n mini, para todos los que adquieran cualquiera de las ediciones de la biblioteca Biogr\u00e1fica se lleven uno de regalo.<br \/>\nFinalmente, una de las \u00faltimas publicaciones de la revista Piedra de Agua, en su versi\u00f3n N\u00ba28, publicada en diciembre del 2022, cuenta tambi\u00e9n en versi\u00f3n peque\u00f1a, y la poblaci\u00f3n podr\u00e1 llev\u00e1rsela de manera gratuita, por la compra de cualquiera de las ediciones de Piedra de Agua.<br \/>\nEn la gesti\u00f3n pasada la FCBCB, public\u00f3 la primera versi\u00f3n del Ch\u2019iti bolet\u00edn, uni\u00e9ndose a esta fiesta de la miniatura, material que fue distribuido gratuitamente en los distintos puntos de la ciudad. Al respecto, Luis Oporto Ordo\u00f1ez, presidente de esta Entidad cultural, manifest\u00f3 que este a\u00f1o se ha dado un paso m\u00e1s, pues se ha organizado la primera Feria del Ch\u2019iti Libro, con una exposici\u00f3n de mini libros de una colecci\u00f3n particular, que incluye algunas peque\u00f1as joyas bibliogr\u00e1ficas, \u201cpor lo que toda la poblaci\u00f3n, est\u00e1 invitada a formar parte de ella hasta el 27 de enero, de 9:00 a 18:00\u201d.<\/p>\n","protected":false},"excerpt":{"rendered":"<p>La Fundaci\u00f3n Cultural del Banco Central de Bolivia (FCBCB) abri\u00f3 sus puertas a la Ch\u2019iti feria del libro, en la zona de Sopocachi, entre 20 de octubre y S\u00e1nchez Lima N\u00ba476, donde la poblaci\u00f3n pace\u00f1a podr\u00e1 apreciar y tener la oportunidad de adquirir un ch\u2019iti libro. La Ch\u2019iti feria del libro es una iniciativa de [&hellip;]<\/p>\n","protected":false},"author":1,"featured_media":134652,"comment_status":"closed","ping_status":"closed","sticky":false,"template":"","format":"standard","meta":{"_acf_changed":false,"footnotes":""},"categories":[8],"tags":[],"class_list":["post-134651","post","type-post","status-publish","format-standard","has-post-thumbnail","category-cultural"],"acf":{"antetitulo":""},"yoast_head":"<!-- This site is optimized with the Yoast SEO plugin v28.4 - https:\/\/yoast.com\/product\/yoast-seo-wordpress\/ -->\n<title>La ch\u2019iti feria del libro est\u00e1 en Sopocachi - El Diario - Bolivia<\/title>\n<meta name=\"robots\" content=\"index, follow, max-snippet:-1, max-image-preview:large, max-video-preview:-1\" \/>\n<link rel=\"canonical\" href=\"https:\/\/www.eldiario.net\/portal\/2023\/01\/25\/la-chiti-feria-del-libro-esta-en-sopocachi\/\" \/>\n<meta property=\"og:locale\" content=\"es_ES\" \/>\n<meta property=\"og:type\" content=\"article\" \/>\n<meta property=\"og:title\" content=\"La ch\u2019iti feria del libro est\u00e1 en Sopocachi - El Diario - Bolivia\" \/>\n<meta property=\"og:description\" content=\"La Fundaci\u00f3n Cultural del Banco Central de Bolivia (FCBCB) abri\u00f3 sus puertas a la Ch\u2019iti feria del libro, en la zona de Sopocachi, entre 20 de octubre y S\u00e1nchez Lima N\u00ba476, donde la poblaci\u00f3n pace\u00f1a podr\u00e1 apreciar y tener la oportunidad de adquirir un ch\u2019iti libro. La Ch\u2019iti feria del libro es una iniciativa de [&hellip;]\" \/>\n<meta property=\"og:url\" content=\"https:\/\/www.eldiario.net\/portal\/2023\/01\/25\/la-chiti-feria-del-libro-esta-en-sopocachi\/\" \/>\n<meta property=\"og:site_name\" content=\"El Diario - Bolivia\" \/>\n<meta property=\"article:publisher\" content=\"https:\/\/www.facebook.com\/eldiario.bolivia\/\" \/>\n<meta property=\"article:published_time\" content=\"2023-01-25T09:39:42+00:00\" \/>\n<meta name=\"author\" content=\"Jeanette\" \/>\n<meta name=\"twitter:card\" content=\"summary_large_image\" \/>\n<meta name=\"twitter:creator\" content=\"@eldiario_net\" \/>\n<meta name=\"twitter:site\" content=\"@eldiario_net\" \/>\n<meta name=\"twitter:label1\" content=\"Escrito por\" \/>\n\t<meta name=\"twitter:data1\" content=\"Jeanette\" \/>\n\t<meta name=\"twitter:label2\" content=\"Tiempo de lectura\" \/>\n\t<meta name=\"twitter:data2\" content=\"2 minutos\" \/>\n<script type=\"application\/ld+json\" class=\"yoast-schema-graph\">{\"@context\":\"https:\\\/\\\/schema.org\",\"@graph\":[{\"@type\":\"Article\",\"@id\":\"https:\\\/\\\/www.eldiario.net\\\/portal\\\/2023\\\/01\\\/25\\\/la-chiti-feria-del-libro-esta-en-sopocachi\\\/#article\",\"isPartOf\":{\"@id\":\"https:\\\/\\\/www.eldiario.net\\\/portal\\\/2023\\\/01\\\/25\\\/la-chiti-feria-del-libro-esta-en-sopocachi\\\/\"},\"author\":{\"name\":\"Jeanette\",\"@id\":\"https:\\\/\\\/www.eldiario.net\\\/portal\\\/#\\\/schema\\\/person\\\/f46445640444750d7d753ccd04ae01b7\"},\"headline\":\"La ch\u2019iti feria del libro est\u00e1 en Sopocachi\",\"datePublished\":\"2023-01-25T09:39:42+00:00\",\"mainEntityOfPage\":{\"@id\":\"https:\\\/\\\/www.eldiario.net\\\/portal\\\/2023\\\/01\\\/25\\\/la-chiti-feria-del-libro-esta-en-sopocachi\\\/\"},\"wordCount\":473,\"publisher\":{\"@id\":\"https:\\\/\\\/www.eldiario.net\\\/portal\\\/#organization\"},\"image\":{\"@id\":\"https:\\\/\\\/www.eldiario.net\\\/portal\\\/2023\\\/01\\\/25\\\/la-chiti-feria-del-libro-esta-en-sopocachi\\\/#primaryimage\"},\"thumbnailUrl\":\"\",\"articleSection\":[\"Cultural\"],\"inLanguage\":\"es\"},{\"@type\":\"WebPage\",\"@id\":\"https:\\\/\\\/www.eldiario.net\\\/portal\\\/2023\\\/01\\\/25\\\/la-chiti-feria-del-libro-esta-en-sopocachi\\\/\",\"url\":\"https:\\\/\\\/www.eldiario.net\\\/portal\\\/2023\\\/01\\\/25\\\/la-chiti-feria-del-libro-esta-en-sopocachi\\\/\",\"name\":\"La ch\u2019iti feria del libro est\u00e1 en Sopocachi - El Diario - Bolivia\",\"isPartOf\":{\"@id\":\"https:\\\/\\\/www.eldiario.net\\\/portal\\\/#website\"},\"primaryImageOfPage\":{\"@id\":\"https:\\\/\\\/www.eldiario.net\\\/portal\\\/2023\\\/01\\\/25\\\/la-chiti-feria-del-libro-esta-en-sopocachi\\\/#primaryimage\"},\"image\":{\"@id\":\"https:\\\/\\\/www.eldiario.net\\\/portal\\\/2023\\\/01\\\/25\\\/la-chiti-feria-del-libro-esta-en-sopocachi\\\/#primaryimage\"},\"thumbnailUrl\":\"\",\"datePublished\":\"2023-01-25T09:39:42+00:00\",\"breadcrumb\":{\"@id\":\"https:\\\/\\\/www.eldiario.net\\\/portal\\\/2023\\\/01\\\/25\\\/la-chiti-feria-del-libro-esta-en-sopocachi\\\/#breadcrumb\"},\"inLanguage\":\"es\",\"potentialAction\":[{\"@type\":\"ReadAction\",\"target\":[\"https:\\\/\\\/www.eldiario.net\\\/portal\\\/2023\\\/01\\\/25\\\/la-chiti-feria-del-libro-esta-en-sopocachi\\\/\"]}]},{\"@type\":\"ImageObject\",\"inLanguage\":\"es\",\"@id\":\"https:\\\/\\\/www.eldiario.net\\\/portal\\\/2023\\\/01\\\/25\\\/la-chiti-feria-del-libro-esta-en-sopocachi\\\/#primaryimage\",\"url\":\"\",\"contentUrl\":\"\"},{\"@type\":\"BreadcrumbList\",\"@id\":\"https:\\\/\\\/www.eldiario.net\\\/portal\\\/2023\\\/01\\\/25\\\/la-chiti-feria-del-libro-esta-en-sopocachi\\\/#breadcrumb\",\"itemListElement\":[{\"@type\":\"ListItem\",\"position\":1,\"name\":\"Portada\",\"item\":\"https:\\\/\\\/www.eldiario.net\\\/portal\\\/\"},{\"@type\":\"ListItem\",\"position\":2,\"name\":\"La ch\u2019iti feria del libro est\u00e1 en Sopocachi\"}]},{\"@type\":\"WebSite\",\"@id\":\"https:\\\/\\\/www.eldiario.net\\\/portal\\\/#website\",\"url\":\"https:\\\/\\\/www.eldiario.net\\\/portal\\\/\",\"name\":\"El Diario - Decano de la prensa nacional\",\"description\":\"El Diario - Decano de la prensa nacional\",\"publisher\":{\"@id\":\"https:\\\/\\\/www.eldiario.net\\\/portal\\\/#organization\"},\"potentialAction\":[{\"@type\":\"SearchAction\",\"target\":{\"@type\":\"EntryPoint\",\"urlTemplate\":\"https:\\\/\\\/www.eldiario.net\\\/portal\\\/?s={search_term_string}\"},\"query-input\":{\"@type\":\"PropertyValueSpecification\",\"valueRequired\":true,\"valueName\":\"search_term_string\"}}],\"inLanguage\":\"es\"},{\"@type\":\"Organization\",\"@id\":\"https:\\\/\\\/www.eldiario.net\\\/portal\\\/#organization\",\"name\":\"El Diario - Decano de la prensa nacional\",\"url\":\"https:\\\/\\\/www.eldiario.net\\\/portal\\\/\",\"logo\":{\"@type\":\"ImageObject\",\"inLanguage\":\"es\",\"@id\":\"https:\\\/\\\/www.eldiario.net\\\/portal\\\/#\\\/schema\\\/logo\\\/image\\\/\",\"url\":\"https:\\\/\\\/www.eldiario.net\\\/portal\\\/wp-content\\\/uploads\\\/2023\\\/07\\\/logo_ED.jpg\",\"contentUrl\":\"https:\\\/\\\/www.eldiario.net\\\/portal\\\/wp-content\\\/uploads\\\/2023\\\/07\\\/logo_ED.jpg\",\"width\":272,\"height\":52,\"caption\":\"El Diario - Decano de la prensa nacional\"},\"image\":{\"@id\":\"https:\\\/\\\/www.eldiario.net\\\/portal\\\/#\\\/schema\\\/logo\\\/image\\\/\"},\"sameAs\":[\"https:\\\/\\\/www.facebook.com\\\/eldiario.bolivia\\\/\",\"https:\\\/\\\/x.com\\\/eldiario_net\"]},{\"@type\":\"Person\",\"@id\":\"https:\\\/\\\/www.eldiario.net\\\/portal\\\/#\\\/schema\\\/person\\\/f46445640444750d7d753ccd04ae01b7\",\"name\":\"Jeanette\",\"image\":{\"@type\":\"ImageObject\",\"inLanguage\":\"es\",\"@id\":\"https:\\\/\\\/secure.gravatar.com\\\/avatar\\\/3ea2118a5f7dad2b7138b1187a6b7ee55f160b9968b66013c3a3ef39dd7e5798?s=96&d=mm&r=g\",\"url\":\"https:\\\/\\\/secure.gravatar.com\\\/avatar\\\/3ea2118a5f7dad2b7138b1187a6b7ee55f160b9968b66013c3a3ef39dd7e5798?s=96&d=mm&r=g\",\"contentUrl\":\"https:\\\/\\\/secure.gravatar.com\\\/avatar\\\/3ea2118a5f7dad2b7138b1187a6b7ee55f160b9968b66013c3a3ef39dd7e5798?s=96&d=mm&r=g\",\"caption\":\"Jeanette\"},\"sameAs\":[\"https:\\\/\\\/www.eldiario.net\\\/portal\"],\"url\":\"https:\\\/\\\/www.eldiario.net\\\/portal\\\/author\\\/jeanette\\\/\"}]}<\/script>\n<!-- \/ Yoast SEO plugin. -->","yoast_head_json":{"title":"La ch\u2019iti feria del libro est\u00e1 en Sopocachi - El Diario - Bolivia","robots":{"index":"index","follow":"follow","max-snippet":"max-snippet:-1","max-image-preview":"max-image-preview:large","max-video-preview":"max-video-preview:-1"},"canonical":"https:\/\/www.eldiario.net\/portal\/2023\/01\/25\/la-chiti-feria-del-libro-esta-en-sopocachi\/","og_locale":"es_ES","og_type":"article","og_title":"La ch\u2019iti feria del libro est\u00e1 en Sopocachi - El Diario - Bolivia","og_description":"La Fundaci\u00f3n Cultural del Banco Central de Bolivia (FCBCB) abri\u00f3 sus puertas a la Ch\u2019iti feria del libro, en la zona de Sopocachi, entre 20 de octubre y S\u00e1nchez Lima N\u00ba476, donde la poblaci\u00f3n pace\u00f1a podr\u00e1 apreciar y tener la oportunidad de adquirir un ch\u2019iti libro. La Ch\u2019iti feria del libro es una iniciativa de [&hellip;]","og_url":"https:\/\/www.eldiario.net\/portal\/2023\/01\/25\/la-chiti-feria-del-libro-esta-en-sopocachi\/","og_site_name":"El Diario - Bolivia","article_publisher":"https:\/\/www.facebook.com\/eldiario.bolivia\/","article_published_time":"2023-01-25T09:39:42+00:00","author":"Jeanette","twitter_card":"summary_large_image","twitter_creator":"@eldiario_net","twitter_site":"@eldiario_net","twitter_misc":{"Escrito por":"Jeanette","Tiempo de lectura":"2 minutos"},"schema":{"@context":"https:\/\/schema.org","@graph":[{"@type":"Article","@id":"https:\/\/www.eldiario.net\/portal\/2023\/01\/25\/la-chiti-feria-del-libro-esta-en-sopocachi\/#article","isPartOf":{"@id":"https:\/\/www.eldiario.net\/portal\/2023\/01\/25\/la-chiti-feria-del-libro-esta-en-sopocachi\/"},"author":{"name":"Jeanette","@id":"https:\/\/www.eldiario.net\/portal\/#\/schema\/person\/f46445640444750d7d753ccd04ae01b7"},"headline":"La ch\u2019iti feria del libro est\u00e1 en Sopocachi","datePublished":"2023-01-25T09:39:42+00:00","mainEntityOfPage":{"@id":"https:\/\/www.eldiario.net\/portal\/2023\/01\/25\/la-chiti-feria-del-libro-esta-en-sopocachi\/"},"wordCount":473,"publisher":{"@id":"https:\/\/www.eldiario.net\/portal\/#organization"},"image":{"@id":"https:\/\/www.eldiario.net\/portal\/2023\/01\/25\/la-chiti-feria-del-libro-esta-en-sopocachi\/#primaryimage"},"thumbnailUrl":"","articleSection":["Cultural"],"inLanguage":"es"},{"@type":"WebPage","@id":"https:\/\/www.eldiario.net\/portal\/2023\/01\/25\/la-chiti-feria-del-libro-esta-en-sopocachi\/","url":"https:\/\/www.eldiario.net\/portal\/2023\/01\/25\/la-chiti-feria-del-libro-esta-en-sopocachi\/","name":"La ch\u2019iti feria del libro est\u00e1 en Sopocachi - El Diario - Bolivia","isPartOf":{"@id":"https:\/\/www.eldiario.net\/portal\/#website"},"primaryImageOfPage":{"@id":"https:\/\/www.eldiario.net\/portal\/2023\/01\/25\/la-chiti-feria-del-libro-esta-en-sopocachi\/#primaryimage"},"image":{"@id":"https:\/\/www.eldiario.net\/portal\/2023\/01\/25\/la-chiti-feria-del-libro-esta-en-sopocachi\/#primaryimage"},"thumbnailUrl":"","datePublished":"2023-01-25T09:39:42+00:00","breadcrumb":{"@id":"https:\/\/www.eldiario.net\/portal\/2023\/01\/25\/la-chiti-feria-del-libro-esta-en-sopocachi\/#breadcrumb"},"inLanguage":"es","potentialAction":[{"@type":"ReadAction","target":["https:\/\/www.eldiario.net\/portal\/2023\/01\/25\/la-chiti-feria-del-libro-esta-en-sopocachi\/"]}]},{"@type":"ImageObject","inLanguage":"es","@id":"https:\/\/www.eldiario.net\/portal\/2023\/01\/25\/la-chiti-feria-del-libro-esta-en-sopocachi\/#primaryimage","url":"","contentUrl":""},{"@type":"BreadcrumbList","@id":"https:\/\/www.eldiario.net\/portal\/2023\/01\/25\/la-chiti-feria-del-libro-esta-en-sopocachi\/#breadcrumb","itemListElement":[{"@type":"ListItem","position":1,"name":"Portada","item":"https:\/\/www.eldiario.net\/portal\/"},{"@type":"ListItem","position":2,"name":"La ch\u2019iti feria del libro est\u00e1 en Sopocachi"}]},{"@type":"WebSite","@id":"https:\/\/www.eldiario.net\/portal\/#website","url":"https:\/\/www.eldiario.net\/portal\/","name":"El Diario - Decano de la prensa nacional","description":"El Diario - Decano de la prensa nacional","publisher":{"@id":"https:\/\/www.eldiario.net\/portal\/#organization"},"potentialAction":[{"@type":"SearchAction","target":{"@type":"EntryPoint","urlTemplate":"https:\/\/www.eldiario.net\/portal\/?s={search_term_string}"},"query-input":{"@type":"PropertyValueSpecification","valueRequired":true,"valueName":"search_term_string"}}],"inLanguage":"es"},{"@type":"Organization","@id":"https:\/\/www.eldiario.net\/portal\/#organization","name":"El Diario - Decano de la prensa nacional","url":"https:\/\/www.eldiario.net\/portal\/","logo":{"@type":"ImageObject","inLanguage":"es","@id":"https:\/\/www.eldiario.net\/portal\/#\/schema\/logo\/image\/","url":"https:\/\/www.eldiario.net\/portal\/wp-content\/uploads\/2023\/07\/logo_ED.jpg","contentUrl":"https:\/\/www.eldiario.net\/portal\/wp-content\/uploads\/2023\/07\/logo_ED.jpg","width":272,"height":52,"caption":"El Diario - Decano de la prensa nacional"},"image":{"@id":"https:\/\/www.eldiario.net\/portal\/#\/schema\/logo\/image\/"},"sameAs":["https:\/\/www.facebook.com\/eldiario.bolivia\/","https:\/\/x.com\/eldiario_net"]},{"@type":"Person","@id":"https:\/\/www.eldiario.net\/portal\/#\/schema\/person\/f46445640444750d7d753ccd04ae01b7","name":"Jeanette","image":{"@type":"ImageObject","inLanguage":"es","@id":"https:\/\/secure.gravatar.com\/avatar\/3ea2118a5f7dad2b7138b1187a6b7ee55f160b9968b66013c3a3ef39dd7e5798?s=96&d=mm&r=g","url":"https:\/\/secure.gravatar.com\/avatar\/3ea2118a5f7dad2b7138b1187a6b7ee55f160b9968b66013c3a3ef39dd7e5798?s=96&d=mm&r=g","contentUrl":"https:\/\/secure.gravatar.com\/avatar\/3ea2118a5f7dad2b7138b1187a6b7ee55f160b9968b66013c3a3ef39dd7e5798?s=96&d=mm&r=g","caption":"Jeanette"},"sameAs":["https:\/\/www.eldiario.net\/portal"],"url":"https:\/\/www.eldiario.net\/portal\/author\/jeanette\/"}]}},"_links":{"self":[{"href":"https:\/\/www.eldiario.net\/portal\/wp-json\/wp\/v2\/posts\/134651","targetHints":{"allow":["GET"]}}],"collection":[{"href":"https:\/\/www.eldiario.net\/portal\/wp-json\/wp\/v2\/posts"}],"about":[{"href":"https:\/\/www.eldiario.net\/portal\/wp-json\/wp\/v2\/types\/post"}],"author":[{"embeddable":true,"href":"https:\/\/www.eldiario.net\/portal\/wp-json\/wp\/v2\/users\/1"}],"replies":[{"embeddable":true,"href":"https:\/\/www.eldiario.net\/portal\/wp-json\/wp\/v2\/comments?post=134651"}],"version-history":[{"count":0,"href":"https:\/\/www.eldiario.net\/portal\/wp-json\/wp\/v2\/posts\/134651\/revisions"}],"wp:attachment":[{"href":"https:\/\/www.eldiario.net\/portal\/wp-json\/wp\/v2\/media?parent=134651"}],"wp:term":[{"taxonomy":"category","embeddable":true,"href":"https:\/\/www.eldiario.net\/portal\/wp-json\/wp\/v2\/categories?post=134651"},{"taxonomy":"post_tag","embeddable":true,"href":"https:\/\/www.eldiario.net\/portal\/wp-json\/wp\/v2\/tags?post=134651"}],"curies":[{"name":"wp","href":"https:\/\/api.w.org\/{rel}","templated":true}]}}